{"id":164798,"date":"2014-08-03T03:16:10","date_gmt":"2014-08-03T03:16:10","guid":{"rendered":"https:\/\/www.meydan.tv\/article\/agzini-bagla-muharibe-gedir\/"},"modified":"2014-08-03T03:16:10","modified_gmt":"2014-08-03T03:16:10","slug":"agzini-bagla-muharibe-gedir","status":"publish","type":"post","link":"https:\/\/www.meydan.tv\/az\/article\/agzini-bagla-muharibe-gedir\/","title":{"rendered":"A\u011fz\u0131n\u0131 ba\u011fla, m\u00fcharib\u0259 gedir"},"content":{"rendered":"<figure class=\"wp-block-image size-large\">\n  <img decoding=\"async\" src=\"https:\/\/www.meydan.tv\/az\/12377\/\" alt=\"\" class=\"wp-image-12377\"\/><figcaption><\/figcaption><\/figure>\n<figure class=\"wp-block-image size-large\">\n  <img decoding=\"async\" src=\"https:\/\/www.meydan.tv\/az\/12287\/\" alt=\"\" class=\"wp-image-12287\"\/><figcaption><\/figcaption><\/figure>\n<p>\n  \u0130ki g\u00fcnd\u00fcr \u00f6lk\u0259d\u0259 &#8220;m\u00fcharib\u0259&#8221; gedir. Az\u0259rbaycan m\u0259tbuat\u0131 bel\u0259 x\u0259b\u0259ri ilk erm\u0259nil\u0259rd\u0259n al\u0131r. Erm\u0259nil\u0259r deyir filan q\u0259d\u0259r Az\u0259rbaycanl\u0131 h\u0259rb\u00e7i \u00f6ld\u00fcrm\u00fc\u015f\u00fck, sonra M\u00fcdafi\u0259 Nazirilyi a\u00e7\u0131qlama\u011fa m\u0259cbur olur. Vurub \u0259sg\u0259rl\u0259rimizi \u00f6ld\u00fcr\u00fcbl\u0259r &#8220;h\u0259rbi sirr&#8221; kompleksin\u0259 s\u0131\u011f\u0131n\u0131b, he\u00e7 bir m\u0259lumat vermirl\u0259r. Erm\u0259ni n\u0259 h\u0259r\u0259k\u0259t edirs\u0259, ona g\u00f6r\u0259 d\u0259 xalqa a\u00e7\u0131qlama verirl\u0259r.<\/p>\n<p>  \u0130\u015f o yer\u0259 \u00e7at\u0131r ki, \u0130lham \u018fliyevin Sarkisyanla bu ay\u0131n 8-9 So\u00e7id\u0259 (yen\u0259 Rusiya) g\u00f6r\u00fc\u015f\u0259c\u0259yini d\u0259 Az\u0259rbaycan medias\u0131 Erm\u0259nistan ba\u015f nazirin\u0259 istinad\u0259n x\u0259b\u0259r tutur v\u0259 yay\u0131r.<\/p>\n<p>  Az\u0259rbaycan jurnalistikas\u0131, televiziyas\u0131 v\u0259 medias\u0131 n\u0259 i\u015fl\u0259 m\u0259\u015f\u011fuldur? Deyim d\u0259, Leyla Yunusun q\u0131z\u0131n\u0131n ad\u0131na saxta hesab a\u00e7\u0131b, k\u00fctl\u0259y\u0259 k\u0259l\u0259k g\u0259lm\u0259kl\u0259, hans\u0131sa erm\u0259ni jurnalisti ad\u0131na hesab a\u00e7\u0131b, erm\u0259ni \u0259sg\u0259rl\u0259rinin \u00f6l\u00fcm say\u0131n\u0131 art\u0131rmaqla. Boyunuzu he\u00e7 yer\u0259 soxmuram, \u015f\u0259hidl\u0259rd\u0259n ay\u0131bd\u0131r.<\/p>\n<p>  \u0130ki g\u00fcnd\u00fcr ham\u0131 mat\u0259m-mat\u0259m, ba\u015fsa\u011fl\u0131\u011f\u0131 filan deyir. H\u00f6k\u00fcm\u0259t r\u0259smil\u0259ri deyir sakit olun, 22 ildir bu v\u0259ziyy\u0259t var da, g\u0259r\u0259k o zaman h\u0259r g\u00fcn mat\u0259m ed\u0259k? V\u0259 &#8220;m\u00fcharib\u0259 gedir&#8221; dey\u0259n xalq, bununla raz\u0131la\u015f\u0131r.\n<\/p>\n<p>\n  <i><br \/>\n    Ba\u015fsa\u011fl\u0131\u011f\u0131 xalq\u0131 saymaqd\u0131r, statistika yox<br \/>\n  <\/i><\/p>\n<p>  Ba\u015fsa\u011fl\u0131\u011f\u0131 verilir, gedir hans\u0131sa m\u0259\u015fhur az\u0259rbaycanl\u0131 futbol\u00e7uya. \u018f\u015fi ba\u015fsa\u011fl\u0131\u011f\u0131n\u0131z t\u0259p\u0259niz\u0259 d\u0259ysin, Soma \u00fc\u00e7\u00fcn a\u011flay\u0131rd\u0131z ax\u0131&#8230; Harda? Canl\u0131 yay\u0131mda! Bodrumdak\u0131 istirah\u0259td\u0259n yeni d\u00f6nm\u00fc\u015f Zakir H\u0259s\u0259nov niy\u0259 canl\u0131 yay\u0131ma \u00e7\u0131xm\u0131r? Hardad\u0131r ali ba\u015f komandan? Niy\u0259 g\u00f6rs\u0259nmir? T\u00fcrkiy\u0259nin Xarici \u0130\u015fl\u0259r Naziri canl\u0131 yay\u0131mda ba\u015fsa\u011fl\u0131\u011f\u0131 verdi. Hakan \u015e\u00fck\u00fcr, Do\u011fu\u015f, G\u00fclben Ergen v\u0259 s. m\u0259\u015fhurlar da h\u0259m\u00e7inin. Bununla he\u00e7 n\u0259 olan deyil amma xalq\u0131 saymaq, onunla bir yerd\u0259 oldu\u011funu n\u00fcmayi\u015f etdirm\u0259k, \u00f6lk\u0259y\u0259 sahib \u00e7\u0131xmaqd\u0131r bunun ad\u0131. Zaqulbada n\u0259 vaxta q\u0259d\u0259r istirah\u0259t ed\u0259c\u0259ksiniz, c\u0259nab prezident? Bir azdan a\u00e7\u0131qlamalar\u0131n\u0131z\u0131 da g\u00f6z\u0259l evl\u0259r verdiyiniz m\u0259tbuat\u0131m\u0131z erm\u0259nil\u0259r\u0259 istinad\u0259n yayacaq?<\/p>\n<p>  B\u00fct\u00fcn g\u00fcn\u00fc m\u00fcharib\u0259 filml\u0259ri g\u00f6st\u0259r\u0259n kanallar, \u00e7ox sa\u011f olun, sosial \u015f\u0259b\u0259k\u0259l\u0259rd\u0259ki q\u0131naqdan sonra g\u00fcya d\u0259rs ald\u0131n\u0131z. Biz\u0259 Hollywood filml\u0259ri laz\u0131m deyil ax\u0131. Bir dan\u0131\u015f\u0131n g\u00f6r\u0259k c\u0259bh\u0259 b\u00f6lg\u0259sind\u0259 n\u0259 ba\u015f verir? \u018fsg\u0259r ail\u0259l\u0259ri narahatd\u0131r, bu son \u015f\u0259hid say\u0131n\u0131n s\u0259b\u0259bi n\u0259dir? Sabah m\u00fcharib\u0259 olsa xalq\u0131m\u0131z buna haz\u0131rd\u0131rm\u0131? Hans\u0131 add\u0131mlar at\u0131lmal\u0131d\u0131r, xalq nec\u0259 davranmal\u0131d\u0131r? K\u0259ndl\u0259r bo\u015fald\u0131l\u0131r deyirl\u0259r, h\u0259qiq\u0259tdirmi? Han\u0131 sizin b\u00f6lg\u0259d\u0259n reportajlar\u0131n\u0131z? Han\u0131 sizin h\u0259rbi ekspertl\u0259riniz, d\u0259yirmi masalar\u0131n\u0131z, ciddi m\u00f6vzular\u0131 m\u00fczakir\u0259 ed\u0259c\u0259k verili\u015fl\u0259riniz? N\u0259 vaxta q\u0259d\u0259r m\u0259i\u015f\u0259t ekspertl\u0259ri, evlilik\u015f\u00fcnaslar, falabaxanlarla iyr\u0259ndirc\u0259ksiniz tama\u015fa\u00e7\u0131lar\u0131? \u0130ki d\u0259qiq\u0259 \u015f\u0259hid d\u0259fnind\u0259n kadr g\u00f6st\u0259rm\u0259kl\u0259mi ba\u015flay\u0131b bu &#8220;m\u00fcharib\u0259&#8221; s\u0259dalar\u0131?\n<\/p>\n<p>\n  <i><br \/>\n    &#8220;Bilmir\u0259m&#8221; m\u00fcharib\u0259si gedir?<br \/>\n  <\/i>\n<\/p>\n<p>\n  M\u0259n\u0259 deyirl\u0259r birlik zaman\u0131d\u0131r. T\u0259nqid etm\u0259, sus, m\u00fcharib\u0259 gedir, s\u0259ns\u0259 a\u011fz\u0131na g\u0259l\u0259ni yaz\u0131b, ara qat\u0131rsan. Qarda\u015flar, bac\u0131lar, \u0259zizl\u0259rim, harda gedir m\u00fcharib\u0259? M\u00fcharib\u0259 ged\u0259n \u00f6lk\u0259d\u0259 s\u0259f\u0259rb\u0259rlik elan olunar.<\/p>\n<p>  G\u00fcya &#8220;m\u00fcharib\u0259 ged\u0259n \u00f6lk\u0259d\u0259&#8221; jurnalistl\u0259r Az\u0259rbaycan prezidentinin c\u0259bh\u0259d\u0259 ba\u015f ver\u0259nl\u0259rl\u0259 ba\u011fl\u0131 reaksiyas\u0131n\u0131 \u00f6yr\u0259nibl\u0259r. Xalqa ba\u015fsa\u011fl\u0131\u011f\u0131 dil\u0259yirmi? Bu v\u0259 dig\u0259r suallara cavab, ictimaiyy\u0259t \u00fc\u00e7\u00fcn maraql\u0131 olar dey\u0259, prezidentin m\u0259tbuat katibil\u0259 \u0259laq\u0259 saxlay\u0131blar. O da deyib ki, &#8220;vallah, bilmir\u0259m&#8221;.\n<\/p>\n<p>\n  Birl\u0259\u015f\u0259k \u0259lb\u0259tt\u0259 amma m\u00fcharib\u0259 ged\u0259n \u00f6lk\u0259d\u0259 g\u0259ncl\u0259rin h\u0259bsi davam ed\u0259r? M\u00fcharib\u0259 ged\u0259n \u00f6lk\u0259d\u0259 kanallar \u015fou verli\u015fl\u0259r, gic-gic kinolar, m\u0259nas\u0131z-axmaq verili\u015fl\u0259r yay\u0131mlayar? M\u00fcharib\u0259 gedir amma Leyla Yunusa qar\u015f\u0131 kadrlar yay\u0131mlay\u0131rlar. M\u00fcharib\u0259 gedir amma h\u00fcquq m\u00fcdafi\u0259\u00e7isi R\u0259sul C\u0259f\u0259rovu h\u0259bs edirl\u0259r, ictimai f\u0259al\u00a0Oqtay G\u00fclal\u0131yevin o\u011fluna qar\u015f\u0131 cinay\u0259t i\u015fi a\u00e7\u0131rlar. M\u00fcharib\u0259 gedir amma Qubada hans\u0131sa m\u0259murun o\u011flu, girib restorana camaata x\u0259sar\u0259t yetirir, t\u0259hqir edir. \u015eu\u015fan\u0131n icra hakimi villas\u0131 il\u0259, \u018fli H\u0259s\u0259nov \u015firk\u0259tl\u0259ri il\u0259 f\u0259xr edir. \u00a0Ad da olur ki, H\u0259bib M\u00fcnt\u0259zir xalq\u0131 ruhdan sal\u0131r.<\/p>\n<p>  Bezm\u0259diz h\u0259r il bu dava-dava oyunundan? \u018fsl oyun g\u0259l\u0259n ildir ax\u0131, Az\u0259rbaycan hakimiyy\u0259ti v\u0259 xalq\u0131 Avropa Olimpiya oyunlar\u0131na haz\u0131rla\u015f\u0131r. Bu \u0259r\u0259f\u0259d\u0259 m\u00fcharib\u0259d\u0259n s\u00f6hb\u0259t bel\u0259 ged\u0259 bilm\u0259z. Sad\u0259c\u0259 h\u0259r il oldu\u011fu kimi qo\u015funlar\u0131n t\u0259mas x\u0259ttind\u0259 at\u0259\u015fk\u0259s \u015fidd\u0259tli d\u0259r\u0259c\u0259d\u0259 pozulub. Az\u0259rbaycan xalq\u0131 il\u0259 t\u0259masdan \u00e7ox, Sarkisyanla g\u00f6r\u00fc\u015f\u0259n \u0130lham \u018fliyevin bad\u0131na cavan-cavan v\u0259t\u0259nda\u015flar\u0131m\u0131z gedirl\u0259r. T\u0259bii ki, Rusiya h\u00f6k\u00fcm\u0259tinin raz\u0131l\u0131\u011f\u0131 v\u0259 diqt\u0259si \u0259sas\u0131nda. Xat\u0131rlad\u0131m ki, bud\u0259f\u0259ki So\u00e7i g\u00f6r\u00fc\u015f\u00fc \u0130lham \u018fliyevin Serj Sarkisyanla 16-c\u0131 g\u00f6r\u00fc\u015f\u00fc olacaq. Bu d\u0259f\u0259 yayd\u0131r, xiz\u0259k s\u00fcrm\u0259y\u0259c\u0259kl\u0259r, \u00e7ox g\u00fcman ki, at yar\u0131\u015f\u0131 izl\u0259y\u0259c\u0259kl\u0259r. Sonra da nahar edib, xalqlar \u00fc\u00e7\u00fcn qar\u0131\u015fan aran\u0131 sakitl\u0259\u015fdirib, da\u011f\u0131l\u0131\u015facaqlar.<\/p>\n<p>  Yad\u0131n\u0131zdad\u0131r \u015f\u0259hid M\u00fcbariz \u0130brahimov? Se\u00e7kil\u0259r\u0259 azca qalm\u0131\u015f onun v\u0259fat\u0131 v\u0259 se\u00e7kil\u0259r g\u00fcn\u00fc d\u0259fn edilm\u0259si? \u0130ndi d\u0259 erm\u0259nil\u0259r sevinirl\u0259r, forumlar\u0131nda filan yaz\u0131rlar ki, &#8220;M\u00fcbarizin intiqam\u0131 al\u0131nd\u0131&#8221;. N\u0259 vaxta q\u0259d\u0259r? M\u00fcharib\u0259 ist\u0259y\u0259nl\u0259r, bir d\u00f6n\u00fcb Suriyaya, Misir\u0259, \u0130raqa, \u018ffqan\u0131stana baxs\u0131nlar. Torpaqlar\u0131m\u0131z i\u015f\u011faldan azad olmal\u0131d\u0131r, ona s\u00f6z yox. Amma bu iki qana susam\u0131\u015f rejiml\u0259rl\u0259 yox! Bunlar problemin h\u0259llin\u0259 yox, probleml\u0259 xalqlar\u0131 manipulyasiya edirl\u0259r. Bu oyunlara aldanmay\u0131n, ay\u0131q-say\u0131q olun. Bu saxta profil s\u00f6hb\u0259tl\u0259ri, qondarma r\u0259q\u0259m \u015fi\u015firtm\u0259l\u0259r, bigan\u0259lik, d\u00f6vl\u0259tin laqeydliyi, ordudak\u0131 \u00f6zba\u015fnal\u0131q, \u0259sg\u0259r \u00f6l\u00fcml\u0259ri, \u0259sg\u0259r ail\u0259l\u0259rin\u0259 olan diqq\u0259tsizlik, &#8220;\u018fsg\u0259r \u00f6l\u00fcm\u00fcn\u0259 son!&#8221; dey\u0259n g\u0259ncl\u0259rin 6-8 il h\u0259bs olunmas\u0131, Qaraba\u011f qazil\u0259rinin \u00f6z\u00fcn\u0259 od vurmas\u0131 siz\u0259 he\u00e7mi he\u00e7 n\u0259 demir?\n<\/p>\n<p>\n  <b><br \/>\n    Yaz\u0131dak\u0131 fikirl\u0259r m\u00fc\u0259llif\u0259 m\u0259xsusdur v\u0259 onlara g\u00f6r\u0259 Meydan TV m\u0259suliyy\u0259t da\u015f\u0131m\u0131r.<br \/>\n  <\/b><\/p>\n","protected":false},"excerpt":{"rendered":"<p>Diqq\u0259t, bu yaz\u0131da ruh y\u00fcks\u0259kli v\u0259 ya d\u00fc\u015fk\u00fcnl\u00fcy\u00fc yox, ruh dir\u00e7\u0259li\u015fi var.<\/p>\n","protected":false},"author":11,"featured_media":12377,"comment_status":"closed","ping_status":"open","sticky":false,"template":"","format":"standard","meta":{"_acf_changed":false,"_sitemap_exclude":false,"_sitemap_priority":"","_sitemap_frequency":"","footnotes":""},"categories":[57],"tags":[],"class_list":["post-164798","post","type-post","status-publish","format-standard","has-post-thumbnail","hentry","category-menim-fikrimce","infinite-scroll-item","generate-columns","tablet-grid-50","mobile-grid-100","grid-parent","grid-33","no-featured-image-padding"],"acf":[],"yoast_head":"<!-- This site is optimized with the Yoast SEO plugin v27.4 - https:\/\/yoast.com\/product\/yoast-seo-wordpress\/ -->\n<title>A\u011fz\u0131n\u0131 ba\u011fla, m\u00fcharib\u0259 gedir - MEYDAN.TV<\/title>\n<meta name=\"robots\" content=\"index, follow, max-snippet:-1, max-image-preview:large, max-video-preview:-1\" \/>\n<link rel=\"canonical\" href=\"https:\/\/www.meydan.tv\/az\/article\/agzini-bagla-muharibe-gedir\/\" \/>\n<meta property=\"og:locale\" content=\"az_AZ\" \/>\n<meta property=\"og:type\" content=\"article\" \/>\n<meta property=\"og:title\" content=\"A\u011fz\u0131n\u0131 ba\u011fla, m\u00fcharib\u0259 gedir - MEYDAN.TV\" \/>\n<meta property=\"og:description\" content=\"Diqq\u0259t, bu yaz\u0131da ruh y\u00fcks\u0259kli v\u0259 ya d\u00fc\u015fk\u00fcnl\u00fcy\u00fc yox, ruh dir\u00e7\u0259li\u015fi var.\" \/>\n<meta property=\"og:url\" content=\"https:\/\/www.meydan.tv\/az\/article\/agzini-bagla-muharibe-gedir\/\" \/>\n<meta property=\"og:site_name\" content=\"MEYDAN.TV\" \/>\n<meta property=\"article:published_time\" content=\"2014-08-03T03:16:10+00:00\" \/>\n<meta property=\"og:image\" content=\"https:\/\/www.meydan.tv\/wp-content\/uploads\/152.jpg\" \/>\n\t<meta property=\"og:image:width\" content=\"400\" \/>\n\t<meta property=\"og:image:height\" content=\"400\" \/>\n\t<meta property=\"og:image:type\" content=\"image\/jpeg\" \/>\n<meta name=\"author\" content=\"user-manager\" \/>\n<meta name=\"twitter:card\" content=\"summary_large_image\" \/>\n<script type=\"application\/ld+json\" class=\"yoast-schema-graph\">{\"@context\":\"https:\\\/\\\/schema.org\",\"@graph\":[{\"@type\":\"Article\",\"@id\":\"https:\\\/\\\/www.meydan.tv\\\/az\\\/article\\\/agzini-bagla-muharibe-gedir\\\/#article\",\"isPartOf\":{\"@id\":\"https:\\\/\\\/www.meydan.tv\\\/az\\\/article\\\/agzini-bagla-muharibe-gedir\\\/\"},\"author\":{\"name\":\"user-manager\",\"@id\":\"https:\\\/\\\/www.meydan.tv\\\/az\\\/#\\\/schema\\\/person\\\/10d11eccf6da3662cf5fdab9806ea91a\"},\"headline\":\"A\u011fz\u0131n\u0131 ba\u011fla, m\u00fcharib\u0259 gedir\",\"datePublished\":\"2014-08-03T03:16:10+00:00\",\"mainEntityOfPage\":{\"@id\":\"https:\\\/\\\/www.meydan.tv\\\/az\\\/article\\\/agzini-bagla-muharibe-gedir\\\/\"},\"wordCount\":1199,\"publisher\":{\"@id\":\"https:\\\/\\\/www.meydan.tv\\\/az\\\/#organization\"},\"image\":{\"@id\":\"https:\\\/\\\/www.meydan.tv\\\/az\\\/article\\\/agzini-bagla-muharibe-gedir\\\/#primaryimage\"},\"thumbnailUrl\":\"https:\\\/\\\/www.meydan.tv\\\/wp-content\\\/uploads\\\/152.jpg\",\"articleSection\":[\"M\u0259nim Fikrimc\u0259\"],\"inLanguage\":\"az\"},{\"@type\":\"WebPage\",\"@id\":\"https:\\\/\\\/www.meydan.tv\\\/az\\\/article\\\/agzini-bagla-muharibe-gedir\\\/\",\"url\":\"https:\\\/\\\/www.meydan.tv\\\/az\\\/article\\\/agzini-bagla-muharibe-gedir\\\/\",\"name\":\"A\u011fz\u0131n\u0131 ba\u011fla, m\u00fcharib\u0259 gedir - MEYDAN.TV\",\"isPartOf\":{\"@id\":\"https:\\\/\\\/www.meydan.tv\\\/az\\\/#website\"},\"primaryImageOfPage\":{\"@id\":\"https:\\\/\\\/www.meydan.tv\\\/az\\\/article\\\/agzini-bagla-muharibe-gedir\\\/#primaryimage\"},\"image\":{\"@id\":\"https:\\\/\\\/www.meydan.tv\\\/az\\\/article\\\/agzini-bagla-muharibe-gedir\\\/#primaryimage\"},\"thumbnailUrl\":\"https:\\\/\\\/www.meydan.tv\\\/wp-content\\\/uploads\\\/152.jpg\",\"datePublished\":\"2014-08-03T03:16:10+00:00\",\"breadcrumb\":{\"@id\":\"https:\\\/\\\/www.meydan.tv\\\/az\\\/article\\\/agzini-bagla-muharibe-gedir\\\/#breadcrumb\"},\"inLanguage\":\"az\",\"potentialAction\":[{\"@type\":\"ReadAction\",\"target\":[\"https:\\\/\\\/www.meydan.tv\\\/az\\\/article\\\/agzini-bagla-muharibe-gedir\\\/\"]}]},{\"@type\":\"ImageObject\",\"inLanguage\":\"az\",\"@id\":\"https:\\\/\\\/www.meydan.tv\\\/az\\\/article\\\/agzini-bagla-muharibe-gedir\\\/#primaryimage\",\"url\":\"https:\\\/\\\/www.meydan.tv\\\/wp-content\\\/uploads\\\/152.jpg\",\"contentUrl\":\"https:\\\/\\\/www.meydan.tv\\\/wp-content\\\/uploads\\\/152.jpg\",\"width\":400,\"height\":400,\"caption\":\"Source:\"},{\"@type\":\"BreadcrumbList\",\"@id\":\"https:\\\/\\\/www.meydan.tv\\\/az\\\/article\\\/agzini-bagla-muharibe-gedir\\\/#breadcrumb\",\"itemListElement\":[{\"@type\":\"ListItem\",\"position\":1,\"name\":\"Ana s\u0259hif\u0259\",\"item\":\"https:\\\/\\\/www.meydan.tv\\\/az\\\/\"},{\"@type\":\"ListItem\",\"position\":2,\"name\":\"M\u0259nim Fikrimc\u0259\",\"item\":\"https:\\\/\\\/www.meydan.tv\\\/az\\\/section\\\/menim-fikrimce\\\/\"},{\"@type\":\"ListItem\",\"position\":3,\"name\":\"A\u011fz\u0131n\u0131 ba\u011fla, m\u00fcharib\u0259 gedir\"}]},{\"@type\":\"WebSite\",\"@id\":\"https:\\\/\\\/www.meydan.tv\\\/az\\\/#website\",\"url\":\"https:\\\/\\\/www.meydan.tv\\\/az\\\/\",\"name\":\"MEYDAN.TV\",\"description\":\"Meydan TV Az\u0259rbaycan\u0131n media m\u0259kan\u0131ndak\u0131 alternativ s\u0259sidir\",\"publisher\":{\"@id\":\"https:\\\/\\\/www.meydan.tv\\\/az\\\/#organization\"},\"potentialAction\":[{\"@type\":\"SearchAction\",\"target\":{\"@type\":\"EntryPoint\",\"urlTemplate\":\"https:\\\/\\\/www.meydan.tv\\\/az\\\/?s={search_term_string}\"},\"query-input\":{\"@type\":\"PropertyValueSpecification\",\"valueRequired\":true,\"valueName\":\"search_term_string\"}}],\"inLanguage\":\"az\"},{\"@type\":\"Organization\",\"@id\":\"https:\\\/\\\/www.meydan.tv\\\/az\\\/#organization\",\"name\":\"Meydan TV\",\"url\":\"https:\\\/\\\/www.meydan.tv\\\/az\\\/\",\"logo\":{\"@type\":\"ImageObject\",\"inLanguage\":\"az\",\"@id\":\"https:\\\/\\\/www.meydan.tv\\\/az\\\/#\\\/schema\\\/logo\\\/image\\\/\",\"url\":\"https:\\\/\\\/www.meydan.tv\\\/wp-content\\\/uploads\\\/2021\\\/07\\\/meydan-logo.svg\",\"contentUrl\":\"https:\\\/\\\/www.meydan.tv\\\/wp-content\\\/uploads\\\/2021\\\/07\\\/meydan-logo.svg\",\"width\":195,\"height\":46,\"caption\":\"Meydan TV\"},\"image\":{\"@id\":\"https:\\\/\\\/www.meydan.tv\\\/az\\\/#\\\/schema\\\/logo\\\/image\\\/\"}},{\"@type\":\"Person\",\"@id\":\"https:\\\/\\\/www.meydan.tv\\\/az\\\/#\\\/schema\\\/person\\\/10d11eccf6da3662cf5fdab9806ea91a\",\"name\":\"user-manager\"}]}<\/script>\n<!-- \/ Yoast SEO plugin. -->","yoast_head_json":{"title":"A\u011fz\u0131n\u0131 ba\u011fla, m\u00fcharib\u0259 gedir - MEYDAN.TV","robots":{"index":"index","follow":"follow","max-snippet":"max-snippet:-1","max-image-preview":"max-image-preview:large","max-video-preview":"max-video-preview:-1"},"canonical":"https:\/\/www.meydan.tv\/az\/article\/agzini-bagla-muharibe-gedir\/","og_locale":"az_AZ","og_type":"article","og_title":"A\u011fz\u0131n\u0131 ba\u011fla, m\u00fcharib\u0259 gedir - MEYDAN.TV","og_description":"Diqq\u0259t, bu yaz\u0131da ruh y\u00fcks\u0259kli v\u0259 ya d\u00fc\u015fk\u00fcnl\u00fcy\u00fc yox, ruh dir\u00e7\u0259li\u015fi var.","og_url":"https:\/\/www.meydan.tv\/az\/article\/agzini-bagla-muharibe-gedir\/","og_site_name":"MEYDAN.TV","article_published_time":"2014-08-03T03:16:10+00:00","og_image":[{"width":400,"height":400,"url":"https:\/\/www.meydan.tv\/wp-content\/uploads\/152.jpg","type":"image\/jpeg"}],"author":"user-manager","twitter_card":"summary_large_image","schema":{"@context":"https:\/\/schema.org","@graph":[{"@type":"Article","@id":"https:\/\/www.meydan.tv\/az\/article\/agzini-bagla-muharibe-gedir\/#article","isPartOf":{"@id":"https:\/\/www.meydan.tv\/az\/article\/agzini-bagla-muharibe-gedir\/"},"author":{"name":"user-manager","@id":"https:\/\/www.meydan.tv\/az\/#\/schema\/person\/10d11eccf6da3662cf5fdab9806ea91a"},"headline":"A\u011fz\u0131n\u0131 ba\u011fla, m\u00fcharib\u0259 gedir","datePublished":"2014-08-03T03:16:10+00:00","mainEntityOfPage":{"@id":"https:\/\/www.meydan.tv\/az\/article\/agzini-bagla-muharibe-gedir\/"},"wordCount":1199,"publisher":{"@id":"https:\/\/www.meydan.tv\/az\/#organization"},"image":{"@id":"https:\/\/www.meydan.tv\/az\/article\/agzini-bagla-muharibe-gedir\/#primaryimage"},"thumbnailUrl":"https:\/\/www.meydan.tv\/wp-content\/uploads\/152.jpg","articleSection":["M\u0259nim Fikrimc\u0259"],"inLanguage":"az"},{"@type":"WebPage","@id":"https:\/\/www.meydan.tv\/az\/article\/agzini-bagla-muharibe-gedir\/","url":"https:\/\/www.meydan.tv\/az\/article\/agzini-bagla-muharibe-gedir\/","name":"A\u011fz\u0131n\u0131 ba\u011fla, m\u00fcharib\u0259 gedir - MEYDAN.TV","isPartOf":{"@id":"https:\/\/www.meydan.tv\/az\/#website"},"primaryImageOfPage":{"@id":"https:\/\/www.meydan.tv\/az\/article\/agzini-bagla-muharibe-gedir\/#primaryimage"},"image":{"@id":"https:\/\/www.meydan.tv\/az\/article\/agzini-bagla-muharibe-gedir\/#primaryimage"},"thumbnailUrl":"https:\/\/www.meydan.tv\/wp-content\/uploads\/152.jpg","datePublished":"2014-08-03T03:16:10+00:00","breadcrumb":{"@id":"https:\/\/www.meydan.tv\/az\/article\/agzini-bagla-muharibe-gedir\/#breadcrumb"},"inLanguage":"az","potentialAction":[{"@type":"ReadAction","target":["https:\/\/www.meydan.tv\/az\/article\/agzini-bagla-muharibe-gedir\/"]}]},{"@type":"ImageObject","inLanguage":"az","@id":"https:\/\/www.meydan.tv\/az\/article\/agzini-bagla-muharibe-gedir\/#primaryimage","url":"https:\/\/www.meydan.tv\/wp-content\/uploads\/152.jpg","contentUrl":"https:\/\/www.meydan.tv\/wp-content\/uploads\/152.jpg","width":400,"height":400,"caption":"Source:"},{"@type":"BreadcrumbList","@id":"https:\/\/www.meydan.tv\/az\/article\/agzini-bagla-muharibe-gedir\/#breadcrumb","itemListElement":[{"@type":"ListItem","position":1,"name":"Ana s\u0259hif\u0259","item":"https:\/\/www.meydan.tv\/az\/"},{"@type":"ListItem","position":2,"name":"M\u0259nim Fikrimc\u0259","item":"https:\/\/www.meydan.tv\/az\/section\/menim-fikrimce\/"},{"@type":"ListItem","position":3,"name":"A\u011fz\u0131n\u0131 ba\u011fla, m\u00fcharib\u0259 gedir"}]},{"@type":"WebSite","@id":"https:\/\/www.meydan.tv\/az\/#website","url":"https:\/\/www.meydan.tv\/az\/","name":"MEYDAN.TV","description":"Meydan TV Az\u0259rbaycan\u0131n media m\u0259kan\u0131ndak\u0131 alternativ s\u0259sidir","publisher":{"@id":"https:\/\/www.meydan.tv\/az\/#organization"},"potentialAction":[{"@type":"SearchAction","target":{"@type":"EntryPoint","urlTemplate":"https:\/\/www.meydan.tv\/az\/?s={search_term_string}"},"query-input":{"@type":"PropertyValueSpecification","valueRequired":true,"valueName":"search_term_string"}}],"inLanguage":"az"},{"@type":"Organization","@id":"https:\/\/www.meydan.tv\/az\/#organization","name":"Meydan TV","url":"https:\/\/www.meydan.tv\/az\/","logo":{"@type":"ImageObject","inLanguage":"az","@id":"https:\/\/www.meydan.tv\/az\/#\/schema\/logo\/image\/","url":"https:\/\/www.meydan.tv\/wp-content\/uploads\/2021\/07\/meydan-logo.svg","contentUrl":"https:\/\/www.meydan.tv\/wp-content\/uploads\/2021\/07\/meydan-logo.svg","width":195,"height":46,"caption":"Meydan TV"},"image":{"@id":"https:\/\/www.meydan.tv\/az\/#\/schema\/logo\/image\/"}},{"@type":"Person","@id":"https:\/\/www.meydan.tv\/az\/#\/schema\/person\/10d11eccf6da3662cf5fdab9806ea91a","name":"user-manager"}]}},"_links":{"self":[{"href":"https:\/\/www.meydan.tv\/az\/wp-json\/wp\/v2\/posts\/164798","targetHints":{"allow":["GET"]}}],"collection":[{"href":"https:\/\/www.meydan.tv\/az\/wp-json\/wp\/v2\/posts"}],"about":[{"href":"https:\/\/www.meydan.tv\/az\/wp-json\/wp\/v2\/types\/post"}],"author":[{"embeddable":true,"href":"https:\/\/www.meydan.tv\/az\/wp-json\/wp\/v2\/users\/11"}],"replies":[{"embeddable":true,"href":"https:\/\/www.meydan.tv\/az\/wp-json\/wp\/v2\/comments?post=164798"}],"version-history":[{"count":0,"href":"https:\/\/www.meydan.tv\/az\/wp-json\/wp\/v2\/posts\/164798\/revisions"}],"wp:featuredmedia":[{"embeddable":true,"href":"https:\/\/www.meydan.tv\/az\/wp-json\/wp\/v2\/media\/12377"}],"wp:attachment":[{"href":"https:\/\/www.meydan.tv\/az\/wp-json\/wp\/v2\/media?parent=164798"}],"wp:term":[{"taxonomy":"category","embeddable":true,"href":"https:\/\/www.meydan.tv\/az\/wp-json\/wp\/v2\/categories?post=164798"},{"taxonomy":"post_tag","embeddable":true,"href":"https:\/\/www.meydan.tv\/az\/wp-json\/wp\/v2\/tags?post=164798"}],"curies":[{"name":"wp","href":"https:\/\/api.w.org\/{rel}","templated":true}]}}