{"id":164797,"date":"2014-08-03T01:16:33","date_gmt":"2014-08-03T01:16:33","guid":{"rendered":"https:\/\/www.meydan.tv\/article\/xalqin-balasi-neyin-ugrunda-olur\/"},"modified":"2014-08-03T01:16:33","modified_gmt":"2014-08-03T01:16:33","slug":"xalqin-balasi-neyin-ugrunda-olur","status":"publish","type":"post","link":"https:\/\/www.meydan.tv\/az\/article\/xalqin-balasi-neyin-ugrunda-olur\/","title":{"rendered":"Xalq\u0131n balas\u0131 n\u0259yin u\u011frunda \u00f6l\u00fcr?"},"content":{"rendered":"<figure class=\"wp-block-image size-large\">\n  <img decoding=\"async\" src=\"https:\/\/www.meydan.tv\/az\/12269\/\" alt=\"\" class=\"wp-image-12269\"\/><figcaption><\/figcaption><\/figure>\n<figure class=\"wp-block-image size-large\">\n  <img decoding=\"async\" src=\"https:\/\/www.meydan.tv\/az\/12272\/\" alt=\"\" class=\"wp-image-12272\"\/><figcaption><\/figcaption><\/figure>\n<p>\n  Mill\u0259t v\u0259kili, yaz\u0131\u00e7\u0131 Aqil Abbas deyib ki, m\u00fcharib\u0259dir, m\u00fcharib\u0259d\u0259 \u0259sg\u0259r \u00f6l\u0259r d\u0259\u2026<br \/>\n  <br \/>\n  Xalq\u0131n balas\u0131n\u0131n \u00f6l\u00fcm\u00fc bar\u0259d\u0259 bel\u0259 dan\u0131\u015fmaq asand\u0131. Xalq\u0131n balas\u0131n\u0131 \u00f6l\u00fcm\u0259 g\u00f6nd\u0259rm\u0259k d\u0259 asand\u0131. \u018fvv\u0259la, indi m\u00fcharib\u0259 deyil. At\u0259\u015fk\u0259sin pozuldu\u011funu he\u00e7 bir t\u0259r\u0259f r\u0259sm\u0259n elan etm\u0259yib. \u0130kincisi, \u0259g\u0259r \u00f6lk\u0259d\u0259 m\u00fcharib\u0259 gedirs\u0259, Aqil Abbas\u0131n o\u011fullar\u0131 niy\u0259 c\u0259bh\u0259d\u0259 deyil? Aqil Abbas\u0131n iki o\u011flu var. O o\u011flanlardan biri g\u00f6mr\u00fckd\u0259, \u00a0o biri polisd\u0259 i\u015fl\u0259yir. Aqil Abbas \u00f6z o\u011fullar\u0131n\u0131 niy\u0259 g\u00f6nd\u0259rmir c\u0259bh\u0259 x\u0259ttin\u0259? Kas\u0131b\u0131n, fa\u011f\u0131r\u0131n balas\u0131n\u0131n \u00f6l\u00fcm\u00fcn\u0259 m\u00fcharib\u0259 il\u0259 haqq qazand\u0131r\u0131r bu boyda yaz\u0131\u00e7\u0131. B\u0259li, V\u0259t\u0259n u\u011frunda \u015f\u0259hid olurlar. Amma buna haqq qazand\u0131racaq adam Aqil Abbas deyil. Xalq Aqil Abbas\u0131n s\u00f6zl\u0259rinin s\u0259mimiliyin\u0259 o vaxt inanard\u0131 ki, h\u0259lak olan h\u0259min on bir n\u0259f\u0259rd\u0259n biri Aqil Abbas\u0131n o\u011flu olayd\u0131. O\u011flunu g\u0259lirli yerl\u0259rd\u0259 i\u015f\u0259 d\u00fcz\u0259ldib, qo\u015fa villada ya\u015fad\u0131b, bahal\u0131 \u00abC\u0130P\u00bbl\u0259r\u0259 otuzduran adam\u0131n \u00abV\u0259t\u0259n u\u011frunda \u0259sg\u0259r \u00f6l\u0259r d\u0259\u00bb dem\u0259y\u0259 haqq\u0131 yoxdur.\n<\/p>\n<p>\n  Mill\u0259t v\u0259kili Q\u0259nir\u0259 Pa\u015fayeva televiziyalar\u0131 t\u0259nqid edib. Ki, onlar bel\u0259 g\u00fcnl\u0259rd\u0259 \u015fou g\u00f6st\u0259rirl\u0259r. Televiziyan\u0131n n\u0259 g\u00fcnah\u0131 var? Televiziya neyl\u0259m\u0259lidi? Siyasi verili\u015fl\u0259ri qada\u011fan ed\u0259nd\u0259, sosial probleml\u0259rd\u0259n dan\u0131\u015fma\u011f\u0131 qada\u011fan ed\u0259nd\u0259, h\u0259qiq\u0259ti dem\u0259yi qada\u011fan ed\u0259nd\u0259 televiziya n\u0259 g\u00f6st\u0259rm\u0259lidi? H\u0259r nazir, h\u0259r m\u0259mur \u00f6z\u00fcn\u00fcn saxlad\u0131\u011f\u0131 m\u00fc\u011f\u0259nnini televiziyaya tap\u015f\u0131randa, onun reklam\u0131n\u0131 xahi\u015f ed\u0259nd\u0259, televiziya neyl\u0259m\u0259lidi? O m\u00fc\u011f\u0259nni qad\u0131nlar\u0131, lap el\u0259 ki\u015fil\u0259ri d\u0259 saxlayan varl\u0131lar, pullular\u0131n b\u0259zil\u0259ri Milli M\u0259clisd\u0259, b\u0259zil\u0259ri nazirlikl\u0259rd\u0259, b\u0259zil\u0259ri daha yuxar\u0131 yerl\u0259rd\u0259dir. Q\u0259nir\u0259 xan\u0131m televiziyaya dedikl\u0259rini o adamlara niy\u0259 demir? O\u011fullar\u0131n\u0131n niy\u0259 \u015f\u0259hid olmad\u0131\u011f\u0131n\u0131 \u00f6z deputat h\u0259mkarlar\u0131ndan soru\u015fmur? Niy\u0259 soru\u015fmur ki, onlar min bir b\u0259han\u0259 il\u0259 o\u011fullar\u0131n\u0131 h\u0259rbi xidm\u0259td\u0259n niy\u0259, nec\u0259 saxlay\u0131rlar?\n<\/p>\n<p>\n  D\u00fcn\u0259n daha d\u00f6rd h\u0259rb\u00e7imiz \u015f\u0259hid olub.\n<\/p>\n<p>\n  N\u0259yin u\u011frunda \u00f6l\u00fcr bu u\u015faqlar?\n<\/p>\n<p>\n  Bu u\u015faqlar\u0131n n\u0259y\u0259 qurban verildikl\u0259rini g\u00f6rm\u0259k bu q\u0259d\u0259r \u00e7\u0259tindirmi? \u00d6lk\u0259d\u0259 h\u0259bsl\u0259r ba\u015f al\u0131b gedir. Az qala h\u0259r g\u00fcn kims\u0259, kiml\u0259rs\u0259 h\u0259bs olunur. Leyla Yunusun h\u0259bsi, G\u00fcrc\u00fcstan s\u0259rh\u0259ddind\u0259 saxlanan 3 ton heroin m\u0259s\u0259l\u0259si ictimaiyy\u0259ti q\u0131c\u0131qland\u0131r\u0131b. Bu h\u0259bsl\u0259r\u0259, o biyab\u0131r\u00e7\u0131l\u0131\u011fa haqq qazand\u0131rmaq, ya da g\u00fcnd\u0259md\u0259n salmaq laz\u0131md\u0131r. Bunun \u00fc\u00e7\u00fcn d\u0259 d\u00fc\u015fm\u0259n t\u0259r\u0259finin boynuna daha \u00e7ox \u015fey, daha \u00e7ox \u00f6l\u00fcm y\u0131xmaq, nifr\u0259ti g\u00fccl\u0259ndirm\u0259k vacibdir. Nifr\u0259ti g\u00fccl\u0259ndirm\u0259k v\u0259 bu nifr\u0259tin k\u00f6lg\u0259sind\u0259 rahatca adamlar\u0131 h\u0259bs etm\u0259k\u2026\n<\/p>\n<p>\n  Bu m\u00fcharib\u0259 deyil, at\u0259\u015fk\u0259sin pozulmas\u0131 deyil. G\u00f6r\u00fc\u015f\u00fcb, viski vuran iki h\u00f6kmdar\u0131n raz\u0131l\u0131\u011f\u0131, \u0259m\u0259kda\u015fl\u0131\u011f\u0131 say\u0259sind\u0259 ba\u015f tutan manipulyasiyad\u0131r.\n<\/p>\n<p>\n  Bu manipulyasiya periodik ba\u015f tutur. Ya o t\u0259r\u0259fd\u0259, ya bu t\u0259r\u0259fd\u0259 xalq\u0131 q\u0131c\u0131qland\u0131ran bir hadis\u0259 olan kimi, c\u0259bh\u0259 x\u0259ttind\u0259 \u0259sg\u0259rl\u0259r qurban verilir, hans\u0131sa y\u00fcks\u0259klik al\u0131n\u0131r, sonra geri qaytar\u0131l\u0131r, ax\u0131d\u0131lan qanlar\u0131n fonunda is\u0259 \u00f6lk\u0259d\u0259 ba\u015f ver\u0259n \u0259dal\u0259tsizlikl\u0259r, qanunsuzluqlar, h\u0259bsl\u0259r unudulur\u2026<br \/>\n  <br \/>\n  Q\u0259dim Romada h\u00f6kmdarlar qladiator d\u00f6y\u00fc\u015fl\u0259ri ke\u00e7irirdil\u0259r. H\u00f6kmdar, siyas\u0259t\u00e7il\u0259r, \u0259yanlar \u0259yl\u0259\u015fib, qullar\u0131 d\u00f6y\u00fc\u015fd\u00fcr\u00fcrd\u00fcl\u0259r. Onlar bir-birini yaralad\u0131qca, qanlar\u0131n\u0131 ax\u0131td\u0131qca, yaralanan qladiator \u0259zabla inild\u0259dikc\u0259, h\u00f6kmdar, \u0259yanlar bu g\u00f6r\u00fcnm\u0259mi\u015f tama\u015fadan v\u0259cd\u0259 g\u0259lir, h\u0259zz al\u0131rd\u0131lar.\n<\/p>\n<p>\n  <br \/>\n  \u0130ndi, iyirmi birinci \u0259sr\u0259 iki h\u00f6kmdar az\u0259rbaycanl\u0131 v\u0259 erm\u0259ni adl\u0131 iki xalq\u0131 bir-biri il\u0259 qladiator kimi d\u00f6y\u00fc\u015fd\u00fcr\u00fcr. Biz t\u0259r\u0259fd\u0259n on n\u0259f\u0259r \u00f6l\u00fcr, onlar t\u0259r\u0259fd\u0259n on n\u0259f\u0259r \u00f6l\u00fcr, biz yaralay\u0131r\u0131q, onlar yaralay\u0131rlar, biz qan t\u00f6k\u00fcr\u00fck, onlar qan t\u00f6k\u00fcrl\u0259r. Bu iki xalq\u0131n is\u0259 h\u0259min qladiatorlardan ciddi f\u0259rqi yoxdu. D\u00f6y\u00fc\u015f\u0259n, s\u0259ng\u0259rd\u0259 yaralanan, \u00f6l\u0259n, qula, k\u00f6l\u0259y\u0259 \u00e7evrilmi\u015f xalq\u0131n balalar\u0131d\u0131. B\u0259lk\u0259 do\u011fru deyil? Han\u0131, hardad\u0131 \u0259yanlar\u0131n, m\u0259murlar\u0131n, deputatlar\u0131n balalar\u0131? \u018fg\u0259r bu d\u00f6y\u00fc\u015f qladiator sava\u015f\u0131 deyils\u0259, varl\u0131lar\u0131n, m\u0259murlar\u0131n balalar\u0131 han\u0131? Niy\u0259 onlardan biri \u015f\u0259hid olmur? D\u00fcn\u0259n \u00f6l\u0259n on bir n\u0259f\u0259rin aras\u0131nda niy\u0259 bir n\u0259f\u0259r d\u0259 olsun v\u0259zif\u0259li \u015f\u0259xsin balas\u0131 yox idi?\n<\/p>\n<p>\n  Siyavu\u015f Novruzovun, Ayd\u0131n Mirz\u0259zad\u0259nin, Ziya M\u0259mm\u0259dovun, K\u0259mal\u0259ddin Heyd\u0259rovun o\u011fullar\u0131 han\u0131? Niy\u0259 c\u0259bh\u0259 x\u0259ttind\u0259 deyill\u0259r? Niy\u0259 vuru\u015fmurlar? Onlar\u0131n harda oldu\u011funu siz bilirsiniz? \u0130cra ba\u015f\u00e7\u0131lar\u0131n\u0131n, polis r\u0259isl\u0259rinin o\u011fullar\u0131 han\u0131? Niy\u0259 onlardan birinin \u00f6l\u00fcm x\u0259b\u0259ri g\u0259lmir?\n<\/p>\n<p>\n  Onlar kefd\u0259dirl\u0259r, bahal\u0131 villalar\u0131nda, t\u0259till\u0259rd\u0259, kurortlarda, barlarda, xarici \u00f6lk\u0259l\u0259rd\u0259dirl\u0259r.\n<\/p>\n<p>\n  Onlar kef edir, kas\u0131b balalar\u0131 c\u0259bh\u0259 x\u0259ttind\u0259 h\u0259lak olur, s\u00fclh ist\u0259y\u0259n adamlar\u0131 is\u0259 \u00abxain\u00bb, \u00abcasus\u00bb adland\u0131r\u0131r, h\u0259bs edirl\u0259r. Son ill\u0259rd\u0259 v\u0259t\u0259nda\u015f diplomatiyas\u0131 g\u00fccl\u0259nmi\u015fdi. Ortaya bir-iki normal adam \u00e7\u0131x\u0131b, m\u00fcharib\u0259ni, nifr\u0259ti dayand\u0131rma\u011fa \u00e7a\u011f\u0131r\u0131rd\u0131. \u00d6lk\u0259l\u0259rin ba\u015f\u0131nda duranlar\u0131n \u00abd\u00fc\u015fm\u0259n\u00bb, \u00abBizim Qaraba\u011f boyda d\u0259rdimiz var\u00bb na\u011f\u0131llar\u0131, \u0259fsan\u0259l\u0259ri da\u011f\u0131l\u0131rd\u0131. T\u0259cili t\u0259dbir g\u00f6rm\u0259k, c\u0259bh\u0259 x\u0259ttind\u0259 qan ax\u0131tmaq, nifr\u0259ti alovland\u0131rmaq laz\u0131m idi.\n<\/p>\n<p>\n  Xeyli insan\u0131 t\u0259k\u0259r\u0259 sald\u0131lar. B\u0259zil\u0259ri d\u0259 indi m\u00fcharib\u0259y\u0259, sava\u015fa \u00e7a\u011f\u0131r\u0131\u015f edirl\u0259r. Ba\u015fa d\u00fc\u015f\u00fcr\u00fck. Sat\u0131lm\u0131\u015f, s\u0131nm\u0131\u015f, bir ev\u0259, bir k\u00fcrs\u00fcy\u0259, 500-700 manatl\u0131q bir i\u015f\u0259 sat\u0131lan adamlar\u0131n \u0259lin\u0259 f\u00fcrs\u0259t d\u00fc\u015f\u00fcb. F\u00fcrs\u0259t d\u00fc\u015f\u00fcb ki, \u00f6lm\u0259dikl\u0259rini, siyasi, ictimai s\u0259hn\u0259d\u0259n silinm\u0259dikl\u0259rini g\u00f6st\u0259rm\u0259y\u0259 \u00e7al\u0131\u015fs\u0131nlar. V\u0259t\u0259n, Qaraba\u011f, xalq s\u00f6hb\u0259ti el\u0259m\u0259k \u0259n sad\u0259, \u0259n rahat, \u0259n t\u0259hl\u00fck\u0259siz yoldur xalqa yaltaqlanmaq \u00fc\u00e7\u00fcn.\n<\/p>\n<p>\n  Adamlar\u0131n \u00e7oxunun m\u00fcharib\u0259nin n\u0259 olma\u011f\u0131ndan x\u0259b\u0259rl\u0259ri yoxdur. M\u00fcharib\u0259nin \u0259sl \u00fcz\u00fcn\u00fc g\u00f6rm\u0259yibl\u0259r. M\u00fcharib\u0259 he\u00e7 bir t\u0259r\u0259f\u0259 xeyir ver\u0259 bilm\u0259z. Kimin qalib, kimin m\u0259\u011flub olma\u011f\u0131ndan as\u0131l\u0131 olmayaraq. M\u00fcharib\u0259nin arxas\u0131nda qan, g\u00f6z ya\u015flar\u0131, da\u011f\u0131lm\u0131\u015f evl\u0259r, m\u0259kt\u0259bl\u0259r, u\u015faq ba\u011f\u00e7alar\u0131, \u00f6l\u00fcm, zorlanmalar v\u0259 \u0259lb\u0259tt\u0259 ki, insan simas\u0131n\u0131n itirilm\u0259si durur. M\u00fcharib\u0259d\u0259 i\u015ftirak etmi\u015f, insan \u00f6ld\u00fcrm\u00fc\u015f normal insanlar m\u00fcharib\u0259 bit\u0259nd\u0259n sonra \u0259zab \u00e7\u0259kir.\n<\/p>\n<p>\n  Normal insanlar m\u00fcharib\u0259d\u0259n qorxurlar. B\u0259lk\u0259 d\u0259 bu qorxaql\u0131qd\u0131r, amma qorxaq olub, s\u00fclh ist\u0259m\u0259k, q\u0259hr\u0259man olub, m\u00fcharib\u0259 ist\u0259m\u0259kd\u0259n yax\u015f\u0131d\u0131r.\n<\/p>\n<p>\n  P.S. D\u00fcn\u0259nki mat\u0259min, k\u0259d\u0259rin, qanlar\u0131n ortas\u0131nda Quba rayonunun icra ba\u015f\u00e7\u0131s\u0131n\u0131n o\u011flu ma\u015f\u0131n\u0131 il\u0259 Nabrandak\u0131 Atlant istirah\u0259t m\u0259rk\u0259zin\u0259 g\u0259lib, bir adam\u0131 g\u00fcll\u0259l\u0259yib v\u0259 sakitc\u0259 \u00e7\u0131x\u0131b, gedib\u2026\n<\/p>\n<p>\n  <b><br \/>\n    Yaz\u0131dak\u0131 fikirl\u0259r m\u00fc\u0259llif\u0259 m\u0259xsusdur v\u0259 onlara g\u00f6r\u0259 Meydan TV m\u0259suliyy\u0259t da\u015f\u0131m\u0131r.<br \/>\n  <\/b><\/p>\n","protected":false},"excerpt":{"rendered":"<p>Siyavu\u015f Novruzovun, Ayd\u0131n Mirz\u0259zad\u0259nin, Ziya M\u0259mm\u0259dovun, Kamal\u0259ddin Heyd\u0259rovun o\u011fullar\u0131 han\u0131?<\/p>\n","protected":false},"author":11,"featured_media":12269,"comment_status":"closed","ping_status":"open","sticky":false,"template":"","format":"standard","meta":{"_acf_changed":false,"_sitemap_exclude":false,"_sitemap_priority":"","_sitemap_frequency":"","footnotes":""},"categories":[57],"tags":[],"class_list":["post-164797","post","type-post","status-publish","format-standard","has-post-thumbnail","hentry","category-menim-fikrimce","infinite-scroll-item","generate-columns","tablet-grid-50","mobile-grid-100","grid-parent","grid-33","no-featured-image-padding"],"acf":[],"yoast_head":"<!-- This site is optimized with the Yoast SEO plugin v27.4 - https:\/\/yoast.com\/product\/yoast-seo-wordpress\/ -->\n<title>Xalq\u0131n balas\u0131 n\u0259yin u\u011frunda \u00f6l\u00fcr? - MEYDAN.TV<\/title>\n<meta name=\"robots\" content=\"index, follow, max-snippet:-1, max-image-preview:large, max-video-preview:-1\" \/>\n<link rel=\"canonical\" href=\"https:\/\/www.meydan.tv\/az\/article\/xalqin-balasi-neyin-ugrunda-olur\/\" \/>\n<meta property=\"og:locale\" content=\"az_AZ\" \/>\n<meta property=\"og:type\" content=\"article\" \/>\n<meta property=\"og:title\" content=\"Xalq\u0131n balas\u0131 n\u0259yin u\u011frunda \u00f6l\u00fcr? - MEYDAN.TV\" \/>\n<meta property=\"og:description\" content=\"Siyavu\u015f Novruzovun, Ayd\u0131n Mirz\u0259zad\u0259nin, Ziya M\u0259mm\u0259dovun, Kamal\u0259ddin Heyd\u0259rovun o\u011fullar\u0131 han\u0131?\" \/>\n<meta property=\"og:url\" content=\"https:\/\/www.meydan.tv\/az\/article\/xalqin-balasi-neyin-ugrunda-olur\/\" \/>\n<meta property=\"og:site_name\" content=\"MEYDAN.TV\" \/>\n<meta property=\"article:published_time\" content=\"2014-08-03T01:16:33+00:00\" \/>\n<meta property=\"og:image\" content=\"https:\/\/www.meydan.tv\/wp-content\/uploads\/4117-1.jpg\" \/>\n\t<meta property=\"og:image:width\" content=\"500\" \/>\n\t<meta property=\"og:image:height\" content=\"500\" \/>\n\t<meta property=\"og:image:type\" content=\"image\/jpeg\" \/>\n<meta name=\"author\" content=\"user-manager\" \/>\n<meta name=\"twitter:card\" content=\"summary_large_image\" \/>\n<script type=\"application\/ld+json\" class=\"yoast-schema-graph\">{\"@context\":\"https:\\\/\\\/schema.org\",\"@graph\":[{\"@type\":\"Article\",\"@id\":\"https:\\\/\\\/www.meydan.tv\\\/az\\\/article\\\/xalqin-balasi-neyin-ugrunda-olur\\\/#article\",\"isPartOf\":{\"@id\":\"https:\\\/\\\/www.meydan.tv\\\/az\\\/article\\\/xalqin-balasi-neyin-ugrunda-olur\\\/\"},\"author\":{\"name\":\"user-manager\",\"@id\":\"https:\\\/\\\/www.meydan.tv\\\/az\\\/#\\\/schema\\\/person\\\/10d11eccf6da3662cf5fdab9806ea91a\"},\"headline\":\"Xalq\u0131n balas\u0131 n\u0259yin u\u011frunda \u00f6l\u00fcr?\",\"datePublished\":\"2014-08-03T01:16:33+00:00\",\"mainEntityOfPage\":{\"@id\":\"https:\\\/\\\/www.meydan.tv\\\/az\\\/article\\\/xalqin-balasi-neyin-ugrunda-olur\\\/\"},\"wordCount\":1355,\"publisher\":{\"@id\":\"https:\\\/\\\/www.meydan.tv\\\/az\\\/#organization\"},\"image\":{\"@id\":\"https:\\\/\\\/www.meydan.tv\\\/az\\\/article\\\/xalqin-balasi-neyin-ugrunda-olur\\\/#primaryimage\"},\"thumbnailUrl\":\"https:\\\/\\\/www.meydan.tv\\\/wp-content\\\/uploads\\\/4117-1.jpg\",\"articleSection\":[\"M\u0259nim Fikrimc\u0259\"],\"inLanguage\":\"az\"},{\"@type\":\"WebPage\",\"@id\":\"https:\\\/\\\/www.meydan.tv\\\/az\\\/article\\\/xalqin-balasi-neyin-ugrunda-olur\\\/\",\"url\":\"https:\\\/\\\/www.meydan.tv\\\/az\\\/article\\\/xalqin-balasi-neyin-ugrunda-olur\\\/\",\"name\":\"Xalq\u0131n balas\u0131 n\u0259yin u\u011frunda \u00f6l\u00fcr? - MEYDAN.TV\",\"isPartOf\":{\"@id\":\"https:\\\/\\\/www.meydan.tv\\\/az\\\/#website\"},\"primaryImageOfPage\":{\"@id\":\"https:\\\/\\\/www.meydan.tv\\\/az\\\/article\\\/xalqin-balasi-neyin-ugrunda-olur\\\/#primaryimage\"},\"image\":{\"@id\":\"https:\\\/\\\/www.meydan.tv\\\/az\\\/article\\\/xalqin-balasi-neyin-ugrunda-olur\\\/#primaryimage\"},\"thumbnailUrl\":\"https:\\\/\\\/www.meydan.tv\\\/wp-content\\\/uploads\\\/4117-1.jpg\",\"datePublished\":\"2014-08-03T01:16:33+00:00\",\"breadcrumb\":{\"@id\":\"https:\\\/\\\/www.meydan.tv\\\/az\\\/article\\\/xalqin-balasi-neyin-ugrunda-olur\\\/#breadcrumb\"},\"inLanguage\":\"az\",\"potentialAction\":[{\"@type\":\"ReadAction\",\"target\":[\"https:\\\/\\\/www.meydan.tv\\\/az\\\/article\\\/xalqin-balasi-neyin-ugrunda-olur\\\/\"]}]},{\"@type\":\"ImageObject\",\"inLanguage\":\"az\",\"@id\":\"https:\\\/\\\/www.meydan.tv\\\/az\\\/article\\\/xalqin-balasi-neyin-ugrunda-olur\\\/#primaryimage\",\"url\":\"https:\\\/\\\/www.meydan.tv\\\/wp-content\\\/uploads\\\/4117-1.jpg\",\"contentUrl\":\"https:\\\/\\\/www.meydan.tv\\\/wp-content\\\/uploads\\\/4117-1.jpg\",\"width\":500,\"height\":500,\"caption\":\"Source:\"},{\"@type\":\"BreadcrumbList\",\"@id\":\"https:\\\/\\\/www.meydan.tv\\\/az\\\/article\\\/xalqin-balasi-neyin-ugrunda-olur\\\/#breadcrumb\",\"itemListElement\":[{\"@type\":\"ListItem\",\"position\":1,\"name\":\"Ana s\u0259hif\u0259\",\"item\":\"https:\\\/\\\/www.meydan.tv\\\/az\\\/\"},{\"@type\":\"ListItem\",\"position\":2,\"name\":\"M\u0259nim Fikrimc\u0259\",\"item\":\"https:\\\/\\\/www.meydan.tv\\\/az\\\/section\\\/menim-fikrimce\\\/\"},{\"@type\":\"ListItem\",\"position\":3,\"name\":\"Xalq\u0131n balas\u0131 n\u0259yin u\u011frunda \u00f6l\u00fcr?\"}]},{\"@type\":\"WebSite\",\"@id\":\"https:\\\/\\\/www.meydan.tv\\\/az\\\/#website\",\"url\":\"https:\\\/\\\/www.meydan.tv\\\/az\\\/\",\"name\":\"MEYDAN.TV\",\"description\":\"Meydan TV Az\u0259rbaycan\u0131n media m\u0259kan\u0131ndak\u0131 alternativ s\u0259sidir\",\"publisher\":{\"@id\":\"https:\\\/\\\/www.meydan.tv\\\/az\\\/#organization\"},\"potentialAction\":[{\"@type\":\"SearchAction\",\"target\":{\"@type\":\"EntryPoint\",\"urlTemplate\":\"https:\\\/\\\/www.meydan.tv\\\/az\\\/?s={search_term_string}\"},\"query-input\":{\"@type\":\"PropertyValueSpecification\",\"valueRequired\":true,\"valueName\":\"search_term_string\"}}],\"inLanguage\":\"az\"},{\"@type\":\"Organization\",\"@id\":\"https:\\\/\\\/www.meydan.tv\\\/az\\\/#organization\",\"name\":\"Meydan TV\",\"url\":\"https:\\\/\\\/www.meydan.tv\\\/az\\\/\",\"logo\":{\"@type\":\"ImageObject\",\"inLanguage\":\"az\",\"@id\":\"https:\\\/\\\/www.meydan.tv\\\/az\\\/#\\\/schema\\\/logo\\\/image\\\/\",\"url\":\"https:\\\/\\\/www.meydan.tv\\\/wp-content\\\/uploads\\\/2021\\\/07\\\/meydan-logo.svg\",\"contentUrl\":\"https:\\\/\\\/www.meydan.tv\\\/wp-content\\\/uploads\\\/2021\\\/07\\\/meydan-logo.svg\",\"width\":195,\"height\":46,\"caption\":\"Meydan TV\"},\"image\":{\"@id\":\"https:\\\/\\\/www.meydan.tv\\\/az\\\/#\\\/schema\\\/logo\\\/image\\\/\"}},{\"@type\":\"Person\",\"@id\":\"https:\\\/\\\/www.meydan.tv\\\/az\\\/#\\\/schema\\\/person\\\/10d11eccf6da3662cf5fdab9806ea91a\",\"name\":\"user-manager\"}]}<\/script>\n<!-- \/ Yoast SEO plugin. -->","yoast_head_json":{"title":"Xalq\u0131n balas\u0131 n\u0259yin u\u011frunda \u00f6l\u00fcr? - MEYDAN.TV","robots":{"index":"index","follow":"follow","max-snippet":"max-snippet:-1","max-image-preview":"max-image-preview:large","max-video-preview":"max-video-preview:-1"},"canonical":"https:\/\/www.meydan.tv\/az\/article\/xalqin-balasi-neyin-ugrunda-olur\/","og_locale":"az_AZ","og_type":"article","og_title":"Xalq\u0131n balas\u0131 n\u0259yin u\u011frunda \u00f6l\u00fcr? - MEYDAN.TV","og_description":"Siyavu\u015f Novruzovun, Ayd\u0131n Mirz\u0259zad\u0259nin, Ziya M\u0259mm\u0259dovun, Kamal\u0259ddin Heyd\u0259rovun o\u011fullar\u0131 han\u0131?","og_url":"https:\/\/www.meydan.tv\/az\/article\/xalqin-balasi-neyin-ugrunda-olur\/","og_site_name":"MEYDAN.TV","article_published_time":"2014-08-03T01:16:33+00:00","og_image":[{"width":500,"height":500,"url":"https:\/\/www.meydan.tv\/wp-content\/uploads\/4117-1.jpg","type":"image\/jpeg"}],"author":"user-manager","twitter_card":"summary_large_image","schema":{"@context":"https:\/\/schema.org","@graph":[{"@type":"Article","@id":"https:\/\/www.meydan.tv\/az\/article\/xalqin-balasi-neyin-ugrunda-olur\/#article","isPartOf":{"@id":"https:\/\/www.meydan.tv\/az\/article\/xalqin-balasi-neyin-ugrunda-olur\/"},"author":{"name":"user-manager","@id":"https:\/\/www.meydan.tv\/az\/#\/schema\/person\/10d11eccf6da3662cf5fdab9806ea91a"},"headline":"Xalq\u0131n balas\u0131 n\u0259yin u\u011frunda \u00f6l\u00fcr?","datePublished":"2014-08-03T01:16:33+00:00","mainEntityOfPage":{"@id":"https:\/\/www.meydan.tv\/az\/article\/xalqin-balasi-neyin-ugrunda-olur\/"},"wordCount":1355,"publisher":{"@id":"https:\/\/www.meydan.tv\/az\/#organization"},"image":{"@id":"https:\/\/www.meydan.tv\/az\/article\/xalqin-balasi-neyin-ugrunda-olur\/#primaryimage"},"thumbnailUrl":"https:\/\/www.meydan.tv\/wp-content\/uploads\/4117-1.jpg","articleSection":["M\u0259nim Fikrimc\u0259"],"inLanguage":"az"},{"@type":"WebPage","@id":"https:\/\/www.meydan.tv\/az\/article\/xalqin-balasi-neyin-ugrunda-olur\/","url":"https:\/\/www.meydan.tv\/az\/article\/xalqin-balasi-neyin-ugrunda-olur\/","name":"Xalq\u0131n balas\u0131 n\u0259yin u\u011frunda \u00f6l\u00fcr? - MEYDAN.TV","isPartOf":{"@id":"https:\/\/www.meydan.tv\/az\/#website"},"primaryImageOfPage":{"@id":"https:\/\/www.meydan.tv\/az\/article\/xalqin-balasi-neyin-ugrunda-olur\/#primaryimage"},"image":{"@id":"https:\/\/www.meydan.tv\/az\/article\/xalqin-balasi-neyin-ugrunda-olur\/#primaryimage"},"thumbnailUrl":"https:\/\/www.meydan.tv\/wp-content\/uploads\/4117-1.jpg","datePublished":"2014-08-03T01:16:33+00:00","breadcrumb":{"@id":"https:\/\/www.meydan.tv\/az\/article\/xalqin-balasi-neyin-ugrunda-olur\/#breadcrumb"},"inLanguage":"az","potentialAction":[{"@type":"ReadAction","target":["https:\/\/www.meydan.tv\/az\/article\/xalqin-balasi-neyin-ugrunda-olur\/"]}]},{"@type":"ImageObject","inLanguage":"az","@id":"https:\/\/www.meydan.tv\/az\/article\/xalqin-balasi-neyin-ugrunda-olur\/#primaryimage","url":"https:\/\/www.meydan.tv\/wp-content\/uploads\/4117-1.jpg","contentUrl":"https:\/\/www.meydan.tv\/wp-content\/uploads\/4117-1.jpg","width":500,"height":500,"caption":"Source:"},{"@type":"BreadcrumbList","@id":"https:\/\/www.meydan.tv\/az\/article\/xalqin-balasi-neyin-ugrunda-olur\/#breadcrumb","itemListElement":[{"@type":"ListItem","position":1,"name":"Ana s\u0259hif\u0259","item":"https:\/\/www.meydan.tv\/az\/"},{"@type":"ListItem","position":2,"name":"M\u0259nim Fikrimc\u0259","item":"https:\/\/www.meydan.tv\/az\/section\/menim-fikrimce\/"},{"@type":"ListItem","position":3,"name":"Xalq\u0131n balas\u0131 n\u0259yin u\u011frunda \u00f6l\u00fcr?"}]},{"@type":"WebSite","@id":"https:\/\/www.meydan.tv\/az\/#website","url":"https:\/\/www.meydan.tv\/az\/","name":"MEYDAN.TV","description":"Meydan TV Az\u0259rbaycan\u0131n media m\u0259kan\u0131ndak\u0131 alternativ s\u0259sidir","publisher":{"@id":"https:\/\/www.meydan.tv\/az\/#organization"},"potentialAction":[{"@type":"SearchAction","target":{"@type":"EntryPoint","urlTemplate":"https:\/\/www.meydan.tv\/az\/?s={search_term_string}"},"query-input":{"@type":"PropertyValueSpecification","valueRequired":true,"valueName":"search_term_string"}}],"inLanguage":"az"},{"@type":"Organization","@id":"https:\/\/www.meydan.tv\/az\/#organization","name":"Meydan TV","url":"https:\/\/www.meydan.tv\/az\/","logo":{"@type":"ImageObject","inLanguage":"az","@id":"https:\/\/www.meydan.tv\/az\/#\/schema\/logo\/image\/","url":"https:\/\/www.meydan.tv\/wp-content\/uploads\/2021\/07\/meydan-logo.svg","contentUrl":"https:\/\/www.meydan.tv\/wp-content\/uploads\/2021\/07\/meydan-logo.svg","width":195,"height":46,"caption":"Meydan TV"},"image":{"@id":"https:\/\/www.meydan.tv\/az\/#\/schema\/logo\/image\/"}},{"@type":"Person","@id":"https:\/\/www.meydan.tv\/az\/#\/schema\/person\/10d11eccf6da3662cf5fdab9806ea91a","name":"user-manager"}]}},"_links":{"self":[{"href":"https:\/\/www.meydan.tv\/az\/wp-json\/wp\/v2\/posts\/164797","targetHints":{"allow":["GET"]}}],"collection":[{"href":"https:\/\/www.meydan.tv\/az\/wp-json\/wp\/v2\/posts"}],"about":[{"href":"https:\/\/www.meydan.tv\/az\/wp-json\/wp\/v2\/types\/post"}],"author":[{"embeddable":true,"href":"https:\/\/www.meydan.tv\/az\/wp-json\/wp\/v2\/users\/11"}],"replies":[{"embeddable":true,"href":"https:\/\/www.meydan.tv\/az\/wp-json\/wp\/v2\/comments?post=164797"}],"version-history":[{"count":0,"href":"https:\/\/www.meydan.tv\/az\/wp-json\/wp\/v2\/posts\/164797\/revisions"}],"wp:featuredmedia":[{"embeddable":true,"href":"https:\/\/www.meydan.tv\/az\/wp-json\/wp\/v2\/media\/12269"}],"wp:attachment":[{"href":"https:\/\/www.meydan.tv\/az\/wp-json\/wp\/v2\/media?parent=164797"}],"wp:term":[{"taxonomy":"category","embeddable":true,"href":"https:\/\/www.meydan.tv\/az\/wp-json\/wp\/v2\/categories?post=164797"},{"taxonomy":"post_tag","embeddable":true,"href":"https:\/\/www.meydan.tv\/az\/wp-json\/wp\/v2\/tags?post=164797"}],"curies":[{"name":"wp","href":"https:\/\/api.w.org\/{rel}","templated":true}]}}