{"id":164796,"date":"2014-08-03T01:06:10","date_gmt":"2014-08-03T01:06:10","guid":{"rendered":"https:\/\/www.meydan.tv\/article\/demokratiya-qurbani\/"},"modified":"2014-08-03T01:06:10","modified_gmt":"2014-08-03T01:06:10","slug":"demokratiya-qurbani","status":"publish","type":"post","link":"https:\/\/www.meydan.tv\/az\/article\/demokratiya-qurbani\/","title":{"rendered":"Demokratiya qurban\u0131"},"content":{"rendered":"<figure class=\"wp-block-image size-large\">\n  <img decoding=\"async\" src=\"https:\/\/www.meydan.tv\/az\/12365\/\" alt=\"\" class=\"wp-image-12365\"\/><figcaption><\/figcaption><\/figure>\n<figure class=\"wp-block-image size-large\">\n  <img decoding=\"async\" src=\"https:\/\/www.meydan.tv\/az\/12371\/\" alt=\"\" class=\"wp-image-12371\"\/><figcaption><\/figcaption><\/figure>\n<p>\n  X\u0259b\u0259riniz var&#8230; D\u00fcn\u0259n ordumuz xeyli \u015f\u0259hid verdi. Say\u0131n\u0131 d\u0259qiq bilmirik. \u018fn az 10 ail\u0259 haz\u0131rda \u00f6vlad ac\u0131s\u0131 ya\u015fay\u0131r. Amma \u0259sas odur ki, Erm\u0259nistan daha \u00e7ox itki verib. Sanki d\u00f6vl\u0259t olaraq m\u0259qs\u0259dimiz bu imi\u015f. Ki, bu da d\u0259qiq deyil, he\u00e7 bir r\u0259smi d\u00f6vl\u0259t orqan\u0131 d\u0259qiq m\u0259lumat vermir. Dey\u0259n yoxdur niy\u0259 bel\u0259 hallar ba\u015f verir? Bunun s\u0259b\u0259bi n\u0259dir? Xalqa a\u00e7\u0131qlama, hesabat ver\u0259n yoxdur. B\u0259s biz regionun \u0259n g\u00fccl\u00fc \u00f6lk\u0259si idik? Han\u0131 g\u00fccl\u00fc ordu? Han\u0131 milyonluq silahlar? Dey\u0259n v\u0259 t\u0259l\u0259b ed\u0259n yoxdur. Var idi. \u0130ndi h\u0259bsd\u0259dir.<\/p>\n<p>  Des\u0259 d\u0259, e\u015fitmirik. El\u0259 dediyin\u0259 g\u00f6r\u0259 h\u0259bsd\u0259dir. H\u0259bs etdil\u0259r ki, e\u015fitm\u0259y\u0259k. \u00c7ox \u015fey deyirdi \u0130lkin. M\u0259s\u0259l\u0259n, \u0259sg\u0259r qeyri-d\u00f6y\u00fc\u015f \u015f\u0259raitind\u0259 niy\u0259 \u00f6l\u00fcr? \u015e\u0259rl\u0259yib h\u0259bs etdir\u0259nl\u0259r d\u00fcn\u0259n s\u00fcbut etdi ki, \u0259sg\u0259r \u00f6lm\u0259lidir. Y\u0259ni siz s\u0259hvsiniz! \u00dcz\u00fcm\u00fcz\u0259 a\u011f olmusunuz. Di \u00e7\u00fcr\u00fcy\u00fcn i\u00e7\u0259rid\u0259!<\/p>\n<p>  Tan\u0131y\u0131rs\u0131n\u0131z onlar\u0131. \u0130lkin R\u00fcst\u0259mzad\u0259 var idi. Ordudak\u0131 \u00f6zba\u015f\u0131nal\u0131qlara \u201cYOX!\u201d dey\u0259n g\u0259nc. Do\u011fum g\u00fcn\u00fcd\u00fcr bu g\u00fcn. H\u0259bsd\u0259ki 2-ci do\u011fum g\u00fcn\u00fc. Bilirsiniz g\u00fcnahs\u0131z oldu\u011funu. \u00c7ox \u015fey bilirsiniz \u0259slind\u0259. B\u0259s bilm\u0259k yet\u0259rlimidir?! Susmursunuz d\u00fcn\u0259nd\u0259n erm\u0259nil\u0259rin etdikl\u0259rin\u0259. B\u0259s buna niy\u0259 susdunuz? G\u0259r\u0259k \u00f6l\u0259? \u00d6ls\u0259 d\u0259, susacaqs\u0131n\u0131z. G\u0259r\u0259k ba\u015f\u0131n\u0131za g\u0259l\u0259? \u018fsg\u0259r \u00f6l\u00fcml\u0259rin\u0259 etiraz ed\u0259nl\u0259r\u0259 la\u011f ed\u0259n Aq\u015fin Yeniseyin \u0259misi o\u011flu h\u0259min aksiyalardan 1 h\u0259ft\u0259 sonra orduda d\u00f6y\u00fcl\u0259r\u0259k \u00f6ld\u00fcr\u00fcld\u00fc. El\u0259 edin ki, sonra dan\u0131\u015fma\u011fa \u00fcz\u00fcn\u00fcz olsun. Demir\u0259m ha sad\u0259c\u0259 buna g\u00f6r\u0259 n\u0259s\u0259 edin. Amma etdikl\u0259riniz\u0259 v\u0259 ya etm\u0259dikl\u0259riniz\u0259 g\u00f6r\u0259 vicdan \u0259zab\u0131 \u00e7\u0259km\u0259yin. B\u00fct\u00fcn \u0259zablar\u0131n \u0259n d\u0259h\u015f\u0259tlisidir bu.<\/p>\n<p>  Do\u011fum g\u00fcn\u00fcn m\u00fcbar\u0259k, igid! V\u0259t\u0259nin ba\u015f\u0131 g\u0259ncl\u0259ridir, Sizsiniz! Ba\u015f\u0131 sa\u011f V\u0259t\u0259n qazamatdad\u0131r. Azadl\u0131qda g\u00f6r\u00fc\u015f\u0259k!<\/p>\n","protected":false},"excerpt":{"rendered":"<p>El\u0259 edin ki, sonra dan\u0131\u015fma\u011fa \u00fcz\u00fcn\u00fcz olsun.<\/p>\n","protected":false},"author":11,"featured_media":12365,"comment_status":"closed","ping_status":"open","sticky":false,"template":"","format":"standard","meta":{"_acf_changed":false,"_sitemap_exclude":false,"_sitemap_priority":"","_sitemap_frequency":"","footnotes":""},"categories":[57],"tags":[],"class_list":["post-164796","post","type-post","status-publish","format-standard","has-post-thumbnail","hentry","category-menim-fikrimce","infinite-scroll-item","generate-columns","tablet-grid-50","mobile-grid-100","grid-parent","grid-33","no-featured-image-padding"],"acf":[],"yoast_head":"<!-- This site is optimized with the Yoast SEO plugin v27.4 - https:\/\/yoast.com\/product\/yoast-seo-wordpress\/ -->\n<title>Demokratiya qurban\u0131 - MEYDAN.TV<\/title>\n<meta name=\"robots\" content=\"index, follow, max-snippet:-1, max-image-preview:large, max-video-preview:-1\" \/>\n<link rel=\"canonical\" href=\"https:\/\/www.meydan.tv\/az\/article\/demokratiya-qurbani\/\" \/>\n<meta property=\"og:locale\" content=\"az_AZ\" \/>\n<meta property=\"og:type\" content=\"article\" \/>\n<meta property=\"og:title\" content=\"Demokratiya qurban\u0131 - MEYDAN.TV\" \/>\n<meta property=\"og:description\" content=\"El\u0259 edin ki, sonra dan\u0131\u015fma\u011fa \u00fcz\u00fcn\u00fcz olsun.\" \/>\n<meta property=\"og:url\" content=\"https:\/\/www.meydan.tv\/az\/article\/demokratiya-qurbani\/\" \/>\n<meta property=\"og:site_name\" content=\"MEYDAN.TV\" \/>\n<meta property=\"article:published_time\" content=\"2014-08-03T01:06:10+00:00\" \/>\n<meta property=\"og:image\" content=\"https:\/\/www.meydan.tv\/wp-content\/uploads\/4147.jpg\" \/>\n\t<meta property=\"og:image:width\" content=\"400\" \/>\n\t<meta property=\"og:image:height\" content=\"400\" \/>\n\t<meta property=\"og:image:type\" content=\"image\/jpeg\" \/>\n<meta name=\"author\" content=\"user-manager\" \/>\n<meta name=\"twitter:card\" content=\"summary_large_image\" \/>\n<script type=\"application\/ld+json\" class=\"yoast-schema-graph\">{\"@context\":\"https:\\\/\\\/schema.org\",\"@graph\":[{\"@type\":\"Article\",\"@id\":\"https:\\\/\\\/www.meydan.tv\\\/az\\\/article\\\/demokratiya-qurbani\\\/#article\",\"isPartOf\":{\"@id\":\"https:\\\/\\\/www.meydan.tv\\\/az\\\/article\\\/demokratiya-qurbani\\\/\"},\"author\":{\"name\":\"user-manager\",\"@id\":\"https:\\\/\\\/www.meydan.tv\\\/az\\\/#\\\/schema\\\/person\\\/10d11eccf6da3662cf5fdab9806ea91a\"},\"headline\":\"Demokratiya qurban\u0131\",\"datePublished\":\"2014-08-03T01:06:10+00:00\",\"mainEntityOfPage\":{\"@id\":\"https:\\\/\\\/www.meydan.tv\\\/az\\\/article\\\/demokratiya-qurbani\\\/\"},\"wordCount\":385,\"publisher\":{\"@id\":\"https:\\\/\\\/www.meydan.tv\\\/az\\\/#organization\"},\"image\":{\"@id\":\"https:\\\/\\\/www.meydan.tv\\\/az\\\/article\\\/demokratiya-qurbani\\\/#primaryimage\"},\"thumbnailUrl\":\"https:\\\/\\\/www.meydan.tv\\\/wp-content\\\/uploads\\\/4147.jpg\",\"articleSection\":[\"M\u0259nim Fikrimc\u0259\"],\"inLanguage\":\"az\"},{\"@type\":\"WebPage\",\"@id\":\"https:\\\/\\\/www.meydan.tv\\\/az\\\/article\\\/demokratiya-qurbani\\\/\",\"url\":\"https:\\\/\\\/www.meydan.tv\\\/az\\\/article\\\/demokratiya-qurbani\\\/\",\"name\":\"Demokratiya qurban\u0131 - MEYDAN.TV\",\"isPartOf\":{\"@id\":\"https:\\\/\\\/www.meydan.tv\\\/az\\\/#website\"},\"primaryImageOfPage\":{\"@id\":\"https:\\\/\\\/www.meydan.tv\\\/az\\\/article\\\/demokratiya-qurbani\\\/#primaryimage\"},\"image\":{\"@id\":\"https:\\\/\\\/www.meydan.tv\\\/az\\\/article\\\/demokratiya-qurbani\\\/#primaryimage\"},\"thumbnailUrl\":\"https:\\\/\\\/www.meydan.tv\\\/wp-content\\\/uploads\\\/4147.jpg\",\"datePublished\":\"2014-08-03T01:06:10+00:00\",\"breadcrumb\":{\"@id\":\"https:\\\/\\\/www.meydan.tv\\\/az\\\/article\\\/demokratiya-qurbani\\\/#breadcrumb\"},\"inLanguage\":\"az\",\"potentialAction\":[{\"@type\":\"ReadAction\",\"target\":[\"https:\\\/\\\/www.meydan.tv\\\/az\\\/article\\\/demokratiya-qurbani\\\/\"]}]},{\"@type\":\"ImageObject\",\"inLanguage\":\"az\",\"@id\":\"https:\\\/\\\/www.meydan.tv\\\/az\\\/article\\\/demokratiya-qurbani\\\/#primaryimage\",\"url\":\"https:\\\/\\\/www.meydan.tv\\\/wp-content\\\/uploads\\\/4147.jpg\",\"contentUrl\":\"https:\\\/\\\/www.meydan.tv\\\/wp-content\\\/uploads\\\/4147.jpg\",\"width\":400,\"height\":400,\"caption\":\"Source:\"},{\"@type\":\"BreadcrumbList\",\"@id\":\"https:\\\/\\\/www.meydan.tv\\\/az\\\/article\\\/demokratiya-qurbani\\\/#breadcrumb\",\"itemListElement\":[{\"@type\":\"ListItem\",\"position\":1,\"name\":\"Ana s\u0259hif\u0259\",\"item\":\"https:\\\/\\\/www.meydan.tv\\\/az\\\/\"},{\"@type\":\"ListItem\",\"position\":2,\"name\":\"M\u0259nim Fikrimc\u0259\",\"item\":\"https:\\\/\\\/www.meydan.tv\\\/az\\\/section\\\/menim-fikrimce\\\/\"},{\"@type\":\"ListItem\",\"position\":3,\"name\":\"Demokratiya qurban\u0131\"}]},{\"@type\":\"WebSite\",\"@id\":\"https:\\\/\\\/www.meydan.tv\\\/az\\\/#website\",\"url\":\"https:\\\/\\\/www.meydan.tv\\\/az\\\/\",\"name\":\"MEYDAN.TV\",\"description\":\"Meydan TV Az\u0259rbaycan\u0131n media m\u0259kan\u0131ndak\u0131 alternativ s\u0259sidir\",\"publisher\":{\"@id\":\"https:\\\/\\\/www.meydan.tv\\\/az\\\/#organization\"},\"potentialAction\":[{\"@type\":\"SearchAction\",\"target\":{\"@type\":\"EntryPoint\",\"urlTemplate\":\"https:\\\/\\\/www.meydan.tv\\\/az\\\/?s={search_term_string}\"},\"query-input\":{\"@type\":\"PropertyValueSpecification\",\"valueRequired\":true,\"valueName\":\"search_term_string\"}}],\"inLanguage\":\"az\"},{\"@type\":\"Organization\",\"@id\":\"https:\\\/\\\/www.meydan.tv\\\/az\\\/#organization\",\"name\":\"Meydan TV\",\"url\":\"https:\\\/\\\/www.meydan.tv\\\/az\\\/\",\"logo\":{\"@type\":\"ImageObject\",\"inLanguage\":\"az\",\"@id\":\"https:\\\/\\\/www.meydan.tv\\\/az\\\/#\\\/schema\\\/logo\\\/image\\\/\",\"url\":\"https:\\\/\\\/www.meydan.tv\\\/wp-content\\\/uploads\\\/2021\\\/07\\\/meydan-logo.svg\",\"contentUrl\":\"https:\\\/\\\/www.meydan.tv\\\/wp-content\\\/uploads\\\/2021\\\/07\\\/meydan-logo.svg\",\"width\":195,\"height\":46,\"caption\":\"Meydan TV\"},\"image\":{\"@id\":\"https:\\\/\\\/www.meydan.tv\\\/az\\\/#\\\/schema\\\/logo\\\/image\\\/\"}},{\"@type\":\"Person\",\"@id\":\"https:\\\/\\\/www.meydan.tv\\\/az\\\/#\\\/schema\\\/person\\\/10d11eccf6da3662cf5fdab9806ea91a\",\"name\":\"user-manager\"}]}<\/script>\n<!-- \/ Yoast SEO plugin. -->","yoast_head_json":{"title":"Demokratiya qurban\u0131 - MEYDAN.TV","robots":{"index":"index","follow":"follow","max-snippet":"max-snippet:-1","max-image-preview":"max-image-preview:large","max-video-preview":"max-video-preview:-1"},"canonical":"https:\/\/www.meydan.tv\/az\/article\/demokratiya-qurbani\/","og_locale":"az_AZ","og_type":"article","og_title":"Demokratiya qurban\u0131 - MEYDAN.TV","og_description":"El\u0259 edin ki, sonra dan\u0131\u015fma\u011fa \u00fcz\u00fcn\u00fcz olsun.","og_url":"https:\/\/www.meydan.tv\/az\/article\/demokratiya-qurbani\/","og_site_name":"MEYDAN.TV","article_published_time":"2014-08-03T01:06:10+00:00","og_image":[{"width":400,"height":400,"url":"https:\/\/www.meydan.tv\/wp-content\/uploads\/4147.jpg","type":"image\/jpeg"}],"author":"user-manager","twitter_card":"summary_large_image","schema":{"@context":"https:\/\/schema.org","@graph":[{"@type":"Article","@id":"https:\/\/www.meydan.tv\/az\/article\/demokratiya-qurbani\/#article","isPartOf":{"@id":"https:\/\/www.meydan.tv\/az\/article\/demokratiya-qurbani\/"},"author":{"name":"user-manager","@id":"https:\/\/www.meydan.tv\/az\/#\/schema\/person\/10d11eccf6da3662cf5fdab9806ea91a"},"headline":"Demokratiya qurban\u0131","datePublished":"2014-08-03T01:06:10+00:00","mainEntityOfPage":{"@id":"https:\/\/www.meydan.tv\/az\/article\/demokratiya-qurbani\/"},"wordCount":385,"publisher":{"@id":"https:\/\/www.meydan.tv\/az\/#organization"},"image":{"@id":"https:\/\/www.meydan.tv\/az\/article\/demokratiya-qurbani\/#primaryimage"},"thumbnailUrl":"https:\/\/www.meydan.tv\/wp-content\/uploads\/4147.jpg","articleSection":["M\u0259nim Fikrimc\u0259"],"inLanguage":"az"},{"@type":"WebPage","@id":"https:\/\/www.meydan.tv\/az\/article\/demokratiya-qurbani\/","url":"https:\/\/www.meydan.tv\/az\/article\/demokratiya-qurbani\/","name":"Demokratiya qurban\u0131 - MEYDAN.TV","isPartOf":{"@id":"https:\/\/www.meydan.tv\/az\/#website"},"primaryImageOfPage":{"@id":"https:\/\/www.meydan.tv\/az\/article\/demokratiya-qurbani\/#primaryimage"},"image":{"@id":"https:\/\/www.meydan.tv\/az\/article\/demokratiya-qurbani\/#primaryimage"},"thumbnailUrl":"https:\/\/www.meydan.tv\/wp-content\/uploads\/4147.jpg","datePublished":"2014-08-03T01:06:10+00:00","breadcrumb":{"@id":"https:\/\/www.meydan.tv\/az\/article\/demokratiya-qurbani\/#breadcrumb"},"inLanguage":"az","potentialAction":[{"@type":"ReadAction","target":["https:\/\/www.meydan.tv\/az\/article\/demokratiya-qurbani\/"]}]},{"@type":"ImageObject","inLanguage":"az","@id":"https:\/\/www.meydan.tv\/az\/article\/demokratiya-qurbani\/#primaryimage","url":"https:\/\/www.meydan.tv\/wp-content\/uploads\/4147.jpg","contentUrl":"https:\/\/www.meydan.tv\/wp-content\/uploads\/4147.jpg","width":400,"height":400,"caption":"Source:"},{"@type":"BreadcrumbList","@id":"https:\/\/www.meydan.tv\/az\/article\/demokratiya-qurbani\/#breadcrumb","itemListElement":[{"@type":"ListItem","position":1,"name":"Ana s\u0259hif\u0259","item":"https:\/\/www.meydan.tv\/az\/"},{"@type":"ListItem","position":2,"name":"M\u0259nim Fikrimc\u0259","item":"https:\/\/www.meydan.tv\/az\/section\/menim-fikrimce\/"},{"@type":"ListItem","position":3,"name":"Demokratiya qurban\u0131"}]},{"@type":"WebSite","@id":"https:\/\/www.meydan.tv\/az\/#website","url":"https:\/\/www.meydan.tv\/az\/","name":"MEYDAN.TV","description":"Meydan TV Az\u0259rbaycan\u0131n media m\u0259kan\u0131ndak\u0131 alternativ s\u0259sidir","publisher":{"@id":"https:\/\/www.meydan.tv\/az\/#organization"},"potentialAction":[{"@type":"SearchAction","target":{"@type":"EntryPoint","urlTemplate":"https:\/\/www.meydan.tv\/az\/?s={search_term_string}"},"query-input":{"@type":"PropertyValueSpecification","valueRequired":true,"valueName":"search_term_string"}}],"inLanguage":"az"},{"@type":"Organization","@id":"https:\/\/www.meydan.tv\/az\/#organization","name":"Meydan TV","url":"https:\/\/www.meydan.tv\/az\/","logo":{"@type":"ImageObject","inLanguage":"az","@id":"https:\/\/www.meydan.tv\/az\/#\/schema\/logo\/image\/","url":"https:\/\/www.meydan.tv\/wp-content\/uploads\/2021\/07\/meydan-logo.svg","contentUrl":"https:\/\/www.meydan.tv\/wp-content\/uploads\/2021\/07\/meydan-logo.svg","width":195,"height":46,"caption":"Meydan TV"},"image":{"@id":"https:\/\/www.meydan.tv\/az\/#\/schema\/logo\/image\/"}},{"@type":"Person","@id":"https:\/\/www.meydan.tv\/az\/#\/schema\/person\/10d11eccf6da3662cf5fdab9806ea91a","name":"user-manager"}]}},"_links":{"self":[{"href":"https:\/\/www.meydan.tv\/az\/wp-json\/wp\/v2\/posts\/164796","targetHints":{"allow":["GET"]}}],"collection":[{"href":"https:\/\/www.meydan.tv\/az\/wp-json\/wp\/v2\/posts"}],"about":[{"href":"https:\/\/www.meydan.tv\/az\/wp-json\/wp\/v2\/types\/post"}],"author":[{"embeddable":true,"href":"https:\/\/www.meydan.tv\/az\/wp-json\/wp\/v2\/users\/11"}],"replies":[{"embeddable":true,"href":"https:\/\/www.meydan.tv\/az\/wp-json\/wp\/v2\/comments?post=164796"}],"version-history":[{"count":0,"href":"https:\/\/www.meydan.tv\/az\/wp-json\/wp\/v2\/posts\/164796\/revisions"}],"wp:featuredmedia":[{"embeddable":true,"href":"https:\/\/www.meydan.tv\/az\/wp-json\/wp\/v2\/media\/12365"}],"wp:attachment":[{"href":"https:\/\/www.meydan.tv\/az\/wp-json\/wp\/v2\/media?parent=164796"}],"wp:term":[{"taxonomy":"category","embeddable":true,"href":"https:\/\/www.meydan.tv\/az\/wp-json\/wp\/v2\/categories?post=164796"},{"taxonomy":"post_tag","embeddable":true,"href":"https:\/\/www.meydan.tv\/az\/wp-json\/wp\/v2\/tags?post=164796"}],"curies":[{"name":"wp","href":"https:\/\/api.w.org\/{rel}","templated":true}]}}