{"id":164775,"date":"2014-08-02T00:32:53","date_gmt":"2014-08-02T00:32:53","guid":{"rendered":"https:\/\/www.meydan.tv\/article\/o-sehidler-kimin-ovladlaridir\/"},"modified":"2014-08-02T00:32:53","modified_gmt":"2014-08-02T00:32:53","slug":"o-sehidler-kimin-ovladlaridir","status":"publish","type":"post","link":"https:\/\/www.meydan.tv\/az\/article\/o-sehidler-kimin-ovladlaridir\/","title":{"rendered":"O \u015e\u0259hidl\u0259r kimin \u00f6vladlar\u0131d\u0131r?"},"content":{"rendered":"<figure class=\"wp-block-image size-large\">\n  <img decoding=\"async\" src=\"https:\/\/www.meydan.tv\/az\/12269\/\" alt=\"\" class=\"wp-image-12269\"\/><figcaption><\/figcaption><\/figure>\n<figure class=\"wp-block-image size-large\">\n  <img decoding=\"async\" src=\"https:\/\/www.meydan.tv\/az\/12272\/\" alt=\"\" class=\"wp-image-12272\"\/><figcaption><\/figcaption><\/figure>\n<p>\n  Kim idi o \u0259sk\u0259rl\u0259r? Kiml\u0259rin u\u015faqlar\u0131 idi? Cavab ayd\u0131nd\u0131r: \u00f6lk\u0259nin \u0259n kas\u0131b ail\u0259l\u0259rinin \u00f6vladlar\u0131 idil\u0259r. Bunu ham\u0131 bilir. Ham\u0131 bilir ki, ancaq \u0259n kas\u0131blar\u0131n \u00f6vladlar\u0131 c\u0259bh\u0259 x\u0259ttin\u0259 g\u00f6nd\u0259rilir.\n<\/p>\n<p>\n  Ham\u0131 bilir ki, varl\u0131lar, m\u0259murlar o\u011fullar\u0131n\u0131 h\u0259rbi xidm\u0259td\u0259n saxlatd\u0131r\u0131r. H\u0259rbi xidm\u0259t\u0259 ged\u0259nl\u0259rin ham\u0131s\u0131 kas\u0131blar\u0131n u\u015faqlar\u0131d\u0131. Amma burda da ayr\u0131-se\u00e7kilik var. Kas\u0131b\u0131n da az kas\u0131b\u0131, \u00e7ox kas\u0131b\u0131 var. Nisb\u0259t\u0259n az kas\u0131blar borc-x\u0259rc tap\u0131r, adam tap\u0131r, o\u011fullar\u0131n\u0131 nisb\u0259t\u0259n rahat, nisb\u0259t\u0259n t\u0259hl\u00fck\u0259siz yerl\u0259r\u0259 sald\u0131r\u0131r. C\u0259bh\u0259 x\u0259ttin\u0259 gedib \u00e7\u0131xanlar is\u0259 \u0259n kas\u0131blar\u0131n, \u0259n fa\u011f\u0131rlar\u0131n \u00f6vladlar\u0131d\u0131. Onlar el\u0259 ail\u0259l\u0259rin \u00f6vladlar\u0131d\u0131 ki, o ail\u0259l\u0259rin he\u00e7 n\u0259l\u0259ri yoxdu. He\u00e7 kiml\u0259ri yoxdu. Borc alacaqlar\u0131, \u0259rk ed\u0259c\u0259kl\u0259ri, xahi\u015f ed\u0259 bil\u0259c\u0259kl\u0259ri adamlar\u0131 yoxdu. T\u0259k s\u00f6zl\u0259, he\u00e7 kiml\u0259ri, he\u00e7 n\u0259l\u0259ri yoxdu. Olsayd\u0131, onlar da u\u015faqlar\u0131n\u0131 g\u00fcll\u0259 alt\u0131na, t\u0259hl\u00fck\u0259nin quca\u011f\u0131na atmazd\u0131lar. G\u0259lin s\u0259mimi olaq. V\u0259t\u0259np\u0259rv\u0259rlik, q\u0259hr\u0259manl\u0131q mahn\u0131lar\u0131n\u0131 bir q\u0131ra\u011fa qoyub, etiraf ed\u0259k: he\u00e7 kim u\u015fa\u011f\u0131n\u0131 \u00f6l\u00fcm\u0259 g\u00f6nd\u0259rm\u0259k ist\u0259mir. He\u00e7 kim \u00f6z xo\u015fu il\u0259 o\u011flunu c\u0259bh\u0259 x\u0259ttin\u0259 g\u00f6nd\u0259rmir.\n<\/p>\n<p>\n  V\u0259t\u0259np\u0259rv\u0259rlik, v\u0259t\u0259ni qorumaq, q\u0259hr\u0259manl\u0131q, Qaraba\u011f, \u00abV\u0259t\u0259n sa\u011f olsun!\u00bb\u2026Nec\u0259 y\u0259ni, \u00abV\u0259t\u0259n sa\u011f olsun!\u00bb. B\u0259li, ba\u015fa d\u00fc\u015fd\u00fck, V\u0259t\u0259n m\u00fcq\u0259dd\u0259sdir, V\u0259t\u0259ni qorumaq laz\u0131md\u0131r, V\u0259t\u0259ni qorumaq ham\u0131n\u0131n borcudur. Amma ham\u0131n\u0131n borcudur. T\u0259kc\u0259 kas\u0131b-kusub balalar\u0131n\u0131n deyil. V\u0259t\u0259n bu q\u0259d\u0259r m\u00fcq\u0259dd\u0259sdirs\u0259, qoy bir d\u0259f\u0259 d\u0259 varl\u0131 balas\u0131, biznesmen balas\u0131, m\u0259mur, nazir balas\u0131 h\u0259lak olsun. Ham\u0131 da inans\u0131n ki, b\u0259li, V\u0259t\u0259n ham\u0131 \u00e7\u00fcn\u00fcd\u00fcr, ham\u0131 \u00fc\u00e7\u00fcn m\u00fcq\u0259dd\u0259sdir.\n<\/p>\n<p>\n  V\u0259t\u0259n niy\u0259 h\u0259mi\u015f\u0259 kas\u0131blar \u00fc\u00e7\u00fcn, \u0259n kas\u0131blar \u00fc\u00e7\u00fcn olmal\u0131d\u0131r? V\u0259t\u0259n niy\u0259 h\u0259mi\u015f\u0259 kas\u0131b\u0131n olmal\u0131d\u0131r? Hakimiyy\u0259td\u0259kil\u0259rin, deputatlar\u0131n, nazirl\u0259rin o\u011fullar\u0131n\u0131n V\u0259t\u0259ni yoxdurmu? V\u0259t\u0259n onlar \u00fc\u00e7\u00fcn deyilmi? Niy\u0259 nazir o\u011fullar\u0131 ay\u0131 kabab\u0131 yeyib, Havay adalar\u0131nda, diskotekalarda kef ed\u0259nd\u0259, r\u0259qqas\u0259l\u0259rin d\u00f6\u015fl\u0259ri aras\u0131na pul basmal\u0131, kas\u0131b\u0131n, fa\u011f\u0131r\u0131n u\u015fa\u011f\u0131 is\u0259 V\u0259t\u0259n u\u011frunda \u00f6lm\u0259lidir?\n<\/p>\n<p>\n  Onsuz da tanr\u0131m\u0131, ilahi q\u00fcvv\u0259mi, kosmosmu, h\u0259r n\u0259dis\u0259 onlar\u0131 do\u011fulu\u015fdan d\u0259rd, qay\u011f\u0131, m\u0259hrumiyy\u0259tin i\u00e7in\u0259 at\u0131b. Kas\u0131b\u00e7\u0131l\u0131qla, yar\u0131ac-yar\u0131tox b\u00f6y\u00fcy\u00fcbl\u0259r. U\u015faq vaxt\u0131ndan \u0259ll\u0259ri i\u015fl\u0259m\u0259kd\u0259n qabar olub. Boylar\u0131 \u00e7\u0131xmay\u0131b. H\u0259yat\u0131n he\u00e7 bir g\u00f6z\u0259l, \u015firin, i\u015f\u0131ql\u0131 \u00fcz\u00fcn\u00fc g\u00f6rm\u0259yibl\u0259r. B\u00fct\u00fcn bunlar azm\u0131\u015f kimi, onlar nazirl\u0259rin, deputatlar\u0131n, m\u0259murlar\u0131n o\u011fullar\u0131n\u0131n \u0259v\u0259zin\u0259 d\u0259 V\u0259t\u0259ni qorumal\u0131d\u0131rlar? Onlar\u0131n da \u0259v\u0259zin\u0259 h\u0259lak olmal\u0131d\u0131rlar?\n<\/p>\n<p>\n  V\u0259t\u0259n niy\u0259 t\u0259kc\u0259 onlar \u00fc\u00e7\u00fcn olmal\u0131d\u0131r ax\u0131?!\n<\/p>\n<p>\n  Han\u0131, V\u0259t\u0259nin neftinin milyardlar\u0131n\u0131 m\u0259nims\u0259y\u0259nl\u0259r? Han\u0131 V\u0259t\u0259nin b\u00fcdc\u0259sinin kefini \u00e7\u0259k\u0259nl\u0259r? Han\u0131 V\u0259t\u0259nin hesab\u0131na ay\u0131 k\u0259sdir\u0259nl\u0259r, barlarda q\u0131zlara g\u00f6b\u0259k atd\u0131ranlar, z\u0131rp\u0131-z\u0131rp\u0131 ma\u015f\u0131nlar s\u00fcr\u0259nl\u0259r, m\u00fc\u011f\u0259nni saxlayanlar, v\u0259t\u0259nin pullar\u0131n\u0131 m\u00fc\u011f\u0259nnil\u0259rin, modell\u0259rin ayaqlar\u0131 alt\u0131na s\u0259p\u0259nl\u0259r? Hardad\u0131lar onlar? Niy\u0259 c\u0259bh\u0259 x\u0259ttind\u0259 onlardan biri d\u0259 yoxdu? Niy\u0259 onlardan he\u00e7 biri, he\u00e7 birinin yax\u0131nlar\u0131 bu ill\u0259r \u0259rzind\u0259 xidm\u0259t etm\u0259di, yaralanmad\u0131, z\u0259d\u0259l\u0259nm\u0259di? Niy\u0259 yaralanan, z\u0259d\u0259l\u0259n\u0259n, \u00f6l\u0259n h\u0259mi\u015f\u0259 kas\u0131b\u0131n, ac\u0131n, fa\u011f\u0131r\u0131n u\u015fa\u011f\u0131 olmal\u0131d\u0131?\n<\/p>\n<p>\n  Nazirin, m\u0259murun, varl\u0131n\u0131n, deputat\u0131n, biznesmenin balalar\u0131 yayd\u0131 T\u00fcrkiy\u0259d\u0259, Avropada, Dubayda dinc\u0259lsin, bahal\u0131 ma\u015f\u0131n s\u00fcrs\u00fcn, kas\u0131b\u0131n balas\u0131 da V\u0259t\u0259n u\u011frunda \u00f6l\u0259nd\u0259 \u00abV\u0259t\u0259n sa\u011f olsun!\u00bb?\n<\/p>\n<p>\n  N\u0259 d\u00fc\u015fm\u00fcs\u00fcn\u00fcz televiziyalar\u0131n \u00fcst\u00fcn\u0259? N\u0259 d\u00fc\u015fm\u00fcs\u00fcn\u00fcz bu g\u00fcn \u00e7al-\u00e7a\u011f\u0131r ed\u0259n m\u00fc\u011f\u0259nnil\u0259rin \u00fcst\u00fcn\u0259? Bu n\u0259 iki\u00fczl\u00fcl\u00fckd\u00fcr? Kimdi o m\u00fc\u011f\u0259nnil\u0259ri saxlayan? Kimdi o m\u00fc\u011f\u0259nnil\u0259ri balas\u0131n\u0131n toyuna \u00e7a\u011f\u0131ran? Kimdi o m\u00fc\u011f\u0259nnil\u0259rin yar\u0131m saat\u0131na be\u015f min, on min \u00f6d\u0259y\u0259n? Kimdi, hans\u0131 xalqd\u0131?! Sizsiniz, \u00f6z\u00fcn\u00fczs\u00fcn\u00fcz! O m\u00fc\u011f\u0259nnil\u0259r sizin balalar\u0131n\u0131z\u0131n faci\u0259sin\u0259, mat\u0259min\u0259 laqeyd qalma\u011f\u0131, vecin\u0259 almama\u011f\u0131 sizi niy\u0259 bel\u0259 t\u0259\u0259cc\u00fcbl\u0259ndirir? B\u0259s nec\u0259 olmal\u0131 idi?\n<\/p>\n<p>\n  C\u0259bh\u0259d\u0259 \u00f6l\u0259n, vurulan kas\u0131b u\u015fa\u011f\u0131, kas\u0131b o\u011flu kimdi ki, onlar \u00fc\u00e7\u00fcn? He\u00e7 kim. Onlar\u0131n \u00f6z biznesl\u0259ri var. Alverl\u0259ri var. Sponsorlar\u0131, proqramlar\u0131, \u00f6z h\u0259yatlar\u0131 var. Siz onlardan n\u0259 umursunuz? \u00dcr\u0259k yan\u011f\u0131s\u0131? G\u00f6z ya\u015flar\u0131?\n<\/p>\n<\/p>\n<p>\n  Sad\u0259 xalq\u0131 ba\u015fa d\u00fc\u015fd\u00fck. \u015e\u0259hid ail\u0259l\u0259rini ba\u015fa d\u00fc\u015fd\u00fck. Onlar\u0131n bel\u0259 g\u00fcnd\u0259\u00a0 televiziyalar\u0131, m\u00fc\u011f\u0259nnil\u0259ri konsert verdiyin\u0259 g\u00f6r\u0259 t\u0259nqid etm\u0259yini, s\u00f6ym\u0259yini ba\u015fa d\u00fc\u015fm\u0259k olar. Amma MTR\u015e s\u0259drinin, mill\u0259t v\u0259kill\u0259rinin, b\u0259zi a\u011fz\u0131g\u00f6y\u00e7\u0259kl\u0259rin, yalan\u00e7\u0131, saxta v\u0259t\u0259np\u0259rv\u0259rl\u0259rin ordudan yay\u0131n\u0131b, kef ed\u0259n, milyonlar s\u0259p\u0259l\u0259y\u0259n m\u0259mur balalar\u0131n\u0131 g\u00f6rm\u0259y\u0259r\u0259k, onlar bar\u0259d\u0259 dan\u0131\u015fmayaraq, mat\u0259m g\u00fcn\u00fc konsert ver\u0259n televiziyalar\u0131, m\u00fc\u011f\u0259nnil\u0259ri t\u0259nqid etm\u0259yi, s\u00f6ym\u0259yi saxtakarl\u0131qd\u0131r, iki\u00fcz\u00fcl\u00fckd\u00fcr, artistlikdir.\n<\/p>\n<\/p>\n<p>\n  <b><br \/>\n    P.S. O \u0259sk\u0259rl\u0259rin ail\u0259l\u0259rin\u0259 pul \u00f6d\u0259n\u0259c\u0259k. Bu pullar o ail\u0259l\u0259r\u0259 hakimiyy\u0259tin l\u00fctf\u00fc kimi t\u0259qdim olunacaq. M\u0259tbuat hakimiyy\u0259tin bu s\u0259xav\u0259tind\u0259n yazacaq. Ail\u0259l\u0259r, \u015f\u0259hid atalar\u0131, analar\u0131 \u00e7\u0131x\u0131b hakimiyy\u0259t\u0259 dua ed\u0259c\u0259k.<br \/>\n  <\/b>\n<\/p>\n<p>\n  <b><br \/>\n    Amma onlar b\u0259lk\u0259 d\u0259 bilmir ki, bu pul, prezidentin, ya da kimins\u0259 l\u00fctf\u00fc, s\u0259xav\u0259ti deyil. Bilmirsinizs\u0259, bilin: qanuna g\u00f6r\u0259 ordunun b\u00fct\u00fcn zabit v\u0259 \u0259sk\u0259rl\u0259rinin h\u0259yat\u0131 s\u0131\u011fortalan\u0131r. H\u0259rbi qulluq\u00e7u xidm\u0259ti v\u0259zif\u0259sini yerin\u0259 yetir\u0259rk\u0259n h\u0259yat\u0131n\u0131 itir\u0259rs\u0259, bu s\u0131\u011forta haqq\u0131 onun ail\u0259sin\u0259 \u00f6d\u0259nir. Bu pul \u00f6vladlar\u0131n\u0131z\u0131n h\u0259yat\u0131n\u0131n s\u0131\u011forta haqq\u0131d\u0131r. Buna g\u00f6r\u0259 he\u00e7 kim\u0259 borclu deyilsiniz.<br \/>\n  <\/b>\n<\/p>\n<p>\n  <b><br \/>\n    P.S.S. Ukrainan\u0131n m\u00fcdafi\u0259 naziri Valeri Qalatay\u0131n b\u00f6y\u00fck o\u011flu Aleksandra bu g\u00fcn h\u0259rbi xidm\u0259t\u0259 \u00e7a\u011f\u0131r\u0131\u015f v\u0259r\u0259q\u0259si g\u0259lib. Bu bar\u0259d\u0259 nazir \u00f6z tvitter hesab\u0131nda yaz\u0131b. O h\u0259m\u00e7inin \u0259lav\u0259 edib ki, o\u011flu haz\u0131rda Kievd\u0259 deyil, amma b\u00fct\u00fcn i\u015fl\u0259rini t\u0259xir\u0259 sal\u0131b \u00e7a\u011f\u0131r\u0131\u015f komissiyas\u0131na yollanacaq.<br \/>\n  <\/b>\n<\/p><\/p>\n","protected":false},"excerpt":{"rendered":"<p>\u2026saxtakarl\u0131qd\u0131r, iki\u00fcz\u00fcl\u00fckd\u00fcr, artistlikdir\u2026<\/p>\n","protected":false},"author":11,"featured_media":12269,"comment_status":"closed","ping_status":"open","sticky":false,"template":"","format":"standard","meta":{"_acf_changed":false,"_sitemap_exclude":false,"_sitemap_priority":"","_sitemap_frequency":"","footnotes":""},"categories":[57],"tags":[],"class_list":["post-164775","post","type-post","status-publish","format-standard","has-post-thumbnail","hentry","category-menim-fikrimce","infinite-scroll-item","generate-columns","tablet-grid-50","mobile-grid-100","grid-parent","grid-33","no-featured-image-padding"],"acf":[],"yoast_head":"<!-- This site is optimized with the Yoast SEO plugin v27.4 - https:\/\/yoast.com\/product\/yoast-seo-wordpress\/ -->\n<title>O \u015e\u0259hidl\u0259r kimin \u00f6vladlar\u0131d\u0131r? - MEYDAN.TV<\/title>\n<meta name=\"robots\" content=\"index, follow, max-snippet:-1, max-image-preview:large, max-video-preview:-1\" \/>\n<link rel=\"canonical\" href=\"https:\/\/www.meydan.tv\/az\/article\/o-sehidler-kimin-ovladlaridir\/\" \/>\n<meta property=\"og:locale\" content=\"az_AZ\" \/>\n<meta property=\"og:type\" content=\"article\" \/>\n<meta property=\"og:title\" content=\"O \u015e\u0259hidl\u0259r kimin \u00f6vladlar\u0131d\u0131r? - MEYDAN.TV\" \/>\n<meta property=\"og:description\" content=\"\u2026saxtakarl\u0131qd\u0131r, iki\u00fcz\u00fcl\u00fckd\u00fcr, artistlikdir\u2026\" \/>\n<meta property=\"og:url\" content=\"https:\/\/www.meydan.tv\/az\/article\/o-sehidler-kimin-ovladlaridir\/\" \/>\n<meta property=\"og:site_name\" content=\"MEYDAN.TV\" \/>\n<meta property=\"article:published_time\" content=\"2014-08-02T00:32:53+00:00\" \/>\n<meta property=\"og:image\" content=\"https:\/\/www.meydan.tv\/wp-content\/uploads\/4117-1.jpg\" \/>\n\t<meta property=\"og:image:width\" content=\"500\" \/>\n\t<meta property=\"og:image:height\" content=\"500\" \/>\n\t<meta property=\"og:image:type\" content=\"image\/jpeg\" \/>\n<meta name=\"author\" content=\"user-manager\" \/>\n<meta name=\"twitter:card\" content=\"summary_large_image\" \/>\n<script type=\"application\/ld+json\" class=\"yoast-schema-graph\">{\"@context\":\"https:\\\/\\\/schema.org\",\"@graph\":[{\"@type\":\"Article\",\"@id\":\"https:\\\/\\\/www.meydan.tv\\\/az\\\/article\\\/o-sehidler-kimin-ovladlaridir\\\/#article\",\"isPartOf\":{\"@id\":\"https:\\\/\\\/www.meydan.tv\\\/az\\\/article\\\/o-sehidler-kimin-ovladlaridir\\\/\"},\"author\":{\"name\":\"user-manager\",\"@id\":\"https:\\\/\\\/www.meydan.tv\\\/az\\\/#\\\/schema\\\/person\\\/10d11eccf6da3662cf5fdab9806ea91a\"},\"headline\":\"O \u015e\u0259hidl\u0259r kimin \u00f6vladlar\u0131d\u0131r?\",\"datePublished\":\"2014-08-02T00:32:53+00:00\",\"mainEntityOfPage\":{\"@id\":\"https:\\\/\\\/www.meydan.tv\\\/az\\\/article\\\/o-sehidler-kimin-ovladlaridir\\\/\"},\"wordCount\":1254,\"publisher\":{\"@id\":\"https:\\\/\\\/www.meydan.tv\\\/az\\\/#organization\"},\"image\":{\"@id\":\"https:\\\/\\\/www.meydan.tv\\\/az\\\/article\\\/o-sehidler-kimin-ovladlaridir\\\/#primaryimage\"},\"thumbnailUrl\":\"https:\\\/\\\/www.meydan.tv\\\/wp-content\\\/uploads\\\/4117-1.jpg\",\"articleSection\":[\"M\u0259nim Fikrimc\u0259\"],\"inLanguage\":\"az\"},{\"@type\":\"WebPage\",\"@id\":\"https:\\\/\\\/www.meydan.tv\\\/az\\\/article\\\/o-sehidler-kimin-ovladlaridir\\\/\",\"url\":\"https:\\\/\\\/www.meydan.tv\\\/az\\\/article\\\/o-sehidler-kimin-ovladlaridir\\\/\",\"name\":\"O \u015e\u0259hidl\u0259r kimin \u00f6vladlar\u0131d\u0131r? - MEYDAN.TV\",\"isPartOf\":{\"@id\":\"https:\\\/\\\/www.meydan.tv\\\/az\\\/#website\"},\"primaryImageOfPage\":{\"@id\":\"https:\\\/\\\/www.meydan.tv\\\/az\\\/article\\\/o-sehidler-kimin-ovladlaridir\\\/#primaryimage\"},\"image\":{\"@id\":\"https:\\\/\\\/www.meydan.tv\\\/az\\\/article\\\/o-sehidler-kimin-ovladlaridir\\\/#primaryimage\"},\"thumbnailUrl\":\"https:\\\/\\\/www.meydan.tv\\\/wp-content\\\/uploads\\\/4117-1.jpg\",\"datePublished\":\"2014-08-02T00:32:53+00:00\",\"breadcrumb\":{\"@id\":\"https:\\\/\\\/www.meydan.tv\\\/az\\\/article\\\/o-sehidler-kimin-ovladlaridir\\\/#breadcrumb\"},\"inLanguage\":\"az\",\"potentialAction\":[{\"@type\":\"ReadAction\",\"target\":[\"https:\\\/\\\/www.meydan.tv\\\/az\\\/article\\\/o-sehidler-kimin-ovladlaridir\\\/\"]}]},{\"@type\":\"ImageObject\",\"inLanguage\":\"az\",\"@id\":\"https:\\\/\\\/www.meydan.tv\\\/az\\\/article\\\/o-sehidler-kimin-ovladlaridir\\\/#primaryimage\",\"url\":\"https:\\\/\\\/www.meydan.tv\\\/wp-content\\\/uploads\\\/4117-1.jpg\",\"contentUrl\":\"https:\\\/\\\/www.meydan.tv\\\/wp-content\\\/uploads\\\/4117-1.jpg\",\"width\":500,\"height\":500,\"caption\":\"Source:\"},{\"@type\":\"BreadcrumbList\",\"@id\":\"https:\\\/\\\/www.meydan.tv\\\/az\\\/article\\\/o-sehidler-kimin-ovladlaridir\\\/#breadcrumb\",\"itemListElement\":[{\"@type\":\"ListItem\",\"position\":1,\"name\":\"Ana s\u0259hif\u0259\",\"item\":\"https:\\\/\\\/www.meydan.tv\\\/az\\\/\"},{\"@type\":\"ListItem\",\"position\":2,\"name\":\"M\u0259nim Fikrimc\u0259\",\"item\":\"https:\\\/\\\/www.meydan.tv\\\/az\\\/section\\\/menim-fikrimce\\\/\"},{\"@type\":\"ListItem\",\"position\":3,\"name\":\"O \u015e\u0259hidl\u0259r kimin \u00f6vladlar\u0131d\u0131r?\"}]},{\"@type\":\"WebSite\",\"@id\":\"https:\\\/\\\/www.meydan.tv\\\/az\\\/#website\",\"url\":\"https:\\\/\\\/www.meydan.tv\\\/az\\\/\",\"name\":\"MEYDAN.TV\",\"description\":\"Meydan TV Az\u0259rbaycan\u0131n media m\u0259kan\u0131ndak\u0131 alternativ s\u0259sidir\",\"publisher\":{\"@id\":\"https:\\\/\\\/www.meydan.tv\\\/az\\\/#organization\"},\"potentialAction\":[{\"@type\":\"SearchAction\",\"target\":{\"@type\":\"EntryPoint\",\"urlTemplate\":\"https:\\\/\\\/www.meydan.tv\\\/az\\\/?s={search_term_string}\"},\"query-input\":{\"@type\":\"PropertyValueSpecification\",\"valueRequired\":true,\"valueName\":\"search_term_string\"}}],\"inLanguage\":\"az\"},{\"@type\":\"Organization\",\"@id\":\"https:\\\/\\\/www.meydan.tv\\\/az\\\/#organization\",\"name\":\"Meydan TV\",\"url\":\"https:\\\/\\\/www.meydan.tv\\\/az\\\/\",\"logo\":{\"@type\":\"ImageObject\",\"inLanguage\":\"az\",\"@id\":\"https:\\\/\\\/www.meydan.tv\\\/az\\\/#\\\/schema\\\/logo\\\/image\\\/\",\"url\":\"https:\\\/\\\/www.meydan.tv\\\/wp-content\\\/uploads\\\/2021\\\/07\\\/meydan-logo.svg\",\"contentUrl\":\"https:\\\/\\\/www.meydan.tv\\\/wp-content\\\/uploads\\\/2021\\\/07\\\/meydan-logo.svg\",\"width\":195,\"height\":46,\"caption\":\"Meydan TV\"},\"image\":{\"@id\":\"https:\\\/\\\/www.meydan.tv\\\/az\\\/#\\\/schema\\\/logo\\\/image\\\/\"}},{\"@type\":\"Person\",\"@id\":\"https:\\\/\\\/www.meydan.tv\\\/az\\\/#\\\/schema\\\/person\\\/10d11eccf6da3662cf5fdab9806ea91a\",\"name\":\"user-manager\"}]}<\/script>\n<!-- \/ Yoast SEO plugin. -->","yoast_head_json":{"title":"O \u015e\u0259hidl\u0259r kimin \u00f6vladlar\u0131d\u0131r? - MEYDAN.TV","robots":{"index":"index","follow":"follow","max-snippet":"max-snippet:-1","max-image-preview":"max-image-preview:large","max-video-preview":"max-video-preview:-1"},"canonical":"https:\/\/www.meydan.tv\/az\/article\/o-sehidler-kimin-ovladlaridir\/","og_locale":"az_AZ","og_type":"article","og_title":"O \u015e\u0259hidl\u0259r kimin \u00f6vladlar\u0131d\u0131r? - MEYDAN.TV","og_description":"\u2026saxtakarl\u0131qd\u0131r, iki\u00fcz\u00fcl\u00fckd\u00fcr, artistlikdir\u2026","og_url":"https:\/\/www.meydan.tv\/az\/article\/o-sehidler-kimin-ovladlaridir\/","og_site_name":"MEYDAN.TV","article_published_time":"2014-08-02T00:32:53+00:00","og_image":[{"width":500,"height":500,"url":"https:\/\/www.meydan.tv\/wp-content\/uploads\/4117-1.jpg","type":"image\/jpeg"}],"author":"user-manager","twitter_card":"summary_large_image","schema":{"@context":"https:\/\/schema.org","@graph":[{"@type":"Article","@id":"https:\/\/www.meydan.tv\/az\/article\/o-sehidler-kimin-ovladlaridir\/#article","isPartOf":{"@id":"https:\/\/www.meydan.tv\/az\/article\/o-sehidler-kimin-ovladlaridir\/"},"author":{"name":"user-manager","@id":"https:\/\/www.meydan.tv\/az\/#\/schema\/person\/10d11eccf6da3662cf5fdab9806ea91a"},"headline":"O \u015e\u0259hidl\u0259r kimin \u00f6vladlar\u0131d\u0131r?","datePublished":"2014-08-02T00:32:53+00:00","mainEntityOfPage":{"@id":"https:\/\/www.meydan.tv\/az\/article\/o-sehidler-kimin-ovladlaridir\/"},"wordCount":1254,"publisher":{"@id":"https:\/\/www.meydan.tv\/az\/#organization"},"image":{"@id":"https:\/\/www.meydan.tv\/az\/article\/o-sehidler-kimin-ovladlaridir\/#primaryimage"},"thumbnailUrl":"https:\/\/www.meydan.tv\/wp-content\/uploads\/4117-1.jpg","articleSection":["M\u0259nim Fikrimc\u0259"],"inLanguage":"az"},{"@type":"WebPage","@id":"https:\/\/www.meydan.tv\/az\/article\/o-sehidler-kimin-ovladlaridir\/","url":"https:\/\/www.meydan.tv\/az\/article\/o-sehidler-kimin-ovladlaridir\/","name":"O \u015e\u0259hidl\u0259r kimin \u00f6vladlar\u0131d\u0131r? - MEYDAN.TV","isPartOf":{"@id":"https:\/\/www.meydan.tv\/az\/#website"},"primaryImageOfPage":{"@id":"https:\/\/www.meydan.tv\/az\/article\/o-sehidler-kimin-ovladlaridir\/#primaryimage"},"image":{"@id":"https:\/\/www.meydan.tv\/az\/article\/o-sehidler-kimin-ovladlaridir\/#primaryimage"},"thumbnailUrl":"https:\/\/www.meydan.tv\/wp-content\/uploads\/4117-1.jpg","datePublished":"2014-08-02T00:32:53+00:00","breadcrumb":{"@id":"https:\/\/www.meydan.tv\/az\/article\/o-sehidler-kimin-ovladlaridir\/#breadcrumb"},"inLanguage":"az","potentialAction":[{"@type":"ReadAction","target":["https:\/\/www.meydan.tv\/az\/article\/o-sehidler-kimin-ovladlaridir\/"]}]},{"@type":"ImageObject","inLanguage":"az","@id":"https:\/\/www.meydan.tv\/az\/article\/o-sehidler-kimin-ovladlaridir\/#primaryimage","url":"https:\/\/www.meydan.tv\/wp-content\/uploads\/4117-1.jpg","contentUrl":"https:\/\/www.meydan.tv\/wp-content\/uploads\/4117-1.jpg","width":500,"height":500,"caption":"Source:"},{"@type":"BreadcrumbList","@id":"https:\/\/www.meydan.tv\/az\/article\/o-sehidler-kimin-ovladlaridir\/#breadcrumb","itemListElement":[{"@type":"ListItem","position":1,"name":"Ana s\u0259hif\u0259","item":"https:\/\/www.meydan.tv\/az\/"},{"@type":"ListItem","position":2,"name":"M\u0259nim Fikrimc\u0259","item":"https:\/\/www.meydan.tv\/az\/section\/menim-fikrimce\/"},{"@type":"ListItem","position":3,"name":"O \u015e\u0259hidl\u0259r kimin \u00f6vladlar\u0131d\u0131r?"}]},{"@type":"WebSite","@id":"https:\/\/www.meydan.tv\/az\/#website","url":"https:\/\/www.meydan.tv\/az\/","name":"MEYDAN.TV","description":"Meydan TV Az\u0259rbaycan\u0131n media m\u0259kan\u0131ndak\u0131 alternativ s\u0259sidir","publisher":{"@id":"https:\/\/www.meydan.tv\/az\/#organization"},"potentialAction":[{"@type":"SearchAction","target":{"@type":"EntryPoint","urlTemplate":"https:\/\/www.meydan.tv\/az\/?s={search_term_string}"},"query-input":{"@type":"PropertyValueSpecification","valueRequired":true,"valueName":"search_term_string"}}],"inLanguage":"az"},{"@type":"Organization","@id":"https:\/\/www.meydan.tv\/az\/#organization","name":"Meydan TV","url":"https:\/\/www.meydan.tv\/az\/","logo":{"@type":"ImageObject","inLanguage":"az","@id":"https:\/\/www.meydan.tv\/az\/#\/schema\/logo\/image\/","url":"https:\/\/www.meydan.tv\/wp-content\/uploads\/2021\/07\/meydan-logo.svg","contentUrl":"https:\/\/www.meydan.tv\/wp-content\/uploads\/2021\/07\/meydan-logo.svg","width":195,"height":46,"caption":"Meydan TV"},"image":{"@id":"https:\/\/www.meydan.tv\/az\/#\/schema\/logo\/image\/"}},{"@type":"Person","@id":"https:\/\/www.meydan.tv\/az\/#\/schema\/person\/10d11eccf6da3662cf5fdab9806ea91a","name":"user-manager"}]}},"_links":{"self":[{"href":"https:\/\/www.meydan.tv\/az\/wp-json\/wp\/v2\/posts\/164775","targetHints":{"allow":["GET"]}}],"collection":[{"href":"https:\/\/www.meydan.tv\/az\/wp-json\/wp\/v2\/posts"}],"about":[{"href":"https:\/\/www.meydan.tv\/az\/wp-json\/wp\/v2\/types\/post"}],"author":[{"embeddable":true,"href":"https:\/\/www.meydan.tv\/az\/wp-json\/wp\/v2\/users\/11"}],"replies":[{"embeddable":true,"href":"https:\/\/www.meydan.tv\/az\/wp-json\/wp\/v2\/comments?post=164775"}],"version-history":[{"count":0,"href":"https:\/\/www.meydan.tv\/az\/wp-json\/wp\/v2\/posts\/164775\/revisions"}],"wp:featuredmedia":[{"embeddable":true,"href":"https:\/\/www.meydan.tv\/az\/wp-json\/wp\/v2\/media\/12269"}],"wp:attachment":[{"href":"https:\/\/www.meydan.tv\/az\/wp-json\/wp\/v2\/media?parent=164775"}],"wp:term":[{"taxonomy":"category","embeddable":true,"href":"https:\/\/www.meydan.tv\/az\/wp-json\/wp\/v2\/categories?post=164775"},{"taxonomy":"post_tag","embeddable":true,"href":"https:\/\/www.meydan.tv\/az\/wp-json\/wp\/v2\/tags?post=164775"}],"curies":[{"name":"wp","href":"https:\/\/api.w.org\/{rel}","templated":true}]}}