{"id":164771,"date":"2014-08-01T20:57:05","date_gmt":"2014-08-01T20:57:05","guid":{"rendered":"https:\/\/www.meydan.tv\/article\/ans-tv-nin-saxta-intiqam-xeberi\/"},"modified":"2014-08-01T20:57:05","modified_gmt":"2014-08-01T20:57:05","slug":"ans-tv-nin-saxta-intiqam-xeberi","status":"publish","type":"post","link":"https:\/\/www.meydan.tv\/az\/article\/ans-tv-nin-saxta-intiqam-xeberi\/","title":{"rendered":"ANS TV-nin saxta intiqam x\u0259b\u0259ri"},"content":{"rendered":"<figure class=\"wp-block-image size-large\">\n  <img decoding=\"async\" src=\"https:\/\/www.meydan.tv\/az\/12281\/\" alt=\"\" class=\"wp-image-12281\"\/><figcaption><\/figcaption><\/figure>\n<figure class=\"wp-block-image size-large\">\n  <img decoding=\"async\" src=\"https:\/\/www.meydan.tv\/az\/12287\/\" alt=\"\" class=\"wp-image-12287\"\/><figcaption><\/figcaption><\/figure>\n<p>\n  Bu g\u00fcn Az\u0259rbaycan ordusu r\u0259smi r\u0259q\u0259ml\u0259r\u0259 g\u00f6r\u0259 8, qeyri-r\u0259smi 14-11 \u0259sg\u0259rini \u015f\u0259hid verdi. Allahdan yax\u0131nlar\u0131na s\u0259br, \u015f\u0259hidl\u0259r\u0259 r\u0259hm\u0259t dil\u0259yir\u0259m. Az\u0259rbaycan xalq\u0131na is\u0259&#8230;<\/p>\n<p>  \u00c7\u0259tindir, hakimiyy\u0259tin laqeydliyi bir yana, m\u0259tbuat n\u00fcmay\u0259nd\u0259l\u0259rinin iyr\u0259ncliyi, \u0259clafl\u0131\u011f\u0131 bu son hadis\u0259d\u0259 yen\u0259 d\u0259 s\u0259rh\u0259d tan\u0131mad\u0131. S\u00f6zs\u00fcz ki, sosial \u015f\u0259b\u0259k\u0259l\u0259rd\u0259 yay\u0131lan telekanalizasiya \u0259leyhin\u0259 status, foto v\u0259 vidolardan m\u0259lumat\u0131n\u0131z var. Bu q\u0131naqlardan sonra kanallar \u00f6zl\u0259rini y\u0131\u011f\u0131\u015fd\u0131rma\u011fa \u00e7al\u0131\u015fd\u0131lar.<\/p>\n<p>  Saytlar is\u0259 xalq\u0131 g\u00fcya sakitl\u0259\u015fdirm\u0259k \u00fc\u00e7\u00fcn dezinformasiyaya \u0259l at\u0131rlar. G\u00fcya erm\u0259ni t\u0259r\u0259fi 51 itki veribmi\u015f. X\u0259b\u0259ri ANS kanal\u0131n\u0131n sayt\u0131 yaz\u0131b.<br \/>\n  <b><br \/>\n    <a href=\"http:\/\/anspress.com\/index.php?a=2&amp;lng=az&amp;cid=17&amp;nid=287376\" target=\"_blank\" rel=\"noopener\"><br \/>\n      Buyurun bax\u0131n<br \/>\n    <\/a><br \/>\n  <\/b><br \/>\n  v\u0259 bir screenshot da payla\u015f\u0131blar. G\u00fcya jurnalist Eduard Abramyan adl\u0131 Twitter istifad\u0259\u00e7isin\u0259 istinad\u0259n.\n<\/p>\n<\/p>\n<figure class=\"wp-block-image size-large\">\n  <img decoding=\"async\" src=\"https:\/\/www.meydan.tv\/az\/12293\/\" alt=\"\" class=\"wp-image-12293\"\/><figcaption><\/figcaption><\/figure>\n<p>\n  <br \/>\n  \u0130ndi g\u0259l\u0259k \u0259sas m\u0259s\u0259l\u0259y\u0259. \u018fvv\u0259la Twitterd\u0259 bu hesabda adam yoxdur, buyurun ke\u00e7idi kontrol edin:<br \/>\n  <a href=\"https:\/\/twitter.com\/e_abramyan\" target=\"_blank\" rel=\"noopener\"><br \/>\n    <a class=\"twitter-timeline\" data-width=\"1200\" data-height=\"1000\" data-dnt=\"true\" href=\"https:\/\/twitter.com\/e_abramyan?ref_src=twsrc%5Etfw\">Tweets by e_abramyan<\/a><script async src=\"https:\/\/platform.twitter.com\/widgets.js\" charset=\"utf-8\"><\/script><br \/>\n  <\/a><\/p>\n<p>  \u0130kincisi screenshota n\u0259z\u0259r yetirin. &#8220;Delete&#8221; d\u00fcym\u0259sini siz d\u0259 g\u00f6r\u00fcrs\u00fcn\u00fczm\u00fc? Bu &#8220;silm\u0259k&#8221; d\u00fcym\u0259sidir ki, sad\u0259c\u0259 v\u0259 sad\u0259c\u0259 bu hesaba daxil olan adam bu funksiyadan istifad\u0259 ed\u0259 bil\u0259r. Bundan qaynaqlanaraq dem\u0259k olar ki, bu screenshot saxtad\u0131r v\u0259 saxtakar insanlar t\u0259r\u0259find\u0259n yarad\u0131l\u0131b ki, camaat\u0131 \u00e7a\u015fd\u0131rs\u0131nlar.\n<\/p>\n<\/p>\n<figure class=\"wp-block-image size-large\">\n  <img decoding=\"async\" src=\"https:\/\/www.meydan.tv\/az\/12290\/\" alt=\"\" class=\"wp-image-12290\"\/><figcaption><\/figcaption><\/figure>\n<p>\n  <br \/>\n  Az\u0259rbaycan hakimiyy\u0259tinin iyr\u0259nc media resurslar\u0131 bax\u0131n bu \u015f\u0259kild\u0259 xalqla m\u0259z\u0259l\u0259nirl\u0259r, onlar\u0131n hissl\u0259riyl\u0259 oynay\u0131rlar, intiqam hissind\u0259n sui-istifad\u0259 edirl\u0259r.<\/p>\n<p>  M\u0259qs\u0259d n\u0259dir? \u00c7ox sad\u0259dir, \u015f\u0259hidl\u0259rimiz var, insanlar\u0131n \u0259s\u0259bl\u0259ri tar\u0131ma \u00e7\u0259kilib, g\u0259rginlik art\u0131r. H\u0259r il d\u00f6y\u00fc\u015f v\u0259 ya daha \u00e7ox qeyri-d\u00f6y\u00fc\u015f \u015f\u0259raitind\u0259 h\u0259rb\u00e7il\u0259rimiz h\u0259lak olurlar. He\u00e7 bir r\u0259smi qurum is\u0259 buna g\u00f6r\u0259 cavabdehlik da\u015f\u0131m\u0131r, hesabat vermir. B\u00fct\u00fcn bu g\u0259rginlikl\u0259rin qar\u015f\u0131s\u0131n\u0131 almaq \u00fc\u00e7\u00fcn m\u00fctl\u0259q \u015f\u0259kild\u0259 &#8220;intiqam&#8221; hissini a\u015f\u0131lamaq v\u0259 yalan intiqam x\u0259b\u0259rl\u0259ri il\u0259 xalq\u0131 sakitl\u0259\u015fdirm\u0259kdir. Bu rolu is\u0259 \u00e7ox iyr\u0259nclikl\u0259 telekanallar v\u0259 media qurumlar\u0131 h\u0259yata ke\u00e7irirl\u0259r.<\/p>\n<p>  Bu c\u00fcr oyunlara, yalan m\u0259lumatlara, saxtakar media qurumlar\u0131na inanmay\u0131n, protest edin, izl\u0259m\u0259yin, oxumay\u0131n.\n<\/p>\n<p>\n  <b><br \/>\n    Yaz\u0131dak\u0131 fikirl\u0259r m\u00fc\u0259llif\u0259 m\u0259xsusdur v\u0259 onlara g\u00f6r\u0259 Meydan TV m\u0259suliyy\u0259t da\u015f\u0131m\u0131r.<br \/>\n  <\/b><\/p>\n","protected":false},"excerpt":{"rendered":"<p>Saxta erm\u0259ni jurnalistin\u0259 m\u00f6htac olanlar<\/p>\n","protected":false},"author":11,"featured_media":12281,"comment_status":"closed","ping_status":"open","sticky":false,"template":"","format":"standard","meta":{"_acf_changed":false,"_sitemap_exclude":false,"_sitemap_priority":"","_sitemap_frequency":"","footnotes":""},"categories":[57],"tags":[],"class_list":["post-164771","post","type-post","status-publish","format-standard","has-post-thumbnail","hentry","category-menim-fikrimce","infinite-scroll-item","generate-columns","tablet-grid-50","mobile-grid-100","grid-parent","grid-33","no-featured-image-padding"],"acf":[],"yoast_head":"<!-- This site is optimized with the Yoast SEO plugin v27.4 - https:\/\/yoast.com\/product\/yoast-seo-wordpress\/ -->\n<title>ANS TV-nin saxta intiqam x\u0259b\u0259ri - MEYDAN.TV<\/title>\n<meta name=\"robots\" content=\"index, follow, max-snippet:-1, max-image-preview:large, max-video-preview:-1\" \/>\n<link rel=\"canonical\" href=\"https:\/\/www.meydan.tv\/az\/article\/ans-tv-nin-saxta-intiqam-xeberi\/\" \/>\n<meta property=\"og:locale\" content=\"az_AZ\" \/>\n<meta property=\"og:type\" content=\"article\" \/>\n<meta property=\"og:title\" content=\"ANS TV-nin saxta intiqam x\u0259b\u0259ri - MEYDAN.TV\" \/>\n<meta property=\"og:description\" content=\"Saxta erm\u0259ni jurnalistin\u0259 m\u00f6htac olanlar\" \/>\n<meta property=\"og:url\" content=\"https:\/\/www.meydan.tv\/az\/article\/ans-tv-nin-saxta-intiqam-xeberi\/\" \/>\n<meta property=\"og:site_name\" content=\"MEYDAN.TV\" \/>\n<meta property=\"article:published_time\" content=\"2014-08-01T20:57:05+00:00\" \/>\n<meta property=\"og:image\" content=\"https:\/\/www.meydan.tv\/wp-content\/uploads\/4154-1.jpg\" \/>\n\t<meta property=\"og:image:width\" content=\"500\" \/>\n\t<meta property=\"og:image:height\" content=\"304\" \/>\n\t<meta property=\"og:image:type\" content=\"image\/jpeg\" \/>\n<meta name=\"author\" content=\"user-manager\" \/>\n<meta name=\"twitter:card\" content=\"summary_large_image\" \/>\n<script type=\"application\/ld+json\" class=\"yoast-schema-graph\">{\"@context\":\"https:\\\/\\\/schema.org\",\"@graph\":[{\"@type\":\"Article\",\"@id\":\"https:\\\/\\\/www.meydan.tv\\\/az\\\/article\\\/ans-tv-nin-saxta-intiqam-xeberi\\\/#article\",\"isPartOf\":{\"@id\":\"https:\\\/\\\/www.meydan.tv\\\/az\\\/article\\\/ans-tv-nin-saxta-intiqam-xeberi\\\/\"},\"author\":{\"name\":\"user-manager\",\"@id\":\"https:\\\/\\\/www.meydan.tv\\\/az\\\/#\\\/schema\\\/person\\\/10d11eccf6da3662cf5fdab9806ea91a\"},\"headline\":\"ANS TV-nin saxta intiqam x\u0259b\u0259ri\",\"datePublished\":\"2014-08-01T20:57:05+00:00\",\"mainEntityOfPage\":{\"@id\":\"https:\\\/\\\/www.meydan.tv\\\/az\\\/article\\\/ans-tv-nin-saxta-intiqam-xeberi\\\/\"},\"wordCount\":428,\"publisher\":{\"@id\":\"https:\\\/\\\/www.meydan.tv\\\/az\\\/#organization\"},\"image\":{\"@id\":\"https:\\\/\\\/www.meydan.tv\\\/az\\\/article\\\/ans-tv-nin-saxta-intiqam-xeberi\\\/#primaryimage\"},\"thumbnailUrl\":\"https:\\\/\\\/www.meydan.tv\\\/wp-content\\\/uploads\\\/4154-1.jpg\",\"articleSection\":[\"M\u0259nim Fikrimc\u0259\"],\"inLanguage\":\"az\"},{\"@type\":\"WebPage\",\"@id\":\"https:\\\/\\\/www.meydan.tv\\\/az\\\/article\\\/ans-tv-nin-saxta-intiqam-xeberi\\\/\",\"url\":\"https:\\\/\\\/www.meydan.tv\\\/az\\\/article\\\/ans-tv-nin-saxta-intiqam-xeberi\\\/\",\"name\":\"ANS TV-nin saxta intiqam x\u0259b\u0259ri - MEYDAN.TV\",\"isPartOf\":{\"@id\":\"https:\\\/\\\/www.meydan.tv\\\/az\\\/#website\"},\"primaryImageOfPage\":{\"@id\":\"https:\\\/\\\/www.meydan.tv\\\/az\\\/article\\\/ans-tv-nin-saxta-intiqam-xeberi\\\/#primaryimage\"},\"image\":{\"@id\":\"https:\\\/\\\/www.meydan.tv\\\/az\\\/article\\\/ans-tv-nin-saxta-intiqam-xeberi\\\/#primaryimage\"},\"thumbnailUrl\":\"https:\\\/\\\/www.meydan.tv\\\/wp-content\\\/uploads\\\/4154-1.jpg\",\"datePublished\":\"2014-08-01T20:57:05+00:00\",\"breadcrumb\":{\"@id\":\"https:\\\/\\\/www.meydan.tv\\\/az\\\/article\\\/ans-tv-nin-saxta-intiqam-xeberi\\\/#breadcrumb\"},\"inLanguage\":\"az\",\"potentialAction\":[{\"@type\":\"ReadAction\",\"target\":[\"https:\\\/\\\/www.meydan.tv\\\/az\\\/article\\\/ans-tv-nin-saxta-intiqam-xeberi\\\/\"]}]},{\"@type\":\"ImageObject\",\"inLanguage\":\"az\",\"@id\":\"https:\\\/\\\/www.meydan.tv\\\/az\\\/article\\\/ans-tv-nin-saxta-intiqam-xeberi\\\/#primaryimage\",\"url\":\"https:\\\/\\\/www.meydan.tv\\\/wp-content\\\/uploads\\\/4154-1.jpg\",\"contentUrl\":\"https:\\\/\\\/www.meydan.tv\\\/wp-content\\\/uploads\\\/4154-1.jpg\",\"width\":500,\"height\":304,\"caption\":\"Source:\"},{\"@type\":\"BreadcrumbList\",\"@id\":\"https:\\\/\\\/www.meydan.tv\\\/az\\\/article\\\/ans-tv-nin-saxta-intiqam-xeberi\\\/#breadcrumb\",\"itemListElement\":[{\"@type\":\"ListItem\",\"position\":1,\"name\":\"Ana s\u0259hif\u0259\",\"item\":\"https:\\\/\\\/www.meydan.tv\\\/az\\\/\"},{\"@type\":\"ListItem\",\"position\":2,\"name\":\"M\u0259nim Fikrimc\u0259\",\"item\":\"https:\\\/\\\/www.meydan.tv\\\/az\\\/section\\\/menim-fikrimce\\\/\"},{\"@type\":\"ListItem\",\"position\":3,\"name\":\"ANS TV-nin saxta intiqam x\u0259b\u0259ri\"}]},{\"@type\":\"WebSite\",\"@id\":\"https:\\\/\\\/www.meydan.tv\\\/az\\\/#website\",\"url\":\"https:\\\/\\\/www.meydan.tv\\\/az\\\/\",\"name\":\"MEYDAN.TV\",\"description\":\"Meydan TV Az\u0259rbaycan\u0131n media m\u0259kan\u0131ndak\u0131 alternativ s\u0259sidir\",\"publisher\":{\"@id\":\"https:\\\/\\\/www.meydan.tv\\\/az\\\/#organization\"},\"potentialAction\":[{\"@type\":\"SearchAction\",\"target\":{\"@type\":\"EntryPoint\",\"urlTemplate\":\"https:\\\/\\\/www.meydan.tv\\\/az\\\/?s={search_term_string}\"},\"query-input\":{\"@type\":\"PropertyValueSpecification\",\"valueRequired\":true,\"valueName\":\"search_term_string\"}}],\"inLanguage\":\"az\"},{\"@type\":\"Organization\",\"@id\":\"https:\\\/\\\/www.meydan.tv\\\/az\\\/#organization\",\"name\":\"Meydan TV\",\"url\":\"https:\\\/\\\/www.meydan.tv\\\/az\\\/\",\"logo\":{\"@type\":\"ImageObject\",\"inLanguage\":\"az\",\"@id\":\"https:\\\/\\\/www.meydan.tv\\\/az\\\/#\\\/schema\\\/logo\\\/image\\\/\",\"url\":\"https:\\\/\\\/www.meydan.tv\\\/wp-content\\\/uploads\\\/2021\\\/07\\\/meydan-logo.svg\",\"contentUrl\":\"https:\\\/\\\/www.meydan.tv\\\/wp-content\\\/uploads\\\/2021\\\/07\\\/meydan-logo.svg\",\"width\":195,\"height\":46,\"caption\":\"Meydan TV\"},\"image\":{\"@id\":\"https:\\\/\\\/www.meydan.tv\\\/az\\\/#\\\/schema\\\/logo\\\/image\\\/\"}},{\"@type\":\"Person\",\"@id\":\"https:\\\/\\\/www.meydan.tv\\\/az\\\/#\\\/schema\\\/person\\\/10d11eccf6da3662cf5fdab9806ea91a\",\"name\":\"user-manager\"}]}<\/script>\n<!-- \/ Yoast SEO plugin. -->","yoast_head_json":{"title":"ANS TV-nin saxta intiqam x\u0259b\u0259ri - MEYDAN.TV","robots":{"index":"index","follow":"follow","max-snippet":"max-snippet:-1","max-image-preview":"max-image-preview:large","max-video-preview":"max-video-preview:-1"},"canonical":"https:\/\/www.meydan.tv\/az\/article\/ans-tv-nin-saxta-intiqam-xeberi\/","og_locale":"az_AZ","og_type":"article","og_title":"ANS TV-nin saxta intiqam x\u0259b\u0259ri - MEYDAN.TV","og_description":"Saxta erm\u0259ni jurnalistin\u0259 m\u00f6htac olanlar","og_url":"https:\/\/www.meydan.tv\/az\/article\/ans-tv-nin-saxta-intiqam-xeberi\/","og_site_name":"MEYDAN.TV","article_published_time":"2014-08-01T20:57:05+00:00","og_image":[{"width":500,"height":304,"url":"https:\/\/www.meydan.tv\/wp-content\/uploads\/4154-1.jpg","type":"image\/jpeg"}],"author":"user-manager","twitter_card":"summary_large_image","schema":{"@context":"https:\/\/schema.org","@graph":[{"@type":"Article","@id":"https:\/\/www.meydan.tv\/az\/article\/ans-tv-nin-saxta-intiqam-xeberi\/#article","isPartOf":{"@id":"https:\/\/www.meydan.tv\/az\/article\/ans-tv-nin-saxta-intiqam-xeberi\/"},"author":{"name":"user-manager","@id":"https:\/\/www.meydan.tv\/az\/#\/schema\/person\/10d11eccf6da3662cf5fdab9806ea91a"},"headline":"ANS TV-nin saxta intiqam x\u0259b\u0259ri","datePublished":"2014-08-01T20:57:05+00:00","mainEntityOfPage":{"@id":"https:\/\/www.meydan.tv\/az\/article\/ans-tv-nin-saxta-intiqam-xeberi\/"},"wordCount":428,"publisher":{"@id":"https:\/\/www.meydan.tv\/az\/#organization"},"image":{"@id":"https:\/\/www.meydan.tv\/az\/article\/ans-tv-nin-saxta-intiqam-xeberi\/#primaryimage"},"thumbnailUrl":"https:\/\/www.meydan.tv\/wp-content\/uploads\/4154-1.jpg","articleSection":["M\u0259nim Fikrimc\u0259"],"inLanguage":"az"},{"@type":"WebPage","@id":"https:\/\/www.meydan.tv\/az\/article\/ans-tv-nin-saxta-intiqam-xeberi\/","url":"https:\/\/www.meydan.tv\/az\/article\/ans-tv-nin-saxta-intiqam-xeberi\/","name":"ANS TV-nin saxta intiqam x\u0259b\u0259ri - MEYDAN.TV","isPartOf":{"@id":"https:\/\/www.meydan.tv\/az\/#website"},"primaryImageOfPage":{"@id":"https:\/\/www.meydan.tv\/az\/article\/ans-tv-nin-saxta-intiqam-xeberi\/#primaryimage"},"image":{"@id":"https:\/\/www.meydan.tv\/az\/article\/ans-tv-nin-saxta-intiqam-xeberi\/#primaryimage"},"thumbnailUrl":"https:\/\/www.meydan.tv\/wp-content\/uploads\/4154-1.jpg","datePublished":"2014-08-01T20:57:05+00:00","breadcrumb":{"@id":"https:\/\/www.meydan.tv\/az\/article\/ans-tv-nin-saxta-intiqam-xeberi\/#breadcrumb"},"inLanguage":"az","potentialAction":[{"@type":"ReadAction","target":["https:\/\/www.meydan.tv\/az\/article\/ans-tv-nin-saxta-intiqam-xeberi\/"]}]},{"@type":"ImageObject","inLanguage":"az","@id":"https:\/\/www.meydan.tv\/az\/article\/ans-tv-nin-saxta-intiqam-xeberi\/#primaryimage","url":"https:\/\/www.meydan.tv\/wp-content\/uploads\/4154-1.jpg","contentUrl":"https:\/\/www.meydan.tv\/wp-content\/uploads\/4154-1.jpg","width":500,"height":304,"caption":"Source:"},{"@type":"BreadcrumbList","@id":"https:\/\/www.meydan.tv\/az\/article\/ans-tv-nin-saxta-intiqam-xeberi\/#breadcrumb","itemListElement":[{"@type":"ListItem","position":1,"name":"Ana s\u0259hif\u0259","item":"https:\/\/www.meydan.tv\/az\/"},{"@type":"ListItem","position":2,"name":"M\u0259nim Fikrimc\u0259","item":"https:\/\/www.meydan.tv\/az\/section\/menim-fikrimce\/"},{"@type":"ListItem","position":3,"name":"ANS TV-nin saxta intiqam x\u0259b\u0259ri"}]},{"@type":"WebSite","@id":"https:\/\/www.meydan.tv\/az\/#website","url":"https:\/\/www.meydan.tv\/az\/","name":"MEYDAN.TV","description":"Meydan TV Az\u0259rbaycan\u0131n media m\u0259kan\u0131ndak\u0131 alternativ s\u0259sidir","publisher":{"@id":"https:\/\/www.meydan.tv\/az\/#organization"},"potentialAction":[{"@type":"SearchAction","target":{"@type":"EntryPoint","urlTemplate":"https:\/\/www.meydan.tv\/az\/?s={search_term_string}"},"query-input":{"@type":"PropertyValueSpecification","valueRequired":true,"valueName":"search_term_string"}}],"inLanguage":"az"},{"@type":"Organization","@id":"https:\/\/www.meydan.tv\/az\/#organization","name":"Meydan TV","url":"https:\/\/www.meydan.tv\/az\/","logo":{"@type":"ImageObject","inLanguage":"az","@id":"https:\/\/www.meydan.tv\/az\/#\/schema\/logo\/image\/","url":"https:\/\/www.meydan.tv\/wp-content\/uploads\/2021\/07\/meydan-logo.svg","contentUrl":"https:\/\/www.meydan.tv\/wp-content\/uploads\/2021\/07\/meydan-logo.svg","width":195,"height":46,"caption":"Meydan TV"},"image":{"@id":"https:\/\/www.meydan.tv\/az\/#\/schema\/logo\/image\/"}},{"@type":"Person","@id":"https:\/\/www.meydan.tv\/az\/#\/schema\/person\/10d11eccf6da3662cf5fdab9806ea91a","name":"user-manager"}]}},"_links":{"self":[{"href":"https:\/\/www.meydan.tv\/az\/wp-json\/wp\/v2\/posts\/164771","targetHints":{"allow":["GET"]}}],"collection":[{"href":"https:\/\/www.meydan.tv\/az\/wp-json\/wp\/v2\/posts"}],"about":[{"href":"https:\/\/www.meydan.tv\/az\/wp-json\/wp\/v2\/types\/post"}],"author":[{"embeddable":true,"href":"https:\/\/www.meydan.tv\/az\/wp-json\/wp\/v2\/users\/11"}],"replies":[{"embeddable":true,"href":"https:\/\/www.meydan.tv\/az\/wp-json\/wp\/v2\/comments?post=164771"}],"version-history":[{"count":0,"href":"https:\/\/www.meydan.tv\/az\/wp-json\/wp\/v2\/posts\/164771\/revisions"}],"wp:featuredmedia":[{"embeddable":true,"href":"https:\/\/www.meydan.tv\/az\/wp-json\/wp\/v2\/media\/12281"}],"wp:attachment":[{"href":"https:\/\/www.meydan.tv\/az\/wp-json\/wp\/v2\/media?parent=164771"}],"wp:term":[{"taxonomy":"category","embeddable":true,"href":"https:\/\/www.meydan.tv\/az\/wp-json\/wp\/v2\/categories?post=164771"},{"taxonomy":"post_tag","embeddable":true,"href":"https:\/\/www.meydan.tv\/az\/wp-json\/wp\/v2\/tags?post=164771"}],"curies":[{"name":"wp","href":"https:\/\/api.w.org\/{rel}","templated":true}]}}