{"id":164717,"date":"2014-07-30T00:48:21","date_gmt":"2014-07-30T00:48:21","guid":{"rendered":"https:\/\/www.meydan.tv\/article\/leyla-yunus-ilham-eliyeve-secim-sizindi-deye-muraciet-etdi\/"},"modified":"2014-07-30T00:48:21","modified_gmt":"2014-07-30T00:48:21","slug":"leyla-yunus-ilham-eliyeve-secim-sizindi-deye-muraciet-etdi","status":"publish","type":"post","link":"https:\/\/www.meydan.tv\/az\/article\/leyla-yunus-ilham-eliyeve-secim-sizindi-deye-muraciet-etdi\/","title":{"rendered":"Leyla Yunus \u0130lham \u018fliyev\u0259 \u201cSe\u00e7im Sizindi\u2026\u201d dey\u0259 m\u00fcraci\u0259t etdi"},"content":{"rendered":"<figure class=\"wp-block-image size-large\">\n  <img decoding=\"async\" src=\"https:\/\/www.meydan.tv\/az\/12068\/\" alt=\"\" class=\"wp-image-12068\"\/><figcaption><\/figcaption><\/figure>\n<figure class=\"wp-block-image size-large\">\n  <img decoding=\"async\" src=\"https:\/\/www.meydan.tv\/az\/12068\/\" alt=\"\" class=\"wp-image-12068\"\/><figcaption><\/figcaption><\/figure>\n<p>\n  <i><br \/>\n    B\u0259sdir vahim\u0259l\u0259ndiniz, c\u0259nab prezident!<br \/>\n  <\/i>\n<\/p>\n<p>\n  C\u0259nab prezident,\n<\/p>\n<p>\n  B\u0259sdir vahim\u0259l\u0259ndiniz. Sizi ger\u00e7\u0259k olaraq izahedilm\u0259z qorxu v\u0259 h\u0259yacan bas\u0131b. N\u0259d\u0259n bel\u0259 qorxursunuz? Do\u011frudanm\u0131, bu g\u0259ncl\u0259r \u2013 bloggerl\u0259r, N\u0130DA f\u0259allar\u0131 hakimiyy\u0259tiniz\u0259 bel\u0259 t\u0259hl\u00fck\u0259 yarad\u0131r ki, h\u0259r g\u00fcn yeni g\u0259ncl\u0259r h\u0259bs olunur?!\n<\/p>\n<p>\n  Siz bilirsiniz, onlar\u0131n valideynl\u0259ri h\u0259r saat yax\u0131nlar\u0131n\u0131za n\u0259l\u0259r arzu edir?\n<\/p>\n<p>\n  Parlaq ziyal\u0131lar olan Yadigar Sad\u0131ql\u0131 v\u0259 H\u0259s\u0259n H\u00fcseynli \u201cxuliqan\u201d oldu!\n<\/p>\n<p>\n  M\u00fcxt\u0259lif \u00f6lk\u0259l\u0259rin v\u0259 xalqlar\u0131n tarixind\u0259 analoji yaxud daha s\u0259rt repressiyalar t\u0259krarlan\u0131b. N\u0259tic\u0259 birdir.\n<\/p>\n<p>\n  G\u00f6z\u0259l anlay\u0131ram \u2013 arxalanaca\u011f\u0131n\u0131z, g\u00fcv\u0259n\u0259c\u0259yiniz he\u00e7 kim yoxdur. B\u0259li, n\u0259h\u0259ng inzibati resurs, HE\u00c7 B\u0130R m\u0259hdudiyy\u0259ti olmayan hakimiyy\u0259t, b\u00f6y\u00fck pullar var. Lakin bununla yana\u015f\u0131 \u0259traf\u0131n\u0131zda intellektd\u0259n m\u0259hrum, yaln\u0131z maddi rifahlar\u0131n\u0131n qay\u011f\u0131s\u0131na qalan yaltaq o\u011frulard\u0131r. Bel\u0259 adamlar sadiq dost ola bilm\u0259z. Onlar ilk t\u0259hl\u00fck\u0259d\u0259 n\u0259inki sizi satacaq, eyni zamanda prezident kreslosu u\u011frunda m\u00fcbariz\u0259d\u0259 qar\u015f\u0131durmada olan qrupla\u015fmalar\u0131n hans\u0131n\u0131 d\u0259st\u0259kl\u0259m\u0259li oldu\u011funu g\u00f6t\u00fcr-qoy ed\u0259c\u0259kl\u0259r. Bunu m\u0259nim kimi siz d\u0259 yax\u015f\u0131 bilirsiniz.\n<\/p>\n<p>\n  Bu sad\u0259c\u0259 s\u00f6z deyil: \u201cY\u00fcz manat\u0131n olmaqdansa, y\u00fcz dostun olsun\u201d. Dost s\u0259nin bayramlar\u0131nda r\u0259qs ed\u0259n adam deyil. Dost \u2013 rejimin z\u0259ncirli itl\u0259ri \u00fcst\u00fcn\u0259 cumanda yan\u0131nda olan, \u00e7iyin-\u00e7iyin\u0259 dayanan, s\u0259ninl\u0259 birg\u0259 par\u00e7alanmaqdan qorxmayand\u0131r. Siz\u0259 yaz\u0131\u011f\u0131m g\u0259lir. Siz he\u00e7 vaxt \u0259sl dostlu\u011fun n\u0259 oldu\u011funu bilm\u0259misiniz.\n<\/p>\n<p>\n  \u00d6z\u00fcn\u00fcz\u00fc \u0259l\u0259 al\u0131n. Dayanmaq he\u00e7 vaxt gec deyil. Yaln\u0131z o d\u00fcnyadan d\u00f6n\u00fc\u015f yoxdur.\n<\/p>\n<p>\n  Emosiyalara qap\u0131l\u0131b Sizi q\u0131c\u0131qland\u0131ranlara, \u00f6z \u0259ll\u0259rinizl\u0259 bo\u011fmaq ist\u0259dikl\u0259riniz\u0259 divan tutma\u011f\u0131 t\u0259l\u0259b etm\u0259k laz\u0131m deyil.\n<\/p>\n<p>\n  D\u00fc\u015f\u00fcn\u00fcn, ax\u0131 tarixd\u0259 \u00f6lk\u0259sini qana bulayan diktator v\u0259 tiran kimi deyil, tolerant v\u0259 praqmatik siyas\u0259t\u00e7i kimi qalmaq olar.\n<\/p>\n<p>\n  \u0130ndi, bu g\u00fcn g\u00f6st\u0259ri\u015finizl\u0259 h\u0259bs edil\u0259n B\u00dcT\u00dcN g\u00fcnahs\u0131zlar\u0131 h\u0259bsd\u0259n azad edin.\n<\/p>\n<p>\n  Se\u00e7im Sizindi\u2026\n<\/p>\n<p>\n  S\u00fclh v\u0259 Demokratiya \u0130nstitutunun direktoru Leyla Yunus<\/p>\n","protected":false},"excerpt":{"rendered":"<p>B\u0259sdir vahim\u0259l\u0259ndiniz, c\u0259nab prezident!<\/p>\n","protected":false},"author":11,"featured_media":12068,"comment_status":"closed","ping_status":"open","sticky":false,"template":"","format":"standard","meta":{"_acf_changed":false,"_sitemap_exclude":false,"_sitemap_priority":"","_sitemap_frequency":"","footnotes":""},"categories":[56],"tags":[],"class_list":["post-164717","post","type-post","status-publish","format-standard","has-post-thumbnail","hentry","category-xeberler","infinite-scroll-item","generate-columns","tablet-grid-50","mobile-grid-100","grid-parent","grid-33","no-featured-image-padding"],"acf":[],"yoast_head":"<!-- This site is optimized with the Yoast SEO plugin v27.4 - https:\/\/yoast.com\/product\/yoast-seo-wordpress\/ -->\n<title>Leyla Yunus \u0130lham \u018fliyev\u0259 \u201cSe\u00e7im Sizindi\u2026\u201d dey\u0259 m\u00fcraci\u0259t etdi - MEYDAN.TV<\/title>\n<meta name=\"robots\" content=\"index, follow, max-snippet:-1, max-image-preview:large, max-video-preview:-1\" \/>\n<link rel=\"canonical\" href=\"https:\/\/www.meydan.tv\/az\/article\/leyla-yunus-ilham-eliyeve-secim-sizindi-deye-muraciet-etdi\/\" \/>\n<meta property=\"og:locale\" content=\"az_AZ\" \/>\n<meta property=\"og:type\" content=\"article\" \/>\n<meta property=\"og:title\" content=\"Leyla Yunus \u0130lham \u018fliyev\u0259 \u201cSe\u00e7im Sizindi\u2026\u201d dey\u0259 m\u00fcraci\u0259t etdi - MEYDAN.TV\" \/>\n<meta property=\"og:description\" content=\"B\u0259sdir vahim\u0259l\u0259ndiniz, c\u0259nab prezident!\" \/>\n<meta property=\"og:url\" content=\"https:\/\/www.meydan.tv\/az\/article\/leyla-yunus-ilham-eliyeve-secim-sizindi-deye-muraciet-etdi\/\" \/>\n<meta property=\"og:site_name\" content=\"MEYDAN.TV\" \/>\n<meta property=\"article:published_time\" content=\"2014-07-30T00:48:21+00:00\" \/>\n<meta property=\"og:image\" content=\"https:\/\/www.meydan.tv\/wp-content\/uploads\/4036.jpg\" \/>\n\t<meta property=\"og:image:width\" content=\"533\" \/>\n\t<meta property=\"og:image:height\" content=\"400\" \/>\n\t<meta property=\"og:image:type\" content=\"image\/jpeg\" \/>\n<meta name=\"author\" content=\"user-manager\" \/>\n<meta name=\"twitter:card\" content=\"summary_large_image\" \/>\n<script type=\"application\/ld+json\" class=\"yoast-schema-graph\">{\"@context\":\"https:\\\/\\\/schema.org\",\"@graph\":[{\"@type\":\"Article\",\"@id\":\"https:\\\/\\\/www.meydan.tv\\\/az\\\/article\\\/leyla-yunus-ilham-eliyeve-secim-sizindi-deye-muraciet-etdi\\\/#article\",\"isPartOf\":{\"@id\":\"https:\\\/\\\/www.meydan.tv\\\/az\\\/article\\\/leyla-yunus-ilham-eliyeve-secim-sizindi-deye-muraciet-etdi\\\/\"},\"author\":{\"name\":\"user-manager\",\"@id\":\"https:\\\/\\\/www.meydan.tv\\\/az\\\/#\\\/schema\\\/person\\\/10d11eccf6da3662cf5fdab9806ea91a\"},\"headline\":\"Leyla Yunus \u0130lham \u018fliyev\u0259 \u201cSe\u00e7im Sizindi\u2026\u201d dey\u0259 m\u00fcraci\u0259t etdi\",\"datePublished\":\"2014-07-30T00:48:21+00:00\",\"mainEntityOfPage\":{\"@id\":\"https:\\\/\\\/www.meydan.tv\\\/az\\\/article\\\/leyla-yunus-ilham-eliyeve-secim-sizindi-deye-muraciet-etdi\\\/\"},\"wordCount\":416,\"publisher\":{\"@id\":\"https:\\\/\\\/www.meydan.tv\\\/az\\\/#organization\"},\"image\":{\"@id\":\"https:\\\/\\\/www.meydan.tv\\\/az\\\/article\\\/leyla-yunus-ilham-eliyeve-secim-sizindi-deye-muraciet-etdi\\\/#primaryimage\"},\"thumbnailUrl\":\"https:\\\/\\\/www.meydan.tv\\\/wp-content\\\/uploads\\\/4036.jpg\",\"articleSection\":[\"X\u0259b\u0259rl\u0259r\"],\"inLanguage\":\"az\"},{\"@type\":\"WebPage\",\"@id\":\"https:\\\/\\\/www.meydan.tv\\\/az\\\/article\\\/leyla-yunus-ilham-eliyeve-secim-sizindi-deye-muraciet-etdi\\\/\",\"url\":\"https:\\\/\\\/www.meydan.tv\\\/az\\\/article\\\/leyla-yunus-ilham-eliyeve-secim-sizindi-deye-muraciet-etdi\\\/\",\"name\":\"Leyla Yunus \u0130lham \u018fliyev\u0259 \u201cSe\u00e7im Sizindi\u2026\u201d dey\u0259 m\u00fcraci\u0259t etdi - MEYDAN.TV\",\"isPartOf\":{\"@id\":\"https:\\\/\\\/www.meydan.tv\\\/az\\\/#website\"},\"primaryImageOfPage\":{\"@id\":\"https:\\\/\\\/www.meydan.tv\\\/az\\\/article\\\/leyla-yunus-ilham-eliyeve-secim-sizindi-deye-muraciet-etdi\\\/#primaryimage\"},\"image\":{\"@id\":\"https:\\\/\\\/www.meydan.tv\\\/az\\\/article\\\/leyla-yunus-ilham-eliyeve-secim-sizindi-deye-muraciet-etdi\\\/#primaryimage\"},\"thumbnailUrl\":\"https:\\\/\\\/www.meydan.tv\\\/wp-content\\\/uploads\\\/4036.jpg\",\"datePublished\":\"2014-07-30T00:48:21+00:00\",\"breadcrumb\":{\"@id\":\"https:\\\/\\\/www.meydan.tv\\\/az\\\/article\\\/leyla-yunus-ilham-eliyeve-secim-sizindi-deye-muraciet-etdi\\\/#breadcrumb\"},\"inLanguage\":\"az\",\"potentialAction\":[{\"@type\":\"ReadAction\",\"target\":[\"https:\\\/\\\/www.meydan.tv\\\/az\\\/article\\\/leyla-yunus-ilham-eliyeve-secim-sizindi-deye-muraciet-etdi\\\/\"]}]},{\"@type\":\"ImageObject\",\"inLanguage\":\"az\",\"@id\":\"https:\\\/\\\/www.meydan.tv\\\/az\\\/article\\\/leyla-yunus-ilham-eliyeve-secim-sizindi-deye-muraciet-etdi\\\/#primaryimage\",\"url\":\"https:\\\/\\\/www.meydan.tv\\\/wp-content\\\/uploads\\\/4036.jpg\",\"contentUrl\":\"https:\\\/\\\/www.meydan.tv\\\/wp-content\\\/uploads\\\/4036.jpg\",\"width\":533,\"height\":400,\"caption\":\"Source:\"},{\"@type\":\"BreadcrumbList\",\"@id\":\"https:\\\/\\\/www.meydan.tv\\\/az\\\/article\\\/leyla-yunus-ilham-eliyeve-secim-sizindi-deye-muraciet-etdi\\\/#breadcrumb\",\"itemListElement\":[{\"@type\":\"ListItem\",\"position\":1,\"name\":\"Ana s\u0259hif\u0259\",\"item\":\"https:\\\/\\\/www.meydan.tv\\\/az\\\/\"},{\"@type\":\"ListItem\",\"position\":2,\"name\":\"X\u0259b\u0259rl\u0259r\",\"item\":\"https:\\\/\\\/www.meydan.tv\\\/az\\\/section\\\/xeberler\\\/\"},{\"@type\":\"ListItem\",\"position\":3,\"name\":\"Leyla Yunus \u0130lham \u018fliyev\u0259 \u201cSe\u00e7im Sizindi\u2026\u201d dey\u0259 m\u00fcraci\u0259t etdi\"}]},{\"@type\":\"WebSite\",\"@id\":\"https:\\\/\\\/www.meydan.tv\\\/az\\\/#website\",\"url\":\"https:\\\/\\\/www.meydan.tv\\\/az\\\/\",\"name\":\"MEYDAN.TV\",\"description\":\"Meydan TV Az\u0259rbaycan\u0131n media m\u0259kan\u0131ndak\u0131 alternativ s\u0259sidir\",\"publisher\":{\"@id\":\"https:\\\/\\\/www.meydan.tv\\\/az\\\/#organization\"},\"potentialAction\":[{\"@type\":\"SearchAction\",\"target\":{\"@type\":\"EntryPoint\",\"urlTemplate\":\"https:\\\/\\\/www.meydan.tv\\\/az\\\/?s={search_term_string}\"},\"query-input\":{\"@type\":\"PropertyValueSpecification\",\"valueRequired\":true,\"valueName\":\"search_term_string\"}}],\"inLanguage\":\"az\"},{\"@type\":\"Organization\",\"@id\":\"https:\\\/\\\/www.meydan.tv\\\/az\\\/#organization\",\"name\":\"Meydan TV\",\"url\":\"https:\\\/\\\/www.meydan.tv\\\/az\\\/\",\"logo\":{\"@type\":\"ImageObject\",\"inLanguage\":\"az\",\"@id\":\"https:\\\/\\\/www.meydan.tv\\\/az\\\/#\\\/schema\\\/logo\\\/image\\\/\",\"url\":\"https:\\\/\\\/www.meydan.tv\\\/wp-content\\\/uploads\\\/2021\\\/07\\\/meydan-logo.svg\",\"contentUrl\":\"https:\\\/\\\/www.meydan.tv\\\/wp-content\\\/uploads\\\/2021\\\/07\\\/meydan-logo.svg\",\"width\":195,\"height\":46,\"caption\":\"Meydan TV\"},\"image\":{\"@id\":\"https:\\\/\\\/www.meydan.tv\\\/az\\\/#\\\/schema\\\/logo\\\/image\\\/\"}},{\"@type\":\"Person\",\"@id\":\"https:\\\/\\\/www.meydan.tv\\\/az\\\/#\\\/schema\\\/person\\\/10d11eccf6da3662cf5fdab9806ea91a\",\"name\":\"user-manager\"}]}<\/script>\n<!-- \/ Yoast SEO plugin. -->","yoast_head_json":{"title":"Leyla Yunus \u0130lham \u018fliyev\u0259 \u201cSe\u00e7im Sizindi\u2026\u201d dey\u0259 m\u00fcraci\u0259t etdi - MEYDAN.TV","robots":{"index":"index","follow":"follow","max-snippet":"max-snippet:-1","max-image-preview":"max-image-preview:large","max-video-preview":"max-video-preview:-1"},"canonical":"https:\/\/www.meydan.tv\/az\/article\/leyla-yunus-ilham-eliyeve-secim-sizindi-deye-muraciet-etdi\/","og_locale":"az_AZ","og_type":"article","og_title":"Leyla Yunus \u0130lham \u018fliyev\u0259 \u201cSe\u00e7im Sizindi\u2026\u201d dey\u0259 m\u00fcraci\u0259t etdi - MEYDAN.TV","og_description":"B\u0259sdir vahim\u0259l\u0259ndiniz, c\u0259nab prezident!","og_url":"https:\/\/www.meydan.tv\/az\/article\/leyla-yunus-ilham-eliyeve-secim-sizindi-deye-muraciet-etdi\/","og_site_name":"MEYDAN.TV","article_published_time":"2014-07-30T00:48:21+00:00","og_image":[{"width":533,"height":400,"url":"https:\/\/www.meydan.tv\/wp-content\/uploads\/4036.jpg","type":"image\/jpeg"}],"author":"user-manager","twitter_card":"summary_large_image","schema":{"@context":"https:\/\/schema.org","@graph":[{"@type":"Article","@id":"https:\/\/www.meydan.tv\/az\/article\/leyla-yunus-ilham-eliyeve-secim-sizindi-deye-muraciet-etdi\/#article","isPartOf":{"@id":"https:\/\/www.meydan.tv\/az\/article\/leyla-yunus-ilham-eliyeve-secim-sizindi-deye-muraciet-etdi\/"},"author":{"name":"user-manager","@id":"https:\/\/www.meydan.tv\/az\/#\/schema\/person\/10d11eccf6da3662cf5fdab9806ea91a"},"headline":"Leyla Yunus \u0130lham \u018fliyev\u0259 \u201cSe\u00e7im Sizindi\u2026\u201d dey\u0259 m\u00fcraci\u0259t etdi","datePublished":"2014-07-30T00:48:21+00:00","mainEntityOfPage":{"@id":"https:\/\/www.meydan.tv\/az\/article\/leyla-yunus-ilham-eliyeve-secim-sizindi-deye-muraciet-etdi\/"},"wordCount":416,"publisher":{"@id":"https:\/\/www.meydan.tv\/az\/#organization"},"image":{"@id":"https:\/\/www.meydan.tv\/az\/article\/leyla-yunus-ilham-eliyeve-secim-sizindi-deye-muraciet-etdi\/#primaryimage"},"thumbnailUrl":"https:\/\/www.meydan.tv\/wp-content\/uploads\/4036.jpg","articleSection":["X\u0259b\u0259rl\u0259r"],"inLanguage":"az"},{"@type":"WebPage","@id":"https:\/\/www.meydan.tv\/az\/article\/leyla-yunus-ilham-eliyeve-secim-sizindi-deye-muraciet-etdi\/","url":"https:\/\/www.meydan.tv\/az\/article\/leyla-yunus-ilham-eliyeve-secim-sizindi-deye-muraciet-etdi\/","name":"Leyla Yunus \u0130lham \u018fliyev\u0259 \u201cSe\u00e7im Sizindi\u2026\u201d dey\u0259 m\u00fcraci\u0259t etdi - MEYDAN.TV","isPartOf":{"@id":"https:\/\/www.meydan.tv\/az\/#website"},"primaryImageOfPage":{"@id":"https:\/\/www.meydan.tv\/az\/article\/leyla-yunus-ilham-eliyeve-secim-sizindi-deye-muraciet-etdi\/#primaryimage"},"image":{"@id":"https:\/\/www.meydan.tv\/az\/article\/leyla-yunus-ilham-eliyeve-secim-sizindi-deye-muraciet-etdi\/#primaryimage"},"thumbnailUrl":"https:\/\/www.meydan.tv\/wp-content\/uploads\/4036.jpg","datePublished":"2014-07-30T00:48:21+00:00","breadcrumb":{"@id":"https:\/\/www.meydan.tv\/az\/article\/leyla-yunus-ilham-eliyeve-secim-sizindi-deye-muraciet-etdi\/#breadcrumb"},"inLanguage":"az","potentialAction":[{"@type":"ReadAction","target":["https:\/\/www.meydan.tv\/az\/article\/leyla-yunus-ilham-eliyeve-secim-sizindi-deye-muraciet-etdi\/"]}]},{"@type":"ImageObject","inLanguage":"az","@id":"https:\/\/www.meydan.tv\/az\/article\/leyla-yunus-ilham-eliyeve-secim-sizindi-deye-muraciet-etdi\/#primaryimage","url":"https:\/\/www.meydan.tv\/wp-content\/uploads\/4036.jpg","contentUrl":"https:\/\/www.meydan.tv\/wp-content\/uploads\/4036.jpg","width":533,"height":400,"caption":"Source:"},{"@type":"BreadcrumbList","@id":"https:\/\/www.meydan.tv\/az\/article\/leyla-yunus-ilham-eliyeve-secim-sizindi-deye-muraciet-etdi\/#breadcrumb","itemListElement":[{"@type":"ListItem","position":1,"name":"Ana s\u0259hif\u0259","item":"https:\/\/www.meydan.tv\/az\/"},{"@type":"ListItem","position":2,"name":"X\u0259b\u0259rl\u0259r","item":"https:\/\/www.meydan.tv\/az\/section\/xeberler\/"},{"@type":"ListItem","position":3,"name":"Leyla Yunus \u0130lham \u018fliyev\u0259 \u201cSe\u00e7im Sizindi\u2026\u201d dey\u0259 m\u00fcraci\u0259t etdi"}]},{"@type":"WebSite","@id":"https:\/\/www.meydan.tv\/az\/#website","url":"https:\/\/www.meydan.tv\/az\/","name":"MEYDAN.TV","description":"Meydan TV Az\u0259rbaycan\u0131n media m\u0259kan\u0131ndak\u0131 alternativ s\u0259sidir","publisher":{"@id":"https:\/\/www.meydan.tv\/az\/#organization"},"potentialAction":[{"@type":"SearchAction","target":{"@type":"EntryPoint","urlTemplate":"https:\/\/www.meydan.tv\/az\/?s={search_term_string}"},"query-input":{"@type":"PropertyValueSpecification","valueRequired":true,"valueName":"search_term_string"}}],"inLanguage":"az"},{"@type":"Organization","@id":"https:\/\/www.meydan.tv\/az\/#organization","name":"Meydan TV","url":"https:\/\/www.meydan.tv\/az\/","logo":{"@type":"ImageObject","inLanguage":"az","@id":"https:\/\/www.meydan.tv\/az\/#\/schema\/logo\/image\/","url":"https:\/\/www.meydan.tv\/wp-content\/uploads\/2021\/07\/meydan-logo.svg","contentUrl":"https:\/\/www.meydan.tv\/wp-content\/uploads\/2021\/07\/meydan-logo.svg","width":195,"height":46,"caption":"Meydan TV"},"image":{"@id":"https:\/\/www.meydan.tv\/az\/#\/schema\/logo\/image\/"}},{"@type":"Person","@id":"https:\/\/www.meydan.tv\/az\/#\/schema\/person\/10d11eccf6da3662cf5fdab9806ea91a","name":"user-manager"}]}},"_links":{"self":[{"href":"https:\/\/www.meydan.tv\/az\/wp-json\/wp\/v2\/posts\/164717","targetHints":{"allow":["GET"]}}],"collection":[{"href":"https:\/\/www.meydan.tv\/az\/wp-json\/wp\/v2\/posts"}],"about":[{"href":"https:\/\/www.meydan.tv\/az\/wp-json\/wp\/v2\/types\/post"}],"author":[{"embeddable":true,"href":"https:\/\/www.meydan.tv\/az\/wp-json\/wp\/v2\/users\/11"}],"replies":[{"embeddable":true,"href":"https:\/\/www.meydan.tv\/az\/wp-json\/wp\/v2\/comments?post=164717"}],"version-history":[{"count":0,"href":"https:\/\/www.meydan.tv\/az\/wp-json\/wp\/v2\/posts\/164717\/revisions"}],"wp:featuredmedia":[{"embeddable":true,"href":"https:\/\/www.meydan.tv\/az\/wp-json\/wp\/v2\/media\/12068"}],"wp:attachment":[{"href":"https:\/\/www.meydan.tv\/az\/wp-json\/wp\/v2\/media?parent=164717"}],"wp:term":[{"taxonomy":"category","embeddable":true,"href":"https:\/\/www.meydan.tv\/az\/wp-json\/wp\/v2\/categories?post=164717"},{"taxonomy":"post_tag","embeddable":true,"href":"https:\/\/www.meydan.tv\/az\/wp-json\/wp\/v2\/tags?post=164717"}],"curies":[{"name":"wp","href":"https:\/\/api.w.org\/{rel}","templated":true}]}}