{"id":164685,"date":"2014-07-25T20:25:17","date_gmt":"2014-07-25T20:25:17","guid":{"rendered":"https:\/\/www.meydan.tv\/article\/olkeden-xebersizlerin-daxili-muhacireti\/"},"modified":"2014-07-25T20:25:17","modified_gmt":"2014-07-25T20:25:17","slug":"olkeden-xebersizlerin-daxili-muhacireti","status":"publish","type":"post","link":"https:\/\/www.meydan.tv\/az\/article\/olkeden-xebersizlerin-daxili-muhacireti\/","title":{"rendered":"\u00d6lk\u0259d\u0259n x\u0259b\u0259rsizl\u0259rin daxili m\u00fchacir\u0259ti"},"content":{"rendered":"<figure class=\"wp-block-image size-large\">\n  <img decoding=\"async\" src=\"https:\/\/www.meydan.tv\/az\/11969\/\" alt=\"\" class=\"wp-image-11969\"\/><figcaption><\/figcaption><\/figure>\n<figure class=\"wp-block-image size-large\">\n  <img decoding=\"async\" src=\"https:\/\/www.meydan.tv\/az\/11968\/\" alt=\"\" class=\"wp-image-11968\"\/><figcaption><\/figcaption><\/figure>\n<p>\n  Mehriban, z\u00f6vql\u00fc, h\u0259r m\u0259nada n\u00fcmun\u0259vi say\u0131la bil\u0259c\u0259k bir ail\u0259. 4 ya\u015fl\u0131 \u00f6vlad b\u00f6y\u00fcy\u00fcr. Ata-ana da, yax\u0131n qohumlar da ham\u0131s\u0131 c\u0259miyy\u0259td\u0259 m\u00f6vqe tutmu\u015f, \u00f6z\u00fcn\u00fc t\u0259sdiql\u0259mi\u015f, t\u0259hsilli v\u0259 maddi ehtiyacdan uzaq adamlard\u0131r. Qar\u015f\u0131l\u0131ql\u0131 yard\u0131m\u0131 bir-birind\u0259n \u0259sirg\u0259m\u0259y\u0259n, yumruq kimi s\u0131x\u0131lm\u0131\u015f bir n\u0259sil.\n<\/p>\n<p>\n  Onlar m\u0259ni bu g\u00fcnl\u0259rd\u0259 el\u0259 t\u0259\u0259cc\u00fcbl\u0259ndirdi ki&#8230; \u018fvv\u0259la, m\u0259nzild\u0259ki kinoteratrda birc\u0259cik az\u0259ri kanal\u0131 da yox idi (Bu, yax\u015f\u0131 m\u0259nada t\u0259\u0259cc\u00fcbl\u00fcyd\u00fc). Yerli TV-y\u0259 baxm\u0131rlar.\n<\/p>\n<p>\n  \u0130kinci t\u0259\u0259cc\u00fcb is\u0259 xo\u015f olmayan d\u00fc\u015f\u00fcnc\u0259l\u0259r\u0259 yol a\u00e7d\u0131. M\u00fcxt\u0259lif ya\u015f kateqoriyalar\u0131na m\u0259xsus (20-d\u0259n 70-d\u0259k) bu n\u0259slin n\u00fcmay\u0259nd\u0259l\u0259rinin he\u00e7 birinin (!) \u00f6lk\u0259d\u0259 son ill\u0259rd\u0259 ba\u015f ver\u0259nl\u0259rin miqyas\u0131ndan x\u0259b\u0259ri yox idi (K\u00fcr da\u015fq\u0131nlar\u0131ndan tutmu\u015f Nida\u00e7\u0131lar\u0131n m\u0259hk\u0259m\u0259sin\u0259 q\u0259d\u0259r). Eynil\u0259 Mandel\u015ftam saya\u011f\u0131: \u201cAlt\u0131m\u0131zdak\u0131 \u00f6lk\u0259ni hiss etm\u0259d\u0259n ya\u015fay\u0131r\u0131q\u201d.\n<\/p>\n<p>\n  Bu ail\u0259d\u0259 Balzak\u0131, German Hesseni, Ri\u00e7ard Bax\u0131 oxuyurlar, klassikan\u0131 v\u0259 roku dinl\u0259yirl\u0259r, \u0259cn\u0259bi dill\u0259r bilirl\u0259r, xarici \u00f6lk\u0259l\u0259r\u0259 s\u0259f\u0259rl\u0259r edirl\u0259r, g\u0259lirl\u0259rinin bir hiss\u0259sini intellektual istirah\u0259t\u0259 x\u0259rcl\u0259yirl\u0259r v\u0259&#8230; \u00f6z \u00f6lk\u0259l\u0259rind\u0259 n\u0259l\u0259rin ba\u015f verdiyind\u0259n bix\u0259b\u0259rdirl\u0259r. \u00c7\u00fcnki, bigan\u0259dirl\u0259r. H\u0259m d\u0259 el\u0259 bir ail\u0259 ki, informasiya m\u0259nb\u0259l\u0259rin\u0259 tam v\u0259 qeyri-m\u0259hdud \u00e7\u0131x\u0131\u015f\u0131 var. Ancaq onlar \u00fc\u00e7\u00fcn TV &#8211; \u0259cn\u0259bi kanallara baxmaq, internet is\u0259 kitabxanalarda g\u0259zi\u015fm\u0259k, musiqi dinl\u0259m\u0259k v\u0259 video \u00fc\u00e7\u00fcn m\u0259nb\u0259dir. V\u0259 he\u00e7 bir halda TV d\u0259, internet d\u0259 \u00f6lk\u0259d\u0259 ba\u015f ver\u0259nl\u0259rd\u0259n x\u0259b\u0259rdar olmaq vasit\u0259si deyil.\n<\/p>\n<p>\n  \u018fg\u0259r s\u00f6hb\u0259t ilin \u00e7ox hiss\u0259sini da\u011flarda ke\u00e7ir\u0259n \u00e7obandan gets\u0259ydi, t\u0259\u0259cc\u00fcbl\u0259nm\u0259zdim. Ancaq bu \u00f6lk\u0259y\u0259 m\u0259hz intellektual k\u0259sim, m\u0259hz orta sinif kimi tan\u0131nan \u00e7ox nazik, g\u00fcnd\u0259n g\u00fcn\u0259 d\u0259 sayca azalan t\u0259b\u0259q\u0259nin n\u00fcmay\u0259nd\u0259l\u0259ri bigan\u0259dir. Onlar sanki bu \u00f6lk\u0259y\u0259 m\u00fcv\u0259qq\u0259ti ya\u015fay\u0131\u015f yerl\u0259ri kimi bax\u0131rlar. B\u0259li, dar\u0131xd\u0131r\u0131c\u0131d\u0131r, pisdir, reall\u0131q depressivdir, \u00fcmid v\u0259 \u00e7\u0131x\u0131\u015f yolu yoxdur, odur ki, ya \u201cmehriban n\u0259sil\u201d modelini ger\u00e7\u0259kl\u0259\u015fdirirl\u0259r, ya da sad\u0259c\u0259 \u201c\u00e7amadan \u0259hval\u0131\u201d il\u0259 ya\u015fay\u0131rlar.\n<\/p>\n<p>\n  Y\u0259ni, bu, c\u0259miyy\u0259tin atomla\u015fmas\u0131na, fraqmentl\u0259\u015fm\u0259sin\u0259, f\u0259rdl\u0259rin Markssaya\u011f\u0131 \u201cyadla\u015fma\u201ds\u0131na bir s\u00fcbutdur. Onlar \u00fc\u00e7\u00fcn \u015f\u0259xsi m\u00fcnasib\u0259tl\u0259r, \u00f6z \u0259hat\u0259l\u0259ri maraql\u0131 v\u0259 m\u00fcq\u0259dd\u0259sdir. V\u0259 art\u0131q bu arealdan, \u00f6z evinin kandar\u0131ndan \u00e7\u0131xd\u0131nm\u0131 &#8211; \u00f6z V\u0259t\u0259nin\u0259 yox, yadlar aras\u0131na d\u00fc\u015f\u00fcrs\u0259n.\n<\/p>\n<p>\n  Bir s\u00f6zl\u0259, v\u0259t\u0259nda\u015f daha \u00f6lk\u0259ni \u00f6z V\u0259t\u0259ni saym\u0131r. Onun \u00fc\u00e7\u00fcn ba\u015f ver\u0259nl\u0259rin ham\u0131s\u0131 maraqs\u0131zd\u0131r. H\u0259m d\u0259 absurd teatr\u0131n\u0131 xat\u0131rlad\u0131r. Ancaq tama\u015fan\u0131n ssenarisini, aktyorlar\u0131n\u0131, rejissorunu, leksikonunu d\u0259yi\u015fm\u0259k, p\u0259rd\u0259l\u0259rin say\u0131n\u0131 v\u0259 m\u00fcdd\u0259tini m\u00fc\u0259yy\u0259nl\u0259\u015fdirm\u0259k bu insanlar\u0131n imkanlar\u0131 daxilind\u0259 deyil. Onlar buna he\u00e7 c\u0259hd d\u0259 etmirl\u0259r. Ax\u0131 h\u0259l\u0259 ki alternativ var.\n<\/p>\n<p>\n  Alternativ is\u0259 &#8211; \u201cail\u0259 modeli\u201ddir, enerjini analiz\u0259, naraz\u0131l\u0131\u011f\u0131n ifad\u0259sin\u0259, neqativlikl\u0259 dolu hadis\u0259l\u0259r\u0259 qar\u015f\u0131 m\u00fcbariz\u0259y\u0259, bir s\u00f6zl\u0259 \u00f6lk\u0259ni d\u0259yi\u015fm\u0259k c\u0259hdl\u0259rin\u0259 yox, ob\u0131vatelliy\u0259 v\u0259 m\u00fchacir\u0259t\u0259 haz\u0131rla\u015fma\u011fa s\u0259rf etm\u0259kd\u0259dir.\n<\/p>\n<p>\n  \u00c7oxlar\u0131 bu c\u00fcr m\u00f6vcudluq ke\u00e7irir &#8211; \u201cAltlar\u0131ndak\u0131 \u00f6lk\u0259ni hiss etm\u0259d\u0259n\u201d. \u00d6lk\u0259y\u0259 pampers kimi baxma\u011fa raz\u0131d\u0131rlar, V\u0259t\u0259n kimi baxma\u011fa yox.\n<\/p>\n<p>\n  V\u0259 h\u0259tta t\u0259minatl\u0131, savadl\u0131 k\u0259sim d\u0259 \u00f6z\u00fcn\u00fc \u00f6yr\u0259\u015fdirib ki, Az\u0259rbaycan onlar \u00fc\u00e7\u00fcn kiray\u0259 evdir, ba\u015fqa yer\u0259 u\u00e7maq \u00fc\u00e7\u00fcn tranzit yoldur.\n<\/p>\n<p>\n  C\u0259miyy\u0259t siyasil\u0259\u015fm\u0259yib. Siyasil\u0259\u015fm\u0259y\u0259n toplumda is\u0259 ictimailik d\u0259 olmur&#8230;\n<\/p>\n<p>\n  <br \/>\n  ***\n<\/p>\n<p>\n  Az\u0259rbaycanl\u0131lar\u0131 \u00f6lk\u0259d\u0259 ba\u015f ver\u0259nl\u0259r\u0259 m\u00fcnasib\u0259tin\u0259 g\u00f6r\u0259 \u015f\u0259rti olaraq 3 qrupa ay\u0131rmaq olar. V\u0259 bu qruplar k\u0259miyy\u0259tc\u0259 k\u0259skin f\u0259rql\u0259nirl\u0259r.\n<\/p>\n<p>\n  Birinci qrup aktiv ya passiv formada hakimiyy\u0259tin daya\u011f\u0131 rolunda \u00e7\u0131x\u0131\u015f ed\u0259nl\u0259rdir. \u0130kinci qrupa raz\u0131la\u015fmayan v\u0259 etiraz ed\u0259nl\u0259r aiddir. \u00dc\u00e7\u00fcnc\u00fc qrup is\u0259 daxili m\u00fchacir\u0259td\u0259dir.\n<\/p>\n<p>\n  \u018fn \u00e7oxsayl\u0131 qrup birinci qrupdur. Buraya daxil olanlar \u00fcmumi \u0259halinin 80-90 faizidir. Bu f\u0259rdl\u0259r rejimin vinti olmaq rolu il\u0259 raz\u0131la\u015f\u0131blar v\u0259 q\u0259tiyy\u0259n bu roldan yax\u0131n vaxtlarda imtina etm\u0259k niyy\u0259tind\u0259 deyill\u0259r. \u018fg\u0259r bir g\u00fcn rejim m\u00fcxt\u0259lif s\u0259b\u0259bl\u0259rd\u0259n laxlasa, onda bu boz \u00e7oxluq \u00f6z \u0259sl sif\u0259tini g\u00f6st\u0259r\u0259c\u0259k. Onda m\u0259lum olacaq ki, s\u0259n dem\u0259, b\u0259s onlar \u201canadang\u0259lm\u0259 dissidentl\u0259r\u201dmi\u015f, sad\u0259c\u0259 m\u00fcv\u0259qq\u0259ti olaraq rejiml\u0259 bar\u0131\u015f\u0131bm\u0131\u015flar. Niy\u0259? &#8211; bu suala h\u0259r\u0259nin \u00f6z uydurdu\u011fu b\u0259han\u0259si var. Ancaq bu c\u0259h\u0259td\u0259n Az\u0259rbaycan orijinal deyil. B\u00fct\u00fcn m\u0259ml\u0259k\u0259tl\u0259rd\u0259 bu c\u00fcrd\u00fcr.\n<\/p>\n<p>\n  Bu b\u00f6y\u00fck qrupa \u00f6z \u00fcz\u0259rind\u0259 rejimin t\u0259sirini, qorxu-h\u00fcrk\u00fcs\u00fcn\u00fc hiss ed\u0259n, \u00e7\u00f6r\u0259yi v\u0259 g\u00fcz\u0259ran\u0131 rejimin \u201ci\u015f yerl\u0259ri\u201dnd\u0259n \u00e7\u0131xan h\u0259r k\u0259s daxildir. Bizd\u0259 oliqarxik hakimiyy\u0259t oldu\u011fundan, \u201c\u015f\u0259xsi m\u00fclkiyy\u0259t\u201d v\u0259 \u201c\u015f\u0259xsi biznes\u201d anlay\u0131\u015flar\u0131 s\u0131rf formal xarakter da\u015f\u0131d\u0131\u011f\u0131ndan, bu qrupa t\u0259kc\u0259 b\u00fcdc\u0259 t\u0259\u015fkilatlar\u0131nda i\u015fl\u0259y\u0259nl\u0259r yox, h\u0259m d\u0259 sahibkarlar daxildir. F\u0259rqi yoxdur, s\u0259n k\u00fc\u00e7\u0259 alver\u00e7isis\u0259n, aptek m\u00fcdiris\u0259n, \u00f6z\u0259l klinikada c\u0259rrahsan, yoxsa bankirs\u0259n &#8211; i\u015fin d\u0259, \u00f6z\u00fcn d\u0259 \u201cB\u00f6y\u00fck Qarda\u015f\u201d\u0131n n\u0259zar\u0259tind\u0259dir. V\u0259 h\u0259m maliyy\u0259, h\u0259m fiziki taml\u0131\u011f\u0131n\u0131 qoruma\u011f\u0131n da \u0259n sad\u0259 \u00fcsulunu se\u00e7irs\u0259n &#8211; rejimin vinti roluna raz\u0131l\u0131q verirs\u0259n.\n<\/p>\n<p>\n  Bu b\u00f6y\u00fck qrupun ad\u0131ndan nitql\u0259r uydurulur, \u201ct\u0259r\u0259qqi\u201dnin g\u00f6st\u0259ricil\u0259ri v\u0259sf edilir, se\u00e7kil\u0259rd\u0259 b\u00fclletenl\u0259r saxtala\u015fd\u0131r\u0131l\u0131r, onun \u00fcz\u0259rind\u0259 \u0259sar\u0259tin eksperimentl\u0259ri apar\u0131l\u0131r. V\u0259 boz \u00e7oxluq qara azl\u0131\u011f\u0131n hakimiyy\u0259tin\u0259 legitimlik verir.\n<\/p>\n<p>\n  \u0130kinci v\u0259 \u00e7ox azsayl\u0131 qrup &#8211; etiraz ed\u0259nl\u0259rdir. Bu etiraz piket, m\u0259qal\u0259, yaxud virtualda \u201c\u00fcr\u0259yini bo\u015faltmaq\u201d kimi m\u0259nas\u0131z v\u0259 s\u0259m\u0259r\u0259siz taktikalarla m\u0259hdudla\u015f\u0131r. \u0130nternet m\u0259kanda bu naraz\u0131lar\u0131n h\u0259r biri \u00f6z\u00fcn\u00fc pe\u015f\u0259kar inqilab\u00e7\u0131, intellektual n\u0259h\u0259ng say\u0131r, nikl\u0259rin arxas\u0131nda dayan\u0131b s\u00f6y\u00fc\u015f p\u00fcsk\u00fcr\u00fcr, \u00f6z b\u0259sit \u201canaliz\u201dini son instansiyada h\u0259qiq\u0259t ranq\u0131na qald\u0131r\u0131r v s. Halbuki savad, analiz v\u0259 intellekt defisiti, praktik f\u0259aliyy\u0259td\u0259n ifrat uzaql\u0131q \u015f\u0259raitind\u0259 bu \u0259f\u0259l taktikalar\u0131n son n\u0259tic\u0259y\u0259 he\u00e7 bir t\u0259siri yoxdur. Y\u0259ni, keyfiyy\u0259t d\u0259yi\u015fikliyi \u00fc\u00e7\u00fcn piketl\u0259r, m\u0259qal\u0259l\u0259r, virtual \u201c\u0259jdahal\u0131q\u201d q\u0259tiyy\u0259n yet\u0259rli deyil.\n<\/p>\n<p>\n  Ancaq bu azsayl\u0131 k\u0259sim h\u0259m d\u0259 \u00fcmid yeridir, alova d\u00f6n\u0259 bil\u0259c\u0259k q\u0131\u011f\u0131lc\u0131md\u0131r. Siyasi savad\u0131n, ideoloji bilikl\u0259rin artaca\u011f\u0131, ideoloqlar\u0131n v\u0259 praktikl\u0259rin yeti\u015f\u0259c\u0259yi, t\u0259bli\u011fat\u0131n yarad\u0131c\u0131l\u0131\u011fa \u00e7evril\u0259c\u0259yi, t\u0259\u015fkilatlar\u0131n formala\u015faca\u011f\u0131 t\u0259qdird\u0259 bu c\u00fczi azl\u0131q boz \u00e7oxlu\u011fa t\u0259sir ed\u0259 bil\u0259r. Demir\u0259m ki, boz \u00e7oxluq d\u00f6n\u00fcb aktiv etiraz\u00e7\u0131 olacaq. Yox, ancaq he\u00e7 olmasa rejimi aktiv m\u00fcdafi\u0259 etm\u0259kd\u0259n (\u0259lb\u0259tt\u0259 ki, \u00f6z\u00fcn\u00fc, d\u0259 rejimi d\u0259 aldatmaqla) \u0259l \u00e7\u0259k\u0259 bil\u0259r. Haz\u0131rda \u00e7oxluq mimikriya il\u0259 m\u0259\u015f\u011fuldur, bir buq\u0259l\u0259mun \u00f6mr\u00fc ke\u00e7irir. Etiraz\u00e7\u0131 azl\u0131\u011f\u0131n sa\u011flam fikirl\u0259ri, ideoloji diskursu v\u0259 ibr\u0259t ver\u0259n praktika n\u00fcmun\u0259l\u0259ri \u00e7oxlu\u011fun donmu\u015f q\u0259lbinin buzunu \u0259ritm\u0259k g\u00fcc\u00fcn\u0259 malikdir.\n<\/p>\n<p>\n  V\u0259 n\u0259hay\u0259t \u00fc\u00e7\u00fcnc\u00fc qrup &#8211; daxili m\u00fchacir\u0259td\u0259 olanlar. Buraya c\u0259miyy\u0259tin hakimiyy\u0259td\u0259n maksimum as\u0131l\u0131 olmayan t\u0259b\u0259q\u0259si aiddir. \u018flb\u0259tt\u0259, \u201chakimiyy\u0259td\u0259n as\u0131l\u0131 olmamaq\u201d &#8211; nisbi anlay\u0131\u015fd\u0131r. Vaxtil\u0259 Kamyu \u201cM\u0259n bilmir\u0259m ba\u015fqas\u0131 azadd\u0131r, ya yox. Yaln\u0131z \u00f6z azadl\u0131\u011f\u0131mdan dan\u0131\u015fa bil\u0259r\u0259m. Kimin a\u011fas\u0131 yoxdursa, o, azadd\u0131r\u201d yazm\u0131\u015fd\u0131. Daxili m\u00fchacir\u0259t\u0259 \u00e7\u0259kil\u0259nl\u0259r d\u0259 o adamlard\u0131r ki, onlar\u0131n h\u0259yat\u0131n\u0131n h\u0259r detal\u0131na soxulan a\u011falar\u0131 yoxdur.\n<\/p>\n<p>\n  Kiml\u0259rdir bu adamlar? Azad pe\u015f\u0259 sahibl\u0259ri. O k\u0259sl\u0259r ki, i\u015fi v\u0259 qazanc\u0131 d\u00f6vl\u0259t b\u00fcdc\u0259sind\u0259n, yaxud hakimiyy\u0259tin total n\u0259zar\u0259t aparat\u0131ndan as\u0131l\u0131 deyil. R\u0259ssamlar, b\u0259st\u0259karlar, arxitektorlar, dizaynerl\u0259r, dil\u00e7il\u0259r, proqram\u00e7\u0131lar, m\u00fc\u0259yy\u0259n faiz jurnalistl\u0259r v\u0259 \u015fair-yaz\u0131\u00e7\u0131lar&#8230; O pe\u015f\u0259l\u0259rin sahibl\u0259ri ki, \u00f6z bacar\u0131qlar\u0131 il\u0259 hakimiyy\u0259tin daban\u0131n\u0131n alt\u0131na d\u00fc\u015fm\u0259y\u0259 bilibl\u0259r.\n<\/p>\n<p>\n  V\u0259 bu t\u0259b\u0259q\u0259 n\u0259 etiraz edir, n\u0259 d\u0259 Sistemin vintin\u0259 \u00e7evrilib. O, daxili m\u00fchacir\u0259t\u0259 gedib. Y\u0259ni, m\u0259kan\u0131 Az\u0259rbaycand\u0131r, ancaq bu \u00f6lk\u0259nin h\u0259yat\u0131, d\u0259rdl\u0259ri, fikirl\u0259ri, m\u00fcbariz\u0259si il\u0259 ya\u015fam\u0131rlar. Onlara \u00f6z dar \u0259hat\u0259l\u0259ri, ail\u0259l\u0259ri, dost-tan\u0131\u015f\u0131 qiym\u0259tlidir v\u0259 bununla da \u00f6lk\u0259 onlar \u00fc\u00e7\u00fcn bitir.\n<\/p>\n<p>\n  Ancaq daxili m\u00fchacir\u0259t &#8211; s\u0259hvdir. \u00c7\u00fcnki get-ged\u0259 b\u00fct\u00fcn bu pe\u015f\u0259l\u0259r d\u0259, bu kateqoriyadan adamlar da hakimiyy\u0259tin tam n\u0259zar\u0259tin\u0259 d\u00fc\u015f\u0259c\u0259k. Bir g\u00fcn arxitektor g\u00f6r\u0259c\u0259k ki, hakimiyy\u0259ti v\u0259sf etm\u0259s\u0259, he\u00e7 bir sifari\u015f ala bilmir. R\u0259ssam\u0131 rejimp\u0259r\u0259st \u015f\u0259kill\u0259r \u00e7\u0259km\u0259k, ya da t\u0259qib olunmaq dilemmas\u0131 qar\u015f\u0131s\u0131nda qoyacaqlar. Jurnalist ya yaz\u0131lar\u0131n\u0131n tonunu d\u0259yi\u015fm\u0259li, ya \u0259sl m\u00fchacir\u0259t\u0259 getm\u0259li, ya da \u00f6vlad\u0131n\u0131 yoxsulluqla tan\u0131\u015f etm\u0259li olacaq. Bununla da bu \u00fc\u00e7\u00fcnc\u00fc qrup g\u00fcnd\u0259n g\u00fcn\u0259 nazil\u0259c\u0259k (v\u0259 nazilir d\u0259). Ancaq t\u0259bii ki, kiml\u0259rs\u0259 qalacaq. M\u00fctl\u0259q qalacaq. Onlar Yarad\u0131c\u0131l\u0131q il\u0259 fizioloji azadl\u0131q aras\u0131nda birincini se\u00e7\u0259c\u0259k.\n<\/p>\n<p>\n  Daxili m\u00fchacir\u0259t &#8211; q\u0259hr\u0259manl\u0131q deyil. Daha \u00e7ox yek\u0259xanal\u0131qd\u0131r. Ba\u015fqalar\u0131na yuxar\u0131dan a\u015fa\u011f\u0131 baxmaqd\u0131r. \u00d6z\u00fcn\u00fc \u201cse\u00e7ilmi\u015f\u201d, ba\u015fqalar\u0131n\u0131 is\u0259 axmaq saymaqd\u0131r.\n<\/p>\n<p>\n  \u00d6lk\u0259d\u0259 sosial mobillik s\u0131f\u0131ra yax\u0131nla\u015fd\u0131qca, bir t\u0259b\u0259q\u0259d\u0259n dig\u0259rin\u0259 ke\u00e7idin kanallar\u0131 ba\u011fland\u0131qca, qulun o\u011flu qul, b\u00fcdc\u0259 o\u011frusunun o\u011flu b\u00fcdc\u0259 o\u011flusu olduqca, daxili m\u00fchacir\u0259td\u0259 olanlar\u0131n da say\u0131 s\u00fcr\u0259tl\u0259 azalacaq.\n<\/p>\n<p>\n  Yerind\u0259 saymaq m\u00fcmk\u00fcn deyil. Statika &#8211; mifdir. \u0130r\u0259li getmirs\u0259ns\u0259, dem\u0259li geriy\u0259 gedirs\u0259n. \u00d6z\u00fcn\u00fc \u201cintellektual elita\u201d sayma\u011fa iddial\u0131 bu \u00fc\u00e7\u00fcnc\u00fc qrupun n\u00fcmay\u0259nd\u0259l\u0259rin\u0259 bu ac\u0131 h\u0259qiq\u0259t h\u0259l\u0259lik inan\u0131lmaz g\u00f6r\u00fcn\u00fcr. Ancaq nahaq yer\u0259.\n<\/p>\n<p>\n  Yaln\u0131z daxili m\u00fchacir\u0259t\u0259 s\u0131\u011f\u0131nanlarla etiraz ed\u0259nl\u0259rin birliyi \u00f6lk\u0259d\u0259 q\u00fcvv\u0259l\u0259r nisb\u0259tini d\u0259yi\u015f\u0259 bil\u0259r&#8230;\n<\/p>\n<p>\n  <b><br \/>\n    Yaz\u0131dak\u0131 fikirl\u0259r m\u00fc\u0259llif\u0259 m\u0259xsusdur v\u0259 onlara g\u00f6r\u0259 Meydan TV m\u0259suliyy\u0259t da\u015f\u0131m\u0131r.<br \/>\n  <\/b><\/p>\n","protected":false},"excerpt":{"rendered":"<p>Yaln\u0131z daxili m\u00fchacir\u0259t\u0259 s\u0131\u011f\u0131nanlarla etiraz ed\u0259nl\u0259rin birliyi \u00f6lk\u0259d\u0259 q\u00fcvv\u0259l\u0259r nisb\u0259tini d\u0259yi\u015f\u0259 bil\u0259r&#8230;<\/p>\n","protected":false},"author":11,"featured_media":11969,"comment_status":"closed","ping_status":"open","sticky":false,"template":"","format":"standard","meta":{"_acf_changed":false,"_sitemap_exclude":false,"_sitemap_priority":"","_sitemap_frequency":"","footnotes":""},"categories":[57],"tags":[],"class_list":["post-164685","post","type-post","status-publish","format-standard","has-post-thumbnail","hentry","category-menim-fikrimce","infinite-scroll-item","generate-columns","tablet-grid-50","mobile-grid-100","grid-parent","grid-33","no-featured-image-padding"],"acf":[],"yoast_head":"<!-- This site is optimized with the Yoast SEO plugin v27.4 - https:\/\/yoast.com\/product\/yoast-seo-wordpress\/ -->\n<title>\u00d6lk\u0259d\u0259n x\u0259b\u0259rsizl\u0259rin daxili m\u00fchacir\u0259ti - MEYDAN.TV<\/title>\n<meta name=\"robots\" content=\"index, follow, max-snippet:-1, max-image-preview:large, max-video-preview:-1\" \/>\n<link rel=\"canonical\" href=\"https:\/\/www.meydan.tv\/az\/article\/olkeden-xebersizlerin-daxili-muhacireti\/\" \/>\n<meta property=\"og:locale\" content=\"az_AZ\" \/>\n<meta property=\"og:type\" content=\"article\" \/>\n<meta property=\"og:title\" content=\"\u00d6lk\u0259d\u0259n x\u0259b\u0259rsizl\u0259rin daxili m\u00fchacir\u0259ti - MEYDAN.TV\" \/>\n<meta property=\"og:description\" content=\"Yaln\u0131z daxili m\u00fchacir\u0259t\u0259 s\u0131\u011f\u0131nanlarla etiraz ed\u0259nl\u0259rin birliyi \u00f6lk\u0259d\u0259 q\u00fcvv\u0259l\u0259r nisb\u0259tini d\u0259yi\u015f\u0259 bil\u0259r...\" \/>\n<meta property=\"og:url\" content=\"https:\/\/www.meydan.tv\/az\/article\/olkeden-xebersizlerin-daxili-muhacireti\/\" \/>\n<meta property=\"og:site_name\" content=\"MEYDAN.TV\" \/>\n<meta property=\"article:published_time\" content=\"2014-07-25T20:25:17+00:00\" \/>\n<meta property=\"og:image\" content=\"https:\/\/www.meydan.tv\/wp-content\/uploads\/3986.jpg\" \/>\n\t<meta property=\"og:image:width\" content=\"500\" \/>\n\t<meta property=\"og:image:height\" content=\"500\" \/>\n\t<meta property=\"og:image:type\" content=\"image\/jpeg\" \/>\n<meta name=\"author\" content=\"user-manager\" \/>\n<meta name=\"twitter:card\" content=\"summary_large_image\" \/>\n<script type=\"application\/ld+json\" class=\"yoast-schema-graph\">{\"@context\":\"https:\\\/\\\/schema.org\",\"@graph\":[{\"@type\":\"Article\",\"@id\":\"https:\\\/\\\/www.meydan.tv\\\/az\\\/article\\\/olkeden-xebersizlerin-daxili-muhacireti\\\/#article\",\"isPartOf\":{\"@id\":\"https:\\\/\\\/www.meydan.tv\\\/az\\\/article\\\/olkeden-xebersizlerin-daxili-muhacireti\\\/\"},\"author\":{\"name\":\"user-manager\",\"@id\":\"https:\\\/\\\/www.meydan.tv\\\/az\\\/#\\\/schema\\\/person\\\/10d11eccf6da3662cf5fdab9806ea91a\"},\"headline\":\"\u00d6lk\u0259d\u0259n x\u0259b\u0259rsizl\u0259rin daxili m\u00fchacir\u0259ti\",\"datePublished\":\"2014-07-25T20:25:17+00:00\",\"mainEntityOfPage\":{\"@id\":\"https:\\\/\\\/www.meydan.tv\\\/az\\\/article\\\/olkeden-xebersizlerin-daxili-muhacireti\\\/\"},\"wordCount\":1957,\"publisher\":{\"@id\":\"https:\\\/\\\/www.meydan.tv\\\/az\\\/#organization\"},\"image\":{\"@id\":\"https:\\\/\\\/www.meydan.tv\\\/az\\\/article\\\/olkeden-xebersizlerin-daxili-muhacireti\\\/#primaryimage\"},\"thumbnailUrl\":\"https:\\\/\\\/www.meydan.tv\\\/wp-content\\\/uploads\\\/3986.jpg\",\"articleSection\":[\"M\u0259nim Fikrimc\u0259\"],\"inLanguage\":\"az\"},{\"@type\":\"WebPage\",\"@id\":\"https:\\\/\\\/www.meydan.tv\\\/az\\\/article\\\/olkeden-xebersizlerin-daxili-muhacireti\\\/\",\"url\":\"https:\\\/\\\/www.meydan.tv\\\/az\\\/article\\\/olkeden-xebersizlerin-daxili-muhacireti\\\/\",\"name\":\"\u00d6lk\u0259d\u0259n x\u0259b\u0259rsizl\u0259rin daxili m\u00fchacir\u0259ti - MEYDAN.TV\",\"isPartOf\":{\"@id\":\"https:\\\/\\\/www.meydan.tv\\\/az\\\/#website\"},\"primaryImageOfPage\":{\"@id\":\"https:\\\/\\\/www.meydan.tv\\\/az\\\/article\\\/olkeden-xebersizlerin-daxili-muhacireti\\\/#primaryimage\"},\"image\":{\"@id\":\"https:\\\/\\\/www.meydan.tv\\\/az\\\/article\\\/olkeden-xebersizlerin-daxili-muhacireti\\\/#primaryimage\"},\"thumbnailUrl\":\"https:\\\/\\\/www.meydan.tv\\\/wp-content\\\/uploads\\\/3986.jpg\",\"datePublished\":\"2014-07-25T20:25:17+00:00\",\"breadcrumb\":{\"@id\":\"https:\\\/\\\/www.meydan.tv\\\/az\\\/article\\\/olkeden-xebersizlerin-daxili-muhacireti\\\/#breadcrumb\"},\"inLanguage\":\"az\",\"potentialAction\":[{\"@type\":\"ReadAction\",\"target\":[\"https:\\\/\\\/www.meydan.tv\\\/az\\\/article\\\/olkeden-xebersizlerin-daxili-muhacireti\\\/\"]}]},{\"@type\":\"ImageObject\",\"inLanguage\":\"az\",\"@id\":\"https:\\\/\\\/www.meydan.tv\\\/az\\\/article\\\/olkeden-xebersizlerin-daxili-muhacireti\\\/#primaryimage\",\"url\":\"https:\\\/\\\/www.meydan.tv\\\/wp-content\\\/uploads\\\/3986.jpg\",\"contentUrl\":\"https:\\\/\\\/www.meydan.tv\\\/wp-content\\\/uploads\\\/3986.jpg\",\"width\":500,\"height\":500,\"caption\":\"Source:\"},{\"@type\":\"BreadcrumbList\",\"@id\":\"https:\\\/\\\/www.meydan.tv\\\/az\\\/article\\\/olkeden-xebersizlerin-daxili-muhacireti\\\/#breadcrumb\",\"itemListElement\":[{\"@type\":\"ListItem\",\"position\":1,\"name\":\"Ana s\u0259hif\u0259\",\"item\":\"https:\\\/\\\/www.meydan.tv\\\/az\\\/\"},{\"@type\":\"ListItem\",\"position\":2,\"name\":\"M\u0259nim Fikrimc\u0259\",\"item\":\"https:\\\/\\\/www.meydan.tv\\\/az\\\/section\\\/menim-fikrimce\\\/\"},{\"@type\":\"ListItem\",\"position\":3,\"name\":\"\u00d6lk\u0259d\u0259n x\u0259b\u0259rsizl\u0259rin daxili m\u00fchacir\u0259ti\"}]},{\"@type\":\"WebSite\",\"@id\":\"https:\\\/\\\/www.meydan.tv\\\/az\\\/#website\",\"url\":\"https:\\\/\\\/www.meydan.tv\\\/az\\\/\",\"name\":\"MEYDAN.TV\",\"description\":\"Meydan TV Az\u0259rbaycan\u0131n media m\u0259kan\u0131ndak\u0131 alternativ s\u0259sidir\",\"publisher\":{\"@id\":\"https:\\\/\\\/www.meydan.tv\\\/az\\\/#organization\"},\"potentialAction\":[{\"@type\":\"SearchAction\",\"target\":{\"@type\":\"EntryPoint\",\"urlTemplate\":\"https:\\\/\\\/www.meydan.tv\\\/az\\\/?s={search_term_string}\"},\"query-input\":{\"@type\":\"PropertyValueSpecification\",\"valueRequired\":true,\"valueName\":\"search_term_string\"}}],\"inLanguage\":\"az\"},{\"@type\":\"Organization\",\"@id\":\"https:\\\/\\\/www.meydan.tv\\\/az\\\/#organization\",\"name\":\"Meydan TV\",\"url\":\"https:\\\/\\\/www.meydan.tv\\\/az\\\/\",\"logo\":{\"@type\":\"ImageObject\",\"inLanguage\":\"az\",\"@id\":\"https:\\\/\\\/www.meydan.tv\\\/az\\\/#\\\/schema\\\/logo\\\/image\\\/\",\"url\":\"https:\\\/\\\/www.meydan.tv\\\/wp-content\\\/uploads\\\/2021\\\/07\\\/meydan-logo.svg\",\"contentUrl\":\"https:\\\/\\\/www.meydan.tv\\\/wp-content\\\/uploads\\\/2021\\\/07\\\/meydan-logo.svg\",\"width\":195,\"height\":46,\"caption\":\"Meydan TV\"},\"image\":{\"@id\":\"https:\\\/\\\/www.meydan.tv\\\/az\\\/#\\\/schema\\\/logo\\\/image\\\/\"}},{\"@type\":\"Person\",\"@id\":\"https:\\\/\\\/www.meydan.tv\\\/az\\\/#\\\/schema\\\/person\\\/10d11eccf6da3662cf5fdab9806ea91a\",\"name\":\"user-manager\"}]}<\/script>\n<!-- \/ Yoast SEO plugin. -->","yoast_head_json":{"title":"\u00d6lk\u0259d\u0259n x\u0259b\u0259rsizl\u0259rin daxili m\u00fchacir\u0259ti - MEYDAN.TV","robots":{"index":"index","follow":"follow","max-snippet":"max-snippet:-1","max-image-preview":"max-image-preview:large","max-video-preview":"max-video-preview:-1"},"canonical":"https:\/\/www.meydan.tv\/az\/article\/olkeden-xebersizlerin-daxili-muhacireti\/","og_locale":"az_AZ","og_type":"article","og_title":"\u00d6lk\u0259d\u0259n x\u0259b\u0259rsizl\u0259rin daxili m\u00fchacir\u0259ti - MEYDAN.TV","og_description":"Yaln\u0131z daxili m\u00fchacir\u0259t\u0259 s\u0131\u011f\u0131nanlarla etiraz ed\u0259nl\u0259rin birliyi \u00f6lk\u0259d\u0259 q\u00fcvv\u0259l\u0259r nisb\u0259tini d\u0259yi\u015f\u0259 bil\u0259r...","og_url":"https:\/\/www.meydan.tv\/az\/article\/olkeden-xebersizlerin-daxili-muhacireti\/","og_site_name":"MEYDAN.TV","article_published_time":"2014-07-25T20:25:17+00:00","og_image":[{"width":500,"height":500,"url":"https:\/\/www.meydan.tv\/wp-content\/uploads\/3986.jpg","type":"image\/jpeg"}],"author":"user-manager","twitter_card":"summary_large_image","schema":{"@context":"https:\/\/schema.org","@graph":[{"@type":"Article","@id":"https:\/\/www.meydan.tv\/az\/article\/olkeden-xebersizlerin-daxili-muhacireti\/#article","isPartOf":{"@id":"https:\/\/www.meydan.tv\/az\/article\/olkeden-xebersizlerin-daxili-muhacireti\/"},"author":{"name":"user-manager","@id":"https:\/\/www.meydan.tv\/az\/#\/schema\/person\/10d11eccf6da3662cf5fdab9806ea91a"},"headline":"\u00d6lk\u0259d\u0259n x\u0259b\u0259rsizl\u0259rin daxili m\u00fchacir\u0259ti","datePublished":"2014-07-25T20:25:17+00:00","mainEntityOfPage":{"@id":"https:\/\/www.meydan.tv\/az\/article\/olkeden-xebersizlerin-daxili-muhacireti\/"},"wordCount":1957,"publisher":{"@id":"https:\/\/www.meydan.tv\/az\/#organization"},"image":{"@id":"https:\/\/www.meydan.tv\/az\/article\/olkeden-xebersizlerin-daxili-muhacireti\/#primaryimage"},"thumbnailUrl":"https:\/\/www.meydan.tv\/wp-content\/uploads\/3986.jpg","articleSection":["M\u0259nim Fikrimc\u0259"],"inLanguage":"az"},{"@type":"WebPage","@id":"https:\/\/www.meydan.tv\/az\/article\/olkeden-xebersizlerin-daxili-muhacireti\/","url":"https:\/\/www.meydan.tv\/az\/article\/olkeden-xebersizlerin-daxili-muhacireti\/","name":"\u00d6lk\u0259d\u0259n x\u0259b\u0259rsizl\u0259rin daxili m\u00fchacir\u0259ti - MEYDAN.TV","isPartOf":{"@id":"https:\/\/www.meydan.tv\/az\/#website"},"primaryImageOfPage":{"@id":"https:\/\/www.meydan.tv\/az\/article\/olkeden-xebersizlerin-daxili-muhacireti\/#primaryimage"},"image":{"@id":"https:\/\/www.meydan.tv\/az\/article\/olkeden-xebersizlerin-daxili-muhacireti\/#primaryimage"},"thumbnailUrl":"https:\/\/www.meydan.tv\/wp-content\/uploads\/3986.jpg","datePublished":"2014-07-25T20:25:17+00:00","breadcrumb":{"@id":"https:\/\/www.meydan.tv\/az\/article\/olkeden-xebersizlerin-daxili-muhacireti\/#breadcrumb"},"inLanguage":"az","potentialAction":[{"@type":"ReadAction","target":["https:\/\/www.meydan.tv\/az\/article\/olkeden-xebersizlerin-daxili-muhacireti\/"]}]},{"@type":"ImageObject","inLanguage":"az","@id":"https:\/\/www.meydan.tv\/az\/article\/olkeden-xebersizlerin-daxili-muhacireti\/#primaryimage","url":"https:\/\/www.meydan.tv\/wp-content\/uploads\/3986.jpg","contentUrl":"https:\/\/www.meydan.tv\/wp-content\/uploads\/3986.jpg","width":500,"height":500,"caption":"Source:"},{"@type":"BreadcrumbList","@id":"https:\/\/www.meydan.tv\/az\/article\/olkeden-xebersizlerin-daxili-muhacireti\/#breadcrumb","itemListElement":[{"@type":"ListItem","position":1,"name":"Ana s\u0259hif\u0259","item":"https:\/\/www.meydan.tv\/az\/"},{"@type":"ListItem","position":2,"name":"M\u0259nim Fikrimc\u0259","item":"https:\/\/www.meydan.tv\/az\/section\/menim-fikrimce\/"},{"@type":"ListItem","position":3,"name":"\u00d6lk\u0259d\u0259n x\u0259b\u0259rsizl\u0259rin daxili m\u00fchacir\u0259ti"}]},{"@type":"WebSite","@id":"https:\/\/www.meydan.tv\/az\/#website","url":"https:\/\/www.meydan.tv\/az\/","name":"MEYDAN.TV","description":"Meydan TV Az\u0259rbaycan\u0131n media m\u0259kan\u0131ndak\u0131 alternativ s\u0259sidir","publisher":{"@id":"https:\/\/www.meydan.tv\/az\/#organization"},"potentialAction":[{"@type":"SearchAction","target":{"@type":"EntryPoint","urlTemplate":"https:\/\/www.meydan.tv\/az\/?s={search_term_string}"},"query-input":{"@type":"PropertyValueSpecification","valueRequired":true,"valueName":"search_term_string"}}],"inLanguage":"az"},{"@type":"Organization","@id":"https:\/\/www.meydan.tv\/az\/#organization","name":"Meydan TV","url":"https:\/\/www.meydan.tv\/az\/","logo":{"@type":"ImageObject","inLanguage":"az","@id":"https:\/\/www.meydan.tv\/az\/#\/schema\/logo\/image\/","url":"https:\/\/www.meydan.tv\/wp-content\/uploads\/2021\/07\/meydan-logo.svg","contentUrl":"https:\/\/www.meydan.tv\/wp-content\/uploads\/2021\/07\/meydan-logo.svg","width":195,"height":46,"caption":"Meydan TV"},"image":{"@id":"https:\/\/www.meydan.tv\/az\/#\/schema\/logo\/image\/"}},{"@type":"Person","@id":"https:\/\/www.meydan.tv\/az\/#\/schema\/person\/10d11eccf6da3662cf5fdab9806ea91a","name":"user-manager"}]}},"_links":{"self":[{"href":"https:\/\/www.meydan.tv\/az\/wp-json\/wp\/v2\/posts\/164685","targetHints":{"allow":["GET"]}}],"collection":[{"href":"https:\/\/www.meydan.tv\/az\/wp-json\/wp\/v2\/posts"}],"about":[{"href":"https:\/\/www.meydan.tv\/az\/wp-json\/wp\/v2\/types\/post"}],"author":[{"embeddable":true,"href":"https:\/\/www.meydan.tv\/az\/wp-json\/wp\/v2\/users\/11"}],"replies":[{"embeddable":true,"href":"https:\/\/www.meydan.tv\/az\/wp-json\/wp\/v2\/comments?post=164685"}],"version-history":[{"count":0,"href":"https:\/\/www.meydan.tv\/az\/wp-json\/wp\/v2\/posts\/164685\/revisions"}],"wp:featuredmedia":[{"embeddable":true,"href":"https:\/\/www.meydan.tv\/az\/wp-json\/wp\/v2\/media\/11969"}],"wp:attachment":[{"href":"https:\/\/www.meydan.tv\/az\/wp-json\/wp\/v2\/media?parent=164685"}],"wp:term":[{"taxonomy":"category","embeddable":true,"href":"https:\/\/www.meydan.tv\/az\/wp-json\/wp\/v2\/categories?post=164685"},{"taxonomy":"post_tag","embeddable":true,"href":"https:\/\/www.meydan.tv\/az\/wp-json\/wp\/v2\/tags?post=164685"}],"curies":[{"name":"wp","href":"https:\/\/api.w.org\/{rel}","templated":true}]}}