{"id":164633,"date":"2014-07-22T16:55:17","date_gmt":"2014-07-22T16:55:17","guid":{"rendered":"https:\/\/www.meydan.tv\/article\/dogan-yaradan-ana-rehminin-adi-ile\/"},"modified":"2014-07-22T16:55:17","modified_gmt":"2014-07-22T16:55:17","slug":"dogan-yaradan-ana-rehminin-adi-ile","status":"publish","type":"post","link":"https:\/\/www.meydan.tv\/az\/article\/dogan-yaradan-ana-rehminin-adi-ile\/","title":{"rendered":"Do\u011fan, yaradan, ana r\u0259hminin ad\u0131 il\u0259&#8230;"},"content":{"rendered":"<figure class=\"wp-block-image size-large\">\n  <img decoding=\"async\" src=\"https:\/\/www.meydan.tv\/az\/11566\/\" alt=\"\" class=\"wp-image-11566\"\/><figcaption><\/figcaption><\/figure>\n<\/p>\n<figure class=\"wp-block-image size-large\">\n  <img decoding=\"async\" src=\"https:\/\/www.meydan.tv\/az\/11563\/\" alt=\"\" class=\"wp-image-11563\"\/><figcaption><\/figcaption><\/figure>\n<p>\n  Q\u0259dim insanlar var olanlar\u0131 iki yer\u0259 b\u00f6lm\u00fc\u015fl\u0259r: do\u011fub-t\u00f6r\u0259y\u0259nl\u0259r, bar ver\u0259nl\u0259r v\u0259 do\u011fmayanlar, bar verm\u0259y\u0259nl\u0259r; di\u015fi v\u0259 erk\u0259k, yaxud, qad\u0131n v\u0259 ki\u015fi. (Q\u0259na\u0259timc\u0259, cinsli dill\u0259rin meydana g\u0259lm\u0259si d\u0259 bu amill\u0259 \u0259laq\u0259dard\u0131r. Orta cins, m\u0259nc\u0259, daha sonralar yaran\u0131b). D\u00fcnya xalqlar\u0131n\u0131n mifologiyas\u0131nda a\u011fac\u0131n, canavar\u0131n, da\u011f\u0131n, da\u015f\u0131n, suyun v\u0259 s. insan do\u011fmas\u0131na v\u0259 qad\u0131nla eynil\u0259\u015fdirililm\u0259sin\u0259 aid \u00e7oxlu sayda \u00f6rn\u0259kl\u0259r vard\u0131r.\n<\/p>\n<p>\n  Bel\u0259likl\u0259, qad\u0131nlar, di\u015fi heyvanlar, bar ver\u0259n a\u011faclar, m\u0259hsul ver\u0259n torpaq v\u0259 s. eyni cinsd\u0259n say\u0131lm\u0131\u015f v\u0259 buna g\u00f6r\u0259 d\u0259 b\u00fct\u00f6vl\u00fckd\u0259 yaratma bacar\u0131\u011f\u0131 feminin qabiliyy\u0259t kimi t\u0259s\u0259vv\u00fcr edilmi\u015fdir.\n<\/p>\n<p>\n  \u0130nsanlar\u0131n yaratd\u0131\u011f\u0131 \u0259n q\u0259dim s\u0259n\u0259t n\u00fcmun\u0259l\u0259ri, ma\u011fara r\u0259sml\u0259ri v\u0259 heyk\u0259ll\u0259rin t\u0259xmin\u0259n 40-45 min il ya\u015f\u0131 var. Maraql\u0131d\u0131r ki, bunlar\u0131n ham\u0131s\u0131 qad\u0131n r\u0259sml\u0259ri v\u0259 heyk\u0259ll\u0259ridir. Bel\u0259 hesab edilir ki, onlar sitayi\u015f n\u0259sn\u0259si kimi yarad\u0131l\u0131b. Tunc d\u00f6vr\u00fcn\u0259d\u0259k gonbul, iri d\u00f6\u015fl\u00fc (b\u0259r\u0259k\u0259t r\u0259mzi kimi), geni\u015f yan\u00e7aql\u0131 (do\u011fu\u015f, yaratma r\u0259mzi kimi), kobud, sa\u011f v\u0259 sol t\u0259r\u0259find\u0259 p\u0259l\u0259ngl\u0259rl\u0259 taxtda oturan (hakimiyy\u0259t r\u0259mzi kimi) ana tanr\u0131\u00e7a m\u00fcq\u0259dd\u0259sl\u0259\u015fm\u0259kd\u0259 davam edir. Lakin Tunc d\u00f6vr\u00fcnd\u0259n sonra patriarxall\u0131q q\u00fcvv\u0259tl\u0259ndikc\u0259, ana tanr\u0131\u00e7a heyk\u0259ll\u0259ri \u00f6z n\u00fcfuzunu itirm\u0259y\u0259, get-ged\u0259 \u201car\u0131qlama\u011fa\u201d v\u0259 \u201cz\u0259rifl\u0259\u015fm\u0259y\u0259\u201d ba\u015flay\u0131r. Bu, h\u0259m d\u0259 qad\u0131na qar\u015f\u0131 m\u00fcnasib\u0259tin g\u00f6st\u0259ricisi idi. Q\u0259dim d\u00f6vr\u0259 aid olan b\u00fctl\u0259r art\u0131q bir ne\u00e7\u0259 qar\u0131n do\u011fmu\u015f, m\u00fcasir ifad\u0259yl\u0259 des\u0259k, \u201cq\u0131zl\u0131q fiquras\u0131n\u0131\u201d itirmi\u015f, t\u0259cr\u00fcb\u0259li, h\u00f6kml\u00fc, dolu b\u0259d\u0259nli analard\u0131r. Sonrak\u0131 d\u00f6vr\u00fcn qad\u0131n fiqurlar\u0131ndan is\u0259 erotizm, z\u0259iflik, qorxaql\u0131q v\u0259 \u00fcrk\u0259klik ya\u011f\u0131r. Ba\u015fqa s\u00f6zl\u0259, qad\u0131nda anal\u0131q \u0259v\u0259zin\u0259 seksuall\u0131q \u00f6n\u0259 \u00e7\u0131xma\u011fa ba\u015flay\u0131r. Bel\u0259 qad\u0131n t\u0259qdimat\u0131 g\u00fcn\u00fcm\u00fcz\u0259d\u0259k aktuall\u0131\u011f\u0131n\u0131 qoruyur.\n<\/p>\n<p>\n  Yeri g\u0259lmi\u015fk\u0259n, qad\u0131n ad\u0131 kimi bu g\u00fcn d\u0259 istifad\u0259 edil\u0259n \u201cs\u0259n\u0259m\u201d s\u00f6z\u00fc vaxtil\u0259 \u201cb\u00fct\u201dl\u0259r\u0259 deyilirdi v\u0259 onun dig\u0259r m\u0259nas\u0131 g\u00f6z\u0259l qad\u0131n dem\u0259kdir. \u201cS\u0259n\u0259m\u201d s\u00f6z\u00fcnd\u0259 qad\u0131n-b\u00fct eyniliyinin izl\u0259rini g\u00f6r\u00fcr\u00fck. B\u00fctl\u0259r\u0259 is\u0259 monoteist dinl\u0259r\u0259d\u0259k allah kimi sitayi\u015f edilirdi. Dem\u0259li, b\u00fct-qad\u0131n eyniliyi \u0259slind\u0259 allah-qad\u0131n eyniliyi dem\u0259kdir Sonralar \u201cb\u00fct\u201d, \u201cs\u0259n\u0259m\u201d epitetl\u0259rin\u0259 divan \u0259d\u0259biyyat\u0131nda bol-bol rast g\u0259lin\u0259c\u0259k: \u201cAllahu \u0259kb\u0259r, ey s\u0259n\u0259m!\u201d (\u0130.N\u0259simi), yaxud, \u201cHeyr\u0259t ey b\u00fct, sur\u0259tin g\u00f6rd\u00fckd\u0259 lal eyl\u0259r m\u0259ni.\u201d (M.F\u00fczuli) v\u0259 s.\n<\/p>\n<p>\n  <b><br \/>\n    \u0130lk v\u0259t\u0259nimiz anam\u0131z\u0131n b\u0259d\u0259nidir<br \/>\n  <\/b>\n<\/p>\n<p>\n  Bir s\u0131ra ara\u015fd\u0131rma\u00e7\u0131lar\u0131n fikrinc\u0259, t\u00f6r\u0259dici kimi h\u0259r \u015feyin \u00f6z\u00fcl\u00fcnd\u0259 dayanan, m\u0259nas\u0131 ilkin madd\u0259 dem\u0259k olan \u201cmateriya\u201d s\u00f6z\u00fc \u2013 lat\u0131nca \u201cmater\u201d, ingilisc\u0259 \u201cmother\u201d, rusca \u201c\u043c\u0430\u0442\u044c\u201d, almanca \u201cdie Mutter\u201d s\u00f6zl\u0259ri il\u0259 eynik\u00f6kl\u00fcd\u00fcr; m\u0259nas\u0131 ana dem\u0259kdir. Y\u0259ni, qad\u0131n ilkin maddi ba\u015flan\u011f\u0131cd\u0131r.\n<\/p>\n<p>\n  \u0130lk v\u0259t\u0259nimiz anam\u0131z\u0131n b\u0259d\u0259nidir.\n<\/p>\n<p>\n  Q\u0259na\u0259timc\u0259, aylarla ana b\u0259tnind\u0259 suyun i\u00e7ind\u0259 qalan v\u0259 d\u00fcnyaya suyla g\u0259l\u0259n insan\u0131n, d\u00fcnyada ilk yarad\u0131c\u0131n\u0131 di\u015fi su bi\u00e7imind\u0259 t\u0259s\u0259vv\u00fcr etm\u0259si m\u0259ntiqlidir. (\u015eumer mifl\u0259rind\u0259 tanr\u0131\u00e7a Nammu, yunanlarda tanr\u0131\u00e7a Qaia v\u0259 s.)\n<\/p>\n<p>\n  T\u00fcrkl\u0259rin dinini ara\u015fd\u0131ran J.-P.Roux bel\u0259 hesab edir ki, t\u00fcrkl\u0259rd\u0259 b\u0259r\u0259k\u0259t v\u0259 do\u011fum tanr\u0131\u00e7as\u0131 \u201c(H)Umay\u201d \u2013 ana r\u0259hmi (plasenta) dem\u0259kdir.\n<\/p>\n<p>\n  T\u0259s\u0259vv\u00fcf filosoflar\u0131n\u0131n qad\u0131nla ba\u011fl\u0131 g\u00f6r\u00fc\u015fl\u0259rini \u201cSufi g\u00f6z\u00fcyl\u0259 qad\u0131n\u201d adl\u0131 kitab\u0131nda i\u015f\u0131qland\u0131ran S.Uluda\u011f, \u0130bn \u018fr\u0259binin ana r\u0259hmiyl\u0259 Allah\u0131n adlar\u0131 olan R\u0259hman v\u0259 R\u0259him aras\u0131nda \u0259laq\u0259 qurdu\u011fundan b\u0259hs edir. Y\u0259ni, R\u0259hman, R\u0259him adlar\u0131n\u0131n \u201cdo\u011fan\u201d, \u201cana r\u0259hmi\u201d, \u201cana b\u0259tni\u201d, \u201canal\u0131q orqan\u0131\u201d kimi m\u0259nalar\u0131 vard\u0131r. Dem\u0259li, \u201cBismillahirrahmanirrahim\u201dl\u0259 s\u00f6z\u0259 ba\u015flayan h\u0259r bir m\u00fcs\u0259lman \u0259slind\u0259, \u015f\u0259fq\u0259tli, m\u0259rh\u0259m\u0259tli, b\u0259sl\u0259yici \u201cDo\u011fan, Yaradan, Ana r\u0259hminin, Anal\u0131q orqan\u0131n\u0131n ad\u0131yla\u201d dey\u0259r\u0259k s\u00f6z\u0259 ba\u015flay\u0131r.\n<\/p>\n<p>\n  Feminist teologiyan\u0131n qurucusu C.Halkes\u0259 g\u00f6r\u0259 d\u0259 ivrit dilind\u0259 \u201crachum\u201d (m\u0259rh\u0259m\u0259tli) il\u0259 \u201crechem\u201d (r\u0259him) s\u00f6zl\u0259ri eynik\u00f6kl\u00fc qohum s\u00f6zl\u0259rdir.\n<\/p>\n<p>\n  (Bu s\u00f6zl\u0259r sonralar \u0259r\u0259b dilin\u0259 ke\u00e7ib, h\u0259m d\u0259 h\u0259r iki dil sami dil ail\u0259sin\u0259 m\u0259nsubdur).\n<\/p>\n<p>\n  Halkes h\u0259tta monoteist dinl\u0259rd\u0259 d\u0259 Allah\u0131n qad\u0131n cinsin\u0259 v\u0259 x\u00fcsusiyy\u0259tl\u0259rin\u0259 malik olmas\u0131n\u0131 \u0259sasland\u0131r\u0131r.\n<\/p>\n<p>\n  Hindistanda \u0259vv\u0259ll\u0259r qad\u0131n cinsind\u0259 olan, sonralar is\u0259 ki\u015fi cinsin\u0259 \u00e7evrilmi\u015f tanr\u0131lardan biri \u015eivan\u0131n m\u0259kan\u0131 \u201cGarbha griha\u201d, y\u0259ni \u201cr\u0259him evi\u201d, \u201canal\u0131q orqan\u0131 evi\u201d adlan\u0131r.\n<\/p>\n<p>\n  Ana r\u0259hminin ilkin yarad\u0131c\u0131 olmas\u0131 v\u0259 yeri-g\u00f6y\u00fc do\u011fmas\u0131 \u00c7in d\u00fcnyag\u00f6r\u00fc\u015f\u00fcn\u00fcn t\u0259m\u0259ll\u0259rind\u0259n olan Dao f\u0259ls\u0259f\u0259sind\u0259 d\u0259 m\u00f6vcuddur. Daoizmin ana kitab\u0131 \u201cDao De \u00c7inq\u201din 6-c\u0131 \u015ferind\u0259 deyilir:\n<\/p>\n<p>\n  \u201cVadi ruhu ol\u00fcms\u00fczd\u00fcr.\n<\/p>\n<p>\n  Deyirl\u0259r ki, qaranl\u0131q bir di\u015fiymi\u015f o\n<\/p>\n<p>\n  qaranl\u0131q di\u015finin qap\u0131s\u0131 (r\u0259hmi)\n<\/p>\n<p>\n  k\u00f6k\u00fcym\u00fc\u015f g\u00f6y\u00fcn, yerin.\n<\/p>\n<p>\n  Durmadan, yorulmadan\n<\/p>\n<p>\n  t\u0259sir ed\u0259r d\u00f6rd bir yana.\u201d\n<\/p>\n<p>\n  \u00d6.Tulqana g\u00f6r\u0259 bu \u015feird\u0259 \u201c \u201cQaranl\u0131q di\u015fi\u201d h\u0259m mistik, sirrl\u0259 dolu qad\u0131nl\u0131\u011f\u0131, ba\u015fqa s\u00f6zl\u0259, Yini, batiniliyi, daxililiyi simvolla\u015fd\u0131r\u0131r, h\u0259m d\u0259 \u00c7in dilind\u0259 \u201cana b\u0259tni\u201d, \u201cana r\u0259hmi\u201d, \u201canal\u0131q orqan\u0131\u201d m\u0259nas\u0131na g\u0259lir. \u201cQaranl\u0131q di\u015finin qap\u0131s\u0131\u201d h\u0259m h\u0259r c\u00fcr m\u00f6vcudat\u0131n do\u011fulu\u015funun tablosunu r\u0259sm edir, h\u0259m d\u0259 \u201csirrl\u0259r sirri\u201d olan \u201cb\u00fct\u00fcn m\u00f6c\u00fcz\u0259nin qap\u0131s\u0131n\u0131\u201d \u2013 Daonu assosiasiya edir.\u201d\n<\/p>\n<p>\n  Anadolu tanr\u0131\u00e7as\u0131 Kibele d\u0259 \u201cH\u0259yat\u0131n r\u0259hmi\u201d kimi t\u0259qdim edilir.\n<\/p>\n<p>\n  <b><br \/>\n    \u201cDo\u011fdu g\u00fcn\u0259\u015f q\u0131rm\u0131z\u0131&#8230;\u201d<br \/>\n  <\/b>\n<\/p>\n<p>\n  Bir \u00e7ox xalqlar\u0131n mifl\u0259rind\u0259 t\u0259kc\u0259 yerin deyil, g\u00fcn\u0259\u015fin d\u0259 \u00e7\u0131xd\u0131\u011f\u0131 m\u0259kan ana b\u0259tni bi\u00e7imind\u0259 t\u0259svir edilir. M\u0259s\u0259l\u0259n, q\u0259dim misirlil\u0259r\u0259 g\u00f6r\u0259, g\u00f6y q\u00fcbb\u0259si kosmik in\u0259k g\u00f6r\u00fcn\u00fc\u015f\u00fcnd\u0259 olan tanr\u0131\u00e7a Hatxorun qarn\u0131 v\u0259 b\u0259tnidir. Hatxor, g\u00fcn\u0259\u015f tanr\u0131s\u0131 Horusu s\u0259h\u0259rl\u0259r do\u011fub, ax\u015famlar b\u0259tnin\u0259 qaytar\u0131r. Anadoluda \u00c7atalh\u00f6y\u00fckd\u0259 bir divar r\u0259smind\u0259 tanr\u0131\u00e7an\u0131n qarn\u0131nda bir dair\u0259 v\u0259 dair\u0259nin d\u0259 ortas\u0131nda n\u00f6qt\u0259 \u00e7\u0259kilib. Burada da tanr\u0131\u00e7an\u0131n qarn\u0131n\u0131n (r\u0259hminin) g\u00fcn\u0259\u015fin evi olmas\u0131 g\u00f6st\u0259rilir (Y.C\u0131b\u0131ro\u011flu). Dilimizd\u0259 h\u0259l\u0259 d\u0259 saxlan\u0131lan \u201cg\u00fcn\u0259\u015f do\u011f(ul)du, \u201cay do\u011f(ul)du\u201d, \u201cquyruq do\u011f(ul)du, \u201culduz do\u011f(ul)du\u201d ifad\u0259l\u0259ri d\u0259 bel\u0259 mifl\u0259rl\u0259 \u0259laq\u0259lidir. Yeri g\u0259lmi\u015fk\u0259n, deyim ki, \u0259slind\u0259 T\u00fcrkiy\u0259 t\u00fcrkl\u0259ri do\u011fulma\u011fa do\u011fmaq dey\u0259rk\u0259n bizd\u0259n daha \u00e7ox haql\u0131d\u0131rlar v\u0259 biz do\u011fulmaq felini yaln\u0131z g\u00f6y cisiml\u0259rin\u0259 t\u0259tbiq ed\u0259rk\u0259n do\u011fru i\u015fl\u0259dirik.\n<\/p>\n<p>\n  <b><br \/>\n    R\u0259hmd\u0259n g\u0259lib r\u0259hm(\u0259t)\u0259 getm\u0259yimiz<br \/>\n  <\/b>\n<\/p>\n<p>\n  J.G.Frazerin, G.T\u00fcmerin, Y.C\u0131b\u0131ro\u011flunun, J.Campbelin, R.Briffaultun, M.Gimbutas\u0131n K. Armstrongun v\u0259 b. arxaik d\u00f6n\u0259ml\u0259r\u0259 aid ara\u015fd\u0131rmalar\u0131nda, tanr\u0131\u00e7a v\u0259 tanr\u0131lar\u0131n evi say\u0131lan m\u0259b\u0259dl\u0259rin, el\u0259c\u0259 d\u0259 m\u0259zarlar\u0131n ana b\u0259tni v\u0259 anal\u0131q orqan\u0131 bi\u00e7imind\u0259 haz\u0131rlanmas\u0131ndan b\u0259hs edilir.\n<\/p>\n<p>\n  H\u0259tta \u015fumer ilahil\u0259rinin birind\u0259 \u201cax\u015fam yem\u0259yin\u0259 \u00e7\u00f6r\u0259k do\u011fan soba\u201d haqq\u0131nda dan\u0131\u015f\u0131l\u0131r! (S.N.Kramer).\n<\/p>\n<p>\n  Son d\u0259r\u0259c\u0259 m\u00fch\u00fcm bir m\u0259qama da diqq\u0259tinizi c\u0259lb etm\u0259k ist\u0259yir\u0259m. M.H.\u00c7\u0131\u011f\u0131n yaz\u0131lar\u0131na \u0259saslanaraq dey\u0259 bil\u0259rik ki, \u015fumerlil\u0259r h\u0259bsxanalar\u0131 da ana b\u0259tni formas\u0131nda tikibl\u0259r! M\u0259nas\u0131 da bu olub ki, c\u0259za evind\u0259n \u00e7\u0131xan adam g\u00fcnahlar\u0131ndan t\u0259mizl\u0259nmi\u015f halda yenid\u0259n do\u011fulur! \u0130ndi d\u0259 hans\u0131sa fiziki v\u0259 ya m\u0259n\u0259vi bir a\u011fr\u0131dan qurtulduqdan sonra \u201canadan yeni do\u011fulmu\u015f kimiy\u0259m\u201d ifad\u0259sini i\u015fl\u0259dirik. Yeni do\u011fulmu\u015f \u00e7a\u011fa ana b\u0259tnind\u0259n d\u00fcnyaya su il\u0259 g\u0259ldiyin\u0259 g\u00f6r\u0259 yuyunmu\u015f v\u0259 t\u0259miz say\u0131l\u0131rd\u0131, amma sonralar qad\u0131n\u0131n murdar elan edilm\u0259siyl\u0259 bu d\u00fc\u015f\u00fcnc\u0259 d\u0259yi\u015fdirildi. M\u0259s\u0259l\u0259n, xristianl\u0131\u011fa g\u00f6r\u0259 insan d\u00fcnyaya g\u00fcnahkar v\u0259 murdar g\u0259lir v\u0259 ona g\u00f6r\u0259 d\u0259 xa\u00e7 suyuna sal\u0131n\u0131b vaftiz edilm\u0259lidir. Yunan dilind\u0259 \u201cvaptizo\u201ddan t\u00f6r\u0259y\u0259n bu s\u00f6z\u00fcn m\u0259nas\u0131 \u201csuya bat\u0131rmaq\u201d, \u201cyumaq\u201d dem\u0259kdir.\n<\/p>\n<p>\n  \u0130raqda, Hindistanda, Anadoluda (\u00c7atalh\u00f6y\u00fckd\u0259), Misird\u0259, F\u0259l\u0259stind\u0259 v\u0259 \u00dcrd\u00fcn torpaqlar\u0131nda v\u0259 s. ana r\u0259hmi v\u0259 anal\u0131q orqan\u0131 qurulu\u015funda dair\u0259vi (ana b\u0259tni) v\u0259 \u00fc\u00e7bucaq (anal\u0131q orqan\u0131) \u015f\u0259klind\u0259 onlarla m\u0259b\u0259d, ma\u011faralar v\u0259 m\u0259zarlar var.\n<\/p>\n<p>\n  Az\u0259rbaycan\u0131n m\u00fcxt\u0259lif b\u00f6lg\u0259l\u0259rind\u0259 arxeoloji qaz\u0131nt\u0131lar zaman\u0131 tap\u0131lmaqda olan k\u00fcp q\u0259birl\u0259r d\u0259 ana b\u0259tnini imitasiya edir.\n<\/p>\n<p>\n  H\u0259l\u0259 d\u0259 bir \u00e7ox b\u00f6lg\u0259l\u0259rd\u0259 tap\u0131nt\u0131lar zaman\u0131 g\u00f6r\u00fcl\u00fcr ki, q\u0259birl\u0259r ana b\u0259tni formas\u0131nda, i\u00e7ind\u0259ki c\u0259s\u0259dl\u0259r is\u0259 ana b\u0259tnind\u0259ki k\u00f6rp\u0259 kimi yar\u0131mb\u00fck\u00fcl\u00fc v\u0259ziyy\u0259td\u0259dir. Bu c\u00fcr d\u0259fn edilm\u0259 h\u0259tta Neandertal q\u0259birl\u0259rind\u0259 d\u0259 g\u00f6r\u00fcl\u00fcr!\n<\/p>\n<p>\n  Q\u0259dim insanlar \u00f6zl\u0259rini t\u0259bi\u0259td\u0259n ay\u0131rmad\u0131qlar\u0131na g\u00f6r\u0259 yenid\u0259n do\u011fulu\u015fa inan\u0131rd\u0131lar. M\u0259s\u0259l\u0259n, \u00f6\u00fcb-diril\u0259n tanr\u0131lar (Dumuzid\u0259n \u0130sayad\u0259k) q\u0131\u015fda t\u0259bi\u0259tin \u00f6l\u00fcb yazda yenid\u0259n dirilm\u0259sini simvolla\u015fd\u0131r\u0131r. Ana b\u0259tni bi\u00e7imind\u0259 olan q\u0259birl\u0259rin anlam\u0131 \u00f6l\u0259nin yenid\u0259n do\u011fulmaq \u00fc\u00e7\u00fcn ana b\u0259tnin\u0259 qaytar\u0131lmas\u0131 dem\u0259k idi.\n<\/p>\n<p>\n  Yuxar\u0131da Allah\u0131n adlar\u0131 olan R\u0259hman, R\u0259him haqq\u0131nda b\u0259hs etmi\u015fdik. Bu s\u00f6zl\u0259rin i\u015f\u0131\u011f\u0131nda \u00f6lm\u00fc\u015f birisin\u0259 n\u0259 \u00fc\u00e7\u00fcn \u201cr\u0259hm\u0259tlik\u201d, ya da \u201cAllah\u0131n r\u0259hm\u0259tin\u0259\u201d getdi\u201d dediyimizin m\u0259nas\u0131n\u0131 g\u00f6rm\u0259k olar. Quranda yaz\u0131l\u0131r: \u201cO, ist\u0259diyi kims\u0259ni \u00f6z r\u0259hm\u0259tin\u0259 daxil ed\u0259r&#8230;\u201d (76\/31)\n<\/p>\n<p>\n  K\u00fcp q\u0259birl\u0259r v\u0259 dig\u0259r m\u0259zar formalar\u0131ndan ba\u015fqa ana b\u0259tni kimi t\u0259s\u0259vv\u00fcr edil\u0259n ma\u011faralar\u0131n da h\u0259m m\u0259zarl\u0131q, h\u0259m d\u0259 m\u0259b\u0259d funksiyas\u0131n\u0131 da\u015f\u0131d\u0131\u011f\u0131 b\u0259llidir. H\u0259m mifl\u0259rd\u0259, h\u0259m f\u0259ls\u0259f\u0259 m\u0259tnl\u0259rind\u0259 (m\u0259s\u0259l\u0259n, Platonun m\u0259\u015fhur ma\u011fara mifi), h\u0259m d\u0259 t\u0259kallahl\u0131 dinl\u0259rin kitablar\u0131nda ma\u011faralar\u0131n feminin m\u0259nalar\u0131yla ba\u011fl\u0131 \u00e7oxlu n\u00fcmun\u0259l\u0259r vard\u0131r.\n<\/p>\n<p>\n  Q\u0259dim Anadolu inanc\u0131na g\u00f6r\u0259 Ana tanr\u0131\u00e7a Kibele tanr\u0131lar\u0131 ma\u011farada d\u00fcnyaya g\u0259tirir.\n<\/p>\n<p>\n  K\u00fclt\u00fcr tarix\u00e7il\u0259ri ev quruculu\u011fu v\u0259 memarl\u0131\u011f\u0131 da qad\u0131n pe\u015f\u0259si hesab edirl\u0259r. V\u0259 Afrikadan tutmu\u015f Amerikaya, Asiyaya, Orta Anadoluya, q\u0259dim t\u00fcrk m\u0259sk\u0259nl\u0259rin\u0259d\u0259k olan \u0259razil\u0259rd\u0259 (x\u00fcsusil\u0259, matrilokal ail\u0259 d\u00f6n\u0259ml\u0259rind\u0259) insanlar\u0131n ya\u015fad\u0131\u011f\u0131 evl\u0259rin qad\u0131nlar t\u0259r\u0259find\u0259n in\u015fa edildiyin\u0259 dair \u00e7oxlu faktlar var. Bu evl\u0259rin qurulmas\u0131nda (m\u0259s\u0259l\u0259n, dair\u0259vi k\u00fcmb\u0259zl\u0259r, \u00e7ad\u0131r evl\u0259r, q\u00fcbb\u0259l\u0259r v\u0259 s.) ana b\u0259tni simvolundan bol-bol istifad\u0259 edilib.\n<\/p>\n<p>\n  Q\u0259dim Misird\u0259 yaz\u0131 v\u0259 \u00f6l\u00e7\u00fc tanr\u0131\u00e7as\u0131 Se\u015fat olmas\u0131 da t\u0259sad\u00fcfi deyil. (Sonralar bu allah da transseksualla\u015fd\u0131, cinsini d\u0259yi\u015fib ki\u015fi tanr\u0131 Tota \u00e7evrildi).\n<\/p>\n<p>\n  B.G.Walkerin fikrinc\u0259, Se\u015fat h\u0259m d\u0259 saylar\u0131n, heroqlifl\u0259rin, saxlan\u0131lan qeydl\u0259rin tanr\u0131\u00e7as\u0131 olmaqla yana\u015f\u0131, \u201cKitablar\u0131n xan\u0131m\u0131\u201d, \u201c\u0130n\u015faat\u00e7\u0131 \u00f6l\u00e7\u00fcs\u00fcn\u00fcn xan\u0131m\u0131\u201d kimi adlara sahib olub. Q\u0259dim \u015eumerd\u0259 d\u0259 tanr\u0131\u00e7a Nidaba da h\u0259m yaz\u0131, h\u0259m d\u0259 in\u015faat\u00e7\u0131lar\u0131n tanr\u0131\u00e7as\u0131 olub.\n<\/p>\n<p>\n  Bel\u0259likl\u0259, \u00fcmumil\u0259\u015fdir\u0259k:\n<\/p>\n<p>\n  1.Yer, g\u00fcn\u0259\u015f v\u0259 insan ana b\u0259tnind\u0259n do\u011fulur.\n<\/p>\n<p>\n  2.\u0130nsanlar ya\u015fay\u0131\u015f m\u0259sk\u0259nl\u0259rini v\u0259 m\u00fcq\u0259dd\u0259s m\u0259kanlar\u0131n\u0131 (tanr\u0131\u00e7alar\u0131n evini) ana b\u0259tni b\u0259nz\u0259rind\u0259 in\u015fa edirdil\u0259r.\n<\/p>\n<p>\n  3.H\u0259bsxanalar\u0131 da yenid\u0259n do\u011fulma anlam\u0131nda ana b\u0259tni formas\u0131nda tikirdil\u0259r.\n<\/p>\n<p>\n  4.Q\u0259birl\u0259ri ana b\u0259tni formas\u0131nda (insan\u0131n bir daha do\u011fulaca\u011f\u0131na inan\u0131ld\u0131\u011f\u0131 \u00fc\u00e7\u00fcn) d\u00fcz\u0259ldirdil\u0259r.\n<\/p>\n<p>\n  M\u00fcq\u0259dd\u0259sl\u0259\u015fdirilmi\u015f, allahla\u015fd\u0131r\u0131lm\u0131\u015f, h\u0259r canl\u0131n\u0131n ilk v\u0259t\u0259ni, ilk yolu olan ana b\u0259tni, anal\u0131q orqan\u0131 b\u0259s n\u0259d\u0259n sonralar tabuya cevrildi: h\u0259m s\u00f6y\u00fc\u015f v\u0259 t\u0259hqir n\u0259sn\u0259si, h\u0259m d\u0259 qorunmas\u0131 laz\u0131m g\u0259l\u0259n, ad\u0131 bel\u0259 \u00e7\u0259kilm\u0259y\u0259n, l\u0259k\u0259l\u0259nm\u0259sind\u0259n v\u0259 ya l\u0259k\u0259l\u0259nm\u0259m\u0259sind\u0259n \u00f6tr\u00fc \u00f6l\u00fcml\u0259r\u0259 yol a\u00e7an namus v\u0259 \u0259xlaq simvolu oldu?\n<\/p>\n<p>\n  N\u00f6vb\u0259ti yaz\u0131lar\u0131m bu suallar \u0259traf\u0131nda olacaq.<\/p>\n","protected":false},"excerpt":{"rendered":"<p>\u0130lk v\u0259t\u0259nimiz anam\u0131z\u0131n b\u0259d\u0259nidir&#8230;<\/p>\n","protected":false},"author":11,"featured_media":11566,"comment_status":"closed","ping_status":"open","sticky":false,"template":"","format":"standard","meta":{"_acf_changed":false,"_sitemap_exclude":false,"_sitemap_priority":"","_sitemap_frequency":"","footnotes":""},"categories":[57],"tags":[],"class_list":["post-164633","post","type-post","status-publish","format-standard","has-post-thumbnail","hentry","category-menim-fikrimce","infinite-scroll-item","generate-columns","tablet-grid-50","mobile-grid-100","grid-parent","grid-33","no-featured-image-padding"],"acf":[],"yoast_head":"<!-- This site is optimized with the Yoast SEO plugin v27.4 - https:\/\/yoast.com\/product\/yoast-seo-wordpress\/ -->\n<title>Do\u011fan, yaradan, ana r\u0259hminin ad\u0131 il\u0259... - MEYDAN.TV<\/title>\n<meta name=\"robots\" content=\"index, follow, max-snippet:-1, max-image-preview:large, max-video-preview:-1\" \/>\n<link rel=\"canonical\" href=\"https:\/\/www.meydan.tv\/az\/article\/dogan-yaradan-ana-rehminin-adi-ile\/\" \/>\n<meta property=\"og:locale\" content=\"az_AZ\" \/>\n<meta property=\"og:type\" content=\"article\" \/>\n<meta property=\"og:title\" content=\"Do\u011fan, yaradan, ana r\u0259hminin ad\u0131 il\u0259... - MEYDAN.TV\" \/>\n<meta property=\"og:description\" content=\"\u0130lk v\u0259t\u0259nimiz anam\u0131z\u0131n b\u0259d\u0259nidir...\" \/>\n<meta property=\"og:url\" content=\"https:\/\/www.meydan.tv\/az\/article\/dogan-yaradan-ana-rehminin-adi-ile\/\" \/>\n<meta property=\"og:site_name\" content=\"MEYDAN.TV\" \/>\n<meta property=\"article:published_time\" content=\"2014-07-22T16:55:17+00:00\" \/>\n<meta property=\"og:image\" content=\"https:\/\/www.meydan.tv\/wp-content\/uploads\/3887.png\" \/>\n\t<meta property=\"og:image:width\" content=\"500\" \/>\n\t<meta property=\"og:image:height\" content=\"500\" \/>\n\t<meta property=\"og:image:type\" content=\"image\/png\" \/>\n<meta name=\"author\" content=\"user-manager\" \/>\n<meta name=\"twitter:card\" content=\"summary_large_image\" \/>\n<script type=\"application\/ld+json\" class=\"yoast-schema-graph\">{\"@context\":\"https:\\\/\\\/schema.org\",\"@graph\":[{\"@type\":\"Article\",\"@id\":\"https:\\\/\\\/www.meydan.tv\\\/az\\\/article\\\/dogan-yaradan-ana-rehminin-adi-ile\\\/#article\",\"isPartOf\":{\"@id\":\"https:\\\/\\\/www.meydan.tv\\\/az\\\/article\\\/dogan-yaradan-ana-rehminin-adi-ile\\\/\"},\"author\":{\"name\":\"user-manager\",\"@id\":\"https:\\\/\\\/www.meydan.tv\\\/az\\\/#\\\/schema\\\/person\\\/10d11eccf6da3662cf5fdab9806ea91a\"},\"headline\":\"Do\u011fan, yaradan, ana r\u0259hminin ad\u0131 il\u0259&#8230;\",\"datePublished\":\"2014-07-22T16:55:17+00:00\",\"mainEntityOfPage\":{\"@id\":\"https:\\\/\\\/www.meydan.tv\\\/az\\\/article\\\/dogan-yaradan-ana-rehminin-adi-ile\\\/\"},\"wordCount\":2767,\"publisher\":{\"@id\":\"https:\\\/\\\/www.meydan.tv\\\/az\\\/#organization\"},\"image\":{\"@id\":\"https:\\\/\\\/www.meydan.tv\\\/az\\\/article\\\/dogan-yaradan-ana-rehminin-adi-ile\\\/#primaryimage\"},\"thumbnailUrl\":\"https:\\\/\\\/www.meydan.tv\\\/wp-content\\\/uploads\\\/3887.png\",\"articleSection\":[\"M\u0259nim Fikrimc\u0259\"],\"inLanguage\":\"az\"},{\"@type\":\"WebPage\",\"@id\":\"https:\\\/\\\/www.meydan.tv\\\/az\\\/article\\\/dogan-yaradan-ana-rehminin-adi-ile\\\/\",\"url\":\"https:\\\/\\\/www.meydan.tv\\\/az\\\/article\\\/dogan-yaradan-ana-rehminin-adi-ile\\\/\",\"name\":\"Do\u011fan, yaradan, ana r\u0259hminin ad\u0131 il\u0259... - MEYDAN.TV\",\"isPartOf\":{\"@id\":\"https:\\\/\\\/www.meydan.tv\\\/az\\\/#website\"},\"primaryImageOfPage\":{\"@id\":\"https:\\\/\\\/www.meydan.tv\\\/az\\\/article\\\/dogan-yaradan-ana-rehminin-adi-ile\\\/#primaryimage\"},\"image\":{\"@id\":\"https:\\\/\\\/www.meydan.tv\\\/az\\\/article\\\/dogan-yaradan-ana-rehminin-adi-ile\\\/#primaryimage\"},\"thumbnailUrl\":\"https:\\\/\\\/www.meydan.tv\\\/wp-content\\\/uploads\\\/3887.png\",\"datePublished\":\"2014-07-22T16:55:17+00:00\",\"breadcrumb\":{\"@id\":\"https:\\\/\\\/www.meydan.tv\\\/az\\\/article\\\/dogan-yaradan-ana-rehminin-adi-ile\\\/#breadcrumb\"},\"inLanguage\":\"az\",\"potentialAction\":[{\"@type\":\"ReadAction\",\"target\":[\"https:\\\/\\\/www.meydan.tv\\\/az\\\/article\\\/dogan-yaradan-ana-rehminin-adi-ile\\\/\"]}]},{\"@type\":\"ImageObject\",\"inLanguage\":\"az\",\"@id\":\"https:\\\/\\\/www.meydan.tv\\\/az\\\/article\\\/dogan-yaradan-ana-rehminin-adi-ile\\\/#primaryimage\",\"url\":\"https:\\\/\\\/www.meydan.tv\\\/wp-content\\\/uploads\\\/3887.png\",\"contentUrl\":\"https:\\\/\\\/www.meydan.tv\\\/wp-content\\\/uploads\\\/3887.png\",\"width\":500,\"height\":500,\"caption\":\"Source:\"},{\"@type\":\"BreadcrumbList\",\"@id\":\"https:\\\/\\\/www.meydan.tv\\\/az\\\/article\\\/dogan-yaradan-ana-rehminin-adi-ile\\\/#breadcrumb\",\"itemListElement\":[{\"@type\":\"ListItem\",\"position\":1,\"name\":\"Ana s\u0259hif\u0259\",\"item\":\"https:\\\/\\\/www.meydan.tv\\\/az\\\/\"},{\"@type\":\"ListItem\",\"position\":2,\"name\":\"M\u0259nim Fikrimc\u0259\",\"item\":\"https:\\\/\\\/www.meydan.tv\\\/az\\\/section\\\/menim-fikrimce\\\/\"},{\"@type\":\"ListItem\",\"position\":3,\"name\":\"Do\u011fan, yaradan, ana r\u0259hminin ad\u0131 il\u0259&#8230;\"}]},{\"@type\":\"WebSite\",\"@id\":\"https:\\\/\\\/www.meydan.tv\\\/az\\\/#website\",\"url\":\"https:\\\/\\\/www.meydan.tv\\\/az\\\/\",\"name\":\"MEYDAN.TV\",\"description\":\"Meydan TV Az\u0259rbaycan\u0131n media m\u0259kan\u0131ndak\u0131 alternativ s\u0259sidir\",\"publisher\":{\"@id\":\"https:\\\/\\\/www.meydan.tv\\\/az\\\/#organization\"},\"potentialAction\":[{\"@type\":\"SearchAction\",\"target\":{\"@type\":\"EntryPoint\",\"urlTemplate\":\"https:\\\/\\\/www.meydan.tv\\\/az\\\/?s={search_term_string}\"},\"query-input\":{\"@type\":\"PropertyValueSpecification\",\"valueRequired\":true,\"valueName\":\"search_term_string\"}}],\"inLanguage\":\"az\"},{\"@type\":\"Organization\",\"@id\":\"https:\\\/\\\/www.meydan.tv\\\/az\\\/#organization\",\"name\":\"Meydan TV\",\"url\":\"https:\\\/\\\/www.meydan.tv\\\/az\\\/\",\"logo\":{\"@type\":\"ImageObject\",\"inLanguage\":\"az\",\"@id\":\"https:\\\/\\\/www.meydan.tv\\\/az\\\/#\\\/schema\\\/logo\\\/image\\\/\",\"url\":\"https:\\\/\\\/www.meydan.tv\\\/wp-content\\\/uploads\\\/2021\\\/07\\\/meydan-logo.svg\",\"contentUrl\":\"https:\\\/\\\/www.meydan.tv\\\/wp-content\\\/uploads\\\/2021\\\/07\\\/meydan-logo.svg\",\"width\":195,\"height\":46,\"caption\":\"Meydan TV\"},\"image\":{\"@id\":\"https:\\\/\\\/www.meydan.tv\\\/az\\\/#\\\/schema\\\/logo\\\/image\\\/\"}},{\"@type\":\"Person\",\"@id\":\"https:\\\/\\\/www.meydan.tv\\\/az\\\/#\\\/schema\\\/person\\\/10d11eccf6da3662cf5fdab9806ea91a\",\"name\":\"user-manager\"}]}<\/script>\n<!-- \/ Yoast SEO plugin. -->","yoast_head_json":{"title":"Do\u011fan, yaradan, ana r\u0259hminin ad\u0131 il\u0259... - MEYDAN.TV","robots":{"index":"index","follow":"follow","max-snippet":"max-snippet:-1","max-image-preview":"max-image-preview:large","max-video-preview":"max-video-preview:-1"},"canonical":"https:\/\/www.meydan.tv\/az\/article\/dogan-yaradan-ana-rehminin-adi-ile\/","og_locale":"az_AZ","og_type":"article","og_title":"Do\u011fan, yaradan, ana r\u0259hminin ad\u0131 il\u0259... - MEYDAN.TV","og_description":"\u0130lk v\u0259t\u0259nimiz anam\u0131z\u0131n b\u0259d\u0259nidir...","og_url":"https:\/\/www.meydan.tv\/az\/article\/dogan-yaradan-ana-rehminin-adi-ile\/","og_site_name":"MEYDAN.TV","article_published_time":"2014-07-22T16:55:17+00:00","og_image":[{"width":500,"height":500,"url":"https:\/\/www.meydan.tv\/wp-content\/uploads\/3887.png","type":"image\/png"}],"author":"user-manager","twitter_card":"summary_large_image","schema":{"@context":"https:\/\/schema.org","@graph":[{"@type":"Article","@id":"https:\/\/www.meydan.tv\/az\/article\/dogan-yaradan-ana-rehminin-adi-ile\/#article","isPartOf":{"@id":"https:\/\/www.meydan.tv\/az\/article\/dogan-yaradan-ana-rehminin-adi-ile\/"},"author":{"name":"user-manager","@id":"https:\/\/www.meydan.tv\/az\/#\/schema\/person\/10d11eccf6da3662cf5fdab9806ea91a"},"headline":"Do\u011fan, yaradan, ana r\u0259hminin ad\u0131 il\u0259&#8230;","datePublished":"2014-07-22T16:55:17+00:00","mainEntityOfPage":{"@id":"https:\/\/www.meydan.tv\/az\/article\/dogan-yaradan-ana-rehminin-adi-ile\/"},"wordCount":2767,"publisher":{"@id":"https:\/\/www.meydan.tv\/az\/#organization"},"image":{"@id":"https:\/\/www.meydan.tv\/az\/article\/dogan-yaradan-ana-rehminin-adi-ile\/#primaryimage"},"thumbnailUrl":"https:\/\/www.meydan.tv\/wp-content\/uploads\/3887.png","articleSection":["M\u0259nim Fikrimc\u0259"],"inLanguage":"az"},{"@type":"WebPage","@id":"https:\/\/www.meydan.tv\/az\/article\/dogan-yaradan-ana-rehminin-adi-ile\/","url":"https:\/\/www.meydan.tv\/az\/article\/dogan-yaradan-ana-rehminin-adi-ile\/","name":"Do\u011fan, yaradan, ana r\u0259hminin ad\u0131 il\u0259... - MEYDAN.TV","isPartOf":{"@id":"https:\/\/www.meydan.tv\/az\/#website"},"primaryImageOfPage":{"@id":"https:\/\/www.meydan.tv\/az\/article\/dogan-yaradan-ana-rehminin-adi-ile\/#primaryimage"},"image":{"@id":"https:\/\/www.meydan.tv\/az\/article\/dogan-yaradan-ana-rehminin-adi-ile\/#primaryimage"},"thumbnailUrl":"https:\/\/www.meydan.tv\/wp-content\/uploads\/3887.png","datePublished":"2014-07-22T16:55:17+00:00","breadcrumb":{"@id":"https:\/\/www.meydan.tv\/az\/article\/dogan-yaradan-ana-rehminin-adi-ile\/#breadcrumb"},"inLanguage":"az","potentialAction":[{"@type":"ReadAction","target":["https:\/\/www.meydan.tv\/az\/article\/dogan-yaradan-ana-rehminin-adi-ile\/"]}]},{"@type":"ImageObject","inLanguage":"az","@id":"https:\/\/www.meydan.tv\/az\/article\/dogan-yaradan-ana-rehminin-adi-ile\/#primaryimage","url":"https:\/\/www.meydan.tv\/wp-content\/uploads\/3887.png","contentUrl":"https:\/\/www.meydan.tv\/wp-content\/uploads\/3887.png","width":500,"height":500,"caption":"Source:"},{"@type":"BreadcrumbList","@id":"https:\/\/www.meydan.tv\/az\/article\/dogan-yaradan-ana-rehminin-adi-ile\/#breadcrumb","itemListElement":[{"@type":"ListItem","position":1,"name":"Ana s\u0259hif\u0259","item":"https:\/\/www.meydan.tv\/az\/"},{"@type":"ListItem","position":2,"name":"M\u0259nim Fikrimc\u0259","item":"https:\/\/www.meydan.tv\/az\/section\/menim-fikrimce\/"},{"@type":"ListItem","position":3,"name":"Do\u011fan, yaradan, ana r\u0259hminin ad\u0131 il\u0259&#8230;"}]},{"@type":"WebSite","@id":"https:\/\/www.meydan.tv\/az\/#website","url":"https:\/\/www.meydan.tv\/az\/","name":"MEYDAN.TV","description":"Meydan TV Az\u0259rbaycan\u0131n media m\u0259kan\u0131ndak\u0131 alternativ s\u0259sidir","publisher":{"@id":"https:\/\/www.meydan.tv\/az\/#organization"},"potentialAction":[{"@type":"SearchAction","target":{"@type":"EntryPoint","urlTemplate":"https:\/\/www.meydan.tv\/az\/?s={search_term_string}"},"query-input":{"@type":"PropertyValueSpecification","valueRequired":true,"valueName":"search_term_string"}}],"inLanguage":"az"},{"@type":"Organization","@id":"https:\/\/www.meydan.tv\/az\/#organization","name":"Meydan TV","url":"https:\/\/www.meydan.tv\/az\/","logo":{"@type":"ImageObject","inLanguage":"az","@id":"https:\/\/www.meydan.tv\/az\/#\/schema\/logo\/image\/","url":"https:\/\/www.meydan.tv\/wp-content\/uploads\/2021\/07\/meydan-logo.svg","contentUrl":"https:\/\/www.meydan.tv\/wp-content\/uploads\/2021\/07\/meydan-logo.svg","width":195,"height":46,"caption":"Meydan TV"},"image":{"@id":"https:\/\/www.meydan.tv\/az\/#\/schema\/logo\/image\/"}},{"@type":"Person","@id":"https:\/\/www.meydan.tv\/az\/#\/schema\/person\/10d11eccf6da3662cf5fdab9806ea91a","name":"user-manager"}]}},"_links":{"self":[{"href":"https:\/\/www.meydan.tv\/az\/wp-json\/wp\/v2\/posts\/164633","targetHints":{"allow":["GET"]}}],"collection":[{"href":"https:\/\/www.meydan.tv\/az\/wp-json\/wp\/v2\/posts"}],"about":[{"href":"https:\/\/www.meydan.tv\/az\/wp-json\/wp\/v2\/types\/post"}],"author":[{"embeddable":true,"href":"https:\/\/www.meydan.tv\/az\/wp-json\/wp\/v2\/users\/11"}],"replies":[{"embeddable":true,"href":"https:\/\/www.meydan.tv\/az\/wp-json\/wp\/v2\/comments?post=164633"}],"version-history":[{"count":0,"href":"https:\/\/www.meydan.tv\/az\/wp-json\/wp\/v2\/posts\/164633\/revisions"}],"wp:featuredmedia":[{"embeddable":true,"href":"https:\/\/www.meydan.tv\/az\/wp-json\/wp\/v2\/media\/11566"}],"wp:attachment":[{"href":"https:\/\/www.meydan.tv\/az\/wp-json\/wp\/v2\/media?parent=164633"}],"wp:term":[{"taxonomy":"category","embeddable":true,"href":"https:\/\/www.meydan.tv\/az\/wp-json\/wp\/v2\/categories?post=164633"},{"taxonomy":"post_tag","embeddable":true,"href":"https:\/\/www.meydan.tv\/az\/wp-json\/wp\/v2\/tags?post=164633"}],"curies":[{"name":"wp","href":"https:\/\/api.w.org\/{rel}","templated":true}]}}