{"id":164627,"date":"2014-07-21T21:09:16","date_gmt":"2014-07-21T21:09:16","guid":{"rendered":"https:\/\/www.meydan.tv\/article\/israil-ve-islam-dunyasi\/"},"modified":"2014-07-21T21:09:16","modified_gmt":"2014-07-21T21:09:16","slug":"israil-ve-islam-dunyasi","status":"publish","type":"post","link":"https:\/\/www.meydan.tv\/az\/article\/israil-ve-islam-dunyasi\/","title":{"rendered":"\u0130srail v\u0259 \u0130slam d\u00fcnyas\u0131"},"content":{"rendered":"<figure class=\"wp-block-image size-large\">\n  <img decoding=\"async\" src=\"https:\/\/www.meydan.tv\/az\/10987\/\" alt=\"\" class=\"wp-image-10987\"\/><figcaption><\/figcaption><\/figure>\n<figure class=\"wp-block-image size-large\">\n  <img decoding=\"async\" src=\"https:\/\/www.meydan.tv\/az\/10990\/\" alt=\"\" class=\"wp-image-10990\"\/><figcaption><\/figcaption><\/figure>\n<p>\n  \u00c7oxlar\u0131 \u0130srail d\u00f6vl\u0259tinin \u015f\u0259ri\u0259t d\u00f6vl\u0259ti oldu\u011funu bilmir.\n<\/p>\n<p>\n  \u0130srail \u015f\u0259ri\u0259t d\u00f6vl\u0259tidir. Y\u0259ni ki, \u0130sraild\u0259 q\u0259bul edil\u0259n b\u00fct\u00fcn qanunlar T\u00f6vrat M\u0259hk\u0259m\u0259si formas\u0131nda bir qurum t\u0259r\u0259find\u0259n yoxlan\u0131l\u0131r, bu qanunlar\u0131n T\u00f6vrata zidd olmad\u0131\u011f\u0131 t\u0259sdiql\u0259ndikd\u0259n sonra qanunlar q\u00fcvv\u0259y\u0259 minir.\n<\/p>\n<p>\n  Ba\u015fqa s\u00f6zl\u0259, m\u0259s\u0259l\u0259n, Pakistan \u0130slam Respublikas\u0131 nec\u0259 islam d\u00f6vl\u0259ti say\u0131l\u0131rsa, \u0130srail d\u0259 bir y\u0259hudi d\u00f6vl\u0259ti kimi &#8220;\u0130srail \u0130udaizm D\u00f6vl\u0259ti&#8221; adland\u0131r\u0131la bil\u0259r.\n<\/p>\n<p>\n  B\u00fct\u00fcn bunlar \u00f6z yerind\u0259, m\u0259nim diqq\u0259tinizi \u00e7\u0259km\u0259k ist\u0259diyim t\u0259r\u0259f odur ki, hans\u0131sa bir islam d\u00f6vl\u0259tinin v\u0259 ya m\u00fcs\u0259lman\u0131n etdiyi yanl\u0131\u015f \u015feyl\u0259ri d\u0259rhal islam\u0131n aya\u011f\u0131na yazanlar, niy\u0259 &#8220;\u0130srail \u0130udaizm D\u00f6vl\u0259tinin&#8221; etdiyi terrorizmi iudaizmin aya\u011f\u0131na yazm\u0131r? \u0130slam \u00f6lk\u0259l\u0259rinin v\u0259 ya m\u00fcs\u0259lmanlar\u0131n hans\u0131sa x\u0259tas\u0131n\u0131 \u0130slam\u0131n aya\u011f\u0131na yazmaq, ancaq \u0130srailin etdiyini iudaizmin aya\u011f\u0131na yazmamaq ikili standart deyilmi?<br \/>\n  <br \/>\n  \u018fslind\u0259 buna ehtiyac yoxdur, \u0130srailin etdiyini iudaizmin aya\u011f\u0131na yazma\u011f\u0131n x\u0259tal\u0131 olaca\u011f\u0131n\u0131, sizin kimi, m\u0259n d\u0259 bilil\u0259r\u0259m. Sad\u0259c\u0259, bu n\u00fcmun\u0259ni verm\u0259kl\u0259, islam \u00f6lk\u0259l\u0259rinin etdiyi x\u0259talar\u0131 islam\u0131n ad\u0131na yazan a\u011fz\u0131g\u00f6yc\u0259kl\u0259rin m\u0259ntiqini if\u015fa etm\u0259y\u0259 \u00e7al\u0131\u015f\u0131ram.\n<\/p>\n<p>\n  \u00dcmumiyy\u0259tl\u0259, bug\u00fcn islam d\u00fcnyas\u0131 adl\u0131 bir d\u00fcnya oldu\u011funa inanm\u0131ram. \u0130slam d\u00fcnyas\u0131 ad\u0131na boy g\u00f6st\u0259r\u0259n d\u00f6vl\u0259tl\u0259ri t\u0259k-t\u0259k inc\u0259l\u0259s\u0259k, g\u00f6r\u0259rik ki, &#8220;islam d\u00fcnyas\u0131&#8221;, &#8220;islam \u00f6lk\u0259l\u0259ri&#8221; anlay\u0131\u015flar\u0131 \u0259slind\u0259 m\u00f6vcud deyil.\n<\/p>\n<p>\n  M\u0259s\u0259l\u0259n, S\u0259udiyy\u0259 \u018fr\u0259bistan\u0131n\u0131 g\u00f6t\u00fcr\u0259k: S\u0259udiyy\u0259 \u018fr\u0259bistan\u0131 S\u0259ud s\u00fclal\u0259si t\u0259r\u0259find\u0259n idar\u0259 edilir. S\u0259ud Kral\u0131 v\u0259 onun ail\u0259si hakimiyy\u0259t\u0259 g\u0259lm\u0259k \u00fc\u00e7\u00fcn vaxtil\u0259 Q\u0259rb il\u0259 ittifaqa girmi\u015fdi. \u0130ndi d\u0259 hakimiyy\u0259td\u0259 qalmaq \u00fc\u00e7\u00fcn Q\u0259rb il\u0259 tam \u0259m\u0259kda\u015fl\u0131q edir. \u0130kic\u0259 n\u00fcans\u0131 g\u00f6st\u0259rm\u0259kl\u0259 bunu s\u00fcbut etm\u0259k olar:\n<\/p>\n<p>\n  1. Corc Bu\u015fun S\u0259udiyy\u0259 s\u0259f\u0259rind\u0259 S\u0259udl\u0259r 12 milyard dollarl\u0131q AB\u015e silah\u0131n\u0131n al\u0131\u015f\u0131na imza atd\u0131lar. AB\u015e-da b\u00f6hran zaman\u0131 iqtisadi problem ya\u015fayan bir s\u0131ra silah \u015firk\u0259tl\u0259ri \u0259ll\u0259rind\u0259 qalm\u0131\u015f mallar\u0131 satmaq \u00fc\u00e7\u00fcn xam al\u0131c\u0131 axtar\u0131rd\u0131, bu xam al\u0131c\u0131 Corc Bu\u015fun t\u0259zyiqi il\u0259 S\u0259udiyy\u0259 oldu. T\u0259s\u0259vv\u00fcr edin, t\u0259zyiq il\u0259 S\u0259udiyy\u0259 d\u00f6vl\u0259tin\u0259 silah ald\u0131ra bilirs\u0259, g\u00f6r\u00fcn, t\u0259zyiq il\u0259 bu d\u00f6vl\u0259t\u0259 ba\u015fqa n\u0259l\u0259r etdir\u0259r, etdirir.<br \/>\n  <br \/>\n  2. Q\u0259rb Liviyan\u0131 vuranda, S\u0259udiyy\u0259 d\u0259 buna d\u0259st\u0259k verdi. Q\u0259rb S\u0259ddam\u0131 vuranda da d\u0259st\u0259k vermi\u015fdi. Q\u0259rb Misird\u0259 Mursini devir\u0259nd\u0259 d\u0259 S\u0259udiyy\u0259 d\u0259st\u0259k verdi. Q\u0259rb \u018fs\u0259di devirm\u0259k ist\u0259y\u0259nd\u0259 d\u0259 d\u0259st\u0259k verdi.\n<\/p>\n<p>\n  Dolay\u0131s\u0131 il\u0259, g\u00f6r\u00fcn\u0259n odur ki, \u0130slam \u00f6lk\u0259si ad\u0131na iddia ed\u0259n S\u0259udiyy\u0259 \u018fr\u0259bistan\u0131 Q\u0259rbin diqt\u0259si il\u0259 h\u0259r\u0259k\u0259t ed\u0259n S\u0259ud s\u00fclal\u0259si t\u0259r\u0259find\u0259n idar\u0259 olunur.\n<\/p>\n<p>\n  Bir ba\u015fqa islam \u00f6lk\u0259si, \u0130rand\u0131r. \u0130ran d\u00f6vl\u0259ti \u00f6z\u00fcn\u00fc islam d\u00f6vl\u0259ti kimi t\u0259qdim edir. Ancaq bu \u00f6lk\u0259d\u0259 islam inqilab\u0131n\u0131 ed\u0259n Xomeyni inqilabdan \u00f6nc\u0259 Fransada siyasi s\u0131\u011f\u0131nacaq alm\u0131\u015fd\u0131 v\u0259 orada ya\u015fay\u0131rd\u0131. \u0130nqilab olduqdan sonra da \u0130rana m\u0259hz Fransaya m\u0259xsus &#8220;AirFrance&#8221; t\u0259yyar\u0259si il\u0259 geri g\u0259lmi\u015fdi. Bunlar\u0131 q\u0131saca dedim ki, bil\u0259siniz, \u00e7ox uzad\u0131b b\u0259zi a\u011fz\u0131g\u00f6yc\u0259kl\u0259rin &#8220;konspirologiya edir&#8221; dem\u0259sin\u0259 \u015f\u0259rait yaratmaq ist\u0259mir\u0259m.\n<\/p>\n<p>\n  \u0130ran d\u00f6vl\u0259tinin bir ba\u015fqa problemi is\u0259 b\u00f6lg\u0259d\u0259 tamamil\u0259 m\u0259zh\u0259b\u00e7i siyas\u0259t yeritm\u0259sidir. B\u00fct\u00fcn g\u00fcc\u00fcn\u00fc b\u00f6lg\u0259d\u0259ki \u015fi\u0259l\u0259ri t\u0259\u015fkilatland\u0131r\u0131b istifad\u0259 etm\u0259y\u0259 y\u00f6n\u0259ldib. M\u0259s\u0259l\u0259n: Livan \u015fi\u0259l\u0259rini Hizbullah ad\u0131 alt\u0131nda t\u0259\u015fkilatland\u0131r\u0131b silahland\u0131r\u0131r. V\u0259ziyy\u0259t o yer\u0259 g\u0259lib ki, Hizbullah t\u0259\u015fkilat\u0131 Livanda \u00f6z ordusunu saxlay\u0131r, Livan d\u00f6vl\u0259tin\u0259 tabe olmur, Livanda \u00f6z\u00fcn\u0259 m\u00fcst\u0259qil telekommunikasiya qurumu, partiya, biznes \u015f\u0259b\u0259k\u0259si, tv-kanallar qurub. Livandak\u0131 \u015fi\u0259 m\u0259scidl\u0259rinin ham\u0131s\u0131n\u0131 idar\u0259 edir. H\u0259tta Hizbullah\u0131n Livan parlamentind\u0259 partiyas\u0131 var v\u0259 t\u0259qrib\u0259n 4-5 il \u00f6nc\u0259 Livan hakimiyy\u0259ti il\u0259 yola getm\u0259y\u0259nd\u0259 parlamentd\u0259n deputatlar\u0131n\u0131 \u00e7\u0259k\u0259r\u0259k h\u00f6k\u00fcm\u0259tin istefaya getm\u0259sini t\u0259\u015fkil etmi\u015fdi. Bug\u00fcn b\u00f6lg\u0259d\u0259 Hizbullah\u0131n varl\u0131\u011f\u0131 Livan d\u00f6vl\u0259tini seperatizm t\u0259hl\u00fck\u0259si il\u0259 \u00fcz-\u00fcz\u0259 qoyub v\u0259 bu d\u00f6vl\u0259tin \u0259razisi, \u0259halisi v\u0259 s\u0259lahiyy\u0259tl\u0259ri faktiki olaraq Hizbullah t\u0259r\u0259find\u0259n q\u0259sb edilib.\n<\/p>\n<p>\n  \u0130ran\u0131n Suriyadak\u0131 t\u0259\u015fkilatlanmas\u0131 da son &#8220;Suriya v\u0259t\u0259nda\u015f m\u00fcharib\u0259si&#8221;nd\u0259 tam \u00f6z\u00fcn\u00fc biruz\u0259 verdi. H\u0259min \u0259r\u0259f\u0259d\u0259, Suriyada azl\u0131qda olan \u015fi\u0259-\u0259l\u0259vi-n\u00fcsayri qruplar \u0130ran t\u0259r\u0259find\u0259n d\u0259st\u0259kl\u0259ndi, silahland\u0131r\u0131ld\u0131 v\u0259 m\u00fcxalif q\u00fcvv\u0259l\u0259r\u0259 qar\u015f\u0131 sava\u015fa soxuldu. Bu da b\u0259s etm\u0259dikd\u0259, Livandak\u0131 Hizbullah t\u0259\u015fkilat\u0131 Suriyaya girib m\u00fcxalif\u0259t\u0259 qar\u015f\u0131 sava\u015faca\u011f\u0131n\u0131 elan etdi. Haz\u0131rda, qeyri-r\u0259smi r\u0259q\u0259ml\u0259r\u0259 g\u00f6r\u0259 Suriyada 4000-d\u0259n \u00e7ox Hizbullah sava\u015f\u00e7\u0131s\u0131n\u0131n d\u00f6y\u00fc\u015fd\u00fcy\u00fc bildirilir.\n<\/p>\n<p>\n  \u0130ran eyni s\u0259b\u0259bl\u0259rl\u0259 Az\u0259rbaycanda da t\u0259\u015fkilatlan\u0131b. Haz\u0131rda, \u0130ran\u0131n Az\u0259rbaycanda t\u0259\u015fkilatlanmaq \u00fc\u00e7\u00fcn istifad\u0259 etdiyi metod biraz f\u0259rqlidir: m\u0259scidl\u0259rd\u0259 t\u0259bli\u011fat vasit\u0259sil\u0259, m\u00fcxt\u0259lif web-saytlar quraraq \u00f6z maraqlar\u0131n\u0131 v\u0259 ideologiyas\u0131n\u0131 Az\u0259rbaycanda t\u0259bli\u011f etm\u0259kl\u0259, \u0130randan yay\u0131mlanan Az\u0259rbaycan dilli &#8220;S\u0259h\u0259r tv&#8221; vasit\u0259sil\u0259, dini bayramlarda Bak\u0131da v\u0259 regionlarda m\u00fcxt\u0259lif t\u0259dbirl\u0259r ke\u00e7irib bayramlar\u0131 \u00f6z siyasi maraqlar\u0131na xidm\u0259t etdirm\u0259k vasit\u0259sil\u0259, Az\u0259rbaycan g\u0259ncl\u0259rini \u0130rana apar\u0131b orada dini t\u0259hsil verib Az\u0259rbaycana g\u00f6nd\u0259r\u0259r\u0259k \u00f6z m\u0259qs\u0259dl\u0259ri \u00fc\u00e7\u00fcn istifad\u0259 etm\u0259kl\u0259, &#8220;Az\u0259rbaycan \u0130slam partiyas\u0131&#8221; adl\u0131 \u0130ranmeyilli bir partiya vasit\u0259sil\u0259 siyasi b\u0259yanatlar verm\u0259kl\u0259 v\u0259 siyasi t\u0259dbirl\u0259r h\u0259yata ke\u00e7irm\u0259kl\u0259 v\u0259.s<br \/>\n  <br \/>\n  Bir s\u00f6zl\u0259, \u0130ran h\u0259m islam d\u00fcnyas\u0131nda, h\u0259m d\u0259 Az\u0259rbaycanda m\u0259zh\u0259b\u00e7i siyas\u0259t yerid\u0259r\u0259k g\u00fccl\u0259nm\u0259k ist\u0259yir v\u0259 buna qism\u0259n nail olur. Ancaq \u0130ran\u0131n m\u0259zh\u0259b\u00e7i siyas\u0259tinin islam d\u00fcnyas\u0131 \u00fc\u00e7\u00fcn f\u0259sadlar\u0131 da art\u0131q \u00f6z\u00fcn\u00fc g\u00f6st\u0259rir.\n<\/p>\n<p>\n  H\u0259l\u0259 ki, Az\u0259rbaycanda \u0130ran\u0131n silahl\u0131 t\u0259\u015fkilat\u0131 yoxdur. H\u0259l\u0259 ki, Az\u0259rbaycanda \u0130ran\u0131n kontrolundak\u0131 partiya parlamentd\u0259 t\u0259msil olunmur. H\u0259l\u0259 ki, Az\u0259rbaycanda \u0130ran\u0131n kontrolunda telekommunikasiya \u015firk\u0259ti, tv-kanal v\u0259 ya deputat ordusu yoxdur. Ancaq he\u00e7 kim qarantiya vermir ki, \u0130ran \u00f6lk\u0259mizd\u0259 buna haz\u0131rla\u015fm\u0131r v\u0259 \u00f6lk\u0259mizd\u0259 d\u00f6vl\u0259t mexanizmi z\u0259ifl\u0259y\u0259n kimi \u0130ran bunlar\u0131 etm\u0259y\u0259c\u0259k.\n<\/p>\n<p>\n  \u0130dar\u0259etm\u0259 formas\u0131 bax\u0131m\u0131ndan islam d\u00f6vl\u0259ti olmasa da, islam \u00e7o\u011frafiyas\u0131n\u0131n maraqlar\u0131n\u0131 qoruma\u011fa \u00e7al\u0131\u015fd\u0131\u011f\u0131n\u0131 iddia ed\u0259n bir ba\u015fqa \u00f6lk\u0259 d\u0259 T\u00fcrkiy\u0259dir. Ancaq T\u00fcrkiy\u0259 d\u0259 bir \u00e7ox yanl\u0131\u015flar edib, edir. M\u0259s\u0259l\u0259n, qula\u011f\u0131n\u0131n dibind\u0259 dinda\u015f v\u0259 soyda\u015f\u0131 oldu\u011fu Az\u0259rbaycan\u0131n torpaqlar\u0131 erm\u0259nil\u0259r t\u0259r\u0259find\u0259n i\u015f\u011fal edildi, T\u00fcrkiy\u0259 buna adekvat reaks\u0131ya ver\u0259 bilm\u0259di, bilmir.<br \/>\n  <br \/>\n  C\u0259nubi Az\u0259rbaycanda h\u00fcquqlar\u0131 tapdanan 40 milyonluq Az\u0259rbaycanl\u0131 k\u00fctl\u0259si var v\u0259 T\u00fcrkiy\u0259 bunu g\u00f6rm\u0259zd\u0259n g\u0259lm\u0259y\u0259 davam edir, \u0130ranla m\u00fcnasib\u0259ti pozmaq ist\u0259m\u0259diyi \u00fc\u00e7\u00fcn.<br \/>\n  <br \/>\n  Uy\u011furustanda \u00c7in t\u0259r\u0259find\u0259n v\u0259h\u015fic\u0259sin\u0259 q\u0259tliama m\u0259ruz qalan uy\u011furlara he\u00e7 bir k\u00f6m\u0259k ed\u0259 bilmir. T\u0259bii ki, \u00c7in kimi superg\u00fcc\u00fc qar\u015f\u0131s\u0131na almaq ist\u0259mir, ancaq islam d\u00fcnyas\u0131n\u0131 qoruma\u011fa iddial\u0131 bir \u00f6lk\u0259 \u00c7ini qar\u015f\u0131s\u0131na almamaq \u00fc\u00e7\u00fcn uy\u011fur q\u0259tliam\u0131na s\u0259s \u00e7\u0131xarmayacaq q\u0259d\u0259r z\u0259if olmamal\u0131d\u0131r.<br \/>\n  <br \/>\n  Q\u00fcdsd\u0259, F\u0259l\u0259stind\u0259 \u0130srail terroru h\u0259r il minl\u0259rl\u0259 insan\u0131 qan\u0131na q\u0259ltan edir, ancaq T\u00fcrkiy\u0259nin m\u00fcdaxil\u0259si burada da yet\u0259rsizdir. T\u0259bii ki, \u0130srail il\u0259 b\u00fct\u00fcn d\u00fcnya bacara bilmir, T\u00fcrkiy\u0259nin bacarmas\u0131n\u0131 g\u00f6zl\u0259m\u0259k sad\u0259l\u00f6vhl\u00fck olard\u0131.<br \/>\n  <br \/>\n  Suriyadak\u0131 v\u0259ziyy\u0259t\u0259 d\u0259 m\u00fcdaxil\u0259 etm\u0259y\u0259 c\u0259hd edib bacarmayan bir T\u00fcrkiy\u0259 g\u00f6r\u00fcr\u00fck. Eyni \u015feyi \u0130raqda da g\u00f6rd\u00fck. Bu n\u00fcmun\u0259l\u0259ri \u00e7oxaltmaq olar. T\u0259bii ki, bunlar\u0131n ham\u0131s\u0131n\u0131 T\u00fcrkiy\u0259d\u0259n g\u00f6zl\u0259m\u0259k sad\u0259l\u00f6vhl\u00fck olard\u0131, ancaq mad\u0259m ki, T\u00fcrkiy\u0259 \u00f6z\u00fcn\u00fc bu b\u00f6y\u00fck missiyan\u0131n alt\u0131na at\u0131r, bel\u0259 bir iddian\u0131 da\u015f\u0131y\u0131r, o zaman bizim d\u0259 T\u00fcrkiy\u0259d\u0259n b\u0259zi hallarda iddias\u0131na adekvat h\u0259r\u0259k\u0259t etm\u0259sini g\u00f6zl\u0259m\u0259k haqq\u0131m\u0131z var.\n<\/p>\n<p>\n  T\u00fcrkiy\u0259nin b\u00f6lg\u0259d\u0259 v\u0259 islam \u00e7o\u011frafiyas\u0131nda iddias\u0131 b\u00f6y\u00fckd\u00fcr, ancaq bunu etm\u0259k \u00fc\u00e7\u00fcn n\u0259 g\u00fcc\u00fc, n\u0259 d\u0259 haz\u0131rl\u0131\u011f\u0131 var. T\u00fcrkiy\u0259 \u00f6z g\u00fcc\u00fcn\u00fcn \u00fcz\u0259rind\u0259 olan bir missiyaya iddial\u0131d\u0131r v\u0259 bu iddias\u0131n\u0131 h\u0259yata ke\u00e7irm\u0259k \u00fc\u00e7\u00fcn tarixi ke\u00e7mi\u015find\u0259n ba\u015fqa he\u00e7 n\u0259yi yoxdur. S\u00f6hb\u0259t o tarixi ke\u00e7mi\u015fd\u0259n gedir ki, 400 illik xilaf\u0259t tarixi var, 700 illik imperiya tarixi var, b\u00fct\u00fcn m\u00fcq\u0259dd\u0259s m\u0259kanlar\u0131n idar\u0259\u00e7iliyini h\u0259yata ke\u00e7irm\u0259k tarixi var (M\u0259kk\u0259, M\u0259din\u0259 v\u0259 Q\u00fcds\u00fcn idar\u0259si t\u0259xmin\u0259n 400 il Osmanl\u0131ya aid olub), d\u00fcnya m\u00fcs\u0259lmanlar\u0131n\u0131n b\u00f6y\u00fck \u0259ks\u0259riyy\u0259tini idar\u0259 etmi\u015f islami ke\u00e7mi\u015fi var, b\u00f6y\u00fck bir &#8220;islami elml\u0259r v\u0259 fiqh m\u0259rk\u0259zi&#8221;n\u0259 sahib olub v\u0259.s.<br \/>\n  <br \/>\n  Ancaq b\u00fct\u00fcn bunlar T\u00fcrkiy\u0259nin bug\u00fcnk\u00fc iddias\u0131 \u00fc\u00e7\u00fcn yet\u0259rli deyil. Bunun \u00fc\u00e7\u00fcn g\u00fccl\u00fc m\u0259d\u0259ni inki\u015faf, g\u00fccl\u00fc ordu, g\u00fccl\u00fc k\u0259\u015ffiyyat sistemi, g\u00fccl\u00fc elmi m\u0259rk\u0259zl\u0259r, g\u00fccl\u00fc iqtisadi resurslar v\u0259.s laz\u0131md\u0131r. Ancaq g\u00f6r\u00fcn\u0259n odur ki, T\u00fcrkiy\u0259 bunlara sahib deyil v\u0259 uzun m\u00fcdd\u0259t d\u0259 sahib ola bilm\u0259y\u0259c\u0259k.\n<\/p>\n<p>\n  Ortada g\u00fccl\u00fc v\u0259 layiqli m\u00fcs\u0259lman d\u00f6vl\u0259tinin olmamas\u0131 biz\u0259 Uy\u011furustan q\u0259tliam\u0131, F\u0259l\u0259stin q\u0259tliam\u0131, Qaraba\u011f q\u0259tliam\u0131, \u0130\u015e\u0130D, Suriya v\u0259t\u0259nda\u015f m\u00fcharib\u0259si olaraq geri d\u00f6n\u00fcr.\n<\/p>\n<p>\n  V\u0259ziyy\u0259t o yer\u0259 \u00e7at\u0131b ki, bir d\u0131l\u011f\u0131r t\u0259kfir\u00e7i t\u0259\u015fkilat Xilaf\u0259t elan ed\u0259c\u0259k q\u0259d\u0259r ir\u0259li ged\u0259 bilir.\n<\/p>\n<p>\n  Birc\u0259 n\u00fcmun\u0259 deyim, Osmanl\u0131 zaman\u0131nda da \u018fr\u0259bistanda bir t\u0259\u015fkilat ortaya \u00e7\u0131xm\u0131\u015fd\u0131, bu t\u0259\u015fkilat M\u0259kk\u0259ni tutub \u00f6z liderini \u00f6nc\u0259 mehdi v\u0259 sonra x\u0259lif\u0259 elan etm\u0259k ist\u0259yirdi. Ancaq o b\u00f6y\u00fck Osmanl\u0131 d\u00f6vl\u0259ti bel\u0259 \u015feyl\u0259ri ba\u011f\u0131\u015flamad\u0131, bu t\u0259\u015fkilat\u0131n v\u0259 onlar\u0131n \u00fczvl\u0259rinin \u00fcst\u00fcn\u0259 qo\u015fun g\u00f6nd\u0259rdi, t\u0259\u015fkilat\u0131n \u0259sas \u00fczvl\u0259rini tutub asd\u0131rd\u0131. V\u0259 hadis\u0259 ba\u015flamadan bitdi.<br \/>\n  <br \/>\n  \u0130ndiki d\u00f6vrd\u0259 d\u0259, bel\u0259 bir d\u00f6vl\u0259t\u0259, Osmanl\u0131 kimi bir nizam sistemin\u0259 ehtiyac var.\n<\/p>\n<p>\n  Yekun olaraq bu n\u0259tic\u0259y\u0259 g\u0259lm\u0259k olar ki, n\u0259 q\u0259d\u0259r ki, m\u00fcs\u0259lmanlar \u00f6zl\u0259rini nizam, intizam, \u0259dal\u0259t i\u00e7ind\u0259 idar\u0259 ed\u0259c\u0259k bir d\u00f6vl\u0259t sistemi ortaya qoya bilm\u0259y\u0259c\u0259kl\u0259r, h\u0259l\u0259 \u00e7ox Uy\u011furustan faci\u0259l\u0259ri, Q\u0259zza bombardmanlar\u0131, Qaraba\u011f q\u0131r\u011f\u0131nlar\u0131, Suriya-\u0130raq v\u0259t\u0259nda\u015f m\u00fcharib\u0259l\u0259ri il\u0259 \u00fcz-\u00fcz\u0259 qalaca\u011f\u0131q.\n<\/p>\n<p>\n  <b><br \/>\n    Yaz\u0131dak\u0131 fikirl\u0259r m\u00fc\u0259llif\u0259 m\u0259xsusdur v\u0259 onlara g\u00f6r\u0259 Meydan TV m\u0259suliyy\u0259t da\u015f\u0131m\u0131r.<br \/>\n  <\/b><\/p>\n","protected":false},"excerpt":{"rendered":"<p>\u0130srail d\u0259 bir y\u0259hudi d\u00f6vl\u0259ti kimi &#8220;\u0130srail \u0130udaizm D\u00f6vl\u0259ti&#8221; adland\u0131r\u0131la bil\u0259r.<\/p>\n","protected":false},"author":11,"featured_media":10987,"comment_status":"closed","ping_status":"open","sticky":false,"template":"","format":"standard","meta":{"_acf_changed":false,"_sitemap_exclude":false,"_sitemap_priority":"","_sitemap_frequency":"","footnotes":""},"categories":[57],"tags":[],"class_list":["post-164627","post","type-post","status-publish","format-standard","has-post-thumbnail","hentry","category-menim-fikrimce","infinite-scroll-item","generate-columns","tablet-grid-50","mobile-grid-100","grid-parent","grid-33","no-featured-image-padding"],"acf":[],"yoast_head":"<!-- This site is optimized with the Yoast SEO plugin v27.4 - https:\/\/yoast.com\/product\/yoast-seo-wordpress\/ -->\n<title>\u0130srail v\u0259 \u0130slam d\u00fcnyas\u0131 - MEYDAN.TV<\/title>\n<meta name=\"robots\" content=\"index, follow, max-snippet:-1, max-image-preview:large, max-video-preview:-1\" \/>\n<link rel=\"canonical\" href=\"https:\/\/www.meydan.tv\/az\/article\/israil-ve-islam-dunyasi\/\" \/>\n<meta property=\"og:locale\" content=\"az_AZ\" \/>\n<meta property=\"og:type\" content=\"article\" \/>\n<meta property=\"og:title\" content=\"\u0130srail v\u0259 \u0130slam d\u00fcnyas\u0131 - MEYDAN.TV\" \/>\n<meta property=\"og:description\" content=\"\u0130srail d\u0259 bir y\u0259hudi d\u00f6vl\u0259ti kimi &quot;\u0130srail \u0130udaizm D\u00f6vl\u0259ti&quot; adland\u0131r\u0131la bil\u0259r.\" \/>\n<meta property=\"og:url\" content=\"https:\/\/www.meydan.tv\/az\/article\/israil-ve-islam-dunyasi\/\" \/>\n<meta property=\"og:site_name\" content=\"MEYDAN.TV\" \/>\n<meta property=\"article:published_time\" content=\"2014-07-21T21:09:16+00:00\" \/>\n<meta property=\"og:image\" content=\"https:\/\/www.meydan.tv\/wp-content\/uploads\/3876.jpg\" \/>\n\t<meta property=\"og:image:width\" content=\"400\" \/>\n\t<meta property=\"og:image:height\" content=\"400\" \/>\n\t<meta property=\"og:image:type\" content=\"image\/jpeg\" \/>\n<meta name=\"author\" content=\"user-manager\" \/>\n<meta name=\"twitter:card\" content=\"summary_large_image\" \/>\n<script type=\"application\/ld+json\" class=\"yoast-schema-graph\">{\"@context\":\"https:\\\/\\\/schema.org\",\"@graph\":[{\"@type\":\"Article\",\"@id\":\"https:\\\/\\\/www.meydan.tv\\\/az\\\/article\\\/israil-ve-islam-dunyasi\\\/#article\",\"isPartOf\":{\"@id\":\"https:\\\/\\\/www.meydan.tv\\\/az\\\/article\\\/israil-ve-islam-dunyasi\\\/\"},\"author\":{\"name\":\"user-manager\",\"@id\":\"https:\\\/\\\/www.meydan.tv\\\/az\\\/#\\\/schema\\\/person\\\/10d11eccf6da3662cf5fdab9806ea91a\"},\"headline\":\"\u0130srail v\u0259 \u0130slam d\u00fcnyas\u0131\",\"datePublished\":\"2014-07-21T21:09:16+00:00\",\"mainEntityOfPage\":{\"@id\":\"https:\\\/\\\/www.meydan.tv\\\/az\\\/article\\\/israil-ve-islam-dunyasi\\\/\"},\"wordCount\":2073,\"publisher\":{\"@id\":\"https:\\\/\\\/www.meydan.tv\\\/az\\\/#organization\"},\"image\":{\"@id\":\"https:\\\/\\\/www.meydan.tv\\\/az\\\/article\\\/israil-ve-islam-dunyasi\\\/#primaryimage\"},\"thumbnailUrl\":\"https:\\\/\\\/www.meydan.tv\\\/wp-content\\\/uploads\\\/3876.jpg\",\"articleSection\":[\"M\u0259nim Fikrimc\u0259\"],\"inLanguage\":\"az\"},{\"@type\":\"WebPage\",\"@id\":\"https:\\\/\\\/www.meydan.tv\\\/az\\\/article\\\/israil-ve-islam-dunyasi\\\/\",\"url\":\"https:\\\/\\\/www.meydan.tv\\\/az\\\/article\\\/israil-ve-islam-dunyasi\\\/\",\"name\":\"\u0130srail v\u0259 \u0130slam d\u00fcnyas\u0131 - MEYDAN.TV\",\"isPartOf\":{\"@id\":\"https:\\\/\\\/www.meydan.tv\\\/az\\\/#website\"},\"primaryImageOfPage\":{\"@id\":\"https:\\\/\\\/www.meydan.tv\\\/az\\\/article\\\/israil-ve-islam-dunyasi\\\/#primaryimage\"},\"image\":{\"@id\":\"https:\\\/\\\/www.meydan.tv\\\/az\\\/article\\\/israil-ve-islam-dunyasi\\\/#primaryimage\"},\"thumbnailUrl\":\"https:\\\/\\\/www.meydan.tv\\\/wp-content\\\/uploads\\\/3876.jpg\",\"datePublished\":\"2014-07-21T21:09:16+00:00\",\"breadcrumb\":{\"@id\":\"https:\\\/\\\/www.meydan.tv\\\/az\\\/article\\\/israil-ve-islam-dunyasi\\\/#breadcrumb\"},\"inLanguage\":\"az\",\"potentialAction\":[{\"@type\":\"ReadAction\",\"target\":[\"https:\\\/\\\/www.meydan.tv\\\/az\\\/article\\\/israil-ve-islam-dunyasi\\\/\"]}]},{\"@type\":\"ImageObject\",\"inLanguage\":\"az\",\"@id\":\"https:\\\/\\\/www.meydan.tv\\\/az\\\/article\\\/israil-ve-islam-dunyasi\\\/#primaryimage\",\"url\":\"https:\\\/\\\/www.meydan.tv\\\/wp-content\\\/uploads\\\/3876.jpg\",\"contentUrl\":\"https:\\\/\\\/www.meydan.tv\\\/wp-content\\\/uploads\\\/3876.jpg\",\"width\":400,\"height\":400,\"caption\":\"Source:\"},{\"@type\":\"BreadcrumbList\",\"@id\":\"https:\\\/\\\/www.meydan.tv\\\/az\\\/article\\\/israil-ve-islam-dunyasi\\\/#breadcrumb\",\"itemListElement\":[{\"@type\":\"ListItem\",\"position\":1,\"name\":\"Ana s\u0259hif\u0259\",\"item\":\"https:\\\/\\\/www.meydan.tv\\\/az\\\/\"},{\"@type\":\"ListItem\",\"position\":2,\"name\":\"M\u0259nim Fikrimc\u0259\",\"item\":\"https:\\\/\\\/www.meydan.tv\\\/az\\\/section\\\/menim-fikrimce\\\/\"},{\"@type\":\"ListItem\",\"position\":3,\"name\":\"\u0130srail v\u0259 \u0130slam d\u00fcnyas\u0131\"}]},{\"@type\":\"WebSite\",\"@id\":\"https:\\\/\\\/www.meydan.tv\\\/az\\\/#website\",\"url\":\"https:\\\/\\\/www.meydan.tv\\\/az\\\/\",\"name\":\"MEYDAN.TV\",\"description\":\"Meydan TV Az\u0259rbaycan\u0131n media m\u0259kan\u0131ndak\u0131 alternativ s\u0259sidir\",\"publisher\":{\"@id\":\"https:\\\/\\\/www.meydan.tv\\\/az\\\/#organization\"},\"potentialAction\":[{\"@type\":\"SearchAction\",\"target\":{\"@type\":\"EntryPoint\",\"urlTemplate\":\"https:\\\/\\\/www.meydan.tv\\\/az\\\/?s={search_term_string}\"},\"query-input\":{\"@type\":\"PropertyValueSpecification\",\"valueRequired\":true,\"valueName\":\"search_term_string\"}}],\"inLanguage\":\"az\"},{\"@type\":\"Organization\",\"@id\":\"https:\\\/\\\/www.meydan.tv\\\/az\\\/#organization\",\"name\":\"Meydan TV\",\"url\":\"https:\\\/\\\/www.meydan.tv\\\/az\\\/\",\"logo\":{\"@type\":\"ImageObject\",\"inLanguage\":\"az\",\"@id\":\"https:\\\/\\\/www.meydan.tv\\\/az\\\/#\\\/schema\\\/logo\\\/image\\\/\",\"url\":\"https:\\\/\\\/www.meydan.tv\\\/wp-content\\\/uploads\\\/2021\\\/07\\\/meydan-logo.svg\",\"contentUrl\":\"https:\\\/\\\/www.meydan.tv\\\/wp-content\\\/uploads\\\/2021\\\/07\\\/meydan-logo.svg\",\"width\":195,\"height\":46,\"caption\":\"Meydan TV\"},\"image\":{\"@id\":\"https:\\\/\\\/www.meydan.tv\\\/az\\\/#\\\/schema\\\/logo\\\/image\\\/\"}},{\"@type\":\"Person\",\"@id\":\"https:\\\/\\\/www.meydan.tv\\\/az\\\/#\\\/schema\\\/person\\\/10d11eccf6da3662cf5fdab9806ea91a\",\"name\":\"user-manager\"}]}<\/script>\n<!-- \/ Yoast SEO plugin. -->","yoast_head_json":{"title":"\u0130srail v\u0259 \u0130slam d\u00fcnyas\u0131 - MEYDAN.TV","robots":{"index":"index","follow":"follow","max-snippet":"max-snippet:-1","max-image-preview":"max-image-preview:large","max-video-preview":"max-video-preview:-1"},"canonical":"https:\/\/www.meydan.tv\/az\/article\/israil-ve-islam-dunyasi\/","og_locale":"az_AZ","og_type":"article","og_title":"\u0130srail v\u0259 \u0130slam d\u00fcnyas\u0131 - MEYDAN.TV","og_description":"\u0130srail d\u0259 bir y\u0259hudi d\u00f6vl\u0259ti kimi \"\u0130srail \u0130udaizm D\u00f6vl\u0259ti\" adland\u0131r\u0131la bil\u0259r.","og_url":"https:\/\/www.meydan.tv\/az\/article\/israil-ve-islam-dunyasi\/","og_site_name":"MEYDAN.TV","article_published_time":"2014-07-21T21:09:16+00:00","og_image":[{"width":400,"height":400,"url":"https:\/\/www.meydan.tv\/wp-content\/uploads\/3876.jpg","type":"image\/jpeg"}],"author":"user-manager","twitter_card":"summary_large_image","schema":{"@context":"https:\/\/schema.org","@graph":[{"@type":"Article","@id":"https:\/\/www.meydan.tv\/az\/article\/israil-ve-islam-dunyasi\/#article","isPartOf":{"@id":"https:\/\/www.meydan.tv\/az\/article\/israil-ve-islam-dunyasi\/"},"author":{"name":"user-manager","@id":"https:\/\/www.meydan.tv\/az\/#\/schema\/person\/10d11eccf6da3662cf5fdab9806ea91a"},"headline":"\u0130srail v\u0259 \u0130slam d\u00fcnyas\u0131","datePublished":"2014-07-21T21:09:16+00:00","mainEntityOfPage":{"@id":"https:\/\/www.meydan.tv\/az\/article\/israil-ve-islam-dunyasi\/"},"wordCount":2073,"publisher":{"@id":"https:\/\/www.meydan.tv\/az\/#organization"},"image":{"@id":"https:\/\/www.meydan.tv\/az\/article\/israil-ve-islam-dunyasi\/#primaryimage"},"thumbnailUrl":"https:\/\/www.meydan.tv\/wp-content\/uploads\/3876.jpg","articleSection":["M\u0259nim Fikrimc\u0259"],"inLanguage":"az"},{"@type":"WebPage","@id":"https:\/\/www.meydan.tv\/az\/article\/israil-ve-islam-dunyasi\/","url":"https:\/\/www.meydan.tv\/az\/article\/israil-ve-islam-dunyasi\/","name":"\u0130srail v\u0259 \u0130slam d\u00fcnyas\u0131 - MEYDAN.TV","isPartOf":{"@id":"https:\/\/www.meydan.tv\/az\/#website"},"primaryImageOfPage":{"@id":"https:\/\/www.meydan.tv\/az\/article\/israil-ve-islam-dunyasi\/#primaryimage"},"image":{"@id":"https:\/\/www.meydan.tv\/az\/article\/israil-ve-islam-dunyasi\/#primaryimage"},"thumbnailUrl":"https:\/\/www.meydan.tv\/wp-content\/uploads\/3876.jpg","datePublished":"2014-07-21T21:09:16+00:00","breadcrumb":{"@id":"https:\/\/www.meydan.tv\/az\/article\/israil-ve-islam-dunyasi\/#breadcrumb"},"inLanguage":"az","potentialAction":[{"@type":"ReadAction","target":["https:\/\/www.meydan.tv\/az\/article\/israil-ve-islam-dunyasi\/"]}]},{"@type":"ImageObject","inLanguage":"az","@id":"https:\/\/www.meydan.tv\/az\/article\/israil-ve-islam-dunyasi\/#primaryimage","url":"https:\/\/www.meydan.tv\/wp-content\/uploads\/3876.jpg","contentUrl":"https:\/\/www.meydan.tv\/wp-content\/uploads\/3876.jpg","width":400,"height":400,"caption":"Source:"},{"@type":"BreadcrumbList","@id":"https:\/\/www.meydan.tv\/az\/article\/israil-ve-islam-dunyasi\/#breadcrumb","itemListElement":[{"@type":"ListItem","position":1,"name":"Ana s\u0259hif\u0259","item":"https:\/\/www.meydan.tv\/az\/"},{"@type":"ListItem","position":2,"name":"M\u0259nim Fikrimc\u0259","item":"https:\/\/www.meydan.tv\/az\/section\/menim-fikrimce\/"},{"@type":"ListItem","position":3,"name":"\u0130srail v\u0259 \u0130slam d\u00fcnyas\u0131"}]},{"@type":"WebSite","@id":"https:\/\/www.meydan.tv\/az\/#website","url":"https:\/\/www.meydan.tv\/az\/","name":"MEYDAN.TV","description":"Meydan TV Az\u0259rbaycan\u0131n media m\u0259kan\u0131ndak\u0131 alternativ s\u0259sidir","publisher":{"@id":"https:\/\/www.meydan.tv\/az\/#organization"},"potentialAction":[{"@type":"SearchAction","target":{"@type":"EntryPoint","urlTemplate":"https:\/\/www.meydan.tv\/az\/?s={search_term_string}"},"query-input":{"@type":"PropertyValueSpecification","valueRequired":true,"valueName":"search_term_string"}}],"inLanguage":"az"},{"@type":"Organization","@id":"https:\/\/www.meydan.tv\/az\/#organization","name":"Meydan TV","url":"https:\/\/www.meydan.tv\/az\/","logo":{"@type":"ImageObject","inLanguage":"az","@id":"https:\/\/www.meydan.tv\/az\/#\/schema\/logo\/image\/","url":"https:\/\/www.meydan.tv\/wp-content\/uploads\/2021\/07\/meydan-logo.svg","contentUrl":"https:\/\/www.meydan.tv\/wp-content\/uploads\/2021\/07\/meydan-logo.svg","width":195,"height":46,"caption":"Meydan TV"},"image":{"@id":"https:\/\/www.meydan.tv\/az\/#\/schema\/logo\/image\/"}},{"@type":"Person","@id":"https:\/\/www.meydan.tv\/az\/#\/schema\/person\/10d11eccf6da3662cf5fdab9806ea91a","name":"user-manager"}]}},"_links":{"self":[{"href":"https:\/\/www.meydan.tv\/az\/wp-json\/wp\/v2\/posts\/164627","targetHints":{"allow":["GET"]}}],"collection":[{"href":"https:\/\/www.meydan.tv\/az\/wp-json\/wp\/v2\/posts"}],"about":[{"href":"https:\/\/www.meydan.tv\/az\/wp-json\/wp\/v2\/types\/post"}],"author":[{"embeddable":true,"href":"https:\/\/www.meydan.tv\/az\/wp-json\/wp\/v2\/users\/11"}],"replies":[{"embeddable":true,"href":"https:\/\/www.meydan.tv\/az\/wp-json\/wp\/v2\/comments?post=164627"}],"version-history":[{"count":0,"href":"https:\/\/www.meydan.tv\/az\/wp-json\/wp\/v2\/posts\/164627\/revisions"}],"wp:featuredmedia":[{"embeddable":true,"href":"https:\/\/www.meydan.tv\/az\/wp-json\/wp\/v2\/media\/10987"}],"wp:attachment":[{"href":"https:\/\/www.meydan.tv\/az\/wp-json\/wp\/v2\/media?parent=164627"}],"wp:term":[{"taxonomy":"category","embeddable":true,"href":"https:\/\/www.meydan.tv\/az\/wp-json\/wp\/v2\/categories?post=164627"},{"taxonomy":"post_tag","embeddable":true,"href":"https:\/\/www.meydan.tv\/az\/wp-json\/wp\/v2\/tags?post=164627"}],"curies":[{"name":"wp","href":"https:\/\/api.w.org\/{rel}","templated":true}]}}