{"id":164580,"date":"2014-07-17T01:07:51","date_gmt":"2014-07-17T01:07:51","guid":{"rendered":"https:\/\/www.meydan.tv\/article\/yazici-yoxsa-yazdigi\/"},"modified":"2014-07-17T01:07:51","modified_gmt":"2014-07-17T01:07:51","slug":"yazici-yoxsa-yazdigi","status":"publish","type":"post","link":"https:\/\/www.meydan.tv\/az\/article\/yazici-yoxsa-yazdigi\/","title":{"rendered":"Yaz\u0131\u00e7\u0131, yoxsa yazd\u0131\u011f\u0131"},"content":{"rendered":"<figure class=\"wp-block-image size-large\">\n  <img decoding=\"async\" src=\"https:\/\/www.meydan.tv\/az\/11539\/\" alt=\"\" class=\"wp-image-11539\"\/><figcaption><\/figcaption><\/figure>\n<figure class=\"wp-block-image size-large\">\n  <img decoding=\"async\" src=\"https:\/\/www.meydan.tv\/az\/11545\/\" alt=\"\" class=\"wp-image-11545\"\/><figcaption><\/figcaption><\/figure>\n<p>\n  <b><br \/>\n    C\u0259miyy\u0259t o q\u0259d\u0259r b\u00f6l\u00fcn\u00fcb ki, hans\u0131sa m\u0259s\u0259l\u0259y\u0259 m\u00fcnasib\u0259t\u00a0 bildir\u0259nd\u0259 iki d\u00fc\u015f\u00fcn\u0259n t\u0259r\u0259f olur. \u00dc\u00e7\u00fcnc\u00fcl\u0259r d\u0259 \u201c h\u0259r \u015fey a\u011f-qaradan ibar\u0259t deyil\u201d deyib, la\u011fla\u011f\u0131 h\u0259d\u0259fi olanlar\u0131 t\u0259\u015fkil edir. \u00a0\u018flb\u0259tt\u0259, b\u0259zi \u015feyl\u0259rd\u0259 h\u0259r \u015fey m\u0259hz a\u011f-qarad\u0131r. Amma el\u0259 m\u0259s\u0259l\u0259l\u0259r var ki, qurunun\u00a0 oduna ya\u015f\u0131n yanmas\u0131 h\u0259dd\u0259n art\u0131q \u0259dal\u0259tsizlik olur.<br \/>\n  <\/b>\n<\/p>\n<p>\n  M\u0259nc\u0259 bu m\u0259s\u0259l\u0259l\u0259rd\u0259n biri yarad\u0131c\u0131 adam\u0131n yaratd\u0131qlar\u0131 il\u0259 \u015f\u0259xsiyy\u0259tin\u0259 veril\u0259n \u00a0qiym\u0259t m\u0259s\u0259l\u0259sidir. Bir qism iddia edir ki, m\u0259n\u0259vi keyfiyy\u0259tl\u0259ri \u00a0a\u015fa\u011f\u0131 olan adam n\u0259 q\u0259d\u0259r istedadl\u0131 olsa da, yarad\u0131c\u0131l\u0131q m\u0259hsulu n\u0259 q\u0259d\u0259r y\u00fcks\u0259k \u00a0d\u0259y\u0259rl\u0259r t\u0259bli\u011f ets\u0259 d\u0259, m\u0259hz \u015f\u0259xsiyy\u0259tind\u0259ki probleml\u0259r\u0259 \u00a0g\u00f6r\u0259 onun \u0259s\u0259rl\u0259rini d\u0259 r\u0259dd etm\u0259k laz\u0131md\u0131r. Dig\u0259r t\u0259r\u0259f is\u0259 \u0259s\u0259rd\u0259n z\u00f6vq alma\u011f\u0131, faydalanma\u011f\u0131 yarad\u0131c\u0131n\u0131n \u015f\u0259xsiyy\u0259tin\u0259 qar\u0131\u015fd\u0131rmama\u011f\u0131 \u00fcst\u00fcn tutur. D\u00fczd\u00fcr, 3-c\u00fc qrup da var ki, yax\u015f\u0131 \u0259s\u0259r yaradan \u0259claflara h\u00f6rm\u0259t edirl\u0259r. Bunlar haqq\u0131nda dan\u0131\u015fmayacam, \u00e7\u00fcnki onlar \u00f6zl\u0259ri d\u0259 \u0259clafd\u0131rlar. M\u0259n ikincil\u0259rd\u0259n\u0259m. D\u00fcz\u00fc, birinci m\u00f6vqed\u0259 d\u0259 haql\u0131 y\u00f6nl\u0259r olsa da, bu m\u00f6vqe m\u0259n\u0259 nasistl\u0259rin kitablar\u0131 yand\u0131rmas\u0131n\u0131 xat\u0131rlad\u0131r.\n<\/p>\n<p>\n  D\u00fczd\u00fcr, bu, biraz \u0259dal\u0259tsiz yana\u015fma oldu. \u00c7\u00fcnki\u00a0 nasistl\u0259r \u00f6z axmaq rasist ideyalar\u0131na m\u00fcvafiq g\u0259lm\u0259y\u0259n \u0259s\u0259rl\u0259ri r\u0259dd edirdil\u0259r, 1-ci m\u00f6vqenin t\u0259r\u0259fdarlar\u0131 is\u0259 b\u0259\u015f\u0259ri d\u0259y\u0259rl\u0259ri \u0259sas tuturlar. Amma bu da \u0259s\u0259ri m\u00fc\u0259llifd\u0259n ay\u0131rma\u011f\u0131n z\u0259ruri olmas\u0131 kimi, k\u00fctl\u0259 d\u00fc\u015f\u00fcnc\u0259sind\u0259n azad d\u00fcs\u00fcn\u0259 bil\u0259n bir \u00e7ox adam\u0131n \u0259sas g\u00f6t\u00fcrd\u00fcy\u00fc m\u00f6vqey\u0259 uy\u011fun g\u0259lmir. M\u00fc\u0259llifi \u0259s\u0259rd\u0259n ay\u0131rmamaq daha \u00e7ox naminalizm\u0259\u00a0 uy\u011fun g\u0259lir. Nec\u0259liyind\u0259n, n\u0259l\u0259ri t\u0259bli\u011f etm\u0259sind\u0259n\u00a0 as\u0131l\u0131 olmayaraq yaln\u0131z m\u00fc\u0259llifinin \u00a0\u0259claf oldu\u011funa g\u00f6r\u0259, \u0259s\u0259rl\u0259ri r\u0259dd etm\u0259k adland\u0131rman\u0131n qulu olmaq dem\u0259kdir. B\u00fct\u00fcn \u0259s\u0259rl\u0259r\u0259 bir ad- m\u00fc\u0259llifin ad\u0131 qoyulur.\n<\/p>\n<p>\n  B\u0259s yax\u015f\u0131 olmazm\u0131 ki, \u0259s\u0259rd\u0259n h\u0259zz alaq, fayda g\u00f6t\u00fcr\u0259k, m\u00fc\u0259llifin d\u0259 qiym\u0259tini ictimai r\u0259yl\u0259 ver\u0259k?! M\u0259s\u0259l\u0259n, Norve\u00e7d\u0259 Knut Hamsunun heyk\u0259li, ad\u0131na k\u00fc\u00e7\u0259- filan yoxdur, amma \u0259s\u0259rl\u0259ri \u00e7ap olunur, oxunur, yay\u0131l\u0131r. Hamsun Nasistl\u0259r\u0259 r\u0259\u011fb\u0259t b\u0259sl\u0259yirdi, \u0259s\u0259rl\u0259r h\u0259sr edirdi, ona g\u00f6r\u0259 d\u0259 norve\u00e7lil\u0259r onu anti-b\u0259\u015f\u0259ri ideologiyas\u0131na, m\u00f6vqeyin\u0259, xalq\u0131na x\u0259yan\u0259tin\u0259 g\u00f6r\u0259 adam yerin\u0259 qoymurlar. Amma eyni zamanda \u201cAcl\u0131q\u201ddan, \u201cTorpa\u011f\u0131n b\u0259r\u0259k\u0259ti\u201dnd\u0259n n\u0259l\u0259rs\u0259 \u00f6yr\u0259nir, oxuyanda z\u00f6vq al\u0131rlar. Yaxud biz indi bilmirik ki, Da Vinci nec\u0259 adam olub. Amma \u201cMona Liza\u201d dan h\u0259zz al\u0131r\u0131q.\n<\/p>\n<p>\n  1-ci m\u00f6vqenin t\u0259r\u0259fdarlar\u0131 dey\u0259 bil\u0259rl\u0259r ri, \u0259d\u0259biyyat daha f\u0259rqli bir \u015feydir. M\u0259nc\u0259 inc\u0259s\u0259n\u0259tin dig\u0259r sah\u0259l\u0259rind\u0259 hissl\u0259r ifad\u0259\u00a0 olunur, \u0259g\u0259r r\u0259sm \u0259s\u0259ri v\u0259 heyk\u0259l bizd\u0259 xo\u015f hisl\u0259r yarad\u0131rsa, t\u0259\u0259ss\u00fcf, bu, o dem\u0259k deyil ki, m\u00fc\u0259llif humanist olub. Dig\u0259r misal g\u00f6st\u0259rim: AB\u015e-\u0131n atalar- banil\u0259r adland\u0131rd\u0131\u011f\u0131 insanlar\u0131n quldar, \u00a0yaxud k\u0259niz zorlayan- filan\u00a0 olub b\u0259zil\u0259ri, Amma bu, onlar\u0131n yaratd\u0131\u011f\u0131 m\u0259hsulun b\u0259\u015f\u0259riliyin\u0259 x\u0259l\u0259l g\u0259tirmir. U\u015faq vaxt\u0131 S.R\u00fcst\u0259min \u201cDuz- \u00e7\u00f6r\u0259k\u2019 \u015feiri \u00e7ox xo\u015fuma g\u0259lmi\u015fdi. Atamla bu bar\u0259d\u0259 dan\u0131\u015fanda, atam dedi ki, \u201cbils\u0259n,o S.R\u00fcst\u0259m n\u0259 adam olub, he\u00e7 o \u015feiri oxumazsan\u201d.\u00a0 Amma indi m\u0259n S.R\u00fcst\u0259m d\u0259 tan\u0131y\u0131ram, o \u015feiri d\u0259 h\u0259l\u0259 d\u0259 b\u0259y\u0259nir\u0259m. Bir s\u00f6zl\u0259, bizim Homerin, Nizaminin, \u015eekspirin nec\u0259 adam olmas\u0131n\u0131 bilm\u0259 imkan\u0131m\u0131z olmad\u0131\u011f\u0131 halda onlar\u0131n, \u0259s\u0259rl\u0259rini sev\u0259 bilirik. Sabah m\u0259lum olsa ki, Nizami mitinq\u00e7il\u0259ri d\u00f6y\u0259n polis olub, m\u0259nc\u0259 biz yaln\u0131z onun \u015f\u0259xsiyy\u0259tin\u0259 qar\u015f\u0131 ictimai q\u0131naq yaratmal\u0131y\u0131q, \u201cX\u0259ms\u0259y\u0259\u201d qar\u015f\u0131 yox.\n<\/p>\n<p>\n  P.S. B\u00fct\u00fcn bunlar\u0131n AYB-\u0259 o q\u0259d\u0259r d\u0259 d\u0259xli yoxdur. \u00c7\u00fcnki o qurum repressiv, i\u015fver\u0259n qurum kimi yarad\u0131l\u0131b, indi d\u0259 buna sadiqdir. H\u0259m\u00e7inin AYB-nin \u00fczvl\u0259rinin yarad\u0131c\u0131l\u0131qlar\u0131 uzaqba\u015f\u0131 Bil\u0259c\u0259rini ke\u00e7ib. D\u00fcnya s\u0259viyy\u0259sind\u0259 onlar luzerdil\u0259r. Bu onlar\u0131n yarad\u0131c\u0131l\u0131\u011f\u0131n\u0131n 5 q\u0259piy\u0259 d\u0259ym\u0259diyini g\u00f6st\u0259rir. Qald\u0131 ki, onlar\u0131n \u015f\u0259xsiyy\u0259tin\u0259 -q\u0131sa des\u0259m, \u00f6z\u00fcn\u0259 h\u00f6rm\u0259t ed\u0259n adam, g\u0259r\u0259k, o t\u0259\u015fkilat\u0131n \u00fczvl\u00fcy\u00fcnd\u0259n \u00e7\u0131xs\u0131n. B\u0259lk\u0259, kiml\u0259rs\u0259 qal\u0131b h\u0259l\u0259; qal\u0131bsa, t\u0259\u0259ss\u00fcf. AYB bar\u0259d\u0259 m\u00fcbahis\u0259y\u0259 d\u0259ym\u0259z, adlar\u0131 \u00fcst\u00fcnd\u0259dir-1937-nin \u201cq\u0259hr\u0259manlar\u0131\u201d\u2026<\/p>\n","protected":false},"excerpt":{"rendered":"<p>\u00d6z\u00fcn\u0259 h\u00f6rm\u0259t ed\u0259n adam, g\u0259r\u0259k, AYB-d\u0259n \u00e7\u0131xs\u0131n&#8230;<\/p>\n","protected":false},"author":11,"featured_media":11539,"comment_status":"closed","ping_status":"open","sticky":false,"template":"","format":"standard","meta":{"_acf_changed":false,"_sitemap_exclude":false,"_sitemap_priority":"","_sitemap_frequency":"","footnotes":""},"categories":[57],"tags":[],"class_list":["post-164580","post","type-post","status-publish","format-standard","has-post-thumbnail","hentry","category-menim-fikrimce","infinite-scroll-item","generate-columns","tablet-grid-50","mobile-grid-100","grid-parent","grid-33","no-featured-image-padding"],"acf":[],"yoast_head":"<!-- This site is optimized with the Yoast SEO plugin v27.4 - https:\/\/yoast.com\/product\/yoast-seo-wordpress\/ -->\n<title>Yaz\u0131\u00e7\u0131, yoxsa yazd\u0131\u011f\u0131 - MEYDAN.TV<\/title>\n<meta name=\"robots\" content=\"index, follow, max-snippet:-1, max-image-preview:large, max-video-preview:-1\" \/>\n<link rel=\"canonical\" href=\"https:\/\/www.meydan.tv\/az\/article\/yazici-yoxsa-yazdigi\/\" \/>\n<meta property=\"og:locale\" content=\"az_AZ\" \/>\n<meta property=\"og:type\" content=\"article\" \/>\n<meta property=\"og:title\" content=\"Yaz\u0131\u00e7\u0131, yoxsa yazd\u0131\u011f\u0131 - MEYDAN.TV\" \/>\n<meta property=\"og:description\" content=\"\u00d6z\u00fcn\u0259 h\u00f6rm\u0259t ed\u0259n adam, g\u0259r\u0259k, AYB-d\u0259n \u00e7\u0131xs\u0131n...\" \/>\n<meta property=\"og:url\" content=\"https:\/\/www.meydan.tv\/az\/article\/yazici-yoxsa-yazdigi\/\" \/>\n<meta property=\"og:site_name\" content=\"MEYDAN.TV\" \/>\n<meta property=\"article:published_time\" content=\"2014-07-17T01:07:51+00:00\" \/>\n<meta property=\"og:image\" content=\"https:\/\/www.meydan.tv\/wp-content\/uploads\/3773.jpg\" \/>\n\t<meta property=\"og:image:width\" content=\"500\" \/>\n\t<meta property=\"og:image:height\" content=\"500\" \/>\n\t<meta property=\"og:image:type\" content=\"image\/jpeg\" \/>\n<meta name=\"author\" content=\"user-manager\" \/>\n<meta name=\"twitter:card\" content=\"summary_large_image\" \/>\n<script type=\"application\/ld+json\" class=\"yoast-schema-graph\">{\"@context\":\"https:\\\/\\\/schema.org\",\"@graph\":[{\"@type\":\"Article\",\"@id\":\"https:\\\/\\\/www.meydan.tv\\\/az\\\/article\\\/yazici-yoxsa-yazdigi\\\/#article\",\"isPartOf\":{\"@id\":\"https:\\\/\\\/www.meydan.tv\\\/az\\\/article\\\/yazici-yoxsa-yazdigi\\\/\"},\"author\":{\"name\":\"user-manager\",\"@id\":\"https:\\\/\\\/www.meydan.tv\\\/az\\\/#\\\/schema\\\/person\\\/10d11eccf6da3662cf5fdab9806ea91a\"},\"headline\":\"Yaz\u0131\u00e7\u0131, yoxsa yazd\u0131\u011f\u0131\",\"datePublished\":\"2014-07-17T01:07:51+00:00\",\"mainEntityOfPage\":{\"@id\":\"https:\\\/\\\/www.meydan.tv\\\/az\\\/article\\\/yazici-yoxsa-yazdigi\\\/\"},\"wordCount\":909,\"publisher\":{\"@id\":\"https:\\\/\\\/www.meydan.tv\\\/az\\\/#organization\"},\"image\":{\"@id\":\"https:\\\/\\\/www.meydan.tv\\\/az\\\/article\\\/yazici-yoxsa-yazdigi\\\/#primaryimage\"},\"thumbnailUrl\":\"https:\\\/\\\/www.meydan.tv\\\/wp-content\\\/uploads\\\/3773.jpg\",\"articleSection\":[\"M\u0259nim Fikrimc\u0259\"],\"inLanguage\":\"az\"},{\"@type\":\"WebPage\",\"@id\":\"https:\\\/\\\/www.meydan.tv\\\/az\\\/article\\\/yazici-yoxsa-yazdigi\\\/\",\"url\":\"https:\\\/\\\/www.meydan.tv\\\/az\\\/article\\\/yazici-yoxsa-yazdigi\\\/\",\"name\":\"Yaz\u0131\u00e7\u0131, yoxsa yazd\u0131\u011f\u0131 - MEYDAN.TV\",\"isPartOf\":{\"@id\":\"https:\\\/\\\/www.meydan.tv\\\/az\\\/#website\"},\"primaryImageOfPage\":{\"@id\":\"https:\\\/\\\/www.meydan.tv\\\/az\\\/article\\\/yazici-yoxsa-yazdigi\\\/#primaryimage\"},\"image\":{\"@id\":\"https:\\\/\\\/www.meydan.tv\\\/az\\\/article\\\/yazici-yoxsa-yazdigi\\\/#primaryimage\"},\"thumbnailUrl\":\"https:\\\/\\\/www.meydan.tv\\\/wp-content\\\/uploads\\\/3773.jpg\",\"datePublished\":\"2014-07-17T01:07:51+00:00\",\"breadcrumb\":{\"@id\":\"https:\\\/\\\/www.meydan.tv\\\/az\\\/article\\\/yazici-yoxsa-yazdigi\\\/#breadcrumb\"},\"inLanguage\":\"az\",\"potentialAction\":[{\"@type\":\"ReadAction\",\"target\":[\"https:\\\/\\\/www.meydan.tv\\\/az\\\/article\\\/yazici-yoxsa-yazdigi\\\/\"]}]},{\"@type\":\"ImageObject\",\"inLanguage\":\"az\",\"@id\":\"https:\\\/\\\/www.meydan.tv\\\/az\\\/article\\\/yazici-yoxsa-yazdigi\\\/#primaryimage\",\"url\":\"https:\\\/\\\/www.meydan.tv\\\/wp-content\\\/uploads\\\/3773.jpg\",\"contentUrl\":\"https:\\\/\\\/www.meydan.tv\\\/wp-content\\\/uploads\\\/3773.jpg\",\"width\":500,\"height\":500,\"caption\":\"Source:\"},{\"@type\":\"BreadcrumbList\",\"@id\":\"https:\\\/\\\/www.meydan.tv\\\/az\\\/article\\\/yazici-yoxsa-yazdigi\\\/#breadcrumb\",\"itemListElement\":[{\"@type\":\"ListItem\",\"position\":1,\"name\":\"Ana s\u0259hif\u0259\",\"item\":\"https:\\\/\\\/www.meydan.tv\\\/az\\\/\"},{\"@type\":\"ListItem\",\"position\":2,\"name\":\"M\u0259nim Fikrimc\u0259\",\"item\":\"https:\\\/\\\/www.meydan.tv\\\/az\\\/section\\\/menim-fikrimce\\\/\"},{\"@type\":\"ListItem\",\"position\":3,\"name\":\"Yaz\u0131\u00e7\u0131, yoxsa yazd\u0131\u011f\u0131\"}]},{\"@type\":\"WebSite\",\"@id\":\"https:\\\/\\\/www.meydan.tv\\\/az\\\/#website\",\"url\":\"https:\\\/\\\/www.meydan.tv\\\/az\\\/\",\"name\":\"MEYDAN.TV\",\"description\":\"Meydan TV Az\u0259rbaycan\u0131n media m\u0259kan\u0131ndak\u0131 alternativ s\u0259sidir\",\"publisher\":{\"@id\":\"https:\\\/\\\/www.meydan.tv\\\/az\\\/#organization\"},\"potentialAction\":[{\"@type\":\"SearchAction\",\"target\":{\"@type\":\"EntryPoint\",\"urlTemplate\":\"https:\\\/\\\/www.meydan.tv\\\/az\\\/?s={search_term_string}\"},\"query-input\":{\"@type\":\"PropertyValueSpecification\",\"valueRequired\":true,\"valueName\":\"search_term_string\"}}],\"inLanguage\":\"az\"},{\"@type\":\"Organization\",\"@id\":\"https:\\\/\\\/www.meydan.tv\\\/az\\\/#organization\",\"name\":\"Meydan TV\",\"url\":\"https:\\\/\\\/www.meydan.tv\\\/az\\\/\",\"logo\":{\"@type\":\"ImageObject\",\"inLanguage\":\"az\",\"@id\":\"https:\\\/\\\/www.meydan.tv\\\/az\\\/#\\\/schema\\\/logo\\\/image\\\/\",\"url\":\"https:\\\/\\\/www.meydan.tv\\\/wp-content\\\/uploads\\\/2021\\\/07\\\/meydan-logo.svg\",\"contentUrl\":\"https:\\\/\\\/www.meydan.tv\\\/wp-content\\\/uploads\\\/2021\\\/07\\\/meydan-logo.svg\",\"width\":195,\"height\":46,\"caption\":\"Meydan TV\"},\"image\":{\"@id\":\"https:\\\/\\\/www.meydan.tv\\\/az\\\/#\\\/schema\\\/logo\\\/image\\\/\"}},{\"@type\":\"Person\",\"@id\":\"https:\\\/\\\/www.meydan.tv\\\/az\\\/#\\\/schema\\\/person\\\/10d11eccf6da3662cf5fdab9806ea91a\",\"name\":\"user-manager\"}]}<\/script>\n<!-- \/ Yoast SEO plugin. -->","yoast_head_json":{"title":"Yaz\u0131\u00e7\u0131, yoxsa yazd\u0131\u011f\u0131 - MEYDAN.TV","robots":{"index":"index","follow":"follow","max-snippet":"max-snippet:-1","max-image-preview":"max-image-preview:large","max-video-preview":"max-video-preview:-1"},"canonical":"https:\/\/www.meydan.tv\/az\/article\/yazici-yoxsa-yazdigi\/","og_locale":"az_AZ","og_type":"article","og_title":"Yaz\u0131\u00e7\u0131, yoxsa yazd\u0131\u011f\u0131 - MEYDAN.TV","og_description":"\u00d6z\u00fcn\u0259 h\u00f6rm\u0259t ed\u0259n adam, g\u0259r\u0259k, AYB-d\u0259n \u00e7\u0131xs\u0131n...","og_url":"https:\/\/www.meydan.tv\/az\/article\/yazici-yoxsa-yazdigi\/","og_site_name":"MEYDAN.TV","article_published_time":"2014-07-17T01:07:51+00:00","og_image":[{"width":500,"height":500,"url":"https:\/\/www.meydan.tv\/wp-content\/uploads\/3773.jpg","type":"image\/jpeg"}],"author":"user-manager","twitter_card":"summary_large_image","schema":{"@context":"https:\/\/schema.org","@graph":[{"@type":"Article","@id":"https:\/\/www.meydan.tv\/az\/article\/yazici-yoxsa-yazdigi\/#article","isPartOf":{"@id":"https:\/\/www.meydan.tv\/az\/article\/yazici-yoxsa-yazdigi\/"},"author":{"name":"user-manager","@id":"https:\/\/www.meydan.tv\/az\/#\/schema\/person\/10d11eccf6da3662cf5fdab9806ea91a"},"headline":"Yaz\u0131\u00e7\u0131, yoxsa yazd\u0131\u011f\u0131","datePublished":"2014-07-17T01:07:51+00:00","mainEntityOfPage":{"@id":"https:\/\/www.meydan.tv\/az\/article\/yazici-yoxsa-yazdigi\/"},"wordCount":909,"publisher":{"@id":"https:\/\/www.meydan.tv\/az\/#organization"},"image":{"@id":"https:\/\/www.meydan.tv\/az\/article\/yazici-yoxsa-yazdigi\/#primaryimage"},"thumbnailUrl":"https:\/\/www.meydan.tv\/wp-content\/uploads\/3773.jpg","articleSection":["M\u0259nim Fikrimc\u0259"],"inLanguage":"az"},{"@type":"WebPage","@id":"https:\/\/www.meydan.tv\/az\/article\/yazici-yoxsa-yazdigi\/","url":"https:\/\/www.meydan.tv\/az\/article\/yazici-yoxsa-yazdigi\/","name":"Yaz\u0131\u00e7\u0131, yoxsa yazd\u0131\u011f\u0131 - MEYDAN.TV","isPartOf":{"@id":"https:\/\/www.meydan.tv\/az\/#website"},"primaryImageOfPage":{"@id":"https:\/\/www.meydan.tv\/az\/article\/yazici-yoxsa-yazdigi\/#primaryimage"},"image":{"@id":"https:\/\/www.meydan.tv\/az\/article\/yazici-yoxsa-yazdigi\/#primaryimage"},"thumbnailUrl":"https:\/\/www.meydan.tv\/wp-content\/uploads\/3773.jpg","datePublished":"2014-07-17T01:07:51+00:00","breadcrumb":{"@id":"https:\/\/www.meydan.tv\/az\/article\/yazici-yoxsa-yazdigi\/#breadcrumb"},"inLanguage":"az","potentialAction":[{"@type":"ReadAction","target":["https:\/\/www.meydan.tv\/az\/article\/yazici-yoxsa-yazdigi\/"]}]},{"@type":"ImageObject","inLanguage":"az","@id":"https:\/\/www.meydan.tv\/az\/article\/yazici-yoxsa-yazdigi\/#primaryimage","url":"https:\/\/www.meydan.tv\/wp-content\/uploads\/3773.jpg","contentUrl":"https:\/\/www.meydan.tv\/wp-content\/uploads\/3773.jpg","width":500,"height":500,"caption":"Source:"},{"@type":"BreadcrumbList","@id":"https:\/\/www.meydan.tv\/az\/article\/yazici-yoxsa-yazdigi\/#breadcrumb","itemListElement":[{"@type":"ListItem","position":1,"name":"Ana s\u0259hif\u0259","item":"https:\/\/www.meydan.tv\/az\/"},{"@type":"ListItem","position":2,"name":"M\u0259nim Fikrimc\u0259","item":"https:\/\/www.meydan.tv\/az\/section\/menim-fikrimce\/"},{"@type":"ListItem","position":3,"name":"Yaz\u0131\u00e7\u0131, yoxsa yazd\u0131\u011f\u0131"}]},{"@type":"WebSite","@id":"https:\/\/www.meydan.tv\/az\/#website","url":"https:\/\/www.meydan.tv\/az\/","name":"MEYDAN.TV","description":"Meydan TV Az\u0259rbaycan\u0131n media m\u0259kan\u0131ndak\u0131 alternativ s\u0259sidir","publisher":{"@id":"https:\/\/www.meydan.tv\/az\/#organization"},"potentialAction":[{"@type":"SearchAction","target":{"@type":"EntryPoint","urlTemplate":"https:\/\/www.meydan.tv\/az\/?s={search_term_string}"},"query-input":{"@type":"PropertyValueSpecification","valueRequired":true,"valueName":"search_term_string"}}],"inLanguage":"az"},{"@type":"Organization","@id":"https:\/\/www.meydan.tv\/az\/#organization","name":"Meydan TV","url":"https:\/\/www.meydan.tv\/az\/","logo":{"@type":"ImageObject","inLanguage":"az","@id":"https:\/\/www.meydan.tv\/az\/#\/schema\/logo\/image\/","url":"https:\/\/www.meydan.tv\/wp-content\/uploads\/2021\/07\/meydan-logo.svg","contentUrl":"https:\/\/www.meydan.tv\/wp-content\/uploads\/2021\/07\/meydan-logo.svg","width":195,"height":46,"caption":"Meydan TV"},"image":{"@id":"https:\/\/www.meydan.tv\/az\/#\/schema\/logo\/image\/"}},{"@type":"Person","@id":"https:\/\/www.meydan.tv\/az\/#\/schema\/person\/10d11eccf6da3662cf5fdab9806ea91a","name":"user-manager"}]}},"_links":{"self":[{"href":"https:\/\/www.meydan.tv\/az\/wp-json\/wp\/v2\/posts\/164580","targetHints":{"allow":["GET"]}}],"collection":[{"href":"https:\/\/www.meydan.tv\/az\/wp-json\/wp\/v2\/posts"}],"about":[{"href":"https:\/\/www.meydan.tv\/az\/wp-json\/wp\/v2\/types\/post"}],"author":[{"embeddable":true,"href":"https:\/\/www.meydan.tv\/az\/wp-json\/wp\/v2\/users\/11"}],"replies":[{"embeddable":true,"href":"https:\/\/www.meydan.tv\/az\/wp-json\/wp\/v2\/comments?post=164580"}],"version-history":[{"count":0,"href":"https:\/\/www.meydan.tv\/az\/wp-json\/wp\/v2\/posts\/164580\/revisions"}],"wp:featuredmedia":[{"embeddable":true,"href":"https:\/\/www.meydan.tv\/az\/wp-json\/wp\/v2\/media\/11539"}],"wp:attachment":[{"href":"https:\/\/www.meydan.tv\/az\/wp-json\/wp\/v2\/media?parent=164580"}],"wp:term":[{"taxonomy":"category","embeddable":true,"href":"https:\/\/www.meydan.tv\/az\/wp-json\/wp\/v2\/categories?post=164580"},{"taxonomy":"post_tag","embeddable":true,"href":"https:\/\/www.meydan.tv\/az\/wp-json\/wp\/v2\/tags?post=164580"}],"curies":[{"name":"wp","href":"https:\/\/api.w.org\/{rel}","templated":true}]}}