{"id":164575,"date":"2014-07-15T22:48:38","date_gmt":"2014-07-15T22:48:38","guid":{"rendered":"https:\/\/www.meydan.tv\/article\/insanliqdan-cixmaq-seneti\/"},"modified":"2014-07-15T22:48:38","modified_gmt":"2014-07-15T22:48:38","slug":"insanliqdan-cixmaq-seneti","status":"publish","type":"post","link":"https:\/\/www.meydan.tv\/az\/article\/insanliqdan-cixmaq-seneti\/","title":{"rendered":"\u0130nsanl\u0131qdan \u00e7\u0131xmaq s\u0259n\u0259ti"},"content":{"rendered":"<figure class=\"wp-block-image size-large\">\n  <img decoding=\"async\" src=\"https:\/\/www.meydan.tv\/az\/11503\/\" alt=\"\" class=\"wp-image-11503\"\/><figcaption><\/figcaption><\/figure>\n<figure class=\"wp-block-image size-large\">\n  <img decoding=\"async\" src=\"https:\/\/www.meydan.tv\/az\/11506\/\" alt=\"\" class=\"wp-image-11506\"\/><figcaption><\/figcaption><\/figure>\n<p>\n  Bu polemika harada ba\u015flay\u0131b, onu dem\u0259k \u00e7ox \u00e7\u0259tindir. Amma on doqquzuncu \u0259srd\u0259 Fransada el\u0259 bir tozanaq qopard\u0131 ki, h\u0259tta 20-ci \u0259srin \u0259vv\u0259ll\u0259rind\u0259 Osmanl\u0131ya da g\u0259lib \u00e7\u0131xd\u0131. \u201cS\u0259n\u0259t s\u0259n\u0259t \u00fc\u00e7\u00fcnd\u00fcr, yoxsa s\u0259n\u0259t c\u0259miyy\u0259t \u00fc\u00e7\u00fcnd\u00fcr?\u201d. Bu m\u00fcbahis\u0259nin arxas\u0131nda iki gizlin niyy\u0259t dururdu. Birincisi, \u201cS\u0259n\u0259t s\u0259n\u0259t \u00fc\u00e7\u00fcnd\u00fcr\u201d dey\u0259nl\u0259r idi. Onlar s\u0259n\u0259tin \u00f6z\u0259l kriteriyalar\u0131 arxas\u0131nda gizl\u0259nib, ictimai hadis\u0259l\u0259r\u0259 susqunluqlar\u0131na \u0259sas axtar\u0131rd\u0131lar. M\u0259s\u0259l\u0259n: \u201cM\u0259n burda \u201cM\u0259ry\u0259min \u0259zablar\u0131\u201d heyk\u0259lin yonuram, orada \u0130san\u0131n \u00e7arm\u0131xa \u00e7\u0259kilm\u0259sin\u0259 qar\u0131\u015fa bilm\u0259r\u0259m\u201d. M\u00fcasir Az\u0259rbaycanda is\u0259 adamlar bunu ya tarixi v\u0259t\u0259np\u0259rv\u0259rlik, ya da y\u00fcks\u0259k intellektuall\u0131q p\u0259rd\u0259si arxas\u0131nda edirl\u0259r. Y\u0259ni o q\u0259d\u0259r a\u011f\u0131ll\u0131d\u0131rlar ki, a\u011f\u0131ls\u0131zlar\u0131n \u00f6lk\u0259ni talamas\u0131na qar\u015f\u0131 \u00e7\u0131xm\u0131rlar. Ya da kims\u0259 bunlara 20 min Oksford m\u0259zunu olan mitinq\u00e7i tapmal\u0131d\u0131r ki, \u00e7\u0131x\u0131b qar\u015f\u0131s\u0131nda \u00e7\u0131x\u0131\u015f el\u0259sinl\u0259r, yoxsa bu m\u00f6ht\u2019r\u0259m zatlar\u0131 ba\u015fa d\u00fc\u015f\u0259n yoxdur. Bu qorxaql\u0131qdan \u201cs\u0259n\u0259t s\u0259n\u0259t \u00fc\u00e7\u00fcnd\u00fcr- s\u0259viyy\u0259 s\u0259viyy\u0259 \u00fc\u00e7\u00fcnd\u00fcr\u201d dey\u0259nl\u0259rdir. Bir d\u0259 var, tamam s\u0131radan \u00e7\u0131xm\u0131\u015f bir n\u0259sl. Onlar n\u0259 ke\u00e7mi\u015fi ya\u015faya bilmirl\u0259r, n\u0259 g\u0259l\u0259c\u0259yi qura bilmirl\u0259r. \u0130ddia edirl\u0259r ki, \u0259sas v\u0259zif\u0259l\u0259ri, ulduzlara baxmaq, Tanr\u0131ynan s\u00f6hb\u0259t etm\u0259k (arada onu danlamaq), me\u015f\u0259l\u0259rin q\u0131r\u0131lmas\u0131na ah \u00e7\u0259kib insanlar\u0131n q\u0131r\u0131lmas\u0131na q\u0259zav\u00fc q\u0259d\u0259r dem\u0259kdir. B\u00fct\u00fcn hallarda v\u0259 d\u00f6vrl\u0259rd\u0259 \u201cs\u0259n\u0259t s\u0259n\u0259t \u00fc\u00e7\u00fcnd\u00fcr\u201d dey\u0259nl\u0259rin m\u0259qs\u0259di ictimai prosesl\u0259r\u0259 m\u00fcnasib\u0259td\u0259n qa\u00e7maq olub.\n<\/p>\n<p>\n  S\u00f6z is\u0259 dan\u0131\u015flamadan, yazmadan yoxdur. Ona g\u00f6r\u0259 d\u0259 \u201c\u00fcr\u0259yi s\u00f6zl\u0259 dolu\u201d olanlar\u0131n a\u011f\u0131rl\u0131qdan y\u0131x\u0131ld\u0131\u011f\u0131n\u0131 g\u00f6r\u0259n olmay\u0131b. S\u00f6z azadl\u0131\u011f\u0131 da dan\u0131\u015fmaq v\u0259 yazmaq azadl\u0131\u011f\u0131d\u0131r. \u201c\u00dcr\u0259yin\u0259 \u00e7oxlu s\u00f6z y\u0131\u011fmaq\u201d azadl\u0131\u011f\u0131 deyil. H\u0259r c\u00fcr s\u00f6z\u00fc dil\u0259 g\u0259tirm\u0259k olarm\u0131? Bu sual\u0131n cavab\u0131 t\u0259bii ki, birm\u0259nal\u0131 deyil. Amma o s\u00f6z ki, h\u0259yatdan g\u0259lir, onu qada\u011fan etm\u0259k y\u00fcng\u00fcl des\u0259k, \u00e7evrilm\u0259dir. Y\u0259ni riyakarl\u0131q. Bu is\u0259 ab\u0131rl\u0131 g\u00f6r\u00fcnm\u0259k, t\u0259mkinli duru\u015f s\u0259rgil\u0259m\u0259k \u00fc\u00e7\u00fcn \u00f6d\u0259nil\u0259c\u0259k b\u0259d\u0259l deyil. Bu m\u0259nada susmaq he\u00e7 vaxt a\u011f\u0131ll\u0131l\u0131\u011f\u0131n g\u00f6st\u0259ricisi ola bilm\u0259z. \u00c7\u00fcnki, a\u011f\u0131ll\u0131 susmurlar, yaz\u0131rlar, dan\u0131\u015f\u0131rlar. Yarad\u0131c\u0131 adamlar ictimai m\u0259s\u0259l\u0259l\u0259r\u0259 m\u00fcnasib\u0259td\u0259 susmaq v\u0259 dan\u0131\u015fmaq \u00f6hd\u0259liyi da\u015f\u0131y\u0131rlarm\u0131? \u018flb\u0259tt\u0259, bu onlar\u0131n insan kimi se\u00e7imi olmal\u0131d\u0131r. M\u0259s\u0259l\u0259n, biz demokratiya \u00fc\u00e7\u00fcn frans\u0131z v\u0259 ya alman ictimai\u0259tind\u0259n v\u0259t\u0259nda\u015f m\u00f6vqeyi t\u0259l\u0259b etmirik, onlardan insani m\u00fcnasib\u0259t g\u00f6zl\u0259yirik. Bu, m\u0259hz g\u00f6zl\u0259ntidir. Bu, bizim biz\u0259 yax\u0131n d\u00fc\u015f\u00fcnc\u0259d\u0259 olan insanlardan g\u00f6zl\u0259ntimizdir. Bu g\u00f6zl\u0259ntiy\u0259 cavab verm\u0259y\u0259nl\u0259r\u0259 insan deyill\u0259rmi? \u018flb\u0259tt\u0259, insand\u0131rlar, amma biziml\u0259 eyni d\u0259y\u0259ri b\u00f6l\u00fc\u015fm\u0259y\u0259n insan. Onlar\u0131n ya\u015famaq v\u0259 d\u00fc\u015f\u00fcnm\u0259k haqq\u0131 varm\u0131? T\u0259bii ki, var. Biz onlarda t\u0259l\u0259b ed\u0259 bil\u0259rikmi ki, bizim kimi d\u00fc\u015f\u00fcns\u00fcnl\u0259r? Y\u0259qin ki, \u201cd\u00fc\u015f\u00fcnm\u0259k\u201d v\u0259 \u201ct\u0259l\u0259b\u201d ifad\u0259l\u0259rini hans\u0131sa m\u0259ntiqli t\u0259sdiq c\u00fcml\u0259sind\u0259 i\u015fl\u0259tm\u0259yin \u00e7\u0259tinliyini ham\u0131 d\u0259rk edir. Biz onlar\u0131 d\u00fc\u015f\u00fcnc\u0259miz\u0259 t\u0259hl\u00fck\u0259 kimi g\u00f6r\u00fcr\u00fckm\u00fc? G\u00f6r\u00fcr\u00fcks\u0259, bunun cavab\u0131n\u0131 \u00f6z\u00fcm\u00fcz\u00fc daha yax\u015f\u0131 ifad\u0259 etm\u0259kl\u0259 verm\u0259liyik. \u00c7\u00fcnki, fikrin yox olmas\u0131n\u0131 yaln\u0131z ondan daha yax\u015f\u0131 fikir t\u0259min ed\u0259 bil\u0259r. S\u0259n\u0259t adam\u0131 \u00f6z\u00fcn\u00fc qorumaq \u00fc\u00e7\u00fcn deyir ki, s\u0259n\u0259t s\u0259n\u0259t \u00fc\u00e7\u00fcnd\u00fcr. \u0130ctimai f\u0259al, siyasi funksioner onu \u00f6z s\u0131ras\u0131nda ideyas\u0131n\u0131n c\u0259bh\u0259sind\u0259 g\u00f6rm\u0259k \u00fc\u00e7\u00fcn deyir ki, s\u0259n\u0259t c\u0259miyy\u0259t \u00fc\u00e7\u00fcnd\u00fcr. Sizc\u0259, bu dilemman\u0131n h\u0259lli m\u00fcmk\u00fcnd\u00fcrm\u00fc? M\u0259nc\u0259 yox, bu dalandan \u00e7\u0131x\u0131\u015f yoxdur. \u00c7\u00fcnki, c\u0259miyy\u0259t olmadan s\u0259n\u0259td\u0259n dan\u0131\u015fmaq absurddur. \u00c7\u00fcnki, yaln\u0131z \u015f\u00fcurlu toplum qiym\u0259tl\u0259ndirm\u0259k imkan\u0131ndad\u0131r. \u201cH\u0259r kasta \u00f6z s\u0259n\u0259tini yarad\u0131r\u201d des\u0259niz, o zaman \u201cs\u0259n\u0259t\u201d nisbi kateqorial anlam da\u015f\u0131yacaq. Y\u0259ni h\u0259r k\u0259s \u00f6z s\u0259n\u0259tind\u0259n dan\u0131\u015facaq. Ona g\u00f6r\u0259 d\u0259 biz bu sual\u0131n cavab\u0131n\u0131 verm\u0259liyik. \u0130nsan\u0131n \u201cinsan olmaq\u201ddan ba\u015fqa s\u0259n\u0259ti n\u0259dir? \u00c7\u00fcnki, m\u0259hz insan insanl\u0131qdan \u00e7\u0131xanda ondan m\u00f6vqe bildirm\u0259k t\u0259l\u0259b olunur.\n<\/p>\n<p>\n  <b><br \/>\n    Yaz\u0131dak\u0131 fikirl\u0259r m\u00fc\u0259llifin \u015f\u0259xsi fikirl\u0259ridir v\u0259 sad\u0259c\u0259 m\u00fc\u0259llif m\u0259suliyy\u0259t da\u015f\u0131y\u0131r.<br \/>\n  <\/b><\/p>\n","protected":false},"excerpt":{"rendered":"<p>S\u0259n\u0259t s\u0259n\u0259t \u00fc\u00e7\u00fcnd\u00fcr, yoxsa s\u0259n\u0259t c\u0259miyy\u0259t \u00fc\u00e7\u00fcnd\u00fcr?<\/p>\n","protected":false},"author":11,"featured_media":11503,"comment_status":"closed","ping_status":"open","sticky":false,"template":"","format":"standard","meta":{"_acf_changed":false,"_sitemap_exclude":false,"_sitemap_priority":"","_sitemap_frequency":"","footnotes":""},"categories":[57],"tags":[],"class_list":["post-164575","post","type-post","status-publish","format-standard","has-post-thumbnail","hentry","category-menim-fikrimce","infinite-scroll-item","generate-columns","tablet-grid-50","mobile-grid-100","grid-parent","grid-33","no-featured-image-padding"],"acf":[],"yoast_head":"<!-- This site is optimized with the Yoast SEO plugin v27.4 - https:\/\/yoast.com\/product\/yoast-seo-wordpress\/ -->\n<title>\u0130nsanl\u0131qdan \u00e7\u0131xmaq s\u0259n\u0259ti - MEYDAN.TV<\/title>\n<meta name=\"robots\" content=\"index, follow, max-snippet:-1, max-image-preview:large, max-video-preview:-1\" \/>\n<link rel=\"canonical\" href=\"https:\/\/www.meydan.tv\/az\/article\/insanliqdan-cixmaq-seneti\/\" \/>\n<meta property=\"og:locale\" content=\"az_AZ\" \/>\n<meta property=\"og:type\" content=\"article\" \/>\n<meta property=\"og:title\" content=\"\u0130nsanl\u0131qdan \u00e7\u0131xmaq s\u0259n\u0259ti - MEYDAN.TV\" \/>\n<meta property=\"og:description\" content=\"S\u0259n\u0259t s\u0259n\u0259t \u00fc\u00e7\u00fcnd\u00fcr, yoxsa s\u0259n\u0259t c\u0259miyy\u0259t \u00fc\u00e7\u00fcnd\u00fcr?\" \/>\n<meta property=\"og:url\" content=\"https:\/\/www.meydan.tv\/az\/article\/insanliqdan-cixmaq-seneti\/\" \/>\n<meta property=\"og:site_name\" content=\"MEYDAN.TV\" \/>\n<meta property=\"article:published_time\" content=\"2014-07-15T22:48:38+00:00\" \/>\n<meta property=\"og:image\" content=\"https:\/\/www.meydan.tv\/wp-content\/uploads\/3757.jpg\" \/>\n\t<meta property=\"og:image:width\" content=\"400\" \/>\n\t<meta property=\"og:image:height\" content=\"400\" \/>\n\t<meta property=\"og:image:type\" content=\"image\/jpeg\" \/>\n<meta name=\"author\" content=\"user-manager\" \/>\n<meta name=\"twitter:card\" content=\"summary_large_image\" \/>\n<script type=\"application\/ld+json\" class=\"yoast-schema-graph\">{\"@context\":\"https:\\\/\\\/schema.org\",\"@graph\":[{\"@type\":\"Article\",\"@id\":\"https:\\\/\\\/www.meydan.tv\\\/az\\\/article\\\/insanliqdan-cixmaq-seneti\\\/#article\",\"isPartOf\":{\"@id\":\"https:\\\/\\\/www.meydan.tv\\\/az\\\/article\\\/insanliqdan-cixmaq-seneti\\\/\"},\"author\":{\"name\":\"user-manager\",\"@id\":\"https:\\\/\\\/www.meydan.tv\\\/az\\\/#\\\/schema\\\/person\\\/10d11eccf6da3662cf5fdab9806ea91a\"},\"headline\":\"\u0130nsanl\u0131qdan \u00e7\u0131xmaq s\u0259n\u0259ti\",\"datePublished\":\"2014-07-15T22:48:38+00:00\",\"mainEntityOfPage\":{\"@id\":\"https:\\\/\\\/www.meydan.tv\\\/az\\\/article\\\/insanliqdan-cixmaq-seneti\\\/\"},\"wordCount\":881,\"publisher\":{\"@id\":\"https:\\\/\\\/www.meydan.tv\\\/az\\\/#organization\"},\"image\":{\"@id\":\"https:\\\/\\\/www.meydan.tv\\\/az\\\/article\\\/insanliqdan-cixmaq-seneti\\\/#primaryimage\"},\"thumbnailUrl\":\"https:\\\/\\\/www.meydan.tv\\\/wp-content\\\/uploads\\\/3757.jpg\",\"articleSection\":[\"M\u0259nim Fikrimc\u0259\"],\"inLanguage\":\"az\"},{\"@type\":\"WebPage\",\"@id\":\"https:\\\/\\\/www.meydan.tv\\\/az\\\/article\\\/insanliqdan-cixmaq-seneti\\\/\",\"url\":\"https:\\\/\\\/www.meydan.tv\\\/az\\\/article\\\/insanliqdan-cixmaq-seneti\\\/\",\"name\":\"\u0130nsanl\u0131qdan \u00e7\u0131xmaq s\u0259n\u0259ti - MEYDAN.TV\",\"isPartOf\":{\"@id\":\"https:\\\/\\\/www.meydan.tv\\\/az\\\/#website\"},\"primaryImageOfPage\":{\"@id\":\"https:\\\/\\\/www.meydan.tv\\\/az\\\/article\\\/insanliqdan-cixmaq-seneti\\\/#primaryimage\"},\"image\":{\"@id\":\"https:\\\/\\\/www.meydan.tv\\\/az\\\/article\\\/insanliqdan-cixmaq-seneti\\\/#primaryimage\"},\"thumbnailUrl\":\"https:\\\/\\\/www.meydan.tv\\\/wp-content\\\/uploads\\\/3757.jpg\",\"datePublished\":\"2014-07-15T22:48:38+00:00\",\"breadcrumb\":{\"@id\":\"https:\\\/\\\/www.meydan.tv\\\/az\\\/article\\\/insanliqdan-cixmaq-seneti\\\/#breadcrumb\"},\"inLanguage\":\"az\",\"potentialAction\":[{\"@type\":\"ReadAction\",\"target\":[\"https:\\\/\\\/www.meydan.tv\\\/az\\\/article\\\/insanliqdan-cixmaq-seneti\\\/\"]}]},{\"@type\":\"ImageObject\",\"inLanguage\":\"az\",\"@id\":\"https:\\\/\\\/www.meydan.tv\\\/az\\\/article\\\/insanliqdan-cixmaq-seneti\\\/#primaryimage\",\"url\":\"https:\\\/\\\/www.meydan.tv\\\/wp-content\\\/uploads\\\/3757.jpg\",\"contentUrl\":\"https:\\\/\\\/www.meydan.tv\\\/wp-content\\\/uploads\\\/3757.jpg\",\"width\":400,\"height\":400,\"caption\":\"Source:\"},{\"@type\":\"BreadcrumbList\",\"@id\":\"https:\\\/\\\/www.meydan.tv\\\/az\\\/article\\\/insanliqdan-cixmaq-seneti\\\/#breadcrumb\",\"itemListElement\":[{\"@type\":\"ListItem\",\"position\":1,\"name\":\"Ana s\u0259hif\u0259\",\"item\":\"https:\\\/\\\/www.meydan.tv\\\/az\\\/\"},{\"@type\":\"ListItem\",\"position\":2,\"name\":\"M\u0259nim Fikrimc\u0259\",\"item\":\"https:\\\/\\\/www.meydan.tv\\\/az\\\/section\\\/menim-fikrimce\\\/\"},{\"@type\":\"ListItem\",\"position\":3,\"name\":\"\u0130nsanl\u0131qdan \u00e7\u0131xmaq s\u0259n\u0259ti\"}]},{\"@type\":\"WebSite\",\"@id\":\"https:\\\/\\\/www.meydan.tv\\\/az\\\/#website\",\"url\":\"https:\\\/\\\/www.meydan.tv\\\/az\\\/\",\"name\":\"MEYDAN.TV\",\"description\":\"Meydan TV Az\u0259rbaycan\u0131n media m\u0259kan\u0131ndak\u0131 alternativ s\u0259sidir\",\"publisher\":{\"@id\":\"https:\\\/\\\/www.meydan.tv\\\/az\\\/#organization\"},\"potentialAction\":[{\"@type\":\"SearchAction\",\"target\":{\"@type\":\"EntryPoint\",\"urlTemplate\":\"https:\\\/\\\/www.meydan.tv\\\/az\\\/?s={search_term_string}\"},\"query-input\":{\"@type\":\"PropertyValueSpecification\",\"valueRequired\":true,\"valueName\":\"search_term_string\"}}],\"inLanguage\":\"az\"},{\"@type\":\"Organization\",\"@id\":\"https:\\\/\\\/www.meydan.tv\\\/az\\\/#organization\",\"name\":\"Meydan TV\",\"url\":\"https:\\\/\\\/www.meydan.tv\\\/az\\\/\",\"logo\":{\"@type\":\"ImageObject\",\"inLanguage\":\"az\",\"@id\":\"https:\\\/\\\/www.meydan.tv\\\/az\\\/#\\\/schema\\\/logo\\\/image\\\/\",\"url\":\"https:\\\/\\\/www.meydan.tv\\\/wp-content\\\/uploads\\\/2021\\\/07\\\/meydan-logo.svg\",\"contentUrl\":\"https:\\\/\\\/www.meydan.tv\\\/wp-content\\\/uploads\\\/2021\\\/07\\\/meydan-logo.svg\",\"width\":195,\"height\":46,\"caption\":\"Meydan TV\"},\"image\":{\"@id\":\"https:\\\/\\\/www.meydan.tv\\\/az\\\/#\\\/schema\\\/logo\\\/image\\\/\"}},{\"@type\":\"Person\",\"@id\":\"https:\\\/\\\/www.meydan.tv\\\/az\\\/#\\\/schema\\\/person\\\/10d11eccf6da3662cf5fdab9806ea91a\",\"name\":\"user-manager\"}]}<\/script>\n<!-- \/ Yoast SEO plugin. -->","yoast_head_json":{"title":"\u0130nsanl\u0131qdan \u00e7\u0131xmaq s\u0259n\u0259ti - MEYDAN.TV","robots":{"index":"index","follow":"follow","max-snippet":"max-snippet:-1","max-image-preview":"max-image-preview:large","max-video-preview":"max-video-preview:-1"},"canonical":"https:\/\/www.meydan.tv\/az\/article\/insanliqdan-cixmaq-seneti\/","og_locale":"az_AZ","og_type":"article","og_title":"\u0130nsanl\u0131qdan \u00e7\u0131xmaq s\u0259n\u0259ti - MEYDAN.TV","og_description":"S\u0259n\u0259t s\u0259n\u0259t \u00fc\u00e7\u00fcnd\u00fcr, yoxsa s\u0259n\u0259t c\u0259miyy\u0259t \u00fc\u00e7\u00fcnd\u00fcr?","og_url":"https:\/\/www.meydan.tv\/az\/article\/insanliqdan-cixmaq-seneti\/","og_site_name":"MEYDAN.TV","article_published_time":"2014-07-15T22:48:38+00:00","og_image":[{"width":400,"height":400,"url":"https:\/\/www.meydan.tv\/wp-content\/uploads\/3757.jpg","type":"image\/jpeg"}],"author":"user-manager","twitter_card":"summary_large_image","schema":{"@context":"https:\/\/schema.org","@graph":[{"@type":"Article","@id":"https:\/\/www.meydan.tv\/az\/article\/insanliqdan-cixmaq-seneti\/#article","isPartOf":{"@id":"https:\/\/www.meydan.tv\/az\/article\/insanliqdan-cixmaq-seneti\/"},"author":{"name":"user-manager","@id":"https:\/\/www.meydan.tv\/az\/#\/schema\/person\/10d11eccf6da3662cf5fdab9806ea91a"},"headline":"\u0130nsanl\u0131qdan \u00e7\u0131xmaq s\u0259n\u0259ti","datePublished":"2014-07-15T22:48:38+00:00","mainEntityOfPage":{"@id":"https:\/\/www.meydan.tv\/az\/article\/insanliqdan-cixmaq-seneti\/"},"wordCount":881,"publisher":{"@id":"https:\/\/www.meydan.tv\/az\/#organization"},"image":{"@id":"https:\/\/www.meydan.tv\/az\/article\/insanliqdan-cixmaq-seneti\/#primaryimage"},"thumbnailUrl":"https:\/\/www.meydan.tv\/wp-content\/uploads\/3757.jpg","articleSection":["M\u0259nim Fikrimc\u0259"],"inLanguage":"az"},{"@type":"WebPage","@id":"https:\/\/www.meydan.tv\/az\/article\/insanliqdan-cixmaq-seneti\/","url":"https:\/\/www.meydan.tv\/az\/article\/insanliqdan-cixmaq-seneti\/","name":"\u0130nsanl\u0131qdan \u00e7\u0131xmaq s\u0259n\u0259ti - MEYDAN.TV","isPartOf":{"@id":"https:\/\/www.meydan.tv\/az\/#website"},"primaryImageOfPage":{"@id":"https:\/\/www.meydan.tv\/az\/article\/insanliqdan-cixmaq-seneti\/#primaryimage"},"image":{"@id":"https:\/\/www.meydan.tv\/az\/article\/insanliqdan-cixmaq-seneti\/#primaryimage"},"thumbnailUrl":"https:\/\/www.meydan.tv\/wp-content\/uploads\/3757.jpg","datePublished":"2014-07-15T22:48:38+00:00","breadcrumb":{"@id":"https:\/\/www.meydan.tv\/az\/article\/insanliqdan-cixmaq-seneti\/#breadcrumb"},"inLanguage":"az","potentialAction":[{"@type":"ReadAction","target":["https:\/\/www.meydan.tv\/az\/article\/insanliqdan-cixmaq-seneti\/"]}]},{"@type":"ImageObject","inLanguage":"az","@id":"https:\/\/www.meydan.tv\/az\/article\/insanliqdan-cixmaq-seneti\/#primaryimage","url":"https:\/\/www.meydan.tv\/wp-content\/uploads\/3757.jpg","contentUrl":"https:\/\/www.meydan.tv\/wp-content\/uploads\/3757.jpg","width":400,"height":400,"caption":"Source:"},{"@type":"BreadcrumbList","@id":"https:\/\/www.meydan.tv\/az\/article\/insanliqdan-cixmaq-seneti\/#breadcrumb","itemListElement":[{"@type":"ListItem","position":1,"name":"Ana s\u0259hif\u0259","item":"https:\/\/www.meydan.tv\/az\/"},{"@type":"ListItem","position":2,"name":"M\u0259nim Fikrimc\u0259","item":"https:\/\/www.meydan.tv\/az\/section\/menim-fikrimce\/"},{"@type":"ListItem","position":3,"name":"\u0130nsanl\u0131qdan \u00e7\u0131xmaq s\u0259n\u0259ti"}]},{"@type":"WebSite","@id":"https:\/\/www.meydan.tv\/az\/#website","url":"https:\/\/www.meydan.tv\/az\/","name":"MEYDAN.TV","description":"Meydan TV Az\u0259rbaycan\u0131n media m\u0259kan\u0131ndak\u0131 alternativ s\u0259sidir","publisher":{"@id":"https:\/\/www.meydan.tv\/az\/#organization"},"potentialAction":[{"@type":"SearchAction","target":{"@type":"EntryPoint","urlTemplate":"https:\/\/www.meydan.tv\/az\/?s={search_term_string}"},"query-input":{"@type":"PropertyValueSpecification","valueRequired":true,"valueName":"search_term_string"}}],"inLanguage":"az"},{"@type":"Organization","@id":"https:\/\/www.meydan.tv\/az\/#organization","name":"Meydan TV","url":"https:\/\/www.meydan.tv\/az\/","logo":{"@type":"ImageObject","inLanguage":"az","@id":"https:\/\/www.meydan.tv\/az\/#\/schema\/logo\/image\/","url":"https:\/\/www.meydan.tv\/wp-content\/uploads\/2021\/07\/meydan-logo.svg","contentUrl":"https:\/\/www.meydan.tv\/wp-content\/uploads\/2021\/07\/meydan-logo.svg","width":195,"height":46,"caption":"Meydan TV"},"image":{"@id":"https:\/\/www.meydan.tv\/az\/#\/schema\/logo\/image\/"}},{"@type":"Person","@id":"https:\/\/www.meydan.tv\/az\/#\/schema\/person\/10d11eccf6da3662cf5fdab9806ea91a","name":"user-manager"}]}},"_links":{"self":[{"href":"https:\/\/www.meydan.tv\/az\/wp-json\/wp\/v2\/posts\/164575","targetHints":{"allow":["GET"]}}],"collection":[{"href":"https:\/\/www.meydan.tv\/az\/wp-json\/wp\/v2\/posts"}],"about":[{"href":"https:\/\/www.meydan.tv\/az\/wp-json\/wp\/v2\/types\/post"}],"author":[{"embeddable":true,"href":"https:\/\/www.meydan.tv\/az\/wp-json\/wp\/v2\/users\/11"}],"replies":[{"embeddable":true,"href":"https:\/\/www.meydan.tv\/az\/wp-json\/wp\/v2\/comments?post=164575"}],"version-history":[{"count":0,"href":"https:\/\/www.meydan.tv\/az\/wp-json\/wp\/v2\/posts\/164575\/revisions"}],"wp:featuredmedia":[{"embeddable":true,"href":"https:\/\/www.meydan.tv\/az\/wp-json\/wp\/v2\/media\/11503"}],"wp:attachment":[{"href":"https:\/\/www.meydan.tv\/az\/wp-json\/wp\/v2\/media?parent=164575"}],"wp:term":[{"taxonomy":"category","embeddable":true,"href":"https:\/\/www.meydan.tv\/az\/wp-json\/wp\/v2\/categories?post=164575"},{"taxonomy":"post_tag","embeddable":true,"href":"https:\/\/www.meydan.tv\/az\/wp-json\/wp\/v2\/tags?post=164575"}],"curies":[{"name":"wp","href":"https:\/\/api.w.org\/{rel}","templated":true}]}}