{"id":164561,"date":"2014-07-14T17:34:47","date_gmt":"2014-07-14T17:34:47","guid":{"rendered":"https:\/\/www.meydan.tv\/article\/14-iyul-kim-neyi-bayram-edir\/"},"modified":"2014-07-14T17:34:47","modified_gmt":"2014-07-14T17:34:47","slug":"14-iyul-kim-neyi-bayram-edir","status":"publish","type":"post","link":"https:\/\/www.meydan.tv\/az\/article\/14-iyul-kim-neyi-bayram-edir\/","title":{"rendered":"14 iyul: Kim n\u0259yi bayram edir"},"content":{"rendered":"<figure class=\"wp-block-image size-large\">\n  <img decoding=\"async\" src=\"https:\/\/www.meydan.tv\/az\/11467\/\" alt=\"\" class=\"wp-image-11467\"\/><figcaption><\/figcaption><\/figure>\n<figure class=\"wp-block-image size-large\">\n  <img decoding=\"async\" src=\"https:\/\/www.meydan.tv\/az\/11470\/\" alt=\"\" class=\"wp-image-11470\"\/><figcaption><\/figcaption><\/figure>\n<p>\n  H\u0259r hans\u0131 \u00f6lk\u0259ni xarakteriz\u0259 etm\u0259k ist\u0259yirs\u0259ns\u0259, onun bayramlar\u0131na n\u0259z\u0259r sal. Bayram g\u00fcnl\u0259rinin say\u0131 da, xarakteri d\u0259 \u00f6lk\u0259nin xarakteri v\u0259 xalq\u0131n v\u0259ziyy\u0259ti haqda daha \u00e7ox bilgi verir, n\u0259inki sosioloji sor\u011fular v\u0259 statistik r\u0259q\u0259ml\u0259r.\n<\/p>\n<p>\n  Statistik g\u00f6st\u0259ricil\u0259r \u00fcmumiyy\u0259tl\u0259 tamam ba\u015fqa bir \u201cmahn\u0131\u201dd\u0131r. \u201cYalan\u0131n 3 n\u00f6v\u00fc var: balaca yalan, b\u00f6y\u00fck yalan v\u0259 statistika\u201d &#8211; unutmu\u015fam, m\u00fc\u0259llifi kimdir. Ancaq unutmam\u0131\u015fam ki, \u015earl de Qoll deyib: \u201c\u018fg\u0259r m\u0259n g\u00fcnd\u0259 2 toyuq yeyir\u0259ms\u0259, qon\u015fum is\u0259 ac oturursa, statistikaya g\u00f6r\u0259 h\u0259r\u0259miz 1 toyuq yeyirik\u201d.\n<\/p>\n<p>\n  Statistikan\u0131 el\u0259-bel\u0259 yada salmad\u0131m. R\u0259q\u0259ml\u0259r\u0259 inansaq, Az\u0259rbaycan bayram g\u00fcnl\u0259rinin \u00e7oxlu\u011funa g\u00f6r\u0259 ilk yerl\u0259rd\u0259 dayanan 5 \u00f6lk\u0259d\u0259n biridir. N\u0259z\u0259r\u0259 al\u0131n ki, s\u00f6hb\u0259t istirah\u0259t g\u00fcn\u00fc say\u0131lan bayramlardan gedir. H\u0259l\u0259 n\u0259 q\u0259d\u0259r \u201cqeyri-r\u0259smi bayramlar\u201d da var. 14 iyul kimi.\n<\/p>\n<p>\n  Yazd\u0131\u011f\u0131m ilk c\u00fcml\u0259y\u0259 qay\u0131d\u0131ram: Kim n\u0259yi bayram edir? M\u0259s\u0259l\u0259n, iyunun 5-i Sey\u015fel adalar\u0131nda \u0130nqilab g\u00fcn\u00fcd\u00fcr. Onun m\u0259rk\u0259zi q\u0259hr\u0259man\u0131 is\u0259 s\u0131ravi Ra\u015feldir. O, h\u0259min inqilab\u0131n 2 qurban\u0131ndan biridir.\n<\/p>\n<p>\n  Bu, \u00e7ox q\u0259rib\u0259 bir hekay\u0259tdir &#8211; 1977-nin h\u0259min g\u00fcn\u00fcnd\u0259 devizi \u201cFinis Coronat Opus\u201d olan bu d\u00f6vl\u0259tin paytaxt\u0131 Viktoriyada h\u0259rbi \u00e7evrili\u015f olur. \u00c7evrili\u015f\u00e7il\u0259r \u00f6lk\u0259nin yegan\u0259 silah anbar\u0131na h\u00fccum \u00e7\u0259kib ke\u015fik\u00e7ini \u00f6ld\u00fcr\u00fcr. Bu vaxt \u00e7evrili\u015f\u00e7il\u0259rd\u0259n bir olan Ra\u015fel qan g\u00f6r\u00fcb panikaya d\u00fc\u015f\u00fcr. Onun s\u0259s-k\u00fcy salaca\u011f\u0131ndan qorxan dostlar\u0131 \u00e7ar\u0259ni Ra\u015feli d\u0259 aradan g\u00f6t\u00fcrm\u0259kd\u0259 g\u00f6r\u00fcrl\u0259r. V\u0259 bel\u0259c\u0259 qorxaq \u0259sg\u0259r xalq q\u0259hr\u0259man\u0131na \u00e7evrilir.\n<\/p>\n<p>\n  Yaxud Liberiyada q\u0259tl g\u00fcn\u00fc bayram g\u00fcn\u00fcd\u00fcr. 1980-\u0131n 12 aprelind\u0259 prezident Uilyam Tolbert serjant Semyuel Dou t\u0259r\u0259find\u0259n \u00f6ld\u00fcr\u00fcl\u00fcr. 34 ildir ki Liberiya xalq\u0131 bu q\u0259tli r\u0259smi bayram kimi qeyd edir. Baxmayaraq ki, \u00f6z\u00fcn\u00fc general r\u00fctb\u0259si il\u0259 t\u0259ltif ed\u0259n serjant Dou da 10 il sonra amans\u0131zl\u0131qla q\u0259tl\u0259 yetirilib (onu \u00f6z sa\u00e7lar\u0131n\u0131, k\u0259silmi\u015f qula\u011f\u0131n\u0131 v\u0259 cinsiyy\u0259t \u00fczv\u00fcn\u00fc yem\u0259y\u0259 m\u0259cbur edirl\u0259r, sonra hiss\u0259-hiss\u0259 do\u011fray\u0131rlar, ham\u0131s\u0131n\u0131 da videokamera il\u0259 \u00e7\u0259kirl\u0259r), Liberiya tarixind\u0259 is\u0259 \u0259n \u0259claf personajlardan biri kimi qal\u0131b, ancaq \u0259claf\u0131n t\u00f6r\u0259tdiyi q\u0259tl h\u0259l\u0259 d\u0259 Liberiyan\u0131n \u0259sas bayram\u0131d\u0131r.\n<\/p>\n<p>\n  Bir s\u00f6zl\u0259, xalqlar\u0131, onlar\u0131n hakimiyy\u0259tl\u0259rini v\u0259 \u00f6lk\u0259d\u0259ki z\u00f6vql\u0259ri \u00f6yr\u0259nm\u0259k ist\u0259yirsinizs\u0259, onlar\u0131n bayramlar\u0131n\u0131 g\u00f6t\u00fcr\u00fcn v\u0259 bu bayramlar\u0131n nec\u0259 yarand\u0131\u011f\u0131n\u0131, motivl\u0259rini \u00f6yr\u0259nin. N\u0259tic\u0259d\u0259 eskulap d\u0259qiql\u0259yi il\u0259 diaqnoz qoya bil\u0259c\u0259ksiniz.\n<\/p>\n<p>\n  G\u00f6t\u00fcr\u0259k 14 iyul g\u00fcn\u00fcn\u00fc. Fransada bu, Bastiliyan\u0131n al\u0131nmas\u0131 g\u00fcn\u00fcd\u00fcr. B\u00f6y\u00fck Fransa inqilab\u0131 ba\u015flay\u0131b, \u0259srl\u0259rin istibdad\u0131 \u00e7\u00f6k\u00fcb v\u0259 vaxtil\u0259 Mi\u015fel Fukonun diqq\u0259tl\u0259ri y\u00f6n\u0259ltdiyi kimi, inqilab t\u00fcrm\u0259y\u0259 h\u00fccumdan ba\u015flay\u0131b. \u00c7\u00fcnki, \u0259dliyy\u0259 sistemi v\u0259 m\u0259hb\u0259sl\u0259r h\u0259mi\u015f\u0259 rejiml\u0259rin \u0259n qorxu s\u0259p\u0259n silahlar\u0131 olub. Z\u0259bt edil\u0259n t\u00fcrm\u0259 &#8211; aradan g\u00f6t\u00fcr\u00fcl\u0259n qorxu kimidir. Qorxuya qalib g\u0259l\u0259n xalq is\u0259 yenilm\u0259zdir.\n<\/p>\n<p>\n  Bastiliya kral hakimiyy\u0259tinin simvolu idi. D\u00fczd\u00fcr, 1789-cu ilin iyulunda onun h\u00fccr\u0259l\u0259rind\u0259 c\u0259misi bir ne\u00e7\u0259 m\u0259hbus qalm\u0131\u015fd\u0131 (o c\u00fcml\u0259d\u0259n, markiz de Sad), ancaq Bastiliyan\u0131n f\u0259thi misilsiz psixoloji rol da\u015f\u0131y\u0131rd\u0131. Bu h\u0259bsxanaya d\u00fc\u015fm\u0259kd\u0259n he\u00e7 k\u0259s s\u0131\u011fortalanmam\u0131\u015fd\u0131 &#8211; ist\u0259r \u0259silzad\u0259 olsun, ist\u0259r burjua, k\u0259ndli, \u201c\u00fc\u00e7\u00fcnc\u00fc t\u0259b\u0259q\u0259\u201d &#8211; \u015f\u0259h\u0259r s\u0259n\u0259tkarlar\u0131 v\u0259 yeni formala\u015fan proletariat. Bununla da, Bastiliya b\u00fct\u00fcn nifr\u0259tl\u0259rin qovu\u015fdu\u011fu bir obyekt idi. Nec\u0259 dey\u0259rl\u0259r, nifr\u0259tin b\u00fct\u00fcn yollar\u0131 Bastiliyaya apar\u0131rd\u0131.\n<\/p>\n<p>\n  B\u00f6y\u00fck Fransa inqilab\u0131 b\u00fct\u00fcn d\u00fcnyan\u0131n m\u0259nz\u0259r\u0259sini v\u0259 tarixin trayektoriyas\u0131n\u0131 d\u0259yi\u015fdi. Frans\u0131zlar bayramlar\u0131 il\u0259 f\u0259xar\u0259ti haqq edibl\u0259r.\n<\/p>\n<p>\n  Yaxud, 14 iyul &#8211; Sandinist inqilab\u0131n\u0131n qalib g\u0259ldiyi g\u00fcnd\u00fcr. 1979-un bu g\u00fcn\u00fcnd\u0259 Nikaraqua inqilab\u0131n\u0131n lideri (v\u0259 haz\u0131rk\u0131 prezident) Daniel Orteqa mikrofonlar qar\u015f\u0131s\u0131nda q\u0259l\u0259b\u0259ni elan edib. 16 n\u0259f\u0259rin ba\u015flatd\u0131\u011f\u0131 18 illik xalq sava\u015f\u0131 bitib. Silahl\u0131 Sol qalib g\u0259lib. Diktator Anastasio Somosa (\u201cTeodor Ruzveltin \u201cBizim k\u00f6p\u0259k o\u011flumuz\u201d dediyi sifilitikin o\u011flu) atas\u0131n\u0131n v\u0259 qarda\u015f\u0131n\u0131n qal\u0131qlar\u0131n\u0131 kis\u0259l\u0259r\u0259 toplay\u0131b \u00f6lk\u0259d\u0259n qa\u00e7\u0131b, 1 il sonra is\u0259 Paraqvayda komandante Merlonun d\u0259st\u0259si t\u0259r\u0259find\u0259n c\u0259h\u0259nn\u0259m\u0259 g\u00f6nd\u0259rilib. 1961-ci ild\u0259 \u0130nqilab\u0131 ba\u015flatmaq q\u0259rar\u0131 vermi\u015f 16 n\u0259f\u0259rd\u0259n is\u0259 Q\u0259l\u0259b\u0259 g\u00fcn\u00fcn\u0259 yaln\u0131z 1 n\u0259f\u0259r salamat qal\u0131b &#8211; Tomas Borxe. O da diktatura il\u0259 sava\u015fda h\u0259yat yolda\u015f\u0131n\u0131 v\u0259 \u00f6vladlar\u0131n\u0131 itirib.\n<\/p>\n<p>\n  N\u0259tic\u0259d\u0259 Nikaraqua xalq\u0131 \u201cBanan respublikas\u0131\u201d yarl\u0131k\u0131n\u0131 \u00fcst\u00fcnd\u0259n at\u0131b v\u0259 d\u0259rhal da AB\u015e-\u0131n maliyy\u0259l\u0259\u015fdirdiyi \u201cKontras\u201dla m\u00fcharib\u0259y\u0259 m\u0259cbur edilib. \u0130nqilab\u00e7\u0131lar o sava\u015f\u0131 da ill\u0259r sonra udublar. Orteqa is\u0259 hakimiyy\u0259td\u0259n k\u00f6n\u00fcll\u00fc \u00e7\u0259kil\u0259n nadir r\u0259hb\u0259rl\u0259rd\u0259n biri olub. Ancaq unudulmay\u0131b &#8211; 2008-ci ild\u0259 xalq Komandanteni yen\u0259 prezident se\u00e7ib. Nikaraqual\u0131lar\u0131n da bu tarixl\u0259 q\u00fcrur duyma\u011fa haqq\u0131 \u00e7at\u0131r.\n<\/p>\n<p>\n  V\u0259 klassik demi\u015fk\u0259n, \u201cqay\u0131daq \u00f6z qoyunlar\u0131m\u0131za\u201d. 14 iyulda bizd\u0259 45 il \u0259vv\u0259lki bir r\u0259smi t\u0259yinat\u0131n ild\u00f6n\u00fcm\u00fc qeyd olunur. T\u0259yin olunan \u015f\u0259xs sonralar diametral \u0259ks ideologiyaya da xidm\u0259t etm\u0259y\u0259 vaxt tapd\u0131. Eynil\u0259 \u201c\u00c7apayev\u201d filmind\u0259ki paqon d\u0259yi\u015f\u0259n \u0259sir a\u011fqvardiya\u00e7\u0131 saya\u011f\u0131.\n<\/p>\n<p>\n  Bir \u00f6lk\u0259d\u0259ki r\u0259smi t\u0259yinat\u0131n o \u00f6lk\u0259ni indi b\u0259y\u0259nm\u0259y\u0259n ba\u015fqa bir \u00f6lk\u0259d\u0259 bayram edilm\u0259si is\u0259 art\u0131q psixiatrik fenomendir&#8230;\n<\/p>\n<p>\n  <b><br \/>\n    Yaz\u0131dak\u0131 fikirl\u0259r m\u00fc\u0259llif\u0259 m\u0259xsusdur v\u0259 onlara g\u00f6r\u0259 Meydan TV m\u0259suliyy\u0259t da\u015f\u0131m\u0131r.<br \/>\n  <\/b><\/p>\n","protected":false},"excerpt":{"rendered":"<p>Yalan\u0131n 3 n\u00f6v\u00fc var: balaca yalan, b\u00f6y\u00fck yalan v\u0259\u2026<\/p>\n","protected":false},"author":11,"featured_media":11467,"comment_status":"closed","ping_status":"open","sticky":false,"template":"","format":"standard","meta":{"_acf_changed":false,"_sitemap_exclude":false,"_sitemap_priority":"","_sitemap_frequency":"","footnotes":""},"categories":[57],"tags":[],"class_list":["post-164561","post","type-post","status-publish","format-standard","has-post-thumbnail","hentry","category-menim-fikrimce","infinite-scroll-item","generate-columns","tablet-grid-50","mobile-grid-100","grid-parent","grid-33","no-featured-image-padding"],"acf":[],"yoast_head":"<!-- This site is optimized with the Yoast SEO plugin v27.4 - https:\/\/yoast.com\/product\/yoast-seo-wordpress\/ -->\n<title>14 iyul: Kim n\u0259yi bayram edir - MEYDAN.TV<\/title>\n<meta name=\"robots\" content=\"index, follow, max-snippet:-1, max-image-preview:large, max-video-preview:-1\" \/>\n<link rel=\"canonical\" href=\"https:\/\/www.meydan.tv\/az\/article\/14-iyul-kim-neyi-bayram-edir\/\" \/>\n<meta property=\"og:locale\" content=\"az_AZ\" \/>\n<meta property=\"og:type\" content=\"article\" \/>\n<meta property=\"og:title\" content=\"14 iyul: Kim n\u0259yi bayram edir - MEYDAN.TV\" \/>\n<meta property=\"og:description\" content=\"Yalan\u0131n 3 n\u00f6v\u00fc var: balaca yalan, b\u00f6y\u00fck yalan v\u0259\u2026\" \/>\n<meta property=\"og:url\" content=\"https:\/\/www.meydan.tv\/az\/article\/14-iyul-kim-neyi-bayram-edir\/\" \/>\n<meta property=\"og:site_name\" content=\"MEYDAN.TV\" \/>\n<meta property=\"article:published_time\" content=\"2014-07-14T17:34:47+00:00\" \/>\n<meta property=\"og:image\" content=\"https:\/\/www.meydan.tv\/wp-content\/uploads\/3731.jpg\" \/>\n\t<meta property=\"og:image:width\" content=\"500\" \/>\n\t<meta property=\"og:image:height\" content=\"500\" \/>\n\t<meta property=\"og:image:type\" content=\"image\/jpeg\" \/>\n<meta name=\"author\" content=\"user-manager\" \/>\n<meta name=\"twitter:card\" content=\"summary_large_image\" \/>\n<script type=\"application\/ld+json\" class=\"yoast-schema-graph\">{\"@context\":\"https:\\\/\\\/schema.org\",\"@graph\":[{\"@type\":\"Article\",\"@id\":\"https:\\\/\\\/www.meydan.tv\\\/az\\\/article\\\/14-iyul-kim-neyi-bayram-edir\\\/#article\",\"isPartOf\":{\"@id\":\"https:\\\/\\\/www.meydan.tv\\\/az\\\/article\\\/14-iyul-kim-neyi-bayram-edir\\\/\"},\"author\":{\"name\":\"user-manager\",\"@id\":\"https:\\\/\\\/www.meydan.tv\\\/az\\\/#\\\/schema\\\/person\\\/10d11eccf6da3662cf5fdab9806ea91a\"},\"headline\":\"14 iyul: Kim n\u0259yi bayram edir\",\"datePublished\":\"2014-07-14T17:34:47+00:00\",\"mainEntityOfPage\":{\"@id\":\"https:\\\/\\\/www.meydan.tv\\\/az\\\/article\\\/14-iyul-kim-neyi-bayram-edir\\\/\"},\"wordCount\":1084,\"publisher\":{\"@id\":\"https:\\\/\\\/www.meydan.tv\\\/az\\\/#organization\"},\"image\":{\"@id\":\"https:\\\/\\\/www.meydan.tv\\\/az\\\/article\\\/14-iyul-kim-neyi-bayram-edir\\\/#primaryimage\"},\"thumbnailUrl\":\"https:\\\/\\\/www.meydan.tv\\\/wp-content\\\/uploads\\\/3731.jpg\",\"articleSection\":[\"M\u0259nim Fikrimc\u0259\"],\"inLanguage\":\"az\"},{\"@type\":\"WebPage\",\"@id\":\"https:\\\/\\\/www.meydan.tv\\\/az\\\/article\\\/14-iyul-kim-neyi-bayram-edir\\\/\",\"url\":\"https:\\\/\\\/www.meydan.tv\\\/az\\\/article\\\/14-iyul-kim-neyi-bayram-edir\\\/\",\"name\":\"14 iyul: Kim n\u0259yi bayram edir - MEYDAN.TV\",\"isPartOf\":{\"@id\":\"https:\\\/\\\/www.meydan.tv\\\/az\\\/#website\"},\"primaryImageOfPage\":{\"@id\":\"https:\\\/\\\/www.meydan.tv\\\/az\\\/article\\\/14-iyul-kim-neyi-bayram-edir\\\/#primaryimage\"},\"image\":{\"@id\":\"https:\\\/\\\/www.meydan.tv\\\/az\\\/article\\\/14-iyul-kim-neyi-bayram-edir\\\/#primaryimage\"},\"thumbnailUrl\":\"https:\\\/\\\/www.meydan.tv\\\/wp-content\\\/uploads\\\/3731.jpg\",\"datePublished\":\"2014-07-14T17:34:47+00:00\",\"breadcrumb\":{\"@id\":\"https:\\\/\\\/www.meydan.tv\\\/az\\\/article\\\/14-iyul-kim-neyi-bayram-edir\\\/#breadcrumb\"},\"inLanguage\":\"az\",\"potentialAction\":[{\"@type\":\"ReadAction\",\"target\":[\"https:\\\/\\\/www.meydan.tv\\\/az\\\/article\\\/14-iyul-kim-neyi-bayram-edir\\\/\"]}]},{\"@type\":\"ImageObject\",\"inLanguage\":\"az\",\"@id\":\"https:\\\/\\\/www.meydan.tv\\\/az\\\/article\\\/14-iyul-kim-neyi-bayram-edir\\\/#primaryimage\",\"url\":\"https:\\\/\\\/www.meydan.tv\\\/wp-content\\\/uploads\\\/3731.jpg\",\"contentUrl\":\"https:\\\/\\\/www.meydan.tv\\\/wp-content\\\/uploads\\\/3731.jpg\",\"width\":500,\"height\":500,\"caption\":\"Source:\"},{\"@type\":\"BreadcrumbList\",\"@id\":\"https:\\\/\\\/www.meydan.tv\\\/az\\\/article\\\/14-iyul-kim-neyi-bayram-edir\\\/#breadcrumb\",\"itemListElement\":[{\"@type\":\"ListItem\",\"position\":1,\"name\":\"Ana s\u0259hif\u0259\",\"item\":\"https:\\\/\\\/www.meydan.tv\\\/az\\\/\"},{\"@type\":\"ListItem\",\"position\":2,\"name\":\"M\u0259nim Fikrimc\u0259\",\"item\":\"https:\\\/\\\/www.meydan.tv\\\/az\\\/section\\\/menim-fikrimce\\\/\"},{\"@type\":\"ListItem\",\"position\":3,\"name\":\"14 iyul: Kim n\u0259yi bayram edir\"}]},{\"@type\":\"WebSite\",\"@id\":\"https:\\\/\\\/www.meydan.tv\\\/az\\\/#website\",\"url\":\"https:\\\/\\\/www.meydan.tv\\\/az\\\/\",\"name\":\"MEYDAN.TV\",\"description\":\"Meydan TV Az\u0259rbaycan\u0131n media m\u0259kan\u0131ndak\u0131 alternativ s\u0259sidir\",\"publisher\":{\"@id\":\"https:\\\/\\\/www.meydan.tv\\\/az\\\/#organization\"},\"potentialAction\":[{\"@type\":\"SearchAction\",\"target\":{\"@type\":\"EntryPoint\",\"urlTemplate\":\"https:\\\/\\\/www.meydan.tv\\\/az\\\/?s={search_term_string}\"},\"query-input\":{\"@type\":\"PropertyValueSpecification\",\"valueRequired\":true,\"valueName\":\"search_term_string\"}}],\"inLanguage\":\"az\"},{\"@type\":\"Organization\",\"@id\":\"https:\\\/\\\/www.meydan.tv\\\/az\\\/#organization\",\"name\":\"Meydan TV\",\"url\":\"https:\\\/\\\/www.meydan.tv\\\/az\\\/\",\"logo\":{\"@type\":\"ImageObject\",\"inLanguage\":\"az\",\"@id\":\"https:\\\/\\\/www.meydan.tv\\\/az\\\/#\\\/schema\\\/logo\\\/image\\\/\",\"url\":\"https:\\\/\\\/www.meydan.tv\\\/wp-content\\\/uploads\\\/2021\\\/07\\\/meydan-logo.svg\",\"contentUrl\":\"https:\\\/\\\/www.meydan.tv\\\/wp-content\\\/uploads\\\/2021\\\/07\\\/meydan-logo.svg\",\"width\":195,\"height\":46,\"caption\":\"Meydan TV\"},\"image\":{\"@id\":\"https:\\\/\\\/www.meydan.tv\\\/az\\\/#\\\/schema\\\/logo\\\/image\\\/\"}},{\"@type\":\"Person\",\"@id\":\"https:\\\/\\\/www.meydan.tv\\\/az\\\/#\\\/schema\\\/person\\\/10d11eccf6da3662cf5fdab9806ea91a\",\"name\":\"user-manager\"}]}<\/script>\n<!-- \/ Yoast SEO plugin. -->","yoast_head_json":{"title":"14 iyul: Kim n\u0259yi bayram edir - MEYDAN.TV","robots":{"index":"index","follow":"follow","max-snippet":"max-snippet:-1","max-image-preview":"max-image-preview:large","max-video-preview":"max-video-preview:-1"},"canonical":"https:\/\/www.meydan.tv\/az\/article\/14-iyul-kim-neyi-bayram-edir\/","og_locale":"az_AZ","og_type":"article","og_title":"14 iyul: Kim n\u0259yi bayram edir - MEYDAN.TV","og_description":"Yalan\u0131n 3 n\u00f6v\u00fc var: balaca yalan, b\u00f6y\u00fck yalan v\u0259\u2026","og_url":"https:\/\/www.meydan.tv\/az\/article\/14-iyul-kim-neyi-bayram-edir\/","og_site_name":"MEYDAN.TV","article_published_time":"2014-07-14T17:34:47+00:00","og_image":[{"width":500,"height":500,"url":"https:\/\/www.meydan.tv\/wp-content\/uploads\/3731.jpg","type":"image\/jpeg"}],"author":"user-manager","twitter_card":"summary_large_image","schema":{"@context":"https:\/\/schema.org","@graph":[{"@type":"Article","@id":"https:\/\/www.meydan.tv\/az\/article\/14-iyul-kim-neyi-bayram-edir\/#article","isPartOf":{"@id":"https:\/\/www.meydan.tv\/az\/article\/14-iyul-kim-neyi-bayram-edir\/"},"author":{"name":"user-manager","@id":"https:\/\/www.meydan.tv\/az\/#\/schema\/person\/10d11eccf6da3662cf5fdab9806ea91a"},"headline":"14 iyul: Kim n\u0259yi bayram edir","datePublished":"2014-07-14T17:34:47+00:00","mainEntityOfPage":{"@id":"https:\/\/www.meydan.tv\/az\/article\/14-iyul-kim-neyi-bayram-edir\/"},"wordCount":1084,"publisher":{"@id":"https:\/\/www.meydan.tv\/az\/#organization"},"image":{"@id":"https:\/\/www.meydan.tv\/az\/article\/14-iyul-kim-neyi-bayram-edir\/#primaryimage"},"thumbnailUrl":"https:\/\/www.meydan.tv\/wp-content\/uploads\/3731.jpg","articleSection":["M\u0259nim Fikrimc\u0259"],"inLanguage":"az"},{"@type":"WebPage","@id":"https:\/\/www.meydan.tv\/az\/article\/14-iyul-kim-neyi-bayram-edir\/","url":"https:\/\/www.meydan.tv\/az\/article\/14-iyul-kim-neyi-bayram-edir\/","name":"14 iyul: Kim n\u0259yi bayram edir - MEYDAN.TV","isPartOf":{"@id":"https:\/\/www.meydan.tv\/az\/#website"},"primaryImageOfPage":{"@id":"https:\/\/www.meydan.tv\/az\/article\/14-iyul-kim-neyi-bayram-edir\/#primaryimage"},"image":{"@id":"https:\/\/www.meydan.tv\/az\/article\/14-iyul-kim-neyi-bayram-edir\/#primaryimage"},"thumbnailUrl":"https:\/\/www.meydan.tv\/wp-content\/uploads\/3731.jpg","datePublished":"2014-07-14T17:34:47+00:00","breadcrumb":{"@id":"https:\/\/www.meydan.tv\/az\/article\/14-iyul-kim-neyi-bayram-edir\/#breadcrumb"},"inLanguage":"az","potentialAction":[{"@type":"ReadAction","target":["https:\/\/www.meydan.tv\/az\/article\/14-iyul-kim-neyi-bayram-edir\/"]}]},{"@type":"ImageObject","inLanguage":"az","@id":"https:\/\/www.meydan.tv\/az\/article\/14-iyul-kim-neyi-bayram-edir\/#primaryimage","url":"https:\/\/www.meydan.tv\/wp-content\/uploads\/3731.jpg","contentUrl":"https:\/\/www.meydan.tv\/wp-content\/uploads\/3731.jpg","width":500,"height":500,"caption":"Source:"},{"@type":"BreadcrumbList","@id":"https:\/\/www.meydan.tv\/az\/article\/14-iyul-kim-neyi-bayram-edir\/#breadcrumb","itemListElement":[{"@type":"ListItem","position":1,"name":"Ana s\u0259hif\u0259","item":"https:\/\/www.meydan.tv\/az\/"},{"@type":"ListItem","position":2,"name":"M\u0259nim Fikrimc\u0259","item":"https:\/\/www.meydan.tv\/az\/section\/menim-fikrimce\/"},{"@type":"ListItem","position":3,"name":"14 iyul: Kim n\u0259yi bayram edir"}]},{"@type":"WebSite","@id":"https:\/\/www.meydan.tv\/az\/#website","url":"https:\/\/www.meydan.tv\/az\/","name":"MEYDAN.TV","description":"Meydan TV Az\u0259rbaycan\u0131n media m\u0259kan\u0131ndak\u0131 alternativ s\u0259sidir","publisher":{"@id":"https:\/\/www.meydan.tv\/az\/#organization"},"potentialAction":[{"@type":"SearchAction","target":{"@type":"EntryPoint","urlTemplate":"https:\/\/www.meydan.tv\/az\/?s={search_term_string}"},"query-input":{"@type":"PropertyValueSpecification","valueRequired":true,"valueName":"search_term_string"}}],"inLanguage":"az"},{"@type":"Organization","@id":"https:\/\/www.meydan.tv\/az\/#organization","name":"Meydan TV","url":"https:\/\/www.meydan.tv\/az\/","logo":{"@type":"ImageObject","inLanguage":"az","@id":"https:\/\/www.meydan.tv\/az\/#\/schema\/logo\/image\/","url":"https:\/\/www.meydan.tv\/wp-content\/uploads\/2021\/07\/meydan-logo.svg","contentUrl":"https:\/\/www.meydan.tv\/wp-content\/uploads\/2021\/07\/meydan-logo.svg","width":195,"height":46,"caption":"Meydan TV"},"image":{"@id":"https:\/\/www.meydan.tv\/az\/#\/schema\/logo\/image\/"}},{"@type":"Person","@id":"https:\/\/www.meydan.tv\/az\/#\/schema\/person\/10d11eccf6da3662cf5fdab9806ea91a","name":"user-manager"}]}},"_links":{"self":[{"href":"https:\/\/www.meydan.tv\/az\/wp-json\/wp\/v2\/posts\/164561","targetHints":{"allow":["GET"]}}],"collection":[{"href":"https:\/\/www.meydan.tv\/az\/wp-json\/wp\/v2\/posts"}],"about":[{"href":"https:\/\/www.meydan.tv\/az\/wp-json\/wp\/v2\/types\/post"}],"author":[{"embeddable":true,"href":"https:\/\/www.meydan.tv\/az\/wp-json\/wp\/v2\/users\/11"}],"replies":[{"embeddable":true,"href":"https:\/\/www.meydan.tv\/az\/wp-json\/wp\/v2\/comments?post=164561"}],"version-history":[{"count":0,"href":"https:\/\/www.meydan.tv\/az\/wp-json\/wp\/v2\/posts\/164561\/revisions"}],"wp:featuredmedia":[{"embeddable":true,"href":"https:\/\/www.meydan.tv\/az\/wp-json\/wp\/v2\/media\/11467"}],"wp:attachment":[{"href":"https:\/\/www.meydan.tv\/az\/wp-json\/wp\/v2\/media?parent=164561"}],"wp:term":[{"taxonomy":"category","embeddable":true,"href":"https:\/\/www.meydan.tv\/az\/wp-json\/wp\/v2\/categories?post=164561"},{"taxonomy":"post_tag","embeddable":true,"href":"https:\/\/www.meydan.tv\/az\/wp-json\/wp\/v2\/tags?post=164561"}],"curies":[{"name":"wp","href":"https:\/\/api.w.org\/{rel}","templated":true}]}}