{"id":164553,"date":"2014-07-13T00:50:45","date_gmt":"2014-07-13T00:50:45","guid":{"rendered":"https:\/\/www.meydan.tv\/article\/sosial-vicdan-ne-demek-ola-biler\/"},"modified":"2014-07-13T00:50:45","modified_gmt":"2014-07-13T00:50:45","slug":"sosial-vicdan-ne-demek-ola-biler","status":"publish","type":"post","link":"https:\/\/www.meydan.tv\/az\/article\/sosial-vicdan-ne-demek-ola-biler\/","title":{"rendered":"&#8220;Sosial vicdan\u201d n\u0259 dem\u0259k ola bil\u0259r?"},"content":{"rendered":"<figure class=\"wp-block-image size-large\">\n  <img decoding=\"async\" src=\"https:\/\/www.meydan.tv\/az\/11410\/\" alt=\"\" class=\"wp-image-11410\"\/><figcaption><\/figcaption><\/figure>\n<figure class=\"wp-block-image size-large\">\n  <img decoding=\"async\" src=\"https:\/\/www.meydan.tv\/az\/11407\/\" alt=\"\" class=\"wp-image-11407\"\/><figcaption><\/figcaption><\/figure>\n<p>\n  T\u0259xmin\u0259n 10 il bundan qabaq, Va\u015finqton (AB\u015e) universitetinin antropoloqu Erik Trinkaus Fransada apard\u0131\u011f\u0131 arxeoloji qaz\u0131nt\u0131larda neandertall\u0131 insandan da qabaq ya\u015fam\u0131\u015f insana aid bir \u00e7\u0259n\u0259 s\u00fcm\u00fcy\u00fc tap\u0131r. Radio-kimy\u0259vi analizl\u0259rl\u0259 bilinir ki, bu \u00e7\u0259n\u0259 s\u00fcm\u00fcy\u00fcn\u00fcn yiy\u0259si t\u0259qrib\u0259n 175-200 min il bundan qabaq ya\u015fay\u0131b. Apar\u0131lan analizl\u0259r bunu da g\u00f6st\u0259rir ki, \u00e7\u0259n\u0259nin yiy\u0259si art\u0131q ya\u015flan\u0131bm\u0131\u015f v\u0259 di\u015f \u0259ti x\u0259st\u0259likl\u0259ri ucbat\u0131ndan b\u00fct\u00fcn di\u015fl\u0259rini itiribmi\u015f. Ancaq buna baxmayaraq o, \u0259n az\u0131ndan, bir ne\u00e7\u0259 ay ya\u015faya bilib. Dem\u0259li, yax\u0131nl\u0131qda kims\u0259 onun qidalanmas\u0131n\u0131n qay\u011f\u0131s\u0131na qal\u0131b! \u00c7\u00fcnki h\u0259l\u0259 o d\u00f6vrd\u0259 da\u015f al\u0259tl\u0259r yox idi v\u0259 \u0259t s\u00fcm\u00fckd\u0259n \u00e7\u0259tinlikl\u0259 qopar\u0131lmal\u0131 idi. Antropoloq Trinkaus-un g\u0259ldiyi n\u0259tic\u0259 bel\u0259dir: Bu, onu g\u00f6st\u0259rir ki, insan\u0131n \u00f6z h\u0259mcinsinin qay\u011f\u0131s\u0131na qalmas\u0131, neandertall\u0131 insandan da qaba\u011fa gedib \u00e7\u0131x\u0131r; bel\u0259 dem\u0259k m\u00fcmk\u00fcns\u0259, \u201csosial vicdan\u201d\u0131n \u0259n az 175-200 min il ya\u015f\u0131 var. Bu tap\u0131nt\u0131yad\u0259k bel\u0259 say\u0131l\u0131rd\u0131 ki, sosial \u015f\u00fcur indiki insan\u0131n qohumlar\u0131ndan olan, 50 min il bundan qabaq ya\u015fam\u0131\u015f v\u0259 n\u0259sli k\u0259silmi\u015f neandertall\u0131larla ba\u015flay\u0131b. Primatlar di\u015fl\u0259rini itirdikd\u0259, \u00f6l\u00fcm\u0259 m\u0259hkum olurlar, meymunlar da el\u0259c\u0259. Meymunlarda da sosial qay\u011f\u0131 bacar\u0131\u011f\u0131 yoxdur. Bu tap\u0131nt\u0131da elm \u00fc\u00e7\u00fcn yeni olan, insanda sosiall\u0131q \u015f\u00fcurunun daha q\u0259diml\u0259r\u0259 getm\u0259sidir.\n<\/p>\n<p>\n  (Yeri g\u0259lmi\u015fk\u0259n, bu n\u0259tic\u0259 \u00e7a\u011fda\u015f elmi axtar\u0131\u015flar\u0131n interdissiplinar (\u00e7oxelmli) olmas\u0131na yax\u015f\u0131 misald\u0131r: fikir verin, antropoloji fossil (\u00e7\u0259n\u0259 s\u00fcm\u00fcy\u00fc) radio-kimy\u0259vi analizl\u0259rl\u0259 ayd\u0131nla\u015fd\u0131r\u0131l\u0131r, g\u0259lin\u0259n n\u0259tic\u0259 sosial elml\u0259r\u0259 v\u0259 h\u0259tta f\u0259ls\u0259f\u0259y\u0259 i\u015f\u0131q sal\u0131r).\n<\/p>\n<p>\n  ***\n<\/p>\n<p>\n  C\u0259miyy\u0259t s\u00f6z\u00fc q\u0259rb dill\u0259rind\u0259 lat\u0131nk\u00f6kl\u00fc socius s\u00f6z\u00fcnd\u0259n d\u00fcz\u0259ldilir. \u018fr\u0259bc\u0259d\u0259 \u201cc\u0259m\u201d k\u00f6k\u00fc h\u0259r hans\u0131 m\u0259qs\u0259dl\u0259 sad\u0259c\u0259 c\u0259ml\u0259nm\u0259yi bildirirs\u0259, \u201csocius\u201dun anlamlar\u0131 daha geni\u015fdir: dostluq ba\u011flar\u0131, ya da eyni h\u0259yat \u015f\u0259rtl\u0259riyl\u0259 bir-biriyl\u0259 ba\u011fl\u0131 olan, eyni m\u0259kanda \u0259yl\u0259\u015f\u0259n, yana\u015f\u0131 ged\u0259n, birg\u0259 add\u0131mlayan: yolda\u015f, qon\u015fu, dost, r\u0259fiq, h\u0259mkar, (h\u0259m)tay, h\u0259mcins insanlar.\n<\/p>\n<p>\n  Yeri g\u0259lmi\u015fk\u0259n, sovet c\u0259miyy\u0259tind\u0259 v\u0259 ba\u015fqa sol y\u00f6nl\u00fc c\u0259miyy\u0259tl\u0259rd\u0259 insanlar\u0131n bir-birini \u201cyolda\u015f\u201d dey\u0259 \u00e7a\u011f\u0131rmas\u0131, bir yandan, onlar\u0131n g\u0259l\u0259c\u0259k kommunist c\u0259miyy\u0259t yolunda ideoloji yolda\u015f kimi yana\u015f\u0131 add\u0131mlamaq ideyas\u0131ndan ir\u0259li g\u0259lirdis\u0259, dig\u0259r yandan, onlar\u0131n h\u0259m d\u0259 bir-birl\u0259rin\u0259 socius olmaqlar\u0131na s\u00f6yk\u0259nirdi, y\u0259ni bu \u00e7a\u011f\u0131r\u0131\u015f g\u00f6yd\u0259n d\u00fc\u015fm\u0259mi\u015fdi, linqvistik-sosioloji \u0259sas\u0131 vard\u0131. Ba\u015fqa s\u00f6zl\u0259rl\u0259 des\u0259k, kommunist olub-olmas\u0131ndan as\u0131l\u0131 olmayaraq, ist\u0259nil\u0259n c\u0259miyy\u0259tin \u00fczvl\u0259ri, y\u0259ni socius-lar\u0131 bir-biril\u0259 yolda\u015fd\u0131rlar (dostdurlar, qon\u015fudurlar, r\u0259fiqdirl\u0259r, h\u0259mkard\u0131rlar, h\u0259mtayd\u0131rlar, h\u0259mcinsdirl\u0259r) v\u0259 bir-birl\u0259rini bu c\u00fcr \u00e7a\u011f\u0131ra bil\u0259rl\u0259r; bir s\u00f6zl\u0259, yolda\u015fl\u0131q \u0259slind\u0259 ideoloji-totalitar birg\u0259liyi bildirmir, ictimai birg\u0259liyi bildirir. \u0130\u015f yolda\u015fl\u0131\u011f\u0131, sinif-qrup yolda\u015fl\u0131\u011f\u0131 v\u0259 s. sosial yolda\u015fl\u0131q \u00fcz\u0259rind\u0259 m\u00fcmk\u00fcn olur.\n<\/p>\n<p>\n  \u201cYolda\u015f\u201d s\u00f6z\u00fcnd\u0259ki ideoloji-totalitar y\u00fck, bizim \u201cb\u0259y\u201d, q\u0259rblil\u0259rin \u201cc\u0259nab\u201d \u00e7a\u011f\u0131r\u0131\u015flar\u0131ndak\u0131 feodal k\u00fclt\u00fcr y\u00fck\u00fcnd\u0259n he\u00e7 d\u0259 \u00e7ox deyil. B\u0259y s\u00f6z\u00fc kimi yolda\u015f s\u00f6z\u00fcn\u00fc d\u0259 h\u0259m elmi termin kimi, h\u0259m d\u0259 mediatik dild\u0259 yenid\u0259n i\u015fl\u0259kl\u0259\u015fdirm\u0259k laz\u0131md\u0131r, \u0259n \u0259sas\u0131 da ona g\u00f6r\u0259 ki, socius s\u00f6z\u00fcn\u00fcn ana dilimiz\u0259 t\u0259rc\u00fcm\u0259l\u0259rind\u0259n (qon\u015fu, tay, yolda\u015f) \u0259n u\u011furlusu odur.\n<\/p>\n<p>\n  T\u00fcrk Dil Kurumunun socius s\u00f6z\u00fcn\u00fcn deyil, c\u0259miyy\u0259t s\u00f6z\u00fcn\u00fcn t\u0259rc\u00fcm\u0259si kimi t\u0259klif etdiyi v\u0259 bir s\u0131ra biliksiz Az\u0259rbaycan yazar v\u0259 jurnalistl\u0259rinin d\u0259 b\u0259h-b\u0259hl\u0259 a\u011f\u0131zlar\u0131na v\u0259 yaz\u0131lar\u0131na t\u0259pdikl\u0259ri toplum s\u00f6z\u00fc d\u0259 socius-u d\u00fczg\u00fcn ifad\u0259 etmir v\u0259 tamamil\u0259 yanl\u0131\u015fd\u0131r. \u00dcst\u0259lik, c\u0259miyy\u0259t, ya da toplum insanlar\u0131n he\u00e7 d\u0259 sad\u0259 c\u0259ml\u0259nm\u0259si, ya da toplanmas\u0131 yox, birg\u0259ya\u015fay\u0131\u015f\u0131 dem\u0259kdir.\n<\/p>\n<p>\n  ***\n<\/p>\n<p>\n  \u00a0Vicdanda Ba\u015fqas\u0131 faktoru \u0259sasd\u0131r. Bu is\u0259 o dem\u0259kdir ki, vicdan \u00f6z mahiyy\u0259tin\u0259 (n\u0259 olmaql\u0131\u011f\u0131na, n\u0259liyin\u0259) g\u00f6r\u0259 el\u0259 b\u0259ri ba\u015fdan sosiald\u0131r. Y\u0259ni sosial vicdan vicdan\u0131n sosiall\u0131\u011f\u0131n\u0131 bildirir. Ancaq bununla yana\u015f\u0131, sosial vicdan anlay\u0131\u015f\u0131n\u0131n x\u00fcsusi anlam\u0131 da var: S\u0259n s\u0259ninl\u0259 eyni c\u0259miyy\u0259t<br \/>\n  <i><br \/>\n    d\u0259<br \/>\n  <\/i><br \/>\n  ya\u015fayan insanlar\u0131, s\u0259ninl\u0259 eyni c\u0259miyy\u0259ti b\u00f6l\u00fc\u015f\u0259n Ba\u015fqalar\u0131n\u0131 n\u0259z\u0259r\u0259 al\u0131r, onlar qar\u015f\u0131s\u0131nda sosial m\u0259suliyy\u0259tini unutmursan.\n<\/p>\n<p>\n  G\u00f6z\u00fcn\u00fcz\u00fcn qar\u015f\u0131s\u0131na bel\u0259 bir m\u0259nz\u0259r\u0259 g\u0259tirin: Ail\u0259 \u00fc\u00e7 n\u0259f\u0259rd\u0259n ibar\u0259tdir. Ev\u0259 ham\u0131dan birinci g\u0259lib g\u00f6r\u00fcrs\u0259n ki, qazanda \u00fc\u00e7 n\u0259f\u0259rlik yem\u0259k var. Vicdan ancaq bir qab yem\u0259k yem\u0259yi t\u0259l\u0259b edir (f\u0259dakarl\u0131q is\u0259 he\u00e7 yem\u0259m\u0259yi). Bir qabdan art\u0131q yem\u0259k vicdans\u0131zl\u0131q olacaq. Sosial vicdanda Ba\u015fqas\u0131 il\u0259 s\u0259nin arandak\u0131 m\u0259saf\u0259 \u00e7oxal\u0131r v\u0259 s\u0259n bu d\u0259f\u0259 art\u0131q tan\u0131mad\u0131\u011f\u0131n, s\u0259n\u0259 \u00f6zg\u0259 v\u0259 uzaq insanlar\u0131n pay\u0131n\u0131 saxlamal\u0131san. Dem\u0259li, sosial vicdan dedikd\u0259, t\u0259kc\u0259 s\u0259ninl\u0259 bir evd\u0259 ya\u015fayan do\u011fma insanlar\u0131 deyil, b\u00fct\u00fcn c\u0259miyy\u0259ti d\u00fc\u015f\u00fcn\u00fcrs\u0259n, onlarla \u00f6z\u00fcn aras\u0131nda yolda\u015fl\u0131q, dostluq, qon\u015fuluq, r\u0259fiqlik, h\u0259mkarl\u0131q, h\u0259mtayl\u0131q, h\u0259mcinslik (socius) ilm\u0259yi g\u00f6r\u00fcrs\u0259n.\n<\/p>\n<p>\n  Az\u0259rbaycan k\u00fclt\u00fcr\u00fcnd\u0259 v\u0259 c\u0259miyy\u0259tind\u0259 ail\u0259-valideyn-qohumluq m\u00fcnasib\u0259ti dost-yolda\u015f m\u00fcnasib\u0259tind\u0259n daha geni\u015f yay\u0131l\u0131b, daha m\u00f6hk\u0259m oldu\u011fu \u00fc\u00e7\u00fcn, ail\u0259 institutu g\u00fccl\u00fc, c\u0259miyy\u0259t is\u0259 z\u0259ifdir. Bizim do\u011fmal\u0131q \u00f6hd\u0259likl\u0259rimiz (valideynlik borcumuz, \u00f6vladl\u0131q borcumuz) yax\u015f\u0131 inki\u015faf edib, ancaq c\u0259miyy\u0259t qar\u015f\u0131s\u0131nda cavabdehlik duy\u011fumuz, yadlar\u0131 da d\u00fc\u015f\u00fcnm\u0259k v\u0259rdi\u015fimiz h\u0259l\u0259 yoxdur. Ba\u015fqas\u0131n\u0131 d\u00fc\u015f\u00fcnm\u0259k \u00fc\u00e7\u00fcn onunla \u00f6z\u00fcm\u00fcz aras\u0131nda d\u0259rhal do\u011fmal\u0131q-qohumluq \u0259laq\u0259si, he\u00e7 olmasa, yerlilik \u0259laq\u0259si tapmaq ist\u0259yirik, tapmad\u0131qda, yad bir adam\u0131 (socius-u) d\u00fc\u015f\u00fcnm\u0259k \u00fc\u00e7\u00fcn he\u00e7 bir s\u0259b\u0259bimiz yoxdur.\n<\/p>\n<p>\n  Az\u0259rbaycan k\u00fclt\u00fcr\u00fcnd\u0259 ail\u0259 f\u0259dakarl\u0131\u011f\u0131 sosial vicdan\u0131 \u0259v\u0259zl\u0259yir. Sovetd\u0259nqalma az-\u00e7ox kommunist sosial vicdan da son ill\u0259rd\u0259 tamamil\u0259 yad\u0131r\u011fan\u0131b getdi v\u0259 \u0259v\u0259zind\u0259 g\u0259nc \u0259ll\u0259r v\u0259 bil\u0259kl\u0259r \u00fcz\u0259rind\u0259 \u201cAta-Ana\u201d d\u00f6ym\u0259l\u0259ri, qoca a\u011f\u0131zlarda da \u201cBalalar\u0131m \u00fc\u00e7\u00fcn ya\u015fay\u0131ram!\u201d haraylar\u0131 \u00e7oxald\u0131; \u201cyolda\u015flar\u201d indi ail\u0259si \u00fc\u00e7\u00fcn \u00f6mr\u00fcn\u00fc f\u0259da etm\u0259y\u0259 haz\u0131r atalara, analara, balalara \u00e7evrildil\u0259r: \u201cNolsun ki, o, m\u0259nim d\u0259 ya\u015fad\u0131\u011f\u0131m c\u0259miyy\u0259tin bir \u00fczv\u00fcd\u00fcr, \u0259g\u0259r ail\u0259min bir \u00fczv\u00fc deyils\u0259, onun \u00fc\u00e7\u00fcn vicdani m\u0259suliyy\u0259t da\u015f\u0131m\u0131ram. Qoy, onu da \u00f6z ail\u0259 \u00fczvl\u0259ri d\u00fc\u015f\u00fcns\u00fcn\u201d.\n<\/p>\n<p>\n  Az\u0259rbaycan \u0259halisi bu g\u00fcnk\u00fc probleml\u0259rinin h\u0259lli \u00fc\u00e7\u00fcn q\u0259dim epik-dini f\u0259rdi q\u0259hr\u0259manl\u0131q (y\u0259ni sosial f\u0259dakarl\u0131q) axtar\u0131\u015f\u0131nda v\u0259 intizar\u0131ndad\u0131r: \u201cBir n\u0259f\u0259r f\u0259dakarl\u0131q etsin, ham\u0131m\u0131z\u0131n u\u011frunda \u0259zab \u00e7\u0259ksin, \u00f6ls\u0259 lap \u0259la (c\u0259h\u0259nn\u0259m\u0259 \u00f6ls\u00fcn, bunsuz da o, m\u0259n\u0259 yadd\u0131r!). Ancaq biz ham\u0131l\u0131qla ortaq v\u0259 qar\u015f\u0131l\u0131ql\u0131 cavabdehlik da\u015f\u0131mayaq, \u00fcmumi i\u015ftirak m\u0259s\u0259l\u0259si olmas\u0131n\u201d.\n<\/p>\n<p>\n  Dem\u0259li, vicdanda \u015f\u0259xs\u0259n tan\u0131mad\u0131\u011f\u0131m\u0131z, biz\u0259 yad, anonim Ba\u015fqas\u0131 faktoru \u0259sasd\u0131r. Do\u011fmalar\u0131m\u0131za qar\u015f\u0131 sevgimiz h\u0259l\u0259 sosial vicdan deyildir.\n<\/p>\n<p>\n  D\u00f6vl\u0259t ba\u015f\u00e7\u0131s\u0131n\u0131n v\u0259 yaxud hans\u0131sa y\u00fcks\u0259k \u00e7inli iqtidar n\u00fcmay\u0259nd\u0259sinin \u00f6z n\u00f6vb\u0259ti yalan\u0131n\u0131 nec\u0259 h\u0259yas\u0131zcas\u0131na dan\u0131\u015fd\u0131\u011f\u0131n\u0131, hakimin n\u00f6vb\u0259ti d\u0259f\u0259 \u0259dal\u0259tsiz h\u00f6km \u00e7\u0131xard\u0131\u011f\u0131n\u0131, hans\u0131sa mill\u0259t v\u0259kilinin \u201cM\u0259ni xalq se\u00e7ib!\u201d dediyini g\u00f6r\u00fcb, \u201cTfu, s\u0259nin vicdan\u0131na!\u201d dey\u0259rk\u0259n, siz o adam\u0131n sosial vicdans\u0131zl\u0131\u011f\u0131n\u0131 s\u00f6y\u00fcrs\u00fcn\u00fcz, \u00e7\u00fcnki o, \u00f6vladlar\u0131 v\u0259 valideynl\u0259ri \u00fc\u00e7\u00fcn n\u0259inki vicdanl\u0131, h\u0259tta f\u0259dakar valideyn v\u0259 \u00f6vladd\u0131r. Halbuki, c\u0259miyy\u0259t ail\u0259daxili f\u0259dakarl\u0131q ba\u011flar\u0131 il\u0259 yox, dostlararas\u0131 vicdan ba\u011flar\u0131 il\u0259 qurulur. Y\u0259ni f\u0259xr etdiyimiz ail\u0259 f\u0259dakarl\u0131\u011f\u0131 bizd\u0259 c\u0259miyy\u0259ti n\u0259inki qurmur, h\u0259tta qurulmas\u0131na mane olur. Buna vicdan bahas\u0131na f\u0259dakarl\u0131q, c\u0259miyy\u0259t bahas\u0131na ail\u0259 d\u0259 dem\u0259k olar.\n<\/p>\n<p>\n  Sosial vicdan prinsipin\u0259 g\u00f6r\u0259, Neft Fondunun pullar\u0131 t\u0259kc\u0259 s\u0259nin v\u0259 s\u0259nin q\u0131zlar\u0131n\u0131n deyil; insanlar d\u0259rman alma\u011fa pul tapmazk\u0259n, s\u0259n h\u0259min Fondun pullar\u0131yla \u00f6z\u00fcn\u0259 v\u0259 u\u015faqlar\u0131na piton d\u0259risind\u0259n \u00e7anta, timsah d\u0259risind\u0259n g\u00f6d\u0259k\u00e7\u0259 alanda, ya da kas\u0131b m\u0259\u015fhurlar\u0131 sa\u011faltd\u0131r\u0131b, c\u0259miyy\u0259td\u0259 \u00f6z\u00fcn\u0259 \u201cxilaskar m\u0259l\u0259k\u0259\u201d ad\u0131 qazanmaqdan \u00f6tr\u00fc Albert Schweitzer-lik ed\u0259nd\u0259 sosial vicdans\u0131zl\u0131q edirs\u0259n.\n<\/p>\n<p>\n  \u201cDa\u015f q\u0259lbli insanlar\u0131 neyl\u0259rdin, ilahi?!\u201d (M.\u018f.Sabir) h\u0259min sosial vicdans\u0131zl\u0131\u011f\u0131 ifad\u0259 edir. \u201cV\u0259t\u0259ni sevm\u0259y\u0259n insan olmaz, Olsa da ol \u015f\u0259xsd\u0259 vicdan olmaz\u201d (A.S\u0259hh\u0259t) \u2013 burada v\u0259t\u0259n sosiall\u0131\u011f\u0131n poetik ad\u0131d\u0131r. Ba\u015fqa s\u00f6zl\u0259, sosial vicdan\u0131 olmayan \u015f\u0259xs, q\u0131sas\u0131, vicdans\u0131z adam he\u00e7 insan deyildir, \u00e7\u00fcnki sosial deyildir. Az\u0259rbaycan k\u00fclt\u00fcr\u00fc c\u0259miyy\u0259t v\u0259 ictimai (sosial) vicdan d\u0259y\u0259rl\u0259rini tan\u0131m\u0131r.\n<\/p>\n<p>\n  Q\u0259rb k\u00fclt\u00fcr\u00fcnd\u0259 sosiall\u0131\u011f\u0131 quran, m\u0259nc\u0259, iki \u0259n b\u00f6y\u00fck tarixi ideyadan biri dind\u0259n, dig\u0259ri f\u0259ls\u0259f\u0259d\u0259n g\u0259lir: biri iudaizmin v\u0259 xristianl\u0131\u011f\u0131n m\u0259\u015fhur \u201cQon\u015funu (yax\u0131nl\u0131\u011f\u0131nda ya\u015fayan\u0131) sev!\u201d \u0259mri, dig\u0259ri is\u0259 q\u0259dim Yunan f\u0259ls\u0259f\u0259sinin zirv\u0259si Aristoteles-in insan individium (f\u0259rd) yox, \u201csosial canl\u0131d\u0131r\u201d t\u0259yinidir. Ancaq Quran\u0131n \u201cB\u00fct\u00fcn iman ed\u0259nl\u0259r bir-birl\u0259rin\u0259 qarda\u015fd\u0131r\u201d prinsipi bizim \u00fc\u00e7\u00fcn c\u0259miyy\u0259tqurucu ideya ola bilm\u0259mi\u015fdir v\u0259 deyildir.\n<\/p>\n<p>\n  ***\n<\/p>\n<p>\n  Az\u0259rbaycanda publik sferada ham\u0131 m\u00fcbariz\u0259 apard\u0131\u011f\u0131n\u0131 d\u00fc\u015f\u00fcn\u00fcr. M\u00fcxalif mediada yaz\u0131 yazanlar, adic\u0259 jurnalistl\u0259r d\u0259 m\u00fcbariz\u0259 il\u0259 m\u0259\u015f\u011ful olduqlar\u0131na b\u0259rk inan\u0131blar. Din mahiyy\u0259tc\u0259 raz\u0131la\u015fmaq, geri \u00e7\u0259kilm\u0259k, h\u0259yat\u0131n\u0131, g\u0259l\u0259c\u0259yini, m\u00fclkiyy\u0259tini v\u0259 s. Allaha tap\u015f\u0131rmaq, t\u0259v\u0259kk\u00fcl etm\u0259k oldu\u011fu halda, bizd\u0259 islam\u00e7\u0131lar da sosial m\u00fcbariz\u0259y\u0259 qalx\u0131blar, q\u0131z\u011f\u0131n t\u0259bli\u011fat-t\u0259\u015fviqat apar\u0131rlar, t\u0259l\u0259b edirl\u0259r v\u0259 s. Halbuki, c\u0259miyy\u0259t itirdiyi v\u0259 g\u0259r\u0259k duydu\u011fu sosial vicdan\u0131 dindarlardan \u00f6yr\u0259nm\u0259li idi. Bu, \u201cm\u00fcbariz\u0259\u00e7ilik\u201d sindromunun alt\u0131nda, ya da arxas\u0131nda sovetd\u0259n biz\u0259 miras qalan, K.Marx-\u0131n sinifl\u0259raras\u0131 m\u00fcbariz\u0259 ideyas\u0131, daha sonra, bol\u015fevikl\u0259rin \u0259ks-inqilab\u00e7\u0131larla v\u0259 sinfi d\u00fc\u015fm\u0259nl\u0259rl\u0259 m\u00fcbariz\u0259 \u0259n\u0259n\u0259si dayan\u0131r. \u018f.El\u00e7ib\u0259yin K\u0259l\u0259kiy\u0259 gedi\u015fi c\u0259miyy\u0259tdaxili m\u00fcbariz\u0259d\u0259n \u00e7\u0259kilm\u0259kl\u0259 m\u00fcbariz\u0259 alovunu s\u00f6nd\u00fcrm\u0259k c\u0259hdi idi. KQB kabinetl\u0259rind\u0259 bi\u015fmi\u015f H.\u018fliyev is\u0259 m\u00fcbariz\u0259 adam\u0131 idi, s\u0259rt, kinli, bar\u0131\u015fmaz, unutmaz. O, m\u00fcst\u0259qil Az\u0259rbaycanda yenid\u0259n \u201cqol\u00e7omaq\u201dlara qar\u015f\u0131 m\u00fcbariz\u0259ni b\u0259rpa etdi. Stalinizm sinfi d\u00fc\u015fm\u0259nl\u0259ri biryolluq yox etm\u0259yi planla\u015fd\u0131rd\u0131\u011f\u0131 kimi \u018fliyev-Mehdiyev siyas\u0259ti d\u0259 \u00f6z naraz\u0131lar\u0131n\u0131 eyni proqram \u00fczr\u0259 yox etm\u0259k yolunu tutdu. M\u00fcbariz\u0259d\u0259n \u00e7\u0259kil\u0259nin (\u018f.El\u00e7ib\u0259yin) m\u0259\u011flubiyy\u0259ti fonunda m\u00fcbarizliyin (H.\u018fliyevin) bug\u00fcnk\u00fc q\u0259l\u0259b\u0259sin\u0259 bax\u0131b, insanlar m\u00fcbariz\u0259d\u0259n ba\u015fqa alternativ olmad\u0131\u011f\u0131na inand\u0131lar. Bel\u0259likl\u0259, hans\u0131 siyasi m\u00f6vqed\u0259 olma\u011f\u0131ndan as\u0131l\u0131 olmayaraq, Az\u0259rbaycanda \u201cm\u00fcbariz insan\u201d olma\u011f\u0131yla f\u0259xr ed\u0259nl\u0259rin prototipi v\u0259 ox\u015famaq ist\u0259dikl\u0259ri adam H.\u018fliyevdir.\n<\/p>\n<p>\n  Kim hakimiyy\u0259tin h\u0259d\u0259fin\u0259 tu\u015f g\u0259lirs\u0259, kim d\u00f6y\u00fcl\u00fcrs\u0259, kim h\u0259bs edilirs\u0259, o, \u201cm\u00fcbariz insan\u201d ad\u0131na layiq g\u00f6r\u00fcl\u00fcr v\u0259 d\u0259y\u0259r\u0259 minir. Hakimiyy\u0259t d\u00fc\u015f\u0259rg\u0259sind\u0259 d\u0259, kim m\u00fcxalif\u0259t\u0259 v\u0259 t\u0259nqid\u00e7i-etiraz\u00e7\u0131 yazarlara qar\u015f\u0131 qaba\u011fa \u00e7\u0131x\u0131b cavab verirs\u0259, onlar\u0131 \u0259l\u0259 sal\u0131rsa, onlara qar\u015f\u0131 s\u0259rt t\u0259dbirl\u0259r g\u00f6rm\u0259yi t\u0259klif edirs\u0259, o da hakimiyy\u0259tin \u201cm\u00fcbariz insan\u0131\u201dna v\u0259 sevimlisin\u0259 \u00e7evrilir. Bir s\u00f6zl\u0259, \u201cm\u00fcbariz insan\u201d olmaq m\u00fcasir Az\u0259rbaycan c\u0259miyy\u0259tinin d\u0259bl\u0259rind\u0259n biridir. M\u00fcbariz\u0259\u00e7ilik c\u0259bh\u0259l\u0259\u015fm\u0259 (konfrontasiya) do\u011furur. Ancaq paradoksald\u0131r ki, sosial vicdan el\u0259 m\u0259hz bel\u0259 konfrontasiya situasiyalar\u0131nda \u00fcz\u0259 \u00e7\u0131xa bil\u0259r. Bu v\u0259zif\u0259 is\u0259 iqtidara \u2013 g\u00fccl\u00fcy\u0259 \u2013 d\u00fc\u015f\u00fcr. \u00dcmumiyy\u0259tl\u0259, c\u0259miyy\u0259ti quran d\u00f6vl\u0259tdir. Ancaq g\u00f6r\u00fcn\u00fcr, vicdanoyadan bir geri \u00e7\u0259kili\u015fl\u0259 m\u00fcbariz\u0259d\u0259n geri \u00e7\u0259kil\u0259n El\u00e7ib\u0259y m\u0259\u011flubiyy\u0259ti Az\u0259rbaycan iqtidar\u0131 \u00fc\u00e7\u00fcn t\u0259krar edilm\u0259si yolverilm\u0259z t\u0259hl\u00fck\u0259li n\u00fcmun\u0259y\u0259 \u00e7evrilmi\u015fdir.\n<\/p>\n<p>\n  ***\n<\/p>\n<p>\n  Sosial vicdan o dem\u0259kdirmi ki, vicdan ancaq \u00f6z c\u0259miyy\u0259tinin daxilind\u0259 i\u015fl\u0259yir? Yox. Biz AB\u015e-\u0131n Quantanamo h\u0259bsxanas\u0131nda i\u015fg\u0259nc\u0259 verilmi\u015f \u0259sir iraql\u0131lar\u0131n fotolar\u0131n\u0131 g\u00f6r\u0259nd\u0259 nec\u0259 sars\u0131l\u0131rd\u0131qsa, indi d\u0259 islam\u00e7\u0131lar\u0131n q\u0131l\u0131ncla ba\u015f k\u0259sdiyi videolar\u0131 g\u00f6r\u0259nd\u0259 \u00fcr\u0259yimiz el\u0259 da\u011flan\u0131r. Halbuki, biziml\u0259 onlar\u0131 he\u00e7 bir sosial ba\u011f birl\u0259\u015fdirmir. \u00c7\u00fcnki vicdan t\u0259kc\u0259 sosial deyil, h\u0259m d\u0259 \u00fcmumb\u0259\u015f\u0259ridir, universald\u0131r. Bu is\u0259 art\u0131q vicdanla humanizmi birl\u0259\u015fdir\u0259n qap\u0131d\u0131r.\n<\/p>\n<p>\n  Davam ed\u0259c\u0259y\u0259m.<\/p>\n","protected":false},"excerpt":{"rendered":"<p>C\u0259miyy\u0259t s\u00f6z\u00fc q\u0259rb dill\u0259rind\u0259 lat\u0131nk\u00f6kl\u00fc socius s\u00f6z\u00fcnd\u0259n d\u00fcz\u0259ldilir&#8230;<\/p>\n","protected":false},"author":11,"featured_media":11410,"comment_status":"closed","ping_status":"open","sticky":false,"template":"","format":"standard","meta":{"_acf_changed":false,"_sitemap_exclude":false,"_sitemap_priority":"","_sitemap_frequency":"","footnotes":""},"categories":[57],"tags":[],"class_list":["post-164553","post","type-post","status-publish","format-standard","has-post-thumbnail","hentry","category-menim-fikrimce","infinite-scroll-item","generate-columns","tablet-grid-50","mobile-grid-100","grid-parent","grid-33","no-featured-image-padding"],"acf":[],"yoast_head":"<!-- This site is optimized with the Yoast SEO plugin v27.4 - https:\/\/yoast.com\/product\/yoast-seo-wordpress\/ -->\n<title>&quot;Sosial vicdan\u201d n\u0259 dem\u0259k ola bil\u0259r? - MEYDAN.TV<\/title>\n<meta name=\"robots\" content=\"index, follow, max-snippet:-1, max-image-preview:large, max-video-preview:-1\" \/>\n<link rel=\"canonical\" href=\"https:\/\/www.meydan.tv\/az\/article\/sosial-vicdan-ne-demek-ola-biler\/\" \/>\n<meta property=\"og:locale\" content=\"az_AZ\" \/>\n<meta property=\"og:type\" content=\"article\" \/>\n<meta property=\"og:title\" content=\"&quot;Sosial vicdan\u201d n\u0259 dem\u0259k ola bil\u0259r? - MEYDAN.TV\" \/>\n<meta property=\"og:description\" content=\"C\u0259miyy\u0259t s\u00f6z\u00fc q\u0259rb dill\u0259rind\u0259 lat\u0131nk\u00f6kl\u00fc socius s\u00f6z\u00fcnd\u0259n d\u00fcz\u0259ldilir...\" \/>\n<meta property=\"og:url\" content=\"https:\/\/www.meydan.tv\/az\/article\/sosial-vicdan-ne-demek-ola-biler\/\" \/>\n<meta property=\"og:site_name\" content=\"MEYDAN.TV\" \/>\n<meta property=\"article:published_time\" content=\"2014-07-13T00:50:45+00:00\" \/>\n<meta property=\"og:image\" content=\"https:\/\/www.meydan.tv\/wp-content\/uploads\/3721.jpg\" \/>\n\t<meta property=\"og:image:width\" content=\"500\" \/>\n\t<meta property=\"og:image:height\" content=\"500\" \/>\n\t<meta property=\"og:image:type\" content=\"image\/jpeg\" \/>\n<meta name=\"author\" content=\"user-manager\" \/>\n<meta name=\"twitter:card\" content=\"summary_large_image\" \/>\n<script type=\"application\/ld+json\" class=\"yoast-schema-graph\">{\"@context\":\"https:\\\/\\\/schema.org\",\"@graph\":[{\"@type\":\"Article\",\"@id\":\"https:\\\/\\\/www.meydan.tv\\\/az\\\/article\\\/sosial-vicdan-ne-demek-ola-biler\\\/#article\",\"isPartOf\":{\"@id\":\"https:\\\/\\\/www.meydan.tv\\\/az\\\/article\\\/sosial-vicdan-ne-demek-ola-biler\\\/\"},\"author\":{\"name\":\"user-manager\",\"@id\":\"https:\\\/\\\/www.meydan.tv\\\/az\\\/#\\\/schema\\\/person\\\/10d11eccf6da3662cf5fdab9806ea91a\"},\"headline\":\"&#8220;Sosial vicdan\u201d n\u0259 dem\u0259k ola bil\u0259r?\",\"datePublished\":\"2014-07-13T00:50:45+00:00\",\"mainEntityOfPage\":{\"@id\":\"https:\\\/\\\/www.meydan.tv\\\/az\\\/article\\\/sosial-vicdan-ne-demek-ola-biler\\\/\"},\"wordCount\":2404,\"publisher\":{\"@id\":\"https:\\\/\\\/www.meydan.tv\\\/az\\\/#organization\"},\"image\":{\"@id\":\"https:\\\/\\\/www.meydan.tv\\\/az\\\/article\\\/sosial-vicdan-ne-demek-ola-biler\\\/#primaryimage\"},\"thumbnailUrl\":\"https:\\\/\\\/www.meydan.tv\\\/wp-content\\\/uploads\\\/3721.jpg\",\"articleSection\":[\"M\u0259nim Fikrimc\u0259\"],\"inLanguage\":\"az\"},{\"@type\":\"WebPage\",\"@id\":\"https:\\\/\\\/www.meydan.tv\\\/az\\\/article\\\/sosial-vicdan-ne-demek-ola-biler\\\/\",\"url\":\"https:\\\/\\\/www.meydan.tv\\\/az\\\/article\\\/sosial-vicdan-ne-demek-ola-biler\\\/\",\"name\":\"\\\"Sosial vicdan\u201d n\u0259 dem\u0259k ola bil\u0259r? - MEYDAN.TV\",\"isPartOf\":{\"@id\":\"https:\\\/\\\/www.meydan.tv\\\/az\\\/#website\"},\"primaryImageOfPage\":{\"@id\":\"https:\\\/\\\/www.meydan.tv\\\/az\\\/article\\\/sosial-vicdan-ne-demek-ola-biler\\\/#primaryimage\"},\"image\":{\"@id\":\"https:\\\/\\\/www.meydan.tv\\\/az\\\/article\\\/sosial-vicdan-ne-demek-ola-biler\\\/#primaryimage\"},\"thumbnailUrl\":\"https:\\\/\\\/www.meydan.tv\\\/wp-content\\\/uploads\\\/3721.jpg\",\"datePublished\":\"2014-07-13T00:50:45+00:00\",\"breadcrumb\":{\"@id\":\"https:\\\/\\\/www.meydan.tv\\\/az\\\/article\\\/sosial-vicdan-ne-demek-ola-biler\\\/#breadcrumb\"},\"inLanguage\":\"az\",\"potentialAction\":[{\"@type\":\"ReadAction\",\"target\":[\"https:\\\/\\\/www.meydan.tv\\\/az\\\/article\\\/sosial-vicdan-ne-demek-ola-biler\\\/\"]}]},{\"@type\":\"ImageObject\",\"inLanguage\":\"az\",\"@id\":\"https:\\\/\\\/www.meydan.tv\\\/az\\\/article\\\/sosial-vicdan-ne-demek-ola-biler\\\/#primaryimage\",\"url\":\"https:\\\/\\\/www.meydan.tv\\\/wp-content\\\/uploads\\\/3721.jpg\",\"contentUrl\":\"https:\\\/\\\/www.meydan.tv\\\/wp-content\\\/uploads\\\/3721.jpg\",\"width\":500,\"height\":500,\"caption\":\"Source:\"},{\"@type\":\"BreadcrumbList\",\"@id\":\"https:\\\/\\\/www.meydan.tv\\\/az\\\/article\\\/sosial-vicdan-ne-demek-ola-biler\\\/#breadcrumb\",\"itemListElement\":[{\"@type\":\"ListItem\",\"position\":1,\"name\":\"Ana s\u0259hif\u0259\",\"item\":\"https:\\\/\\\/www.meydan.tv\\\/az\\\/\"},{\"@type\":\"ListItem\",\"position\":2,\"name\":\"M\u0259nim Fikrimc\u0259\",\"item\":\"https:\\\/\\\/www.meydan.tv\\\/az\\\/section\\\/menim-fikrimce\\\/\"},{\"@type\":\"ListItem\",\"position\":3,\"name\":\"&#8220;Sosial vicdan\u201d n\u0259 dem\u0259k ola bil\u0259r?\"}]},{\"@type\":\"WebSite\",\"@id\":\"https:\\\/\\\/www.meydan.tv\\\/az\\\/#website\",\"url\":\"https:\\\/\\\/www.meydan.tv\\\/az\\\/\",\"name\":\"MEYDAN.TV\",\"description\":\"Meydan TV Az\u0259rbaycan\u0131n media m\u0259kan\u0131ndak\u0131 alternativ s\u0259sidir\",\"publisher\":{\"@id\":\"https:\\\/\\\/www.meydan.tv\\\/az\\\/#organization\"},\"potentialAction\":[{\"@type\":\"SearchAction\",\"target\":{\"@type\":\"EntryPoint\",\"urlTemplate\":\"https:\\\/\\\/www.meydan.tv\\\/az\\\/?s={search_term_string}\"},\"query-input\":{\"@type\":\"PropertyValueSpecification\",\"valueRequired\":true,\"valueName\":\"search_term_string\"}}],\"inLanguage\":\"az\"},{\"@type\":\"Organization\",\"@id\":\"https:\\\/\\\/www.meydan.tv\\\/az\\\/#organization\",\"name\":\"Meydan TV\",\"url\":\"https:\\\/\\\/www.meydan.tv\\\/az\\\/\",\"logo\":{\"@type\":\"ImageObject\",\"inLanguage\":\"az\",\"@id\":\"https:\\\/\\\/www.meydan.tv\\\/az\\\/#\\\/schema\\\/logo\\\/image\\\/\",\"url\":\"https:\\\/\\\/www.meydan.tv\\\/wp-content\\\/uploads\\\/2021\\\/07\\\/meydan-logo.svg\",\"contentUrl\":\"https:\\\/\\\/www.meydan.tv\\\/wp-content\\\/uploads\\\/2021\\\/07\\\/meydan-logo.svg\",\"width\":195,\"height\":46,\"caption\":\"Meydan TV\"},\"image\":{\"@id\":\"https:\\\/\\\/www.meydan.tv\\\/az\\\/#\\\/schema\\\/logo\\\/image\\\/\"}},{\"@type\":\"Person\",\"@id\":\"https:\\\/\\\/www.meydan.tv\\\/az\\\/#\\\/schema\\\/person\\\/10d11eccf6da3662cf5fdab9806ea91a\",\"name\":\"user-manager\"}]}<\/script>\n<!-- \/ Yoast SEO plugin. -->","yoast_head_json":{"title":"\"Sosial vicdan\u201d n\u0259 dem\u0259k ola bil\u0259r? - MEYDAN.TV","robots":{"index":"index","follow":"follow","max-snippet":"max-snippet:-1","max-image-preview":"max-image-preview:large","max-video-preview":"max-video-preview:-1"},"canonical":"https:\/\/www.meydan.tv\/az\/article\/sosial-vicdan-ne-demek-ola-biler\/","og_locale":"az_AZ","og_type":"article","og_title":"\"Sosial vicdan\u201d n\u0259 dem\u0259k ola bil\u0259r? - MEYDAN.TV","og_description":"C\u0259miyy\u0259t s\u00f6z\u00fc q\u0259rb dill\u0259rind\u0259 lat\u0131nk\u00f6kl\u00fc socius s\u00f6z\u00fcnd\u0259n d\u00fcz\u0259ldilir...","og_url":"https:\/\/www.meydan.tv\/az\/article\/sosial-vicdan-ne-demek-ola-biler\/","og_site_name":"MEYDAN.TV","article_published_time":"2014-07-13T00:50:45+00:00","og_image":[{"width":500,"height":500,"url":"https:\/\/www.meydan.tv\/wp-content\/uploads\/3721.jpg","type":"image\/jpeg"}],"author":"user-manager","twitter_card":"summary_large_image","schema":{"@context":"https:\/\/schema.org","@graph":[{"@type":"Article","@id":"https:\/\/www.meydan.tv\/az\/article\/sosial-vicdan-ne-demek-ola-biler\/#article","isPartOf":{"@id":"https:\/\/www.meydan.tv\/az\/article\/sosial-vicdan-ne-demek-ola-biler\/"},"author":{"name":"user-manager","@id":"https:\/\/www.meydan.tv\/az\/#\/schema\/person\/10d11eccf6da3662cf5fdab9806ea91a"},"headline":"&#8220;Sosial vicdan\u201d n\u0259 dem\u0259k ola bil\u0259r?","datePublished":"2014-07-13T00:50:45+00:00","mainEntityOfPage":{"@id":"https:\/\/www.meydan.tv\/az\/article\/sosial-vicdan-ne-demek-ola-biler\/"},"wordCount":2404,"publisher":{"@id":"https:\/\/www.meydan.tv\/az\/#organization"},"image":{"@id":"https:\/\/www.meydan.tv\/az\/article\/sosial-vicdan-ne-demek-ola-biler\/#primaryimage"},"thumbnailUrl":"https:\/\/www.meydan.tv\/wp-content\/uploads\/3721.jpg","articleSection":["M\u0259nim Fikrimc\u0259"],"inLanguage":"az"},{"@type":"WebPage","@id":"https:\/\/www.meydan.tv\/az\/article\/sosial-vicdan-ne-demek-ola-biler\/","url":"https:\/\/www.meydan.tv\/az\/article\/sosial-vicdan-ne-demek-ola-biler\/","name":"\"Sosial vicdan\u201d n\u0259 dem\u0259k ola bil\u0259r? - MEYDAN.TV","isPartOf":{"@id":"https:\/\/www.meydan.tv\/az\/#website"},"primaryImageOfPage":{"@id":"https:\/\/www.meydan.tv\/az\/article\/sosial-vicdan-ne-demek-ola-biler\/#primaryimage"},"image":{"@id":"https:\/\/www.meydan.tv\/az\/article\/sosial-vicdan-ne-demek-ola-biler\/#primaryimage"},"thumbnailUrl":"https:\/\/www.meydan.tv\/wp-content\/uploads\/3721.jpg","datePublished":"2014-07-13T00:50:45+00:00","breadcrumb":{"@id":"https:\/\/www.meydan.tv\/az\/article\/sosial-vicdan-ne-demek-ola-biler\/#breadcrumb"},"inLanguage":"az","potentialAction":[{"@type":"ReadAction","target":["https:\/\/www.meydan.tv\/az\/article\/sosial-vicdan-ne-demek-ola-biler\/"]}]},{"@type":"ImageObject","inLanguage":"az","@id":"https:\/\/www.meydan.tv\/az\/article\/sosial-vicdan-ne-demek-ola-biler\/#primaryimage","url":"https:\/\/www.meydan.tv\/wp-content\/uploads\/3721.jpg","contentUrl":"https:\/\/www.meydan.tv\/wp-content\/uploads\/3721.jpg","width":500,"height":500,"caption":"Source:"},{"@type":"BreadcrumbList","@id":"https:\/\/www.meydan.tv\/az\/article\/sosial-vicdan-ne-demek-ola-biler\/#breadcrumb","itemListElement":[{"@type":"ListItem","position":1,"name":"Ana s\u0259hif\u0259","item":"https:\/\/www.meydan.tv\/az\/"},{"@type":"ListItem","position":2,"name":"M\u0259nim Fikrimc\u0259","item":"https:\/\/www.meydan.tv\/az\/section\/menim-fikrimce\/"},{"@type":"ListItem","position":3,"name":"&#8220;Sosial vicdan\u201d n\u0259 dem\u0259k ola bil\u0259r?"}]},{"@type":"WebSite","@id":"https:\/\/www.meydan.tv\/az\/#website","url":"https:\/\/www.meydan.tv\/az\/","name":"MEYDAN.TV","description":"Meydan TV Az\u0259rbaycan\u0131n media m\u0259kan\u0131ndak\u0131 alternativ s\u0259sidir","publisher":{"@id":"https:\/\/www.meydan.tv\/az\/#organization"},"potentialAction":[{"@type":"SearchAction","target":{"@type":"EntryPoint","urlTemplate":"https:\/\/www.meydan.tv\/az\/?s={search_term_string}"},"query-input":{"@type":"PropertyValueSpecification","valueRequired":true,"valueName":"search_term_string"}}],"inLanguage":"az"},{"@type":"Organization","@id":"https:\/\/www.meydan.tv\/az\/#organization","name":"Meydan TV","url":"https:\/\/www.meydan.tv\/az\/","logo":{"@type":"ImageObject","inLanguage":"az","@id":"https:\/\/www.meydan.tv\/az\/#\/schema\/logo\/image\/","url":"https:\/\/www.meydan.tv\/wp-content\/uploads\/2021\/07\/meydan-logo.svg","contentUrl":"https:\/\/www.meydan.tv\/wp-content\/uploads\/2021\/07\/meydan-logo.svg","width":195,"height":46,"caption":"Meydan TV"},"image":{"@id":"https:\/\/www.meydan.tv\/az\/#\/schema\/logo\/image\/"}},{"@type":"Person","@id":"https:\/\/www.meydan.tv\/az\/#\/schema\/person\/10d11eccf6da3662cf5fdab9806ea91a","name":"user-manager"}]}},"_links":{"self":[{"href":"https:\/\/www.meydan.tv\/az\/wp-json\/wp\/v2\/posts\/164553","targetHints":{"allow":["GET"]}}],"collection":[{"href":"https:\/\/www.meydan.tv\/az\/wp-json\/wp\/v2\/posts"}],"about":[{"href":"https:\/\/www.meydan.tv\/az\/wp-json\/wp\/v2\/types\/post"}],"author":[{"embeddable":true,"href":"https:\/\/www.meydan.tv\/az\/wp-json\/wp\/v2\/users\/11"}],"replies":[{"embeddable":true,"href":"https:\/\/www.meydan.tv\/az\/wp-json\/wp\/v2\/comments?post=164553"}],"version-history":[{"count":0,"href":"https:\/\/www.meydan.tv\/az\/wp-json\/wp\/v2\/posts\/164553\/revisions"}],"wp:featuredmedia":[{"embeddable":true,"href":"https:\/\/www.meydan.tv\/az\/wp-json\/wp\/v2\/media\/11410"}],"wp:attachment":[{"href":"https:\/\/www.meydan.tv\/az\/wp-json\/wp\/v2\/media?parent=164553"}],"wp:term":[{"taxonomy":"category","embeddable":true,"href":"https:\/\/www.meydan.tv\/az\/wp-json\/wp\/v2\/categories?post=164553"},{"taxonomy":"post_tag","embeddable":true,"href":"https:\/\/www.meydan.tv\/az\/wp-json\/wp\/v2\/tags?post=164553"}],"curies":[{"name":"wp","href":"https:\/\/api.w.org\/{rel}","templated":true}]}}