{"id":164525,"date":"2014-07-10T01:13:08","date_gmt":"2014-07-10T01:13:08","guid":{"rendered":"https:\/\/www.meydan.tv\/article\/usaqligimizin-vazkecilmezi\/"},"modified":"2014-07-10T01:13:08","modified_gmt":"2014-07-10T01:13:08","slug":"usaqligimizin-vazkecilmezi","status":"publish","type":"post","link":"https:\/\/www.meydan.tv\/az\/article\/usaqligimizin-vazkecilmezi\/","title":{"rendered":"U\u015faql\u0131\u011f\u0131m\u0131z\u0131n vazke\u00e7ilm\u0259zi"},"content":{"rendered":"<figure class=\"wp-block-image size-large\">\n  <img decoding=\"async\" src=\"https:\/\/www.meydan.tv\/az\/11032\/\" alt=\"\" class=\"wp-image-11032\"\/><figcaption><\/figcaption><\/figure>\n<figure class=\"wp-block-image size-large\">\n  <img decoding=\"async\" src=\"https:\/\/www.meydan.tv\/az\/3256\/\" alt=\"\" class=\"wp-image-3256\"\/><figcaption><\/figcaption><\/figure>\n<p>\n  <b><br \/>\n    Rac Kapurlu, N\u0259rgizli, Cimili, \u015eakal\u0131, Zita-gital\u0131 hind kinosu<br \/>\n  <\/b>\n<\/p>\n<p>\n  \u201cCimi-cimi, haca-haca\u201d, \u201cBobbi\u201d, \u201cQanq, sular\u0131n bulan\u0131qd\u0131r\u201d, \u201cToz i\u00e7ind\u0259 \u00e7i\u00e7\u0259k\u201d&#8230; 7-8 milyon az\u0259rbaycanl\u0131n\u0131n aras\u0131nda sor\u011fu apar\u0131lsa, h\u0259r be\u015f adamdan ikisi bu s\u00f6zl\u0259ri e\u015fid\u0259nd\u0259 m\u00fctl\u0259q h\u0259sr\u0259tl\u0259, \u015firin-\u015firin q\u0131m\u0131\u015facaq. Baxmayaraq ki, o filml\u0259rd\u0259 ton-ton g\u00f6z ya\u015f\u0131 ax\u0131d\u0131l\u0131r, q\u0259ddar valideynl\u0259r sev\u0259nl\u0259ri qovu\u015fma\u011fa qoymur, k\u0259d\u0259r dizd\u0259n yap\u0131\u015f\u0131r, hicran bo\u011fazdan&#8230; M\u0259hz, onlar \u2013 Rac Kapurlu, N\u0259rgizli, Cimili, \u015eakal\u0131, Zita-gital\u0131 hind kinosu bizim u\u015faql\u0131\u011f\u0131m\u0131z\u0131n, yeniyetm\u0259liyimizin vazke\u00e7ilm\u0259zidi. Ancaq say\u0131 bir milyarda \u00e7atm\u0131\u015f, h\u0259r\u0259si bir dild\u0259 dan\u0131\u015fan hindlil\u0259r d\u0259 daxil olmaqda \u00e7ox az insan bilir ki, hind kinosu t\u0259kc\u0259 zita-gitalardan, bulan\u0131q axan qanqlardan ibar\u0259t deyil. Onun bir d\u0259 astar\u0131 var. Pe\u015f\u0259karlar\u0131n t\u0259birinc\u0259, qeyri-\u0259n\u0259n\u0259vi, realist hind kinosu.\n<\/p>\n<p>\n  <b><br \/>\n    Hind filml\u0259ri, h\u0259r il Berlin, Kann, Venesiya kinofestivallar\u0131nda m\u00fckafatlar qazan\u0131rd\u0131<br \/>\n  <\/b>\n<\/p>\n<p>\n  \u201cHind yeni dal\u011fas\u0131\u201d adlanan bu kino 50-ci ill\u0259rin \u0259vv\u0259ll\u0259rind\u0259, \u0130taliya neorealizminin m\u00fch\u00fcm filml\u0259rind\u0259n biri- \u201cVelosiped o\u011frular\u0131\u201dn\u0131n (Vittoriyo De Sika) Hindistanda n\u00fcmayi\u015find\u0259n sonra meydana \u00e7\u0131x\u0131b. Bu o d\u00f6vr idi ki, SSR\u0130-nin ba\u015f\u00e7\u0131s\u0131 Nikita Xru\u015f\u015fov Cavaharlal Neru il\u0259 g\u00f6r\u00fc\u015f\u00fcrd\u00fc, 15 respublikan\u0131n kinoteatrlar\u0131 hind filml\u0259ri il\u0259 dolub-da\u015f\u0131rd\u0131, onlar\u0131n populyarl\u0131\u011f\u0131na \u00f6z\u0259n\u0259n SSR\u0130, o c\u00fcml\u0259d\u0259n, Az\u0259rbaycan kinosunda bir-birinin ard\u0131nca musiqili filml\u0259r istehsal olunurdu.<br \/>\n  <br \/>\n  Hindistanda is\u0259 Bimal Roy , Satyacit Ray, Mrinal Sen, Ritvik Qxatak kimi rejissorlar neorealizmd\u0259n t\u0259sirl\u0259n\u0259r\u0259k \u201chind dal\u011fas\u0131\u201dn\u0131n b\u00fcn\u00f6vr\u0259sini qoyurdular, hind filml\u0259ri, dem\u0259k olar ki, h\u0259r il Berlin, Kann, Venesiya kinofestivallar\u0131nda i\u015ftirak el\u0259yir v\u0259 f\u0259rqli m\u00fckafatlar qazan\u0131rd\u0131.<br \/>\n  <br \/>\n  Adlar\u0131 sadalanan rejissorlar aras\u0131nda \u0259n m\u0259\u015fhuru v\u0259 neorelistl\u0259r\u0259 \u0259n yax\u0131n\u0131 Satyacit Rayd\u0131r. O, \u201c\u0259yal\u0259t kinosu\u201d statusu da\u015f\u0131yan hind kinematoqrafiyas\u0131n\u0131 d\u00fcnyaya tan\u0131dan ilk rejissor hesab olunur.\n<\/p>\n<p>\n  <b><br \/>\n    B\u00fct\u00fcn d\u00f6vrl\u0259rin v\u0259 xalqlar\u0131n \u201c100 \u0259n yax\u015f\u0131 rejissoru\u201dndan biri<br \/>\n  <\/b>\n<\/p>\n<p>\n  Rejissor, ssenarist, b\u0259st\u0259kar, prod\u00fcser, kino t\u0259nqid\u00e7isi, \u201cOskar\u201d m\u00fckafat\u0131n\u0131n ilk hindli laureat\u0131 h\u0259l\u0259 t\u0259l\u0259b\u0259 vaxt\u0131ndan kinoya a\u015fiq idi. 1947-ci ild\u0259 is\u0259 b\u0259st\u0259kar \u00c7idananda Qupta il\u0259 birlikd\u0259 \u00f6lk\u0259d\u0259 ilk kinoklubu yaradan S.Ray bir m\u00fcdd\u0259t sonra Avropaya s\u0259yah\u0259t el\u0259yir, orda says\u0131z-hesabs\u0131z film\u0259 bax\u0131r v\u0259 benqal yaz\u0131\u00e7\u0131s\u0131 Bandopadxyan\u0131n k\u0259ndli ail\u0259nin h\u0259yat\u0131ndan b\u0259hs el\u0259y\u0259n \u201cYol n\u0259\u011fm\u0259l\u0259ri\u201d \u0259s\u0259rini ekranla\u015fd\u0131rmaq q\u0259rar\u0131na g\u0259lir. 1955-ci ild\u0259 ekranlara \u00e7\u0131xan eyniadl\u0131 film h\u0259m \u00f6z \u00f6lk\u0259sind\u0259 b\u00f6y\u00fck u\u011fur qazan\u0131r, h\u0259m d\u0259 1956-c\u0131 ild\u0259 Kann festival\u0131nda \u201c\u0130nsan haqq\u0131nda ilin \u0259n yax\u015f\u0131 s\u0259n\u0259d\u201d m\u00fckafat\u0131na layiq g\u00f6r\u00fcl\u00fcr. \u201cYol n\u0259\u011fm\u0259l\u0259ri\u201dnin m\u00fcv\u0259ff\u0259qiyy\u0259tind\u0259n ruhlanan rejissor \u0259vv\u0259lc\u0259 \u201cSars\u0131lmaz\u201d (Venesiyada \u201cQ\u0131z\u0131l \u015fir\u201d m\u00fckafat\u0131n\u0131 qazan\u0131b), d\u00f6rd il sonra da \u201cApunun d\u00fcnyas\u0131\u201d filml\u0259rini \u00e7\u0259kir v\u0259 onlar\u0131 \u201cApu haqq\u0131nda trilogiya\u201d ba\u015fl\u0131\u011f\u0131 alt\u0131nda birl\u0259\u015fdirir. Sonuncu film d\u0259 \u201c\u0259n yax\u015f\u0131 \u0259cn\u0259bi film\u201d nominasiyas\u0131nda \u201cOskar\u201da laureat olub, bir \u00e7ox Avropa kinofestivallar\u0131nda m\u00fckafatlar qazan\u0131b.<br \/>\n  <br \/>\n  \u00dcmumiyy\u0259tl\u0259, Satyacit Ray\u0131n 70-ci ill\u0259rin ax\u0131rlar\u0131na- x\u0259st\u0259l\u0259nib kinodan uzaqla\u015fana q\u0259d\u0259r \u00e7\u0259kdiyi filml\u0259rin, az qala, ham\u0131s\u0131 festivallarda m\u0259mnuniyy\u0259tl\u0259 qar\u015f\u0131lan\u0131b, m\u00fcxt\u0259lif prizl\u0259r\u0259 layiq g\u00f6r\u00fcl\u00fcb, amma m\u0259hz, \u201cApu haqq\u0131nda trilogiya\u201d m\u00fc\u0259llif kinosunun klassikas\u0131, rejissorun \u00f6z\u00fc is\u0259 b\u00fct\u00fcn d\u00f6vrl\u0259rin v\u0259 xalqlar\u0131n \u201c100 \u0259n yax\u015f\u0131 rejissoru\u201dndan biri say\u0131l\u0131r.\n<\/p>\n<p>\n  \u00c7\u00fcnki neorealist stild\u0259 \u00e7\u0259kilmi\u015f bu a\u011f-qara filml\u0259r sad\u0259c\u0259 yoxsul hindlil\u0259rin a\u011f\u0131r h\u0259yat\u0131ndan b\u0259hs el\u0259y\u0259n sosial dramlar deyil, h\u0259m d\u0259 bir insan\u0131 do\u011fu\u015fdan- bilgisizlikd\u0259n kamilliy\u0259 q\u0259d\u0259r ke\u00e7diyi yolun t\u0259sviridi. Bir n\u00f6v Buddan\u0131n h\u0259yat\u0131n\u0131n interpretasiyas\u0131d\u0131. M\u00fc\u0259llif, Apunun hekay\u0259tini dan\u0131\u015fanda tama\u015fa\u00e7\u0131n\u0131 k\u0259d\u0259rl\u0259ndirm\u0259k, a\u011flatmaq fikrind\u0259n uzaqd\u0131, he\u00e7 n\u0259yi b\u0259z\u0259yib-d\u00fcz\u0259mir. Yaln\u0131z ger\u00e7\u0259kl\u0259ri g\u00f6st\u0259rir. Na\u011f\u0131l\u0131 na\u011f\u0131l, a\u011fr\u0131n\u0131 a\u011fr\u0131, k\u00fcl\u0259yi, ya\u011f\u0131\u015f\u0131 varl\u0131lar \u00fc\u00e7\u00fcn romantik ola bil\u0259n, yoxsulun is\u0259 v\u0259ziyy\u0259tini daha da \u00e7\u0259tinl\u0259\u015fdir\u0259n adi t\u0259bi\u0259t hadis\u0259si kimi.. Operator Subrata Mitran\u0131n kameras\u0131 is\u0259 bu i\u015fd\u0259 rejissorun \u0259n yax\u0131n k\u00f6m\u0259k\u00e7isidi- yeri d\u00fc\u015f\u0259nd\u0259 \u0259lind\u0259n he\u00e7 n\u0259 g\u0259lm\u0259diyind\u0259n bir q\u0131raqda dayan\u0131b \u00e7ar\u0259siz baxma\u011fa m\u0259cbur m\u00fc\u015fahid\u0259\u00e7i olur, yeri d\u00fc\u015f\u0259nd\u0259 i\u015f\u0131q-k\u00f6lg\u0259 oyunu quraraq tama\u015fa\u00e7\u0131n\u0131 \u0259yl\u0259ndirir. \u201cYol n\u0259\u011fm\u0259l\u0259ri\u201d filmind\u0259 qoca qar\u0131n\u0131n balaca Apu il\u0259 Durqaya qorxulu na\u011f\u0131l dan\u0131\u015fd\u0131\u011f\u0131 epizodda birinci divardak\u0131 \u0259caib k\u00f6lg\u0259 h\u0259r\u0259k\u0259t\u0259 g\u0259lir, sonra na\u011f\u0131l\u0131 e\u015fidirik.\n<\/p>\n<p>\n  Satyacit Ray 1992-ci ild\u0259-\u00f6l\u00fcm\u00fcn\u0259 bir ne\u00e7\u0259 ay qalm\u0131\u015f d\u00fcnya kinematoqrafiyas\u0131na xidm\u0259tl\u0259rin\u0259 g\u00f6r\u0259 AB\u015e kinoakademikl\u0259ri t\u0259r\u0259find\u0259n \u201cOskar\u201d m\u00fckafat\u0131 il\u0259 t\u0259ltif olunub.\n<\/p>\n<p>\n  <b><br \/>\n    Q\u0131raqda dayan\u0131b \u00e7ar\u0259siz baxma\u011fa m\u0259cbur m\u00fc\u015fahid\u0259\u00e7i<br \/>\n  <\/b>\n<\/p>\n<p>\n  Kinomanlar S.Ray\u0131 daha \u00e7ox tan\u0131salar da, \u201cHind yeni dal\u011fas\u0131\u201dn\u0131n dig\u0259r n\u00fcmay\u0259n\u0259l\u0259ri Bimal Royla Mrinal Sen d\u0259 ondan geri qalm\u0131rlar.<br \/>\n  <br \/>\n  Ad\u0259t\u0259n, poetik \u00fcsluba, metaforalara \u00fcst\u00fcnl\u00fck ver\u0259n Bimal Royun 1953-c\u00fc ild\u0259 \u00e7\u0259kdiyi, torpa\u011f\u0131n\u0131 m\u00fclk\u0259dara verm\u0259k ist\u0259m\u0259y\u0259n, boynuna qoyulmu\u015f borcu \u00f6d\u0259m\u0259k \u00fc\u00e7\u00fcn \u015f\u0259h\u0259r\u0259 i\u015fl\u0259m\u0259y\u0259 g\u0259l\u0259n k\u0259ndli ail\u0259sind\u0259n b\u0259hs ed\u0259n \u201c\u0130ki ar\u015f\u0131n torpaq\u201d filmi, \u201c\u0259n yax\u015f\u0131 rejissor i\u015fi\u201d nominasiyas\u0131nda Hind Oskar\u0131na- \u201c<br \/>\n  <b><br \/>\n    Filmfare<br \/>\n  <\/b><br \/>\n  \u201d m\u00fckafat\u0131na layiq g\u00f6r\u00fcl\u00fcb.<br \/>\n  <br \/>\n  Sol\u00e7u rejissor Mrinal Sen is\u0259 1968-ci ild\u0259 \u0259n\u0259n\u0259vi istehlak\u00e7\u0131 kinematoqrafiyas\u0131na qar\u015f\u0131 yarad\u0131lm\u0131\u015f \u201cYeni kinonun manifesti\u201dinin m\u00fc\u0259llifl\u0259rind\u0259n biridi. Manifestin \u0259sas tezisl\u0259ri Hindistan\u0131n reall\u0131\u011f\u0131na, aktual probleml\u0259rin\u0259 toxunan filml\u0259r \u00e7\u0259km\u0259k, sosial protest kinosunun \u0259n\u0259n\u0259l\u0259rini inki\u015faf etdir\u0259m\u0259k idi. Bu prinsipl\u0259r\u0259 \u0259n birinci \u00f6z\u00fc \u0259m\u0259l el\u0259y\u0259n M.Sen \u201c\u0130\u015f g\u00f6r\u00fc\u015fm\u0259si\u201d (1971), \u201c\u0130\u015f x\u0259tm olunur\u201d (1982; Kann festival\u0131n\u0131n m\u00fckafat\u0131), \u201cAcl\u0131\u011f\u0131n anatomiyas\u0131\u201d (1981; Berlin festival\u0131n\u0131n x\u00fcsusi m\u00fckafat\u0131) filml\u0259rind\u0259 b\u0259dii v\u0259 s\u0259n\u0259dli kino elementl\u0259rini birl\u0259\u015fdirm\u0259y\u0259 \u00e7al\u0131\u015f\u0131b.\n<\/p>\n<p>\n  T\u0259bii ki, realist hind kinosunun m\u00f6vcudlu\u011funu m\u00fcmk\u00fcn el\u0259y\u0259nl\u0259r t\u0259kc\u0259 bu \u00fc\u00e7 isim deyil. S.Ray\u0131n x\u0259l\u0259fi kimi tan\u0131nan, 1989-cu ild\u0259 \u201cDivar\u201d filmi il\u0259 Venesiya festival\u0131n\u0131n \u0259sas m\u00fckafat\u0131n\u0131 alm\u0131\u015f Adur Qopalakri\u015fnan, \u201cDo\u011fulu\u015f\u201d adl\u0131 deb\u00fct filmi 42-ci Kann kinofestival\u0131nda \u201cQ\u0131z\u0131l kamera\u201dqazanm\u0131\u015f \u015eadji Karun, kifli ad\u0259tl\u0259rin boyunduru\u011fundan qurtulma\u011fa \u00e7al\u0131\u015fan hind qad\u0131nlar\u0131n\u0131n a\u011f\u0131r taleyin\u0259 h\u0259sr olunmu\u015f \u201cTorpaq\u201d, \u201cOd\u201d, \u201cSu\u201d trilogiyas\u0131n\u0131n m\u00fc\u0259llifi Dipa Mexta kimi ba\u015fqa rejissorlar da var.\n<\/p>\n<p>\n  <b><br \/>\n    Orda da kas\u0131blar v\u0259 varl\u0131lar, haqs\u0131zl\u0131\u011fa qar\u015f\u0131 m\u00fcbariz\u0259 aparanlar, sevgi- m\u0259h\u0259bb\u0259t var.<br \/>\n  <\/b>\n<\/p>\n<p>\n  Lakin h\u0259l\u0259lik realist hind kinosu kommersiya filml\u0259rin\u0259 qalib g\u0259lm\u0259yi bacarm\u0131r. Bolli-mollivud filml\u0259rin\u0259 g\u00f6r\u0259 gec\u0259d\u0259n s\u0259h\u0259r\u0259 q\u0259d\u0259r kinoteatrlar\u0131n qar\u015f\u0131s\u0131nda n\u00f6vb\u0259 \u00e7\u0259k\u0259n, ax\u0131r\u0131nc\u0131 q\u0259piyini bilet\u0259 ver\u0259n sad\u0259 hindli \u201cqeyri-\u0259n\u0259n\u0259vi\u201d kinonu sevmir. Ona g\u00f6r\u0259 yox ki, o, uzun kadrlarla, a\u011f\u0131r, \u0259ndr\u0259badi dialoqlarla, anla\u015f\u0131lmaz simvollarla doludu, rejissorlar da h\u0259r f\u00fcrs\u0259td\u0259 \u0259llam\u0259\u00e7ilik el\u0259m\u0259y\u0259 \u00e7al\u0131\u015f\u0131rlar. Yox, \u0259ksin\u0259. Orda da kas\u0131blar v\u0259 varl\u0131lar, haqs\u0131zl\u0131\u011fa qar\u015f\u0131 m\u00fcbariz\u0259 aparanlar, sevgi- m\u0259h\u0259bb\u0259t var. Ancaq bu filml\u0259rd\u0259 probleml\u0259r ekzotika p\u0259rd\u0259si il\u0259 \u00f6rt\u00fcl\u00fcb, \u00fc\u00e7\u00fcnc\u00fc-d\u00f6rd\u00fcnc\u00fc plana sal\u0131nmay\u0131b, ictimai-sosial b\u0259la kimi v\u0259 b\u00fct\u00fcn \u00e7\u0131lpaql\u0131\u011f\u0131 il\u0259 g\u00f6st\u0259rilib. K\u00fctl\u0259 is\u0259 h\u0259qiq\u0259tl\u0259ri e\u015fitm\u0259yi n\u0259inki xo\u015flam\u0131r, h\u0259tta h\u0259rd\u0259n m\u00fc\u0259llifl\u0259ri xalq\u0131 t\u0259hqir, minillik ad\u0259t-\u0259n\u0259n\u0259l\u0259r h\u00f6rm\u0259tsizlikd\u0259 t\u0259qsirl\u0259ndirir.\n<\/p>\n<p>\n  Ki, bu d\u00fcnyan\u0131n \u00f6z\u00fc q\u0259d\u0259r k\u00f6hn\u0259 \u0259hvalatd\u0131..\n<\/p>\n<p>\n  <b><br \/>\n    Yaz\u0131dak\u0131 fikirl\u0259r m\u00fc\u0259llif\u0259 m\u0259xsusdur v\u0259 onlara g\u00f6r\u0259 Meydan TV m\u0259suliyy\u0259t da\u015f\u0131m\u0131r.<br \/>\n  <\/b><\/p>\n","protected":false},"excerpt":{"rendered":"<p>\u00c7ox az insan bilir ki, hind kinosu&#8230;<\/p>\n","protected":false},"author":11,"featured_media":11032,"comment_status":"closed","ping_status":"open","sticky":false,"template":"","format":"standard","meta":{"_acf_changed":false,"_sitemap_exclude":false,"_sitemap_priority":"","_sitemap_frequency":"","footnotes":""},"categories":[57],"tags":[],"class_list":["post-164525","post","type-post","status-publish","format-standard","has-post-thumbnail","hentry","category-menim-fikrimce","infinite-scroll-item","generate-columns","tablet-grid-50","mobile-grid-100","grid-parent","grid-33","no-featured-image-padding"],"acf":[],"yoast_head":"<!-- This site is optimized with the Yoast SEO plugin v27.4 - https:\/\/yoast.com\/product\/yoast-seo-wordpress\/ -->\n<title>U\u015faql\u0131\u011f\u0131m\u0131z\u0131n vazke\u00e7ilm\u0259zi - MEYDAN.TV<\/title>\n<meta name=\"robots\" content=\"index, follow, max-snippet:-1, max-image-preview:large, max-video-preview:-1\" \/>\n<link rel=\"canonical\" href=\"https:\/\/www.meydan.tv\/az\/article\/usaqligimizin-vazkecilmezi\/\" \/>\n<meta property=\"og:locale\" content=\"az_AZ\" \/>\n<meta property=\"og:type\" content=\"article\" \/>\n<meta property=\"og:title\" content=\"U\u015faql\u0131\u011f\u0131m\u0131z\u0131n vazke\u00e7ilm\u0259zi - MEYDAN.TV\" \/>\n<meta property=\"og:description\" content=\"\u00c7ox az insan bilir ki, hind kinosu...\" \/>\n<meta property=\"og:url\" content=\"https:\/\/www.meydan.tv\/az\/article\/usaqligimizin-vazkecilmezi\/\" \/>\n<meta property=\"og:site_name\" content=\"MEYDAN.TV\" \/>\n<meta property=\"article:published_time\" content=\"2014-07-10T01:13:08+00:00\" \/>\n<meta property=\"og:image\" content=\"https:\/\/www.meydan.tv\/wp-content\/uploads\/161.jpg\" \/>\n\t<meta property=\"og:image:width\" content=\"400\" \/>\n\t<meta property=\"og:image:height\" content=\"400\" \/>\n\t<meta property=\"og:image:type\" content=\"image\/jpeg\" \/>\n<meta name=\"author\" content=\"user-manager\" \/>\n<meta name=\"twitter:card\" content=\"summary_large_image\" \/>\n<script type=\"application\/ld+json\" class=\"yoast-schema-graph\">{\"@context\":\"https:\\\/\\\/schema.org\",\"@graph\":[{\"@type\":\"Article\",\"@id\":\"https:\\\/\\\/www.meydan.tv\\\/az\\\/article\\\/usaqligimizin-vazkecilmezi\\\/#article\",\"isPartOf\":{\"@id\":\"https:\\\/\\\/www.meydan.tv\\\/az\\\/article\\\/usaqligimizin-vazkecilmezi\\\/\"},\"author\":{\"name\":\"user-manager\",\"@id\":\"https:\\\/\\\/www.meydan.tv\\\/az\\\/#\\\/schema\\\/person\\\/10d11eccf6da3662cf5fdab9806ea91a\"},\"headline\":\"U\u015faql\u0131\u011f\u0131m\u0131z\u0131n vazke\u00e7ilm\u0259zi\",\"datePublished\":\"2014-07-10T01:13:08+00:00\",\"mainEntityOfPage\":{\"@id\":\"https:\\\/\\\/www.meydan.tv\\\/az\\\/article\\\/usaqligimizin-vazkecilmezi\\\/\"},\"wordCount\":1494,\"publisher\":{\"@id\":\"https:\\\/\\\/www.meydan.tv\\\/az\\\/#organization\"},\"image\":{\"@id\":\"https:\\\/\\\/www.meydan.tv\\\/az\\\/article\\\/usaqligimizin-vazkecilmezi\\\/#primaryimage\"},\"thumbnailUrl\":\"https:\\\/\\\/www.meydan.tv\\\/wp-content\\\/uploads\\\/161.jpg\",\"articleSection\":[\"M\u0259nim Fikrimc\u0259\"],\"inLanguage\":\"az\"},{\"@type\":\"WebPage\",\"@id\":\"https:\\\/\\\/www.meydan.tv\\\/az\\\/article\\\/usaqligimizin-vazkecilmezi\\\/\",\"url\":\"https:\\\/\\\/www.meydan.tv\\\/az\\\/article\\\/usaqligimizin-vazkecilmezi\\\/\",\"name\":\"U\u015faql\u0131\u011f\u0131m\u0131z\u0131n vazke\u00e7ilm\u0259zi - MEYDAN.TV\",\"isPartOf\":{\"@id\":\"https:\\\/\\\/www.meydan.tv\\\/az\\\/#website\"},\"primaryImageOfPage\":{\"@id\":\"https:\\\/\\\/www.meydan.tv\\\/az\\\/article\\\/usaqligimizin-vazkecilmezi\\\/#primaryimage\"},\"image\":{\"@id\":\"https:\\\/\\\/www.meydan.tv\\\/az\\\/article\\\/usaqligimizin-vazkecilmezi\\\/#primaryimage\"},\"thumbnailUrl\":\"https:\\\/\\\/www.meydan.tv\\\/wp-content\\\/uploads\\\/161.jpg\",\"datePublished\":\"2014-07-10T01:13:08+00:00\",\"breadcrumb\":{\"@id\":\"https:\\\/\\\/www.meydan.tv\\\/az\\\/article\\\/usaqligimizin-vazkecilmezi\\\/#breadcrumb\"},\"inLanguage\":\"az\",\"potentialAction\":[{\"@type\":\"ReadAction\",\"target\":[\"https:\\\/\\\/www.meydan.tv\\\/az\\\/article\\\/usaqligimizin-vazkecilmezi\\\/\"]}]},{\"@type\":\"ImageObject\",\"inLanguage\":\"az\",\"@id\":\"https:\\\/\\\/www.meydan.tv\\\/az\\\/article\\\/usaqligimizin-vazkecilmezi\\\/#primaryimage\",\"url\":\"https:\\\/\\\/www.meydan.tv\\\/wp-content\\\/uploads\\\/161.jpg\",\"contentUrl\":\"https:\\\/\\\/www.meydan.tv\\\/wp-content\\\/uploads\\\/161.jpg\",\"width\":400,\"height\":400,\"caption\":\"Source:\"},{\"@type\":\"BreadcrumbList\",\"@id\":\"https:\\\/\\\/www.meydan.tv\\\/az\\\/article\\\/usaqligimizin-vazkecilmezi\\\/#breadcrumb\",\"itemListElement\":[{\"@type\":\"ListItem\",\"position\":1,\"name\":\"Ana s\u0259hif\u0259\",\"item\":\"https:\\\/\\\/www.meydan.tv\\\/az\\\/\"},{\"@type\":\"ListItem\",\"position\":2,\"name\":\"M\u0259nim Fikrimc\u0259\",\"item\":\"https:\\\/\\\/www.meydan.tv\\\/az\\\/section\\\/menim-fikrimce\\\/\"},{\"@type\":\"ListItem\",\"position\":3,\"name\":\"U\u015faql\u0131\u011f\u0131m\u0131z\u0131n vazke\u00e7ilm\u0259zi\"}]},{\"@type\":\"WebSite\",\"@id\":\"https:\\\/\\\/www.meydan.tv\\\/az\\\/#website\",\"url\":\"https:\\\/\\\/www.meydan.tv\\\/az\\\/\",\"name\":\"MEYDAN.TV\",\"description\":\"Meydan TV Az\u0259rbaycan\u0131n media m\u0259kan\u0131ndak\u0131 alternativ s\u0259sidir\",\"publisher\":{\"@id\":\"https:\\\/\\\/www.meydan.tv\\\/az\\\/#organization\"},\"potentialAction\":[{\"@type\":\"SearchAction\",\"target\":{\"@type\":\"EntryPoint\",\"urlTemplate\":\"https:\\\/\\\/www.meydan.tv\\\/az\\\/?s={search_term_string}\"},\"query-input\":{\"@type\":\"PropertyValueSpecification\",\"valueRequired\":true,\"valueName\":\"search_term_string\"}}],\"inLanguage\":\"az\"},{\"@type\":\"Organization\",\"@id\":\"https:\\\/\\\/www.meydan.tv\\\/az\\\/#organization\",\"name\":\"Meydan TV\",\"url\":\"https:\\\/\\\/www.meydan.tv\\\/az\\\/\",\"logo\":{\"@type\":\"ImageObject\",\"inLanguage\":\"az\",\"@id\":\"https:\\\/\\\/www.meydan.tv\\\/az\\\/#\\\/schema\\\/logo\\\/image\\\/\",\"url\":\"https:\\\/\\\/www.meydan.tv\\\/wp-content\\\/uploads\\\/2021\\\/07\\\/meydan-logo.svg\",\"contentUrl\":\"https:\\\/\\\/www.meydan.tv\\\/wp-content\\\/uploads\\\/2021\\\/07\\\/meydan-logo.svg\",\"width\":195,\"height\":46,\"caption\":\"Meydan TV\"},\"image\":{\"@id\":\"https:\\\/\\\/www.meydan.tv\\\/az\\\/#\\\/schema\\\/logo\\\/image\\\/\"}},{\"@type\":\"Person\",\"@id\":\"https:\\\/\\\/www.meydan.tv\\\/az\\\/#\\\/schema\\\/person\\\/10d11eccf6da3662cf5fdab9806ea91a\",\"name\":\"user-manager\"}]}<\/script>\n<!-- \/ Yoast SEO plugin. -->","yoast_head_json":{"title":"U\u015faql\u0131\u011f\u0131m\u0131z\u0131n vazke\u00e7ilm\u0259zi - MEYDAN.TV","robots":{"index":"index","follow":"follow","max-snippet":"max-snippet:-1","max-image-preview":"max-image-preview:large","max-video-preview":"max-video-preview:-1"},"canonical":"https:\/\/www.meydan.tv\/az\/article\/usaqligimizin-vazkecilmezi\/","og_locale":"az_AZ","og_type":"article","og_title":"U\u015faql\u0131\u011f\u0131m\u0131z\u0131n vazke\u00e7ilm\u0259zi - MEYDAN.TV","og_description":"\u00c7ox az insan bilir ki, hind kinosu...","og_url":"https:\/\/www.meydan.tv\/az\/article\/usaqligimizin-vazkecilmezi\/","og_site_name":"MEYDAN.TV","article_published_time":"2014-07-10T01:13:08+00:00","og_image":[{"width":400,"height":400,"url":"https:\/\/www.meydan.tv\/wp-content\/uploads\/161.jpg","type":"image\/jpeg"}],"author":"user-manager","twitter_card":"summary_large_image","schema":{"@context":"https:\/\/schema.org","@graph":[{"@type":"Article","@id":"https:\/\/www.meydan.tv\/az\/article\/usaqligimizin-vazkecilmezi\/#article","isPartOf":{"@id":"https:\/\/www.meydan.tv\/az\/article\/usaqligimizin-vazkecilmezi\/"},"author":{"name":"user-manager","@id":"https:\/\/www.meydan.tv\/az\/#\/schema\/person\/10d11eccf6da3662cf5fdab9806ea91a"},"headline":"U\u015faql\u0131\u011f\u0131m\u0131z\u0131n vazke\u00e7ilm\u0259zi","datePublished":"2014-07-10T01:13:08+00:00","mainEntityOfPage":{"@id":"https:\/\/www.meydan.tv\/az\/article\/usaqligimizin-vazkecilmezi\/"},"wordCount":1494,"publisher":{"@id":"https:\/\/www.meydan.tv\/az\/#organization"},"image":{"@id":"https:\/\/www.meydan.tv\/az\/article\/usaqligimizin-vazkecilmezi\/#primaryimage"},"thumbnailUrl":"https:\/\/www.meydan.tv\/wp-content\/uploads\/161.jpg","articleSection":["M\u0259nim Fikrimc\u0259"],"inLanguage":"az"},{"@type":"WebPage","@id":"https:\/\/www.meydan.tv\/az\/article\/usaqligimizin-vazkecilmezi\/","url":"https:\/\/www.meydan.tv\/az\/article\/usaqligimizin-vazkecilmezi\/","name":"U\u015faql\u0131\u011f\u0131m\u0131z\u0131n vazke\u00e7ilm\u0259zi - MEYDAN.TV","isPartOf":{"@id":"https:\/\/www.meydan.tv\/az\/#website"},"primaryImageOfPage":{"@id":"https:\/\/www.meydan.tv\/az\/article\/usaqligimizin-vazkecilmezi\/#primaryimage"},"image":{"@id":"https:\/\/www.meydan.tv\/az\/article\/usaqligimizin-vazkecilmezi\/#primaryimage"},"thumbnailUrl":"https:\/\/www.meydan.tv\/wp-content\/uploads\/161.jpg","datePublished":"2014-07-10T01:13:08+00:00","breadcrumb":{"@id":"https:\/\/www.meydan.tv\/az\/article\/usaqligimizin-vazkecilmezi\/#breadcrumb"},"inLanguage":"az","potentialAction":[{"@type":"ReadAction","target":["https:\/\/www.meydan.tv\/az\/article\/usaqligimizin-vazkecilmezi\/"]}]},{"@type":"ImageObject","inLanguage":"az","@id":"https:\/\/www.meydan.tv\/az\/article\/usaqligimizin-vazkecilmezi\/#primaryimage","url":"https:\/\/www.meydan.tv\/wp-content\/uploads\/161.jpg","contentUrl":"https:\/\/www.meydan.tv\/wp-content\/uploads\/161.jpg","width":400,"height":400,"caption":"Source:"},{"@type":"BreadcrumbList","@id":"https:\/\/www.meydan.tv\/az\/article\/usaqligimizin-vazkecilmezi\/#breadcrumb","itemListElement":[{"@type":"ListItem","position":1,"name":"Ana s\u0259hif\u0259","item":"https:\/\/www.meydan.tv\/az\/"},{"@type":"ListItem","position":2,"name":"M\u0259nim Fikrimc\u0259","item":"https:\/\/www.meydan.tv\/az\/section\/menim-fikrimce\/"},{"@type":"ListItem","position":3,"name":"U\u015faql\u0131\u011f\u0131m\u0131z\u0131n vazke\u00e7ilm\u0259zi"}]},{"@type":"WebSite","@id":"https:\/\/www.meydan.tv\/az\/#website","url":"https:\/\/www.meydan.tv\/az\/","name":"MEYDAN.TV","description":"Meydan TV Az\u0259rbaycan\u0131n media m\u0259kan\u0131ndak\u0131 alternativ s\u0259sidir","publisher":{"@id":"https:\/\/www.meydan.tv\/az\/#organization"},"potentialAction":[{"@type":"SearchAction","target":{"@type":"EntryPoint","urlTemplate":"https:\/\/www.meydan.tv\/az\/?s={search_term_string}"},"query-input":{"@type":"PropertyValueSpecification","valueRequired":true,"valueName":"search_term_string"}}],"inLanguage":"az"},{"@type":"Organization","@id":"https:\/\/www.meydan.tv\/az\/#organization","name":"Meydan TV","url":"https:\/\/www.meydan.tv\/az\/","logo":{"@type":"ImageObject","inLanguage":"az","@id":"https:\/\/www.meydan.tv\/az\/#\/schema\/logo\/image\/","url":"https:\/\/www.meydan.tv\/wp-content\/uploads\/2021\/07\/meydan-logo.svg","contentUrl":"https:\/\/www.meydan.tv\/wp-content\/uploads\/2021\/07\/meydan-logo.svg","width":195,"height":46,"caption":"Meydan TV"},"image":{"@id":"https:\/\/www.meydan.tv\/az\/#\/schema\/logo\/image\/"}},{"@type":"Person","@id":"https:\/\/www.meydan.tv\/az\/#\/schema\/person\/10d11eccf6da3662cf5fdab9806ea91a","name":"user-manager"}]}},"_links":{"self":[{"href":"https:\/\/www.meydan.tv\/az\/wp-json\/wp\/v2\/posts\/164525","targetHints":{"allow":["GET"]}}],"collection":[{"href":"https:\/\/www.meydan.tv\/az\/wp-json\/wp\/v2\/posts"}],"about":[{"href":"https:\/\/www.meydan.tv\/az\/wp-json\/wp\/v2\/types\/post"}],"author":[{"embeddable":true,"href":"https:\/\/www.meydan.tv\/az\/wp-json\/wp\/v2\/users\/11"}],"replies":[{"embeddable":true,"href":"https:\/\/www.meydan.tv\/az\/wp-json\/wp\/v2\/comments?post=164525"}],"version-history":[{"count":0,"href":"https:\/\/www.meydan.tv\/az\/wp-json\/wp\/v2\/posts\/164525\/revisions"}],"wp:featuredmedia":[{"embeddable":true,"href":"https:\/\/www.meydan.tv\/az\/wp-json\/wp\/v2\/media\/11032"}],"wp:attachment":[{"href":"https:\/\/www.meydan.tv\/az\/wp-json\/wp\/v2\/media?parent=164525"}],"wp:term":[{"taxonomy":"category","embeddable":true,"href":"https:\/\/www.meydan.tv\/az\/wp-json\/wp\/v2\/categories?post=164525"},{"taxonomy":"post_tag","embeddable":true,"href":"https:\/\/www.meydan.tv\/az\/wp-json\/wp\/v2\/tags?post=164525"}],"curies":[{"name":"wp","href":"https:\/\/api.w.org\/{rel}","templated":true}]}}