{"id":164490,"date":"2014-07-06T00:28:47","date_gmt":"2014-07-06T00:28:47","guid":{"rendered":"https:\/\/www.meydan.tv\/article\/niye-amerika\/"},"modified":"2014-07-06T00:28:47","modified_gmt":"2014-07-06T00:28:47","slug":"niye-amerika","status":"publish","type":"post","link":"https:\/\/www.meydan.tv\/az\/article\/niye-amerika\/","title":{"rendered":"Niy\u0259 Amerika?"},"content":{"rendered":"<figure class=\"wp-block-image size-large\">\n  <img decoding=\"async\" src=\"https:\/\/www.meydan.tv\/az\/11222\/\" alt=\"\" class=\"wp-image-11222\"\/><figcaption><\/figcaption><\/figure>\n<figure class=\"wp-block-image size-large\">\n  <img decoding=\"async\" src=\"https:\/\/www.meydan.tv\/az\/11225\/\" alt=\"\" class=\"wp-image-11225\"\/><figcaption><\/figcaption><\/figure>\n<p>\n  \u0130\u015e\u0130D-mi\u015fid bir- birin\u0259 qar\u0131\u015fan vaxt yen\u0259 AB\u015e yada d\u00fc\u015f\u00fcb. Obama demi\u015f,\u00a0 Ukraynada kimis\u0259 \u0259sir tuturlar, Nigeriyada q\u0131zlar\u0131 qa\u00e7\u0131r\u0131rlar\u2026 h\u0259mi\u015f\u0259 \u00a0insanlar AB\u015e-\u0131 axtar\u0131r. \u00d6z\u00fc d\u0259 camaat AB\u015e-\u0131 axtara \u2013axtara \u00a0AB\u015e-\u0131 s\u00f6y\u00fcr. Bel\u0259 baxanda, \u0259n s\u0259mimi anti \u2013amerika\u00e7\u0131lar \u015fimali koreyal\u0131lard\u0131r. Onlar probleml\u0259rin h\u0259lli \u00fc\u00e7\u00fcn AB\u015e-\u0131 k\u00f6m\u0259y\u0259 \u00e7a\u011f\u0131rm\u0131rlar. 1 il \u0259vv\u0259l\u00a0 \u201cart\u0131q 10 ildir, Amerika \u0130raqdan \u00e7\u0131xm\u0131r\u201d dey\u0259nl\u0259r \u00a0\u00a0indi \u00a0\u201cAmerika niy\u0259 \u0130raqa girmir?\u201d dey\u0259 \u0259s\u0259bi sual verirl\u0259r. T\u0259bii ki, q\u0259rib\u0259 v\u0259ziyy\u0259tdir. Niy\u0259 AB\u015e? Ehtiyac\u0131n varsa, niy\u0259 s\u00f6y\u00fcrs\u0259n? S\u00f6y\u00fcrs\u0259ns\u0259, niy\u0259 \u00e7a\u011f\u0131r\u0131rsan?\n<\/p>\n<p>\n  Bu suala cavab AB\u015e-\u0131n mahiyy\u0259tind\u0259nd\u0259dir. AB\u015e-\u0131n mahiyy\u0259tini is\u0259 bir s\u00f6zl\u0259 ifad\u0259 etm\u0259k olar- t\u0259biilik. Bu d\u00f6vl\u0259t t\u0259bii \u015f\u0259kild\u0259 meydana \u00e7\u0131x\u0131b. B\u00fct\u00fcn u\u011fur v\u0259 u\u011fursuzluqlar\u0131n\u0131, q\u00fcrur v\u0259 biab\u0131r\u00e7\u0131l\u0131qlar\u0131n\u0131 t\u0259bii yolla ya\u015fay\u0131blar. Bir misal deyim. M\u0259n h\u00fcquq\u015f\u00fcnasam! Vaxtil\u0259 harasa t\u0259z\u0259 i\u015f\u0259 d\u00fcz\u0259l\u0259nd\u0259, hans\u0131sa \u0259riz\u0259 formas\u0131n\u0131 yazmaq laz\u0131m g\u0259l\u0259nd\u0259, bunu ya k\u00f6hn\u0259 h\u00fcquqs\u00fcnaslardan \u015fablon forma \u015f\u0259klind\u0259 al\u0131b \u00fcst\u00fcnd\u0259 i\u015fl\u0259yirdim, ya da \u00f6z n\u0259z\u0259ri bilikl\u0259rimi, m\u0259ntiqimi i\u015f\u0259 sal\u0131b s\u0131f\u0131rdan bir \u0259riz\u0259 haz\u0131rlay\u0131rd\u0131m. \u015eablon \u00fcz\u0259rind\u0259 i\u015fl\u0259y\u0259nd\u0259 m\u0259hk\u0259m\u0259 az hallarda formal s\u0259hvl\u0259r tuturdu, s\u0131f\u0131rdan yaz\u0131lan \u0259riz\u0259 is\u0259 gah geri qaytar\u0131l\u0131rd\u0131, gah hakim vaxt verirdi ki, s\u0259hvl\u0259ri d\u00fcz\u0259ldim\u2026. Y\u0259ni y\u0131x\u0131la- y\u0131x\u0131la b\u00f6y\u00fcy\u00fcrd\u00fcm.\n<\/p>\n<p>\n  Amerikanlar Birl\u0259\u015fmi\u015f \u015etatlar\u0131 m\u0259nim \u0259riz\u0259l\u0259rim kimi s\u0131f\u0131rdan yarad\u0131blar, y\u0131x\u0131la- y\u0131x\u0131la b\u00f6y\u00fcy\u00fcbl\u0259r, \u00f6z \u0259ziyy\u0259tl\u0259ri il\u0259 quldarl\u0131\u011f\u0131, seqreqasiyan\u0131, limitsiz kapitalizmi, v\u0259t\u0259nda\u015f m\u00fcharib\u0259sini\u2026 d\u0259f edibl\u0259r v\u0259 indi d\u0259\u00a0 \u0259ziyy\u0259tl\u0259 b\u00f6y\u00fcm\u0259y\u0259 davam edirl\u0259r. 1861-d\u0259 AB\u015e-da v\u0259t\u0259nda\u015f m\u00fcharib\u0259si olanda onlar n\u0259 hans\u0131sa Avropa d\u00f6vl\u0259tini n\u0259 T\u00fcrkiy\u0259ni, n\u0259 \u00c7ini , n\u0259 Rusiyan\u0131, n\u0259 d\u0259 ba\u015fqa hans\u0131sa oturu\u015fmu\u015f d\u00f6vl\u0259ti k\u00f6m\u0259y\u0259 \u00e7a\u011f\u0131rd\u0131lar. On minl\u0259rl\u0259 Amerikal\u0131 \u00f6ld\u00fc, \u00f6lk\u0259 viran oldu, amma onlar quldarl\u0131q l\u0259k\u0259sini \u00fczl\u0259rind\u0259n silib inki\u015faf ed\u0259 bildil\u0259r. 1929-33-d\u0259 Amerikada acl\u0131q idi, indiy\u0259 kimi \u0259n b\u00f6y\u00fck v\u0259 \u0259n a\u011f\u0131r iqtisadi b\u00f6hran o boyda \u00f6lk\u0259ni yar\u0131mcan etmi\u015fdi. Onda amerikanlar han\u0131sa \u00f6lk\u0259d\u0259n maliyy\u0259 yard\u0131m\u0131 ist\u0259m\u0259dil\u0259r. Adam kimi y\u0131\u011f\u0131\u015f\u0131b, a\u011f\u0131ll\u0131 prezident se\u00e7dil\u0259r, \u00a0o da \u00f6lk\u0259ni v\u0259ziyy\u0259td\u0259n \u00e7\u0131xartd\u0131.\n<\/p>\n<p>\n  AB\u015e-\u0131 \u00a0da insanlar idar\u0259 edir. Bu q\u0259d\u0259r \u0259ziyy\u0259tl\u0259 qurulmu\u015f d\u00f6vl\u0259ti\u00a0 m\u00fcft\u0259-m\u00fcs\u0259ll\u0259m x\u0259rcl\u0259m\u0259zl\u0259r. \u018fg\u0259r kims\u0259, o c\u00fcml\u0259d\u0259n AB\u015e g\u0259lib sizin diktatoru devirirs\u0259, siz\u0259 \u00f6z\u00fcn\u00fcz\u00fcn t\u0259tbiq ed\u0259 bilm\u0259diyiniz se\u00e7kini, pl\u00fcralizmi t\u0259tbiq edirs\u0259, \u0259v\u0259zind\u0259, \u0259lb\u0259tt\u0259 ki, nefti alacaq. T\u0259bii ki, velosipedi ikinci d\u0259f\u0259 ixtira etm\u0259y\u0259 ehtiyac yoxdur. Amma amerikal\u0131lar hans\u0131sa debil \u00f6lk\u0259d\u0259 demokratiya olsun dey\u0259, g\u0259lib d\u00f6y\u00fc\u015fm\u0259y\u0259c\u0259kl\u0259r. \u201cM\u0259n niy\u0259 gedir\u0259m? Qaraba\u011fl\u0131lar, qa\u00e7q\u0131nlar gedib d\u00f6y\u00fc\u015fs\u00fcn\u201d \u00a0dey\u0259n camaat\u00a0 amerikal\u0131lar\u0131 bizim m\u00fcnaqi\u015f\u0259ni h\u0259ll etm\u0259m\u0259kd\u0259,\u00a0 g\u0259lib burda d\u00f6y\u00fc\u015fm\u0259m\u0259kd\u0259 q\u0131nay\u0131r. Amerikan \u0259sg\u0259ri d\u00fcnyan\u0131n \u0259n bahal\u0131 \u0259sg\u0259rl\u0259rind\u0259ndir. Orda b\u00fcdc\u0259 vergi il\u0259 formala\u015f\u0131r, neft\u00a0 fondunu bas\u0131b yem\u0259kle yox, insalar\u0131n vergisi\u00a0 \u0130raqda x\u0259rcl\u0259nirs\u0259, \u0130raq z\u0259hm\u0259t \u00e7\u0259kib neftl\u0259 \u0259v\u0259zini \u00f6d\u0259m\u0259lidir. \u018fslind\u0259 bu, b\u0259sit hesablamad\u0131r &#8211; ver pulumu, al demokratiyan\u0131. \u00a0Monro doktrinas\u0131 il\u0259 k\u0259nara \u00e7\u0259kilib, \u015f\u0259rq yar\u0131mk\u00fcr\u0259sinin n\u0259 vaxt \u00f6z- \u00f6z\u00fcn\u0259 demokratik olmas\u0131n\u0131 g\u00f6zl\u0259m\u0259k AB\u015e \u00fc\u00e7\u00fcn h\u0259m s\u0259rf\u0259li deyildi, h\u0259m d\u0259 t\u0259hl\u00fck\u0259li idi. \u018fn optimal variant o oldu ki, demokratiya, insan h\u00fcquqlar\u0131 kimi b\u0259\u015f\u0259ri d\u0259y\u0259rl\u0259r AB\u015e t\u0259r\u0259find\u0259n ixrac olunsun, b\u0259z\u0259n d\u0259 zorla q\u0259bul etdirilsin. M\u0259s\u0259l\u0259n, C\u0259nubi Koreyaya, Yaponiyaya zorla, milyonlarla insan\u0131n h\u0259yat\u0131 bahas\u0131na q\u0259bul etdiril\u0259n bu d\u0259y\u0259rl\u0259r indiki C\u0259nubi Koreyan\u0131, Yaponiyan\u0131\u00a0 yaratd\u0131. O Koreya ki, o vaxta q\u0259d\u0259r diktatura alt\u0131nda idi. D\u0259y\u0259rdimi? \u018flb\u0259tt\u0259 d\u0259y\u0259rdi. B\u0259s \u0130raq? Yax\u0131n n\u0259tic\u0259y\u0259 bax\u0131b asanl\u0131qla AB\u015e-I s\u00f6ym\u0259k olar, amma C\u0259nubi Koreya kimi biraz uza\u011fa baxsaq, s\u00f6ym\u0259k o q\u0259d\u0259r d\u0259 asan olmaz.\n<\/p>\n<p>\n  H\u0259, m\u0259n d\u0259 humanist\u0259m. Kimins\u0259 q\u0259tl\u0259 yetirilm\u0259sini ist\u0259mir\u0259m. Amma hippi kimi \u201c ham\u0131 r\u0259dd olsun, s\u00fclh olsun\u201d dem\u0259kl\u0259 i\u015f d\u00fcz\u0259lmir. Bir m\u0259s\u0259l\u0259ni m\u00fctl\u0259q n\u0259z\u0259r\u0259 almaq laz\u0131md\u0131r. \u0130nsan h\u00fcquqlar\u0131 daxil olmaqla, Avropa d\u0259y\u0259rl\u0259ri dey\u0259 tan\u0131d\u0131\u011f\u0131m\u0131z b\u0259\u015f\u0259ri d\u0259y\u0259rl\u0259r vaxtil\u0259 m\u0259hz avropal\u0131lar-q\u0259rblil\u0259r \u0259leyhin\u0259 yarad\u0131l\u0131b. Fransa inqilab\u0131 da, AB\u015e-\u0131n inqilablar\u0131 da \u018fr\u0259bistan\u0131n, Zimbavenin \u0259leyhin\u0259 deyildi, m\u0259hz v\u0259h\u015fi, feodal, diktator q\u0259rblil\u0259r \u0259leyhin\u0259 idi. Q\u0259rb insanlar\u0131 milyonlarla qurban ver\u0259r\u0259k, min bir \u0259ziyy\u0259td\u0259n ke\u00e7\u0259r\u0259k, Avropa d\u0259y\u0259rl\u0259rini \u00f6z h\u0259yatlar\u0131nda t\u0259tbiq etdil\u0259r. Amma, bu o dem\u0259k deyil ki, haz\u0131rda o \u00f6lk\u0259l\u0259rd\u0259 bu d\u0259y\u0259rl\u0259rin \u0259leyhin\u0259 \u00e7\u0131xan yoxdur. M\u00fcbariz\u0259 yen\u0259 davam edir-\u00a0 Avroparlamentd\u0259 k\u00fcr\u00fcy\u0259 sat\u0131lanlar \u0259leyhin\u0259 Avropa d\u0259y\u0259rl\u0259rin\u0259 sadiq deputatlar\u0131n m\u00fcbariz\u0259si buna \u0259n\u00a0 parlaq misallardand\u0131r. \u018fg\u0259r s\u0259n Avropa d\u0259y\u0259rl\u0259ri adl\u0131 b\u0259\u015f\u0259ri d\u0259y\u0259rl\u0259rin t\u0259r\u0259find\u0259s\u0259ns\u0259, insan\u0131n insan kimi ya\u015famas\u0131n\u0131 ist\u0259yirs\u0259ns\u0259, onda h\u0259m Q\u0259rbd\u0259, h\u0259m d\u0259 \u015e\u0259rqd\u0259 bu d\u0259y\u0259rl\u0259rin \u0259leyhin\u0259 olan adamlara qar\u015f\u0131 m\u00fcbariz\u0259 aparmal\u0131 v\u0259 bu m\u00fcbariz\u0259nin d\u0259st\u0259kl\u0259nm\u0259si \u00fc\u00e7\u00fcn t\u0259r\u0259qqip\u0259rv\u0259r siyas\u0259t\u0259 qo\u015fulmal\u0131san. Bu siyas\u0259t is\u0259 pis \u2013yax\u015f\u0131 yaln\u0131z Q\u0259rb d\u00f6vl\u0259tl\u0259rind\u0259dir.\n<\/p>\n<p>\n  D\u00fcnyada ilk bel\u0259 d\u00f6vl\u0259t is\u0259 AB\u015e-d\u0131r. Y\u0259ni Avropa d\u0259y\u0259rl\u0259rini s\u0131f\u0131rdan d\u00f6vl\u0259t yaradaraq, t\u0259tbiq ed\u0259n amerikal\u0131lard\u0131r, buna g\u00f6r\u0259 d\u0259, onlarda h\u0259r \u015fey t\u0259bii al\u0131n\u0131r. Bir misal da deyim. B\u0259z\u0259n AB\u015e-I \u00a0q\u0131nay\u0131rlar ki orda ya\u015fay\u0131\u015f c\u0259tindir \u00e7\u00fcnki d\u00f6vl\u0259tin sosial t\u0259minat funksiyas\u0131 azd\u0131r. B\u0259li, amerikal\u0131lar \u0259ziyy\u0259t \u00e7\u0259kirl\u0259r. M\u0259s\u0259l\u0259n, m\u0259n AB\u015e m\u0259hk\u0259m\u0259sind\u0259 g\u00f6rm\u00fc\u015f\u0259m ki,\u00a0 insanlar naraz\u0131l\u0131qla i\u015fl\u0259rini t\u0259xir\u0259 salaraq m\u0259hk\u0259m\u0259d\u0259 andl\u0131 iclas\u00e7\u0131 kimi \u00e7\u0131x\u0131\u015f edirl\u0259r (AB\u015e-da insanlar qeydiyyata al\u0131n\u0131b n\u00f6vb\u0259 il\u0259 m\u0259hk\u0259m\u0259l\u0259rd\u0259 andl\u0131 iclas\u00e7\u0131 olmal\u0131d\u0131rlar.) Amma bunu edirl\u0259r. \u00c7\u00fcnki \u0259dal\u0259t \u0259ziyy\u0259tl\u0259 d\u0259 \u0259ld\u0259 olunsa, vacibdir. Onlar avropal\u0131lardan daha \u00e7ox \u0259ziyy\u0259t \u00e7\u0259kirl\u0259r, \u00e7\u00fcnki onlara hans\u0131sa feodal, aristokrat haz\u0131r d\u00f6vl\u0259t\u00a0 verm\u0259yib, onlar y\u0131x\u0131la-y\u0131x\u0131la b\u00f6y\u00fcy\u00fcrl\u0259r, onlar \u0259riz\u0259l\u0259rini \u015fablonsuz, s\u0131f\u0131rdan haz\u0131rlay\u0131rlar. Indi\u00a0 o \u015fablonu biz\u0259 t\u0259klif edirl\u0259r, buyurun, 1776-ya baxanda daha da asan variant yenid\u0259n velosiped icad etm\u0259, sad\u0259c\u0259 min v\u0259 s\u00fcr. \u018flb\u0259tt\u0259, velosippedd\u0259 tarazl\u0131\u011f\u0131 saxlamaq asan olmayacaq.\n<\/p>\n<p>\n  Haz\u0131rda m\u0259n o \u015fablonu t\u0259tbiq etm\u0259y\u0259 c\u0259hd g\u00f6st\u0259rdiyim \u00fc\u00e7\u00fcn h\u0259bsd\u0259y\u0259m. \u00d6z\u00fcm\u00fc m\u0259ni h\u0259bsd\u0259 saxlayanlara he\u00e7 bir t\u0259zyiqin, irad\u0131n olmad\u0131\u011f\u0131 XVIII \u0259sr demokratlar\u0131n\u0131n yerin\u0259 qoyuram v\u0259 haz\u0131rda m\u0259ni h\u0259bsd\u0259 saxlayanlara t\u0259zyiq, q\u0131naq, yumruq, barmaq\u2026. G\u00f6st\u0259r\u0259n, h\u0259tta onlar\u0131 pisl\u0259y\u0259nl\u0259r\u0259, bu h\u0259bs\u0259 g\u00f6r\u0259 narahat olanlara da t\u0259\u015f\u0259kk\u00fcr edir\u0259m. Amerikan\u0131 s\u00f6ym\u0259k asand\u0131r, amma ona q\u0259d\u0259r s\u00f6y\u00fcl\u0259si \u00e7ox subyekt var. 5-10 il h\u0259bs Q\u0259rb demokratlar\u0131n\u0131n verdiyi itkinin yan\u0131nda n\u0259dir ki?! Adamlar, R\u0259sulzad\u0259 demi\u015f, yoxdan bir d\u0259y\u0259r var edib biz\u0259 veribl\u0259r.\n<\/p>\n<p>\n  Kim oxumay\u0131bsa, ABS-\u0131n Istiqlaliyy\u0259t B\u0259yannam\u0259sini oxusun. Tezlikl\u0259, bu s\u0259n\u0259din 238 ya\u015f\u0131 olacaq. O s\u0259n\u0259dl\u0259 \u0259sas\u0131 qoyulan t\u0259bii sistem-AB\u015e olmasayd\u0131, bilmir\u0259m n\u0259 olard\u0131. Amma onu bilir\u0259m ki n\u0259 yax\u015fi ki, AB\u015e var. M\u0259n o d\u00f6vl\u0259t\u0259 baxd\u0131qca, insan q\u00fcvv\u0259sinin sonsuzlu\u011funa v\u0259 humanizmin t\u0259nt\u0259n\u0259sin\u0259 daha \u00e7ox inan\u0131ram\n<\/p>\n<p>\n  27.06.2014 BIT\n<\/p>\n<p>\n  <b><br \/>\n    Yaz\u0131dak\u0131 fikirl\u0259r m\u00fc\u0259llifin \u015f\u0259xsi fikirl\u0259ridir v\u0259 sad\u0259c\u0259 m\u00fc\u0259llif m\u0259suliyy\u0259t da\u015f\u0131y\u0131r.<br \/>\n  <\/b><\/p>\n","protected":false},"excerpt":{"rendered":"<p>\u018fn s\u0259mimi anti \u2013amerika\u00e7\u0131lar \u015fimali koreyal\u0131lard\u0131r&#8230;<\/p>\n","protected":false},"author":11,"featured_media":11222,"comment_status":"closed","ping_status":"open","sticky":false,"template":"","format":"standard","meta":{"_acf_changed":false,"_sitemap_exclude":false,"_sitemap_priority":"","_sitemap_frequency":"","footnotes":""},"categories":[57],"tags":[],"class_list":["post-164490","post","type-post","status-publish","format-standard","has-post-thumbnail","hentry","category-menim-fikrimce","infinite-scroll-item","generate-columns","tablet-grid-50","mobile-grid-100","grid-parent","grid-33","no-featured-image-padding"],"acf":[],"yoast_head":"<!-- This site is optimized with the Yoast SEO plugin v27.4 - https:\/\/yoast.com\/product\/yoast-seo-wordpress\/ -->\n<title>Niy\u0259 Amerika? - MEYDAN.TV<\/title>\n<meta name=\"robots\" content=\"index, follow, max-snippet:-1, max-image-preview:large, max-video-preview:-1\" \/>\n<link rel=\"canonical\" href=\"https:\/\/www.meydan.tv\/az\/article\/niye-amerika\/\" \/>\n<meta property=\"og:locale\" content=\"az_AZ\" \/>\n<meta property=\"og:type\" content=\"article\" \/>\n<meta property=\"og:title\" content=\"Niy\u0259 Amerika? - MEYDAN.TV\" \/>\n<meta property=\"og:description\" content=\"\u018fn s\u0259mimi anti \u2013amerika\u00e7\u0131lar \u015fimali koreyal\u0131lard\u0131r...\" \/>\n<meta property=\"og:url\" content=\"https:\/\/www.meydan.tv\/az\/article\/niye-amerika\/\" \/>\n<meta property=\"og:site_name\" content=\"MEYDAN.TV\" \/>\n<meta property=\"article:published_time\" content=\"2014-07-06T00:28:47+00:00\" \/>\n<meta property=\"og:image\" content=\"https:\/\/www.meydan.tv\/wp-content\/uploads\/3612.jpg\" \/>\n\t<meta property=\"og:image:width\" content=\"500\" \/>\n\t<meta property=\"og:image:height\" content=\"500\" \/>\n\t<meta property=\"og:image:type\" content=\"image\/jpeg\" \/>\n<meta name=\"author\" content=\"user-manager\" \/>\n<meta name=\"twitter:card\" content=\"summary_large_image\" \/>\n<script type=\"application\/ld+json\" class=\"yoast-schema-graph\">{\"@context\":\"https:\\\/\\\/schema.org\",\"@graph\":[{\"@type\":\"Article\",\"@id\":\"https:\\\/\\\/www.meydan.tv\\\/az\\\/article\\\/niye-amerika\\\/#article\",\"isPartOf\":{\"@id\":\"https:\\\/\\\/www.meydan.tv\\\/az\\\/article\\\/niye-amerika\\\/\"},\"author\":{\"name\":\"user-manager\",\"@id\":\"https:\\\/\\\/www.meydan.tv\\\/az\\\/#\\\/schema\\\/person\\\/10d11eccf6da3662cf5fdab9806ea91a\"},\"headline\":\"Niy\u0259 Amerika?\",\"datePublished\":\"2014-07-06T00:28:47+00:00\",\"mainEntityOfPage\":{\"@id\":\"https:\\\/\\\/www.meydan.tv\\\/az\\\/article\\\/niye-amerika\\\/\"},\"wordCount\":1545,\"publisher\":{\"@id\":\"https:\\\/\\\/www.meydan.tv\\\/az\\\/#organization\"},\"image\":{\"@id\":\"https:\\\/\\\/www.meydan.tv\\\/az\\\/article\\\/niye-amerika\\\/#primaryimage\"},\"thumbnailUrl\":\"https:\\\/\\\/www.meydan.tv\\\/wp-content\\\/uploads\\\/3612.jpg\",\"articleSection\":[\"M\u0259nim Fikrimc\u0259\"],\"inLanguage\":\"az\"},{\"@type\":\"WebPage\",\"@id\":\"https:\\\/\\\/www.meydan.tv\\\/az\\\/article\\\/niye-amerika\\\/\",\"url\":\"https:\\\/\\\/www.meydan.tv\\\/az\\\/article\\\/niye-amerika\\\/\",\"name\":\"Niy\u0259 Amerika? - MEYDAN.TV\",\"isPartOf\":{\"@id\":\"https:\\\/\\\/www.meydan.tv\\\/az\\\/#website\"},\"primaryImageOfPage\":{\"@id\":\"https:\\\/\\\/www.meydan.tv\\\/az\\\/article\\\/niye-amerika\\\/#primaryimage\"},\"image\":{\"@id\":\"https:\\\/\\\/www.meydan.tv\\\/az\\\/article\\\/niye-amerika\\\/#primaryimage\"},\"thumbnailUrl\":\"https:\\\/\\\/www.meydan.tv\\\/wp-content\\\/uploads\\\/3612.jpg\",\"datePublished\":\"2014-07-06T00:28:47+00:00\",\"breadcrumb\":{\"@id\":\"https:\\\/\\\/www.meydan.tv\\\/az\\\/article\\\/niye-amerika\\\/#breadcrumb\"},\"inLanguage\":\"az\",\"potentialAction\":[{\"@type\":\"ReadAction\",\"target\":[\"https:\\\/\\\/www.meydan.tv\\\/az\\\/article\\\/niye-amerika\\\/\"]}]},{\"@type\":\"ImageObject\",\"inLanguage\":\"az\",\"@id\":\"https:\\\/\\\/www.meydan.tv\\\/az\\\/article\\\/niye-amerika\\\/#primaryimage\",\"url\":\"https:\\\/\\\/www.meydan.tv\\\/wp-content\\\/uploads\\\/3612.jpg\",\"contentUrl\":\"https:\\\/\\\/www.meydan.tv\\\/wp-content\\\/uploads\\\/3612.jpg\",\"width\":500,\"height\":500,\"caption\":\"Source:\"},{\"@type\":\"BreadcrumbList\",\"@id\":\"https:\\\/\\\/www.meydan.tv\\\/az\\\/article\\\/niye-amerika\\\/#breadcrumb\",\"itemListElement\":[{\"@type\":\"ListItem\",\"position\":1,\"name\":\"Ana s\u0259hif\u0259\",\"item\":\"https:\\\/\\\/www.meydan.tv\\\/az\\\/\"},{\"@type\":\"ListItem\",\"position\":2,\"name\":\"M\u0259nim Fikrimc\u0259\",\"item\":\"https:\\\/\\\/www.meydan.tv\\\/az\\\/section\\\/menim-fikrimce\\\/\"},{\"@type\":\"ListItem\",\"position\":3,\"name\":\"Niy\u0259 Amerika?\"}]},{\"@type\":\"WebSite\",\"@id\":\"https:\\\/\\\/www.meydan.tv\\\/az\\\/#website\",\"url\":\"https:\\\/\\\/www.meydan.tv\\\/az\\\/\",\"name\":\"MEYDAN.TV\",\"description\":\"Meydan TV Az\u0259rbaycan\u0131n media m\u0259kan\u0131ndak\u0131 alternativ s\u0259sidir\",\"publisher\":{\"@id\":\"https:\\\/\\\/www.meydan.tv\\\/az\\\/#organization\"},\"potentialAction\":[{\"@type\":\"SearchAction\",\"target\":{\"@type\":\"EntryPoint\",\"urlTemplate\":\"https:\\\/\\\/www.meydan.tv\\\/az\\\/?s={search_term_string}\"},\"query-input\":{\"@type\":\"PropertyValueSpecification\",\"valueRequired\":true,\"valueName\":\"search_term_string\"}}],\"inLanguage\":\"az\"},{\"@type\":\"Organization\",\"@id\":\"https:\\\/\\\/www.meydan.tv\\\/az\\\/#organization\",\"name\":\"Meydan TV\",\"url\":\"https:\\\/\\\/www.meydan.tv\\\/az\\\/\",\"logo\":{\"@type\":\"ImageObject\",\"inLanguage\":\"az\",\"@id\":\"https:\\\/\\\/www.meydan.tv\\\/az\\\/#\\\/schema\\\/logo\\\/image\\\/\",\"url\":\"https:\\\/\\\/www.meydan.tv\\\/wp-content\\\/uploads\\\/2021\\\/07\\\/meydan-logo.svg\",\"contentUrl\":\"https:\\\/\\\/www.meydan.tv\\\/wp-content\\\/uploads\\\/2021\\\/07\\\/meydan-logo.svg\",\"width\":195,\"height\":46,\"caption\":\"Meydan TV\"},\"image\":{\"@id\":\"https:\\\/\\\/www.meydan.tv\\\/az\\\/#\\\/schema\\\/logo\\\/image\\\/\"}},{\"@type\":\"Person\",\"@id\":\"https:\\\/\\\/www.meydan.tv\\\/az\\\/#\\\/schema\\\/person\\\/10d11eccf6da3662cf5fdab9806ea91a\",\"name\":\"user-manager\"}]}<\/script>\n<!-- \/ Yoast SEO plugin. -->","yoast_head_json":{"title":"Niy\u0259 Amerika? - MEYDAN.TV","robots":{"index":"index","follow":"follow","max-snippet":"max-snippet:-1","max-image-preview":"max-image-preview:large","max-video-preview":"max-video-preview:-1"},"canonical":"https:\/\/www.meydan.tv\/az\/article\/niye-amerika\/","og_locale":"az_AZ","og_type":"article","og_title":"Niy\u0259 Amerika? - MEYDAN.TV","og_description":"\u018fn s\u0259mimi anti \u2013amerika\u00e7\u0131lar \u015fimali koreyal\u0131lard\u0131r...","og_url":"https:\/\/www.meydan.tv\/az\/article\/niye-amerika\/","og_site_name":"MEYDAN.TV","article_published_time":"2014-07-06T00:28:47+00:00","og_image":[{"width":500,"height":500,"url":"https:\/\/www.meydan.tv\/wp-content\/uploads\/3612.jpg","type":"image\/jpeg"}],"author":"user-manager","twitter_card":"summary_large_image","schema":{"@context":"https:\/\/schema.org","@graph":[{"@type":"Article","@id":"https:\/\/www.meydan.tv\/az\/article\/niye-amerika\/#article","isPartOf":{"@id":"https:\/\/www.meydan.tv\/az\/article\/niye-amerika\/"},"author":{"name":"user-manager","@id":"https:\/\/www.meydan.tv\/az\/#\/schema\/person\/10d11eccf6da3662cf5fdab9806ea91a"},"headline":"Niy\u0259 Amerika?","datePublished":"2014-07-06T00:28:47+00:00","mainEntityOfPage":{"@id":"https:\/\/www.meydan.tv\/az\/article\/niye-amerika\/"},"wordCount":1545,"publisher":{"@id":"https:\/\/www.meydan.tv\/az\/#organization"},"image":{"@id":"https:\/\/www.meydan.tv\/az\/article\/niye-amerika\/#primaryimage"},"thumbnailUrl":"https:\/\/www.meydan.tv\/wp-content\/uploads\/3612.jpg","articleSection":["M\u0259nim Fikrimc\u0259"],"inLanguage":"az"},{"@type":"WebPage","@id":"https:\/\/www.meydan.tv\/az\/article\/niye-amerika\/","url":"https:\/\/www.meydan.tv\/az\/article\/niye-amerika\/","name":"Niy\u0259 Amerika? - MEYDAN.TV","isPartOf":{"@id":"https:\/\/www.meydan.tv\/az\/#website"},"primaryImageOfPage":{"@id":"https:\/\/www.meydan.tv\/az\/article\/niye-amerika\/#primaryimage"},"image":{"@id":"https:\/\/www.meydan.tv\/az\/article\/niye-amerika\/#primaryimage"},"thumbnailUrl":"https:\/\/www.meydan.tv\/wp-content\/uploads\/3612.jpg","datePublished":"2014-07-06T00:28:47+00:00","breadcrumb":{"@id":"https:\/\/www.meydan.tv\/az\/article\/niye-amerika\/#breadcrumb"},"inLanguage":"az","potentialAction":[{"@type":"ReadAction","target":["https:\/\/www.meydan.tv\/az\/article\/niye-amerika\/"]}]},{"@type":"ImageObject","inLanguage":"az","@id":"https:\/\/www.meydan.tv\/az\/article\/niye-amerika\/#primaryimage","url":"https:\/\/www.meydan.tv\/wp-content\/uploads\/3612.jpg","contentUrl":"https:\/\/www.meydan.tv\/wp-content\/uploads\/3612.jpg","width":500,"height":500,"caption":"Source:"},{"@type":"BreadcrumbList","@id":"https:\/\/www.meydan.tv\/az\/article\/niye-amerika\/#breadcrumb","itemListElement":[{"@type":"ListItem","position":1,"name":"Ana s\u0259hif\u0259","item":"https:\/\/www.meydan.tv\/az\/"},{"@type":"ListItem","position":2,"name":"M\u0259nim Fikrimc\u0259","item":"https:\/\/www.meydan.tv\/az\/section\/menim-fikrimce\/"},{"@type":"ListItem","position":3,"name":"Niy\u0259 Amerika?"}]},{"@type":"WebSite","@id":"https:\/\/www.meydan.tv\/az\/#website","url":"https:\/\/www.meydan.tv\/az\/","name":"MEYDAN.TV","description":"Meydan TV Az\u0259rbaycan\u0131n media m\u0259kan\u0131ndak\u0131 alternativ s\u0259sidir","publisher":{"@id":"https:\/\/www.meydan.tv\/az\/#organization"},"potentialAction":[{"@type":"SearchAction","target":{"@type":"EntryPoint","urlTemplate":"https:\/\/www.meydan.tv\/az\/?s={search_term_string}"},"query-input":{"@type":"PropertyValueSpecification","valueRequired":true,"valueName":"search_term_string"}}],"inLanguage":"az"},{"@type":"Organization","@id":"https:\/\/www.meydan.tv\/az\/#organization","name":"Meydan TV","url":"https:\/\/www.meydan.tv\/az\/","logo":{"@type":"ImageObject","inLanguage":"az","@id":"https:\/\/www.meydan.tv\/az\/#\/schema\/logo\/image\/","url":"https:\/\/www.meydan.tv\/wp-content\/uploads\/2021\/07\/meydan-logo.svg","contentUrl":"https:\/\/www.meydan.tv\/wp-content\/uploads\/2021\/07\/meydan-logo.svg","width":195,"height":46,"caption":"Meydan TV"},"image":{"@id":"https:\/\/www.meydan.tv\/az\/#\/schema\/logo\/image\/"}},{"@type":"Person","@id":"https:\/\/www.meydan.tv\/az\/#\/schema\/person\/10d11eccf6da3662cf5fdab9806ea91a","name":"user-manager"}]}},"_links":{"self":[{"href":"https:\/\/www.meydan.tv\/az\/wp-json\/wp\/v2\/posts\/164490","targetHints":{"allow":["GET"]}}],"collection":[{"href":"https:\/\/www.meydan.tv\/az\/wp-json\/wp\/v2\/posts"}],"about":[{"href":"https:\/\/www.meydan.tv\/az\/wp-json\/wp\/v2\/types\/post"}],"author":[{"embeddable":true,"href":"https:\/\/www.meydan.tv\/az\/wp-json\/wp\/v2\/users\/11"}],"replies":[{"embeddable":true,"href":"https:\/\/www.meydan.tv\/az\/wp-json\/wp\/v2\/comments?post=164490"}],"version-history":[{"count":0,"href":"https:\/\/www.meydan.tv\/az\/wp-json\/wp\/v2\/posts\/164490\/revisions"}],"wp:featuredmedia":[{"embeddable":true,"href":"https:\/\/www.meydan.tv\/az\/wp-json\/wp\/v2\/media\/11222"}],"wp:attachment":[{"href":"https:\/\/www.meydan.tv\/az\/wp-json\/wp\/v2\/media?parent=164490"}],"wp:term":[{"taxonomy":"category","embeddable":true,"href":"https:\/\/www.meydan.tv\/az\/wp-json\/wp\/v2\/categories?post=164490"},{"taxonomy":"post_tag","embeddable":true,"href":"https:\/\/www.meydan.tv\/az\/wp-json\/wp\/v2\/tags?post=164490"}],"curies":[{"name":"wp","href":"https:\/\/api.w.org\/{rel}","templated":true}]}}