{"id":164441,"date":"2014-06-29T15:02:28","date_gmt":"2014-06-29T15:02:28","guid":{"rendered":"https:\/\/www.meydan.tv\/article\/aktyor-niye-metroya-minmelidir\/"},"modified":"2014-06-29T15:02:28","modified_gmt":"2014-06-29T15:02:28","slug":"aktyor-niye-metroya-minmelidir","status":"publish","type":"post","link":"https:\/\/www.meydan.tv\/az\/article\/aktyor-niye-metroya-minmelidir\/","title":{"rendered":"Aktyor niy\u0259 metroya minm\u0259lidir&#8230;"},"content":{"rendered":"<figure class=\"wp-block-image size-large\">\n  <img decoding=\"async\" src=\"https:\/\/www.meydan.tv\/az\/11032\/\" alt=\"\" class=\"wp-image-11032\"\/><figcaption><\/figcaption><\/figure>\n<figure class=\"wp-block-image size-large\">\n  <img decoding=\"async\" src=\"https:\/\/www.meydan.tv\/az\/3256\/\" alt=\"\" class=\"wp-image-3256\"\/><figcaption><\/figcaption><\/figure>\n<p>\n  Bu yax\u0131nlarda x\u0259b\u0259r portallar\u0131ndan birind\u0259 \u201cMetroda g\u0259z\u0259n \u201cromeolar\u201d adl\u0131 \u015fikay\u0259tnam\u0259 oxudum. Teatr kassas\u0131n\u0131n yan\u0131ndan ke\u00e7\u0259n q\u0131z repertuardak\u0131 tama\u015fan\u0131n anonsunda Romeonu oynayan aktyoru yol yolda\u015f\u0131na g\u00f6st\u0259r\u0259r\u0259k \u201conu d\u00fcn\u0259n metroda g\u00f6rd\u00fcm\u201d deyib. G\u0259nc xan\u0131m\u0131n bu replikas\u0131ndan \u00e7ox t\u0259sirl\u0259n\u0259n m\u00fc\u0259llif Orxan Bahad\u0131rsoy \u201cBu neft-qaz \u00f6lk\u0259sind\u0259, k\u00f6rp\u00fcl\u0259rin, h\u00fcnd\u00fcr binalar\u0131n g\u00f6z qama\u015fd\u0131rd\u0131\u011f\u0131 \u015f\u0259h\u0259rd\u0259, sahibkarl\u0131\u011f\u0131n, ticar\u0259tin yax\u015f\u0131 g\u0259lir g\u0259tirdiyi, r\u00fc\u015fv\u0259tin m\u0259murlara villalar, saraylar b\u0259x\u015f etdiyi bir zamanda neft-qaz qur\u011fular\u0131 m\u00fch\u0259ndisliyi, in\u015faat m\u00fch\u0259ndisliyi, n\u0259qliyyat\u0131n idar\u0259 olunmas\u0131, \u0259n az\u0131ndan texnologiyan\u0131n hakim k\u0259sildiyi d\u00f6vrd\u0259 komp\u00fcter m\u00fch\u0259ndisliyi kimi ixtisaslardan birin\u0259 yiy\u0259l\u0259nib o sah\u0259d\u0259 yax\u015f\u0131 pul qazana bil\u0259rdin. S\u0259n is\u0259 atan\u0131n-anan\u0131n qar\u015f\u0131 \u00e7\u0131xmas\u0131na, qohumlar\u0131n\u0131n \u201cm\u00fctrif\u201d dem\u0259sin\u0259, mill\u0259tinin s\u0259n\u0259t\u0259 v\u0259 s\u0259n\u0259tkara qiym\u0259t verm\u0259m\u0259sin\u0259, yol pulunu bel\u0259 qar\u015f\u0131lamayacaq q\u0259d\u0259r ki\u00e7ik bir m\u0259vacib alaca\u011f\u0131na baxmayaraq, s\u0131rf s\u0259n\u0259t u\u011fruna, s\u0259hn\u0259 e\u015fqin\u0259 aktyor olursan. \u015eeirl\u0259r qira\u0259t edirs\u0259n, d\u0259rn\u0259kl\u0259r\u0259 gedirs\u0259n, qabiliyy\u0259t imtahan\u0131na haz\u0131rla\u015f\u0131r, \u0130nc\u0259s\u0259n\u0259t v\u0259 M\u0259d\u0259niyy\u0259t Universitetinin aktyorluq fak\u00fclt\u0259sin\u0259 s\u0259n\u0259dl\u0259rini verirs\u0259n v\u0259 q\u0259bul olunursan, d\u00f6rd il t\u0259hsil ald\u0131\u011f\u0131n m\u00fcdd\u0259td\u0259 d\u0259 teatrlara gedirs\u0259n, filml\u0259rd\u0259 k\u00fctl\u0259vi s\u0259hn\u0259l\u0259rd\u0259 d\u0259 olsa rol almaq \u00fc\u00e7\u00fcn, teatra d\u0259v\u0259t almaq \u00fc\u00e7\u00fcn d\u0259rid\u0259n-qab\u0131qdan \u00e7\u0131x\u0131rsan, universiteti bitirib min \u0259zab-\u0259ziyy\u0259tl\u0259 teatra i\u015f\u0259 d\u00fcz\u0259lirs\u0259n\u201d v\u0259 sair v\u0259 ilax\u0131r yaz\u0131r. Sonra da b\u00fct\u00fcn bu \u201cm\u0259\u015f\u0259qq\u0259tl\u0259rd\u0259n\u201d ke\u00e7ib s\u0259hn\u0259d\u0259 Hamleti, Oqtay Elo\u011flunu, Kefli \u0130sg\u0259nd\u0259ri oynayan aktyorlar\u0131n q\u0259pik-quru\u015f ald\u0131\u011f\u0131na g\u00f6r\u0259 ictimai n\u0259qliyyata minm\u0259y\u0259 m\u0259cbur qald\u0131qlar\u0131ndan, \u201cax\u015fam teatr s\u0259hn\u0259sind\u0259 hans\u0131sa rolu ifa ed\u0259n aktyoru metroda g\u00f6r\u0259n tama\u015fa\u00e7\u0131 onun roluna nec\u0259 inana bil\u0259r?\u201d\u00a0dey\u0259 utand\u0131qlar\u0131ndan, Monika Belu\u00e7\u00e7iy\u0259, Bred Pitt\u0259 g\u00f6st\u0259ril\u0259n h\u00f6rm\u0259tin onlardan \u0259sirg\u0259ndiyind\u0259n \u015fikay\u0259tl\u0259nir.\n<\/p>\n<p>\n  Yaz\u0131, Fuad Poladovun dan\u0131\u015fd\u0131\u011f\u0131 bir hadis\u0259ni xat\u0131rlatd\u0131 m\u0259n\u0259. Fuad m\u00fc\u0259llim d\u0259, ad\u0259t\u0259n, ictimai n\u0259qliyyatdan istifad\u0259 el\u0259yir v\u0259 onu avtobusda, ya da metroda g\u00f6r\u0259n p\u0259r\u0259sti\u015fkarlar\u0131 tez-tez qar\u015f\u0131s\u0131n\u0131 k\u0259sib \u201cl\u0259n\u0259t olsun bu z\u0259man\u0259y\u0259, sizin kimi s\u0259n\u0259tkarlar\u0131n aya\u011f\u0131 yer\u0259 d\u0259ym\u0259m\u0259liydi\u201d deyirl\u0259r.\n<\/p>\n<p>\n  Ax\u0131, niy\u0259? Bu xalq\u0131n aktyoru, yaz\u0131\u00e7\u0131s\u0131, \u015fairi, n\u0259 bilim n\u0259yi niy\u0259 xalq\u0131ndan art\u0131q imtiyazlara sahib olmal\u0131d\u0131? Niy\u0259 avtobusda, metroda getm\u0259kd\u0259n utanmal\u0131d\u0131? B\u0259s s\u0259hn\u0259d\u0259, ekranda tama\u015fa\u00e7\u0131 il\u0259 empatiya qurmaq, inand\u0131rmaq \u00fc\u00e7\u00fcn g\u0259r\u0259k olan b\u0259d\u0259n dili, mimika, jest l\u00fc\u011f\u0259tini ba\u015fqa c\u00fcr nec\u0259 z\u0259nginl\u0259\u015fdir\u0259 bil\u0259r? F\u0259xrl\u0259 adlar\u0131n\u0131 sadalad\u0131\u011f\u0131n\u0131z Hamlet, Kefli \u0130sg\u0259nd\u0259r kimdi? Hamlet- h\u0259qiq\u0259ti axtaranlar\u0131n, \u0259dal\u0259t u\u011frunda m\u00fcbariz\u0259 aparanlar\u0131n obraz\u0131d\u0131, Kefli \u0130sg\u0259nd\u0259r xalq\u0131n\u0131n avaml\u0131\u011f\u0131ndan \u0259ziyy\u0259t \u00e7\u0259k\u0259nl\u0259rin, onu c\u0259hal\u0259tin girdab\u0131ndan \u00e7\u0131xar\u0131b \u201cimzalar i\u00e7ind\u0259 imzas\u0131n\u0131 g\u00f6rm\u0259k\u201d ist\u0259y\u0259nl\u0259rin. Amma onlar\u0131n mesaj\u0131n\u0131 \u00fcnvan\u0131na \u00e7atd\u0131ran aktyor sad\u0259 insanlar\u0131n aras\u0131nda v\u0259 onlardan biri olmaqdan x\u0259cal\u0259t \u00e7\u0259kir, aktyorlu\u011fu pe\u015f\u0259 se\u00e7diyin\u0259 g\u00f6r\u0259 xalqdan h\u00f6rm\u0259t t\u0259l\u0259b el\u0259yir, minn\u0259t qoyur, onun s\u00f6z\u00fcn\u0259 ehtiyac duyulanda is\u0259 \u201cm\u0259n q\u0259hr\u0259man deyil\u0259m\u201d deyir. El\u0259 bel\u0259 d\u00fc\u015f\u00fcnd\u00fcy\u00fcn\u00fcz\u0259 g\u00f6r\u0259 filml\u0259r, seriallar s\u00fcni dialoqlarla, saxta pafosla doludu. Tama\u015fa\u00e7\u0131 siz\u0259 metroda rastla\u015fd\u0131\u011f\u0131na g\u00f6r\u0259 yox, ona yad oldu\u011funuza g\u00f6r\u0259 inanm\u0131r.\n<\/p>\n<p>\n  O ki qald\u0131 Bredd Pitt\u0259, Monika Belu\u00e7\u00e7iy\u0259 g\u00f6st\u0259ril\u0259n h\u00f6rm\u0259t\u0259, onlar\u0131n \u015f\u00f6hr\u0259tin\u0259, limuzinl\u0259rin\u0259&#8230; Bunlar\u0131n ham\u0131s\u0131 bir \u0259sr boyunca vint-vint qurulan, istehsalat, reklam, kastinq, marketinq, post-prodak\u015fn, prokatdan v\u0259 saird\u0259n ibar\u0259t n\u0259h\u0259ng industriyan\u0131n saat kimi i\u015fl\u0259m\u0259yinin n\u0259tic\u0259sidi. Az\u0259rbaycan kinosunun, teatr\u0131n\u0131 indiki v\u0259ziyy\u0259tind\u0259, sovetd\u0259nqalma \u201c\u0259m\u0259kdar artist ad\u0131 versinl\u0259r, maa\u015f\u0131m otuz manat arts\u0131n, d\u00f6vl\u0259t m\u00fckafat\u0131 il\u0259 t\u0259ltif olunum, ayda 500 manat al\u0131m\u201d \u00fcmidil\u0259 ya\u015fayaraq o sistemin he\u00e7 tozuna da \u00e7atmaq m\u00fcmk\u00fcn deyil. Bundan \u00f6tr\u00fc normal i\u015f f\u0259aliyy\u0259tini t\u0259min el\u0259y\u0259n qanunlar laz\u0131md\u0131. Az\u0259rbaycan 24 ildi m\u00fcst\u0259qildi, \u00fc\u00e7 ildi yerli seriallar \u00e7\u0259kilir, amma h\u0259l\u0259 d\u0259 icra\u00e7\u0131 il\u0259 i\u015fver\u0259n aras\u0131nda m\u00fcnasib\u0259tl\u0259ri t\u0259nziml\u0259y\u0259n m\u00fcqavil\u0259 sistemi yarad\u0131lmay\u0131b, Az\u0259rbaycan Kinosunun inki\u015faf\u0131na dair d\u00f6vl\u0259t proqram\u0131n\u0131n 18 b\u0259ndind\u0259n iki, ya da \u00fc\u00e7\u00fc h\u0259yata ke\u00e7irilib. B\u00fct\u00fcn d\u00fcnyada aktyorlar\u0131n, ssenaristl\u0259rin, operatorlar\u0131n, rejissorlar\u0131n- industriyada olan h\u0259r k\u0259sin h\u00fcquqlar\u0131 uy\u011fun gildiyalar, h\u0259mkarlar ittifaqlar\u0131 t\u0259r\u0259find\u0259n qorunur, qonorar veril\u0259rk\u0259n h\u0259tta aktyorun m\u0259tnin\u0259 daxil olan s\u00f6zl\u0259r d\u0259 say\u0131l\u0131r. Bizd\u0259 is\u0259 Aktyorlar Gildiyas\u0131n\u0131n ad\u0131 var, \u00f6z\u00fc yox. Hamkarlar\u0131n\u0131z h\u0259r hans\u0131 haqs\u0131zl\u0131\u011fa v\u0259 ya m\u0259cavibin azl\u0131\u011f\u0131na g\u00f6r\u0259 i\u015fd\u0259n imtina el\u0259y\u0259nd\u0259 \u0259ks\u0259riyy\u0259tiniz onun yan\u0131nda yox, yerind\u0259 oturursuz. \u201cS\u0259ssiz olum, a\u011fr\u0131maz ba\u015f\u0131ma buz ba\u011flamay\u0131m, b\u0259lk\u0259 qiym\u0259tl\u0259ndir\u0259rl\u0259r\u201d prinsipi il\u0259 ya\u015fay\u0131rs\u0131z.<br \/>\n  <br \/>\n  D\u00fczd\u00fc, istisnalar da var, amma onlar o q\u0259d\u0259r azd\u0131lar ki, \u00fcmumi situasiyan\u0131 d\u0259yi\u015fm\u0259y\u0259 yetmirl\u0259r.\n<\/p>\n<p>\n  Fakt odur ki, h\u00f6rm\u0259t- borc, m\u0259cburiyy\u0259t deyil, verilmir, qazan\u0131l\u0131r. Siz \u00f6z\u00fcn\u00fcz\u0259, istedad\u0131n\u0131za h\u00f6rm\u0259t el\u0259m\u0259y\u0259nd\u0259n, h\u00fcquqlar\u0131n\u0131z\u0131, s\u0259sinizi qorumayandan sonra xalq siz\u0259 niy\u0259 h\u00f6rm\u0259t el\u0259sin? Bu g\u00fcn s\u0259hn\u0259d\u0259 Kefli \u0130sg\u0259nd\u0259ri oynay\u0131b, sabah televiziyada fal\u00e7\u0131lara ekspertlik el\u0259y\u0259nd\u0259, t\u0259bii ki, \u0130sg\u0259nd\u0259r kimi yox, \u201ctelevizordak\u0131 \u0259mi\u201d kimi tan\u0131nacaqs\u0131z.\n<\/p>\n<p>\n  Uzun s\u00f6z\u00fcn q\u0131sas\u0131, \u0259vv\u0259lc\u0259 \u00f6z g\u00f6z\u00fcm\u00fczd\u0259ki tiri g\u00f6r\u0259k, sonra xalq\u0131n g\u00f6z\u00fcnd\u0259 q\u0131l axtaraq. V\u0259 \u0259n \u0259sas\u0131&#8230;<br \/>\n  <br \/>\n  \u201cS\u0259ni s\u0259n q\u0131lan sevdiyin yox, sevgindi\u201d deyir \u015e\u0259ms T\u0259brizi.\n<\/p>\n<p>\n  <b><br \/>\n    Yaz\u0131dak\u0131 fikirl\u0259r m\u00fc\u0259llifin \u015f\u0259xsi fikirl\u0259ridir v\u0259 sad\u0259c\u0259 m\u00fc\u0259llif m\u0259suliyy\u0259t da\u015f\u0131y\u0131r.<br \/>\n  <\/b><\/p>\n","protected":false},"excerpt":{"rendered":"<p>S\u0259hn\u0259d\u0259 Kefli \u0130sg\u0259nd\u0259ri oynay\u0131b, televiziyada fal\u00e7\u0131lara ekspertlik el\u0259y\u0259nd\u0259&#8230;<\/p>\n","protected":false},"author":11,"featured_media":11032,"comment_status":"closed","ping_status":"open","sticky":false,"template":"","format":"standard","meta":{"_acf_changed":false,"_sitemap_exclude":false,"_sitemap_priority":"","_sitemap_frequency":"","footnotes":""},"categories":[57],"tags":[],"class_list":["post-164441","post","type-post","status-publish","format-standard","has-post-thumbnail","hentry","category-menim-fikrimce","infinite-scroll-item","generate-columns","tablet-grid-50","mobile-grid-100","grid-parent","grid-33","no-featured-image-padding"],"acf":[],"yoast_head":"<!-- This site is optimized with the Yoast SEO plugin v27.4 - https:\/\/yoast.com\/product\/yoast-seo-wordpress\/ -->\n<title>Aktyor niy\u0259 metroya minm\u0259lidir... - MEYDAN.TV<\/title>\n<meta name=\"robots\" content=\"index, follow, max-snippet:-1, max-image-preview:large, max-video-preview:-1\" \/>\n<link rel=\"canonical\" href=\"https:\/\/www.meydan.tv\/az\/article\/aktyor-niye-metroya-minmelidir\/\" \/>\n<meta property=\"og:locale\" content=\"az_AZ\" \/>\n<meta property=\"og:type\" content=\"article\" \/>\n<meta property=\"og:title\" content=\"Aktyor niy\u0259 metroya minm\u0259lidir... - MEYDAN.TV\" \/>\n<meta property=\"og:description\" content=\"S\u0259hn\u0259d\u0259 Kefli \u0130sg\u0259nd\u0259ri oynay\u0131b, televiziyada fal\u00e7\u0131lara ekspertlik el\u0259y\u0259nd\u0259...\" \/>\n<meta property=\"og:url\" content=\"https:\/\/www.meydan.tv\/az\/article\/aktyor-niye-metroya-minmelidir\/\" \/>\n<meta property=\"og:site_name\" content=\"MEYDAN.TV\" \/>\n<meta property=\"article:published_time\" content=\"2014-06-29T15:02:28+00:00\" \/>\n<meta property=\"og:image\" content=\"https:\/\/www.meydan.tv\/wp-content\/uploads\/161.jpg\" \/>\n\t<meta property=\"og:image:width\" content=\"400\" \/>\n\t<meta property=\"og:image:height\" content=\"400\" \/>\n\t<meta property=\"og:image:type\" content=\"image\/jpeg\" \/>\n<meta name=\"author\" content=\"user-manager\" \/>\n<meta name=\"twitter:card\" content=\"summary_large_image\" \/>\n<script type=\"application\/ld+json\" class=\"yoast-schema-graph\">{\"@context\":\"https:\\\/\\\/schema.org\",\"@graph\":[{\"@type\":\"Article\",\"@id\":\"https:\\\/\\\/www.meydan.tv\\\/az\\\/article\\\/aktyor-niye-metroya-minmelidir\\\/#article\",\"isPartOf\":{\"@id\":\"https:\\\/\\\/www.meydan.tv\\\/az\\\/article\\\/aktyor-niye-metroya-minmelidir\\\/\"},\"author\":{\"name\":\"user-manager\",\"@id\":\"https:\\\/\\\/www.meydan.tv\\\/az\\\/#\\\/schema\\\/person\\\/10d11eccf6da3662cf5fdab9806ea91a\"},\"headline\":\"Aktyor niy\u0259 metroya minm\u0259lidir&#8230;\",\"datePublished\":\"2014-06-29T15:02:28+00:00\",\"mainEntityOfPage\":{\"@id\":\"https:\\\/\\\/www.meydan.tv\\\/az\\\/article\\\/aktyor-niye-metroya-minmelidir\\\/\"},\"wordCount\":1163,\"publisher\":{\"@id\":\"https:\\\/\\\/www.meydan.tv\\\/az\\\/#organization\"},\"image\":{\"@id\":\"https:\\\/\\\/www.meydan.tv\\\/az\\\/article\\\/aktyor-niye-metroya-minmelidir\\\/#primaryimage\"},\"thumbnailUrl\":\"https:\\\/\\\/www.meydan.tv\\\/wp-content\\\/uploads\\\/161.jpg\",\"articleSection\":[\"M\u0259nim Fikrimc\u0259\"],\"inLanguage\":\"az\"},{\"@type\":\"WebPage\",\"@id\":\"https:\\\/\\\/www.meydan.tv\\\/az\\\/article\\\/aktyor-niye-metroya-minmelidir\\\/\",\"url\":\"https:\\\/\\\/www.meydan.tv\\\/az\\\/article\\\/aktyor-niye-metroya-minmelidir\\\/\",\"name\":\"Aktyor niy\u0259 metroya minm\u0259lidir... - MEYDAN.TV\",\"isPartOf\":{\"@id\":\"https:\\\/\\\/www.meydan.tv\\\/az\\\/#website\"},\"primaryImageOfPage\":{\"@id\":\"https:\\\/\\\/www.meydan.tv\\\/az\\\/article\\\/aktyor-niye-metroya-minmelidir\\\/#primaryimage\"},\"image\":{\"@id\":\"https:\\\/\\\/www.meydan.tv\\\/az\\\/article\\\/aktyor-niye-metroya-minmelidir\\\/#primaryimage\"},\"thumbnailUrl\":\"https:\\\/\\\/www.meydan.tv\\\/wp-content\\\/uploads\\\/161.jpg\",\"datePublished\":\"2014-06-29T15:02:28+00:00\",\"breadcrumb\":{\"@id\":\"https:\\\/\\\/www.meydan.tv\\\/az\\\/article\\\/aktyor-niye-metroya-minmelidir\\\/#breadcrumb\"},\"inLanguage\":\"az\",\"potentialAction\":[{\"@type\":\"ReadAction\",\"target\":[\"https:\\\/\\\/www.meydan.tv\\\/az\\\/article\\\/aktyor-niye-metroya-minmelidir\\\/\"]}]},{\"@type\":\"ImageObject\",\"inLanguage\":\"az\",\"@id\":\"https:\\\/\\\/www.meydan.tv\\\/az\\\/article\\\/aktyor-niye-metroya-minmelidir\\\/#primaryimage\",\"url\":\"https:\\\/\\\/www.meydan.tv\\\/wp-content\\\/uploads\\\/161.jpg\",\"contentUrl\":\"https:\\\/\\\/www.meydan.tv\\\/wp-content\\\/uploads\\\/161.jpg\",\"width\":400,\"height\":400,\"caption\":\"Source:\"},{\"@type\":\"BreadcrumbList\",\"@id\":\"https:\\\/\\\/www.meydan.tv\\\/az\\\/article\\\/aktyor-niye-metroya-minmelidir\\\/#breadcrumb\",\"itemListElement\":[{\"@type\":\"ListItem\",\"position\":1,\"name\":\"Ana s\u0259hif\u0259\",\"item\":\"https:\\\/\\\/www.meydan.tv\\\/az\\\/\"},{\"@type\":\"ListItem\",\"position\":2,\"name\":\"M\u0259nim Fikrimc\u0259\",\"item\":\"https:\\\/\\\/www.meydan.tv\\\/az\\\/section\\\/menim-fikrimce\\\/\"},{\"@type\":\"ListItem\",\"position\":3,\"name\":\"Aktyor niy\u0259 metroya minm\u0259lidir&#8230;\"}]},{\"@type\":\"WebSite\",\"@id\":\"https:\\\/\\\/www.meydan.tv\\\/az\\\/#website\",\"url\":\"https:\\\/\\\/www.meydan.tv\\\/az\\\/\",\"name\":\"MEYDAN.TV\",\"description\":\"Meydan TV Az\u0259rbaycan\u0131n media m\u0259kan\u0131ndak\u0131 alternativ s\u0259sidir\",\"publisher\":{\"@id\":\"https:\\\/\\\/www.meydan.tv\\\/az\\\/#organization\"},\"potentialAction\":[{\"@type\":\"SearchAction\",\"target\":{\"@type\":\"EntryPoint\",\"urlTemplate\":\"https:\\\/\\\/www.meydan.tv\\\/az\\\/?s={search_term_string}\"},\"query-input\":{\"@type\":\"PropertyValueSpecification\",\"valueRequired\":true,\"valueName\":\"search_term_string\"}}],\"inLanguage\":\"az\"},{\"@type\":\"Organization\",\"@id\":\"https:\\\/\\\/www.meydan.tv\\\/az\\\/#organization\",\"name\":\"Meydan TV\",\"url\":\"https:\\\/\\\/www.meydan.tv\\\/az\\\/\",\"logo\":{\"@type\":\"ImageObject\",\"inLanguage\":\"az\",\"@id\":\"https:\\\/\\\/www.meydan.tv\\\/az\\\/#\\\/schema\\\/logo\\\/image\\\/\",\"url\":\"https:\\\/\\\/www.meydan.tv\\\/wp-content\\\/uploads\\\/2021\\\/07\\\/meydan-logo.svg\",\"contentUrl\":\"https:\\\/\\\/www.meydan.tv\\\/wp-content\\\/uploads\\\/2021\\\/07\\\/meydan-logo.svg\",\"width\":195,\"height\":46,\"caption\":\"Meydan TV\"},\"image\":{\"@id\":\"https:\\\/\\\/www.meydan.tv\\\/az\\\/#\\\/schema\\\/logo\\\/image\\\/\"}},{\"@type\":\"Person\",\"@id\":\"https:\\\/\\\/www.meydan.tv\\\/az\\\/#\\\/schema\\\/person\\\/10d11eccf6da3662cf5fdab9806ea91a\",\"name\":\"user-manager\"}]}<\/script>\n<!-- \/ Yoast SEO plugin. -->","yoast_head_json":{"title":"Aktyor niy\u0259 metroya minm\u0259lidir... - MEYDAN.TV","robots":{"index":"index","follow":"follow","max-snippet":"max-snippet:-1","max-image-preview":"max-image-preview:large","max-video-preview":"max-video-preview:-1"},"canonical":"https:\/\/www.meydan.tv\/az\/article\/aktyor-niye-metroya-minmelidir\/","og_locale":"az_AZ","og_type":"article","og_title":"Aktyor niy\u0259 metroya minm\u0259lidir... - MEYDAN.TV","og_description":"S\u0259hn\u0259d\u0259 Kefli \u0130sg\u0259nd\u0259ri oynay\u0131b, televiziyada fal\u00e7\u0131lara ekspertlik el\u0259y\u0259nd\u0259...","og_url":"https:\/\/www.meydan.tv\/az\/article\/aktyor-niye-metroya-minmelidir\/","og_site_name":"MEYDAN.TV","article_published_time":"2014-06-29T15:02:28+00:00","og_image":[{"width":400,"height":400,"url":"https:\/\/www.meydan.tv\/wp-content\/uploads\/161.jpg","type":"image\/jpeg"}],"author":"user-manager","twitter_card":"summary_large_image","schema":{"@context":"https:\/\/schema.org","@graph":[{"@type":"Article","@id":"https:\/\/www.meydan.tv\/az\/article\/aktyor-niye-metroya-minmelidir\/#article","isPartOf":{"@id":"https:\/\/www.meydan.tv\/az\/article\/aktyor-niye-metroya-minmelidir\/"},"author":{"name":"user-manager","@id":"https:\/\/www.meydan.tv\/az\/#\/schema\/person\/10d11eccf6da3662cf5fdab9806ea91a"},"headline":"Aktyor niy\u0259 metroya minm\u0259lidir&#8230;","datePublished":"2014-06-29T15:02:28+00:00","mainEntityOfPage":{"@id":"https:\/\/www.meydan.tv\/az\/article\/aktyor-niye-metroya-minmelidir\/"},"wordCount":1163,"publisher":{"@id":"https:\/\/www.meydan.tv\/az\/#organization"},"image":{"@id":"https:\/\/www.meydan.tv\/az\/article\/aktyor-niye-metroya-minmelidir\/#primaryimage"},"thumbnailUrl":"https:\/\/www.meydan.tv\/wp-content\/uploads\/161.jpg","articleSection":["M\u0259nim Fikrimc\u0259"],"inLanguage":"az"},{"@type":"WebPage","@id":"https:\/\/www.meydan.tv\/az\/article\/aktyor-niye-metroya-minmelidir\/","url":"https:\/\/www.meydan.tv\/az\/article\/aktyor-niye-metroya-minmelidir\/","name":"Aktyor niy\u0259 metroya minm\u0259lidir... - MEYDAN.TV","isPartOf":{"@id":"https:\/\/www.meydan.tv\/az\/#website"},"primaryImageOfPage":{"@id":"https:\/\/www.meydan.tv\/az\/article\/aktyor-niye-metroya-minmelidir\/#primaryimage"},"image":{"@id":"https:\/\/www.meydan.tv\/az\/article\/aktyor-niye-metroya-minmelidir\/#primaryimage"},"thumbnailUrl":"https:\/\/www.meydan.tv\/wp-content\/uploads\/161.jpg","datePublished":"2014-06-29T15:02:28+00:00","breadcrumb":{"@id":"https:\/\/www.meydan.tv\/az\/article\/aktyor-niye-metroya-minmelidir\/#breadcrumb"},"inLanguage":"az","potentialAction":[{"@type":"ReadAction","target":["https:\/\/www.meydan.tv\/az\/article\/aktyor-niye-metroya-minmelidir\/"]}]},{"@type":"ImageObject","inLanguage":"az","@id":"https:\/\/www.meydan.tv\/az\/article\/aktyor-niye-metroya-minmelidir\/#primaryimage","url":"https:\/\/www.meydan.tv\/wp-content\/uploads\/161.jpg","contentUrl":"https:\/\/www.meydan.tv\/wp-content\/uploads\/161.jpg","width":400,"height":400,"caption":"Source:"},{"@type":"BreadcrumbList","@id":"https:\/\/www.meydan.tv\/az\/article\/aktyor-niye-metroya-minmelidir\/#breadcrumb","itemListElement":[{"@type":"ListItem","position":1,"name":"Ana s\u0259hif\u0259","item":"https:\/\/www.meydan.tv\/az\/"},{"@type":"ListItem","position":2,"name":"M\u0259nim Fikrimc\u0259","item":"https:\/\/www.meydan.tv\/az\/section\/menim-fikrimce\/"},{"@type":"ListItem","position":3,"name":"Aktyor niy\u0259 metroya minm\u0259lidir&#8230;"}]},{"@type":"WebSite","@id":"https:\/\/www.meydan.tv\/az\/#website","url":"https:\/\/www.meydan.tv\/az\/","name":"MEYDAN.TV","description":"Meydan TV Az\u0259rbaycan\u0131n media m\u0259kan\u0131ndak\u0131 alternativ s\u0259sidir","publisher":{"@id":"https:\/\/www.meydan.tv\/az\/#organization"},"potentialAction":[{"@type":"SearchAction","target":{"@type":"EntryPoint","urlTemplate":"https:\/\/www.meydan.tv\/az\/?s={search_term_string}"},"query-input":{"@type":"PropertyValueSpecification","valueRequired":true,"valueName":"search_term_string"}}],"inLanguage":"az"},{"@type":"Organization","@id":"https:\/\/www.meydan.tv\/az\/#organization","name":"Meydan TV","url":"https:\/\/www.meydan.tv\/az\/","logo":{"@type":"ImageObject","inLanguage":"az","@id":"https:\/\/www.meydan.tv\/az\/#\/schema\/logo\/image\/","url":"https:\/\/www.meydan.tv\/wp-content\/uploads\/2021\/07\/meydan-logo.svg","contentUrl":"https:\/\/www.meydan.tv\/wp-content\/uploads\/2021\/07\/meydan-logo.svg","width":195,"height":46,"caption":"Meydan TV"},"image":{"@id":"https:\/\/www.meydan.tv\/az\/#\/schema\/logo\/image\/"}},{"@type":"Person","@id":"https:\/\/www.meydan.tv\/az\/#\/schema\/person\/10d11eccf6da3662cf5fdab9806ea91a","name":"user-manager"}]}},"_links":{"self":[{"href":"https:\/\/www.meydan.tv\/az\/wp-json\/wp\/v2\/posts\/164441","targetHints":{"allow":["GET"]}}],"collection":[{"href":"https:\/\/www.meydan.tv\/az\/wp-json\/wp\/v2\/posts"}],"about":[{"href":"https:\/\/www.meydan.tv\/az\/wp-json\/wp\/v2\/types\/post"}],"author":[{"embeddable":true,"href":"https:\/\/www.meydan.tv\/az\/wp-json\/wp\/v2\/users\/11"}],"replies":[{"embeddable":true,"href":"https:\/\/www.meydan.tv\/az\/wp-json\/wp\/v2\/comments?post=164441"}],"version-history":[{"count":0,"href":"https:\/\/www.meydan.tv\/az\/wp-json\/wp\/v2\/posts\/164441\/revisions"}],"wp:featuredmedia":[{"embeddable":true,"href":"https:\/\/www.meydan.tv\/az\/wp-json\/wp\/v2\/media\/11032"}],"wp:attachment":[{"href":"https:\/\/www.meydan.tv\/az\/wp-json\/wp\/v2\/media?parent=164441"}],"wp:term":[{"taxonomy":"category","embeddable":true,"href":"https:\/\/www.meydan.tv\/az\/wp-json\/wp\/v2\/categories?post=164441"},{"taxonomy":"post_tag","embeddable":true,"href":"https:\/\/www.meydan.tv\/az\/wp-json\/wp\/v2\/tags?post=164441"}],"curies":[{"name":"wp","href":"https:\/\/api.w.org\/{rel}","templated":true}]}}