{"id":164440,"date":"2014-06-28T21:08:57","date_gmt":"2014-06-28T21:08:57","guid":{"rendered":"https:\/\/www.meydan.tv\/article\/olkeni-mehv-etmek-isteyirsense\/"},"modified":"2014-06-28T21:08:57","modified_gmt":"2014-06-28T21:08:57","slug":"olkeni-mehv-etmek-isteyirsense","status":"publish","type":"post","link":"https:\/\/www.meydan.tv\/az\/article\/olkeni-mehv-etmek-isteyirsense\/","title":{"rendered":"\u00d6lk\u0259ni m\u0259hv etm\u0259k ist\u0259yirs\u0259ns\u0259&#8230;"},"content":{"rendered":"<figure class=\"wp-block-image size-large\">\n  <img decoding=\"async\" src=\"https:\/\/www.meydan.tv\/az\/10454\/\" alt=\"\" class=\"wp-image-10454\"\/><figcaption><\/figcaption><\/figure>\n<figure class=\"wp-block-image size-large\">\n  <img decoding=\"async\" src=\"https:\/\/www.meydan.tv\/az\/10457\/\" alt=\"\" class=\"wp-image-10457\"\/><figcaption><\/figcaption><\/figure>\n<p>\n  <br \/>\n  Universitetin ikinci kursunu yenic\u0259 bitirmi\u015fdim ki, y\u0131x\u0131ld\u0131m. H\u0259r d\u0259f\u0259 q\u0259zan\u0131 xat\u0131rlatd\u0131\u011f\u0131m \u00fc\u00e7\u00fcn \u00fczr ist\u0259yir\u0259m. Bununla yaz\u0131q g\u00f6r\u00fcnt\u00fc yaratmaq fikrim yoxdur. Onur\u011famdan a\u011f\u0131r travma ald\u0131m. D\u0259rs\u0259 ged\u0259 bilm\u0259diyim \u00fc\u00e7\u00fcn, bir illik x\u0259st\u0259lik ka\u011f\u0131z\u0131 ald\u0131m universitetd\u0259n. Ikinci il\u0259 ke\u00e7\u0259nd\u0259 m\u0259n\u0259 z\u0259ng edib, universitet\u0259 g\u0259lm\u0259yimi t\u0259l\u0259b etdil\u0259r. B\u0259li, m\u0259hz t\u0259l\u0259b! M\u0259n is\u0259 h\u0259min \u0259r\u0259f\u0259d\u0259 yataq \u015f\u0259raitind\u0259n ayr\u0131l\u0131b yenic\u0259 \u0259lil arabas\u0131na oturma\u011fa ba\u015flam\u0131\u015fd\u0131m. \u00c7ox otura bilmirdim. T\u0259zyiqim a\u015fa\u011f\u0131 d\u00fc\u015fd\u00fcy\u00fcnd\u0259n yenid\u0259n yata\u011fa uzanmal\u0131 olurdum.<br \/>\n  <br \/>\n  Dekan m\u00fcavini m\u0259n\u0259 z\u0259ng el\u0259di. V\u0259ziyy\u0259timl\u0259 maraqlanmadan, universitet\u0259 g\u0259lm\u0259yimi deyib, \u0259ks halda universitetd\u0259n xaric olunaca\u011f\u0131mla h\u0259d\u0259l\u0259di. Onun dan\u0131\u015f\u0131q tonunda bu mesaj\u0131 vard\u0131: \u201cG\u0259l\u0259 bilmirs\u0259n, g\u0259lm\u0259. Valideynl\u0259rin g\u0259lib r\u00fc\u015fv\u0259t versin, universitetd\u0259 ad\u0131n getsin\u201d.<br \/>\n  <br \/>\n  \u00c7ox m\u0259yus olmu\u015fdum. Dekan m\u00fcavini il\u0259 telefonda m\u00fcbahis\u0259 etdim. Nec\u0259 pis v\u0259ziyy\u0259td\u0259 oldu\u011fumu s\u00f6yl\u0259dim. O is\u0259 yalandan \u015f\u0259fa dil\u0259di. Qeyri s\u0259mimiliyi d\u0259st\u0259kd\u0259ki n\u0259f\u0259sind\u0259n hiss olunurdu. Atam\u0131n bir tan\u0131\u015f\u0131 vard\u0131. Onun k\u00f6m\u0259yi il\u0259 h\u00fcquqi yolla m\u0259ni universitetin qiyabi \u015f\u00f6b\u0259sin\u0259, bir kurs a\u015fa\u011f\u0131, ba\u015fqa fakult\u0259y\u0259 ke\u00e7irtdil\u0259r. Amma Bak\u0131da ya\u015fama\u011f\u0131m, G\u0259nc\u0259 il\u0259 370 km. m\u0259saf\u0259, m\u00fcalic\u0259l\u0259rim, \u0259n \u0259sas\u0131 is\u0259, universitetd\u0259 \u0259lill\u0259r \u00fc\u00e7\u00fcn he\u00e7 bir \u015f\u0259raitin olmamas\u0131, bir s\u00f6zl\u0259, Az\u0259rbaycanda ev \u015f\u0259raitind\u0259, distant t\u0259hsilin qeyri- m\u00f6vcudlu\u011fu universiteti yar\u0131m\u00e7\u0131q qoyma\u011f\u0131ma s\u0259b\u0259b oldu.\n<\/p>\n<p>\n  \u018flils\u0259ns\u0259, bu \u00f6lk\u0259d\u0259 t\u0259hsil alma\u011fa haqq\u0131n yoxdur. Universitetl\u0259rd\u0259 v\u0259 m\u0259kt\u0259bl\u0259rd\u0259 \u0259lill\u0259r \u00fc\u00e7\u00fcn he\u00e7 bir \u015f\u0259rait yoxdur. Distant t\u0259hsil d\u0259 yoxdur ki, evd\u0259 oturub, oxuyasan. Avropada t\u0259hsil ocaqlar\u0131nda \u0259lill\u0259r \u00fc\u00e7\u00fcn b\u00fct\u00fcn \u015f\u0259raitl\u0259r var. Bizd\u0259 h\u00f6k\u00fcm\u0259t t\u0259hsil ocaqlar\u0131na b\u00f6y\u00fck h\u0259rfl\u0259rl\u0259 Heyd\u0259r \u018fliyevin \u201cT\u0259hsil mill\u0259tin g\u0259l\u0259c\u0259yidir\u201d ifad\u0259sini yap\u0131\u015fd\u0131r\u0131b. Amma bu mill\u0259tin \u0259lil v\u0259t\u0259nda\u015flar\u0131n\u0131n g\u0259l\u0259c\u0259yini d\u00fc\u015f\u00fcnm\u00fcrl\u0259r. Onlar unudurlar ki, \u0259lil arabas\u0131nda olan adam elmi v\u0259 a\u011fl\u0131 say\u0259sind\u0259 b\u00f6y\u00fck nailiyy\u0259tl\u0259r \u0259ld\u0259 ed\u0259, \u00f6z \u00f6lk\u0259sin\u0259 b\u00f6y\u00fck u\u011furlar qazand\u0131ra bil\u0259r.<br \/>\n  <br \/>\n  \u00d6lk\u0259d\u0259 t\u0259hsilin s\u0259viyy\u0259sinin hans\u0131 v\u0259ziyy\u0259td\u0259 olma\u011f\u0131 ham\u0131ya m\u0259lumdur. Bunun bir \u00e7ox s\u0259b\u0259bl\u0259ri var. Zat\u0259n \u0259yani olaraq c\u0259miyy\u0259tin n\u0259 q\u0259d\u0259r geri olma\u011f\u0131, \u00f6lk\u0259nin d\u00fcnya \u00e7ap\u0131nda he\u00e7 c\u00fcr tan\u0131nmamas\u0131 v\u0259 \u201canaloqsuz\u201d inki\u015faflarla yerimizd\u0259 add\u0131mlama\u011f\u0131m\u0131z buna s\u00fcbutdur. Bir \u00f6lk\u0259ni m\u0259hv etm\u0259k ist\u0259yirs\u0259ns\u0259, onun t\u0259hsilini m\u0259hv et. Bu yax\u0131nda respublikada f\u0259aliyy\u0259t g\u00f6st\u0259r\u0259n Araz kurslar\u0131 v\u0259 \u00f6lk\u0259nin m\u00fcxt\u0259lif b\u00f6lg\u0259l\u0259rind\u0259ki 11 lisey ba\u011fland\u0131. Az\u0259rbaycan D\u00f6vl\u0259t Neft \u015eirk\u0259tinin h\u0259mt\u0259sis\u00e7isi oldu\u011fu \u201cAz\u0259rbaycan Beyn\u0259lxalq T\u0259hsil M\u0259rk\u0259zi\u201d \u0130ctimai Birliyinin iyunun 18-d\u0259ki toplant\u0131s\u0131nda q\u0259rar q\u0259bul olunub. Guya ABTM-d\u0259 yaranm\u0131\u015f \u0259lav\u0259 x\u0259rcl\u0259rin qar\u015f\u0131s\u0131n\u0131n al\u0131nmas\u0131 v\u0259 bu layih\u0259nin maliyy\u0259 v\u0259 idar\u0259etm\u0259 bax\u0131m\u0131ndan m\u00fcr\u0259kk\u0259bliyini n\u0259z\u0259r\u0259 al\u0131b, qurumlar\u0131n l\u0259\u011fv edilm\u0259si m\u0259qs\u0259d\u0259 uy\u011fun hesab edilib.\n<\/p>\n<p>\n  Xalq u\u015faq-zad deyil. H\u0259r k\u0259s \u00e7ox yax\u015f\u0131 anlay\u0131r ki, bu T\u00fcrkiy\u0259nin ba\u015f naziri R.T.\u018frdo\u011fan\u0131n arzusu v\u0259 t\u0259l\u0259bil\u0259 ba\u015f verib. R.T.\u018frdo\u011fan\u0131n \u015f\u0259xsi intriqas\u0131 \u0259sas\u0131nda yaranm\u0131\u015f problem Az\u0259rbaycan g\u0259ncl\u0259rinin v\u0259 g\u0259l\u0259c\u0259yinin ba\u015f\u0131nda \u00e7atlay\u0131r.\n<\/p>\n<p>\n  Ba\u011flanan t\u00fcrk m\u0259kt\u0259bl\u0259rinin \u201cHizm\u0259t\u201d h\u0259r\u0259kat\u0131n\u0131n lideri F\u0259thullah G\u00fcl\u0259n\u0259 ba\u011fl\u0131 oldu\u011fu m\u0259lum idi. F\u0259thullah G\u00fcl\u0259n\u0259 \u00f6z \u00f6lk\u0259sind\u0259 tutmu\u015f bir \u00e7ox \u00f6lk\u0259l\u0259rd\u0259, \u0130srail-Amerika agenti, T\u00fcrkiy\u0259d\u0259ki paralel h\u00f6kum\u0259tin ba\u015f\u00e7\u0131s\u0131, irtica\u00e7\u0131 dey\u0259 \u015f\u0259rl\u0259yirl\u0259r.\n<\/p>\n<p>\n  Onlar\u0131n m\u0259kt\u0259bind\u0259, t\u0259hsil ocaqlar\u0131nda d\u0259f\u0259l\u0259rl\u0259 olmu\u015fam. O m\u0259kt\u0259bl\u0259rd\u0259 t\u0259hsil alan \u00e7oxlu dostlar\u0131m var. V\u0259 onlar\u0131n he\u00e7 birind\u0259n dini t\u0259bli\u011f, radikal t\u0259xribat\u00e7\u0131 bir \u015feyl\u0259r g\u00f6rm\u0259mi\u015f\u0259m. Orda g\u0259ncl\u0259rimiz \u00e7ox yax\u015f\u0131 t\u0259hsil al\u0131rd\u0131. Haz\u0131rda \u00f6lk\u0259d\u0259 bu liseyl\u0259ri \u0259v\u0259z ed\u0259c\u0259k m\u0259kt\u0259bl\u0259rimiz yoxdur. At\u0131lm\u0131\u015f bu add\u0131m t\u0259hsilin m\u0259hvin\u0259 t\u0259kan ver\u0259c\u0259k. TQDK-n\u0131n son statistikalar\u0131na g\u00f6r\u0259, abituriyentl\u0259r aras\u0131nda universitet\u0259 q\u0259bul vaxt\u0131 \u0259n y\u00fcks\u0259k ballar\u0131 h\u0259min liseyl\u0259rin m\u0259zunlar\u0131 v\u0259 Araz kurslar\u0131nda t\u0259hsil alan g\u0259ncl\u0259r qazan\u0131rd\u0131lar.\n<\/p>\n<p>\n  \u00d6lk\u0259d\u0259 m\u0259kt\u0259bl\u0259r k\u00fctl\u0259vi ba\u011flan\u0131rsa, t\u0259hsilsizlikd\u0259n 10-15 il\u0259 Pakistana, \u018ffqan\u0131stana d\u00f6n\u0259c\u0259yikk. Savads\u0131zlar gedib dini c\u0259rayanlara qo\u015fulacaq. \u00d6lk\u0259nin \u015f\u0259ri\u0259t qanunlar\u0131yla idar\u0259 edilm\u0259si \u00fc\u00e7\u00fcn \u00fcsyanlar ed\u0259c\u0259kl\u0259r.\n<\/p>\n<p>\n  Bu t\u0259hsil ocaqlar\u0131 ba\u011flananda b\u0259zil\u0259ri q\u0259rib\u0259 reaksiyalar verdi. Sosial \u015f\u0259b\u0259k\u0259l\u0259rd\u0259 bel\u0259 x\u0259b\u0259rl\u0259ri sevincl\u0259 payla\u015fanlar \u00e7ox oldu. \u018fn \u00e7ox da, bu m\u0259kt\u0259bl\u0259rd\u0259n x\u0259b\u0259ri olmayan, t\u00fcrk mill\u0259tin\u0259 antipatiyas\u0131 olanlar, \u0130rana meylli dindar g\u0259ncl\u0259r b\u00f6y\u00fck \u015fadyanal\u0131q edirdi. Bunlar t\u0259biidir. \u018fg\u0259r bu mill\u0259tin b\u00f6y\u00fck hiss\u0259si r\u00fc\u015fv\u0259t verib, bil\u0259-bil\u0259 \u00f6z\u00fcn\u00fc savads\u0131z edirs\u0259, hans\u0131sa t\u0259hsil m\u0259rk\u0259zinin ba\u011flanmas\u0131na sevinm\u0259l\u0259ri t\u0259\u0259cc\u00fcbl\u00fc deyil.\n<\/p>\n<p>\n  \u00d6lk\u0259mizd\u0259 \u00e7ox yaln\u0131\u015f bir tendensiya var. Guya h\u0259min t\u0259hsil ocaqlar\u0131nda t\u0259hsil alan az\u0259rbaycanl\u0131lar Az\u0259rbaycan idar\u0259\u00e7ilik sistemind\u0259 i\u015f tapan kimi m\u00fc\u0259yy\u0259n t\u0259xribat v\u0259 t\u0259bli\u011fatlarla h\u00f6kum\u0259ti \u0259l\u0259 ke\u00e7ir\u0259c\u0259k. Bel\u0259 bir sual yaran\u0131r: D\u00fcnyada \u201cHizm\u0259t\u201d h\u0259r\u0259kat\u0131ndan olan \u015f\u0259xsl\u0259rin t\u0259xribat\u0131 v\u0259 terro\u00e7ulu\u011fu il\u0259 qar\u015f\u0131la\u015fan olubmu? Televiziya v\u0259 m\u0259tbuat\u0131n yaln\u0131\u015f ifad\u0259sini d\u0259 d\u00fcz\u0259ltm\u0259y\u0259 \u00e7al\u0131\u015f\u0131m. M\u0259tbuatda nec\u0259 ki, \u0259lilliyi olan \u015f\u0259xsl\u0259r\u0259 \u201cfiziki m\u0259hdudiyy\u0259tli\u201d ifad\u0259si \u0259v\u0259zin\u0259 k\u00f6k\u00fcnd\u0259n yaln\u0131\u015f olan \u201cfiziki q\u00fcsurlu\u201d s\u00f6z\u00fc soxu\u015fdurulubsa, \u201cHizm\u0259t\u201d h\u0259r\u0259kat\u0131n\u0131 da \u201cnur\u00e7uluq\u201dla qar\u0131\u015fd\u0131r\u0131rlar v\u0259 onu el\u0259 adland\u0131r\u0131rlar. N\u0259z\u0259riniz\u0259 \u00e7atd\u0131r\u0131m ki, \u201cnur\u00e7uluq\u201d tamamil\u0259 ba\u015fqa c\u0259r\u0259yand\u0131r v\u0259 onlar\u0131n \u201cHizm\u0259t\u201d h\u0259r\u0259kat\u0131na antipatiyalar\u0131 var.\n<\/p>\n<p>\n  \u018fslind\u0259 h\u00f6k\u00fcm\u0259t bu m\u0259kt\u0259bl\u0259ri ba\u011flamaq ist\u0259mirdi. \u018fvv\u0259lc\u0259 onlar\u0131n \u0259n\u0259n\u0259vi ad\u0131 d\u0259yi\u015fdirildi, sonra Az\u0259rbaycan D\u00f6vl\u0259t Neft \u015eirk\u0259tin\u0259 birl\u0259\u015fdirildi. He\u00e7 biri Erdo\u011fan\u0131 \u00f6z t\u0259rs prinsipind\u0259n \u00e7\u0259kindirm\u0259di. Ba\u011flanmal\u0131d\u0131r, v\u0259ssalam! V\u0259 t\u0259\u0259ss\u00fcf ki, ba\u011fland\u0131&#8230;<br \/>\n  <br \/>\n  Bu m\u0259kt\u0259bl\u0259r biz\u0259 20 ild\u0259 \u00f6lk\u0259miz\u0259 xaricd\u0259n 590 medal g\u0259tir\u0259n m\u0259kt\u0259blil\u0259r vermi\u015fdi. B\u0259rd\u0259 \u015f\u0259h\u0259r \u00f6z\u0259l t\u00fcrk m\u0259kt\u0259bind\u0259n d\u00fcnyan\u0131n \u0259n g\u0259nc alimi S\u0259nan Eminov, Quba m\u0259kt\u0259bind\u0259n Tural B\u0259dirxanl\u0131 (Tural\u0131n \u201cNamo mediya\u201d layih\u0259sin\u0259 \u201cTwitter\u201d sosial \u015f\u0259b\u0259k\u0259sind\u0259n 50 milyon al\u0131b, bu layih\u0259 art\u0131q \u201cTwitter\u201din bir par\u00e7as\u0131 kimi f\u0259aliyy\u0259t g\u00f6st\u0259r\u0259c\u0259k), A\u011fda\u015f \u00f6z\u0259l t\u00fcrk liseyinin m\u0259zunu, Harvardda t\u0259hsil alan ilk az\u0259rbaycanl\u0131, v\u0259t\u0259nda\u015f c\u0259miyy\u0259tinin f\u0259allar\u0131ndan biri B\u0259xtiyar Hac\u0131yevi d\u0259 misal g\u00f6st\u0259rm\u0259k olar. V\u0259 daha n\u0259 q\u0259d\u0259r bel\u0259 g\u0259ncl\u0259r&#8230;<br \/>\n  <br \/>\n  \u018fziz mill\u0259t, unutmay\u0131n ki \u0259n b\u00f6y\u00fck d\u00fc\u015fm\u0259n &#8211; cahillikdir. M\u00fcs\u0259lmanlar\u0131n b\u0259zil\u0259ri m\u0259kt\u0259bl\u0259rd\u0259 hicab\u0131n qada\u011fan olunma\u011f\u0131na etiraz edir. Etiraz aksiyalar\u0131 ke\u00e7iriril\u0259r. Amma bu adamlar Qurani-K\u0259rimd\u0259 ilk \u0259mr olan \u201cOXU\u201d s\u00f6z\u00fcn\u00fc v\u0259 pey\u011f\u0259mb\u0259rimizin \u201cElm \u00fc\u00e7\u00fcn \u00c7in\u0259 bel\u0259 gedin\u201d t\u00f6vsiyy\u0259sini unudurlar dey\u0259s\u0259n&#8230;\n<\/p>\n<p>\n  <b><br \/>\n    Yaz\u0131dak\u0131 fikirl\u0259r m\u00fc\u0259llifin \u015f\u0259xsi fikirl\u0259ridir v\u0259 sad\u0259c\u0259 m\u00fc\u0259llif m\u0259suliyy\u0259t da\u015f\u0131y\u0131r.<br \/>\n  <\/b><\/p>\n","protected":false},"excerpt":{"rendered":"<p>\u018flils\u0259ns\u0259, bu \u00f6lk\u0259d\u0259 t\u0259hsil alma\u011fa haqq\u0131n yoxdur&#8230;<\/p>\n","protected":false},"author":11,"featured_media":10454,"comment_status":"closed","ping_status":"open","sticky":false,"template":"","format":"standard","meta":{"_acf_changed":false,"_sitemap_exclude":false,"_sitemap_priority":"","_sitemap_frequency":"","footnotes":""},"categories":[57],"tags":[],"class_list":["post-164440","post","type-post","status-publish","format-standard","has-post-thumbnail","hentry","category-menim-fikrimce","infinite-scroll-item","generate-columns","tablet-grid-50","mobile-grid-100","grid-parent","grid-33","no-featured-image-padding"],"acf":[],"yoast_head":"<!-- This site is optimized with the Yoast SEO plugin v27.4 - https:\/\/yoast.com\/product\/yoast-seo-wordpress\/ -->\n<title>\u00d6lk\u0259ni m\u0259hv etm\u0259k ist\u0259yirs\u0259ns\u0259... - MEYDAN.TV<\/title>\n<meta name=\"robots\" content=\"index, follow, max-snippet:-1, max-image-preview:large, max-video-preview:-1\" \/>\n<link rel=\"canonical\" href=\"https:\/\/www.meydan.tv\/az\/article\/olkeni-mehv-etmek-isteyirsense\/\" \/>\n<meta property=\"og:locale\" content=\"az_AZ\" \/>\n<meta property=\"og:type\" content=\"article\" \/>\n<meta property=\"og:title\" content=\"\u00d6lk\u0259ni m\u0259hv etm\u0259k ist\u0259yirs\u0259ns\u0259... - MEYDAN.TV\" \/>\n<meta property=\"og:description\" content=\"\u018flils\u0259ns\u0259, bu \u00f6lk\u0259d\u0259 t\u0259hsil alma\u011fa haqq\u0131n yoxdur...\" \/>\n<meta property=\"og:url\" content=\"https:\/\/www.meydan.tv\/az\/article\/olkeni-mehv-etmek-isteyirsense\/\" \/>\n<meta property=\"og:site_name\" content=\"MEYDAN.TV\" \/>\n<meta property=\"article:published_time\" content=\"2014-06-28T21:08:57+00:00\" \/>\n<meta property=\"og:image\" content=\"https:\/\/www.meydan.tv\/wp-content\/uploads\/3288.png\" \/>\n\t<meta property=\"og:image:width\" content=\"500\" \/>\n\t<meta property=\"og:image:height\" content=\"500\" \/>\n\t<meta property=\"og:image:type\" content=\"image\/png\" \/>\n<meta name=\"author\" content=\"user-manager\" \/>\n<meta name=\"twitter:card\" content=\"summary_large_image\" \/>\n<script type=\"application\/ld+json\" class=\"yoast-schema-graph\">{\"@context\":\"https:\\\/\\\/schema.org\",\"@graph\":[{\"@type\":\"Article\",\"@id\":\"https:\\\/\\\/www.meydan.tv\\\/az\\\/article\\\/olkeni-mehv-etmek-isteyirsense\\\/#article\",\"isPartOf\":{\"@id\":\"https:\\\/\\\/www.meydan.tv\\\/az\\\/article\\\/olkeni-mehv-etmek-isteyirsense\\\/\"},\"author\":{\"name\":\"user-manager\",\"@id\":\"https:\\\/\\\/www.meydan.tv\\\/az\\\/#\\\/schema\\\/person\\\/10d11eccf6da3662cf5fdab9806ea91a\"},\"headline\":\"\u00d6lk\u0259ni m\u0259hv etm\u0259k ist\u0259yirs\u0259ns\u0259&#8230;\",\"datePublished\":\"2014-06-28T21:08:57+00:00\",\"mainEntityOfPage\":{\"@id\":\"https:\\\/\\\/www.meydan.tv\\\/az\\\/article\\\/olkeni-mehv-etmek-isteyirsense\\\/\"},\"wordCount\":1459,\"publisher\":{\"@id\":\"https:\\\/\\\/www.meydan.tv\\\/az\\\/#organization\"},\"image\":{\"@id\":\"https:\\\/\\\/www.meydan.tv\\\/az\\\/article\\\/olkeni-mehv-etmek-isteyirsense\\\/#primaryimage\"},\"thumbnailUrl\":\"https:\\\/\\\/www.meydan.tv\\\/wp-content\\\/uploads\\\/3288.png\",\"articleSection\":[\"M\u0259nim Fikrimc\u0259\"],\"inLanguage\":\"az\"},{\"@type\":\"WebPage\",\"@id\":\"https:\\\/\\\/www.meydan.tv\\\/az\\\/article\\\/olkeni-mehv-etmek-isteyirsense\\\/\",\"url\":\"https:\\\/\\\/www.meydan.tv\\\/az\\\/article\\\/olkeni-mehv-etmek-isteyirsense\\\/\",\"name\":\"\u00d6lk\u0259ni m\u0259hv etm\u0259k ist\u0259yirs\u0259ns\u0259... - MEYDAN.TV\",\"isPartOf\":{\"@id\":\"https:\\\/\\\/www.meydan.tv\\\/az\\\/#website\"},\"primaryImageOfPage\":{\"@id\":\"https:\\\/\\\/www.meydan.tv\\\/az\\\/article\\\/olkeni-mehv-etmek-isteyirsense\\\/#primaryimage\"},\"image\":{\"@id\":\"https:\\\/\\\/www.meydan.tv\\\/az\\\/article\\\/olkeni-mehv-etmek-isteyirsense\\\/#primaryimage\"},\"thumbnailUrl\":\"https:\\\/\\\/www.meydan.tv\\\/wp-content\\\/uploads\\\/3288.png\",\"datePublished\":\"2014-06-28T21:08:57+00:00\",\"breadcrumb\":{\"@id\":\"https:\\\/\\\/www.meydan.tv\\\/az\\\/article\\\/olkeni-mehv-etmek-isteyirsense\\\/#breadcrumb\"},\"inLanguage\":\"az\",\"potentialAction\":[{\"@type\":\"ReadAction\",\"target\":[\"https:\\\/\\\/www.meydan.tv\\\/az\\\/article\\\/olkeni-mehv-etmek-isteyirsense\\\/\"]}]},{\"@type\":\"ImageObject\",\"inLanguage\":\"az\",\"@id\":\"https:\\\/\\\/www.meydan.tv\\\/az\\\/article\\\/olkeni-mehv-etmek-isteyirsense\\\/#primaryimage\",\"url\":\"https:\\\/\\\/www.meydan.tv\\\/wp-content\\\/uploads\\\/3288.png\",\"contentUrl\":\"https:\\\/\\\/www.meydan.tv\\\/wp-content\\\/uploads\\\/3288.png\",\"width\":500,\"height\":500,\"caption\":\"Source:\"},{\"@type\":\"BreadcrumbList\",\"@id\":\"https:\\\/\\\/www.meydan.tv\\\/az\\\/article\\\/olkeni-mehv-etmek-isteyirsense\\\/#breadcrumb\",\"itemListElement\":[{\"@type\":\"ListItem\",\"position\":1,\"name\":\"Ana s\u0259hif\u0259\",\"item\":\"https:\\\/\\\/www.meydan.tv\\\/az\\\/\"},{\"@type\":\"ListItem\",\"position\":2,\"name\":\"M\u0259nim Fikrimc\u0259\",\"item\":\"https:\\\/\\\/www.meydan.tv\\\/az\\\/section\\\/menim-fikrimce\\\/\"},{\"@type\":\"ListItem\",\"position\":3,\"name\":\"\u00d6lk\u0259ni m\u0259hv etm\u0259k ist\u0259yirs\u0259ns\u0259&#8230;\"}]},{\"@type\":\"WebSite\",\"@id\":\"https:\\\/\\\/www.meydan.tv\\\/az\\\/#website\",\"url\":\"https:\\\/\\\/www.meydan.tv\\\/az\\\/\",\"name\":\"MEYDAN.TV\",\"description\":\"Meydan TV Az\u0259rbaycan\u0131n media m\u0259kan\u0131ndak\u0131 alternativ s\u0259sidir\",\"publisher\":{\"@id\":\"https:\\\/\\\/www.meydan.tv\\\/az\\\/#organization\"},\"potentialAction\":[{\"@type\":\"SearchAction\",\"target\":{\"@type\":\"EntryPoint\",\"urlTemplate\":\"https:\\\/\\\/www.meydan.tv\\\/az\\\/?s={search_term_string}\"},\"query-input\":{\"@type\":\"PropertyValueSpecification\",\"valueRequired\":true,\"valueName\":\"search_term_string\"}}],\"inLanguage\":\"az\"},{\"@type\":\"Organization\",\"@id\":\"https:\\\/\\\/www.meydan.tv\\\/az\\\/#organization\",\"name\":\"Meydan TV\",\"url\":\"https:\\\/\\\/www.meydan.tv\\\/az\\\/\",\"logo\":{\"@type\":\"ImageObject\",\"inLanguage\":\"az\",\"@id\":\"https:\\\/\\\/www.meydan.tv\\\/az\\\/#\\\/schema\\\/logo\\\/image\\\/\",\"url\":\"https:\\\/\\\/www.meydan.tv\\\/wp-content\\\/uploads\\\/2021\\\/07\\\/meydan-logo.svg\",\"contentUrl\":\"https:\\\/\\\/www.meydan.tv\\\/wp-content\\\/uploads\\\/2021\\\/07\\\/meydan-logo.svg\",\"width\":195,\"height\":46,\"caption\":\"Meydan TV\"},\"image\":{\"@id\":\"https:\\\/\\\/www.meydan.tv\\\/az\\\/#\\\/schema\\\/logo\\\/image\\\/\"}},{\"@type\":\"Person\",\"@id\":\"https:\\\/\\\/www.meydan.tv\\\/az\\\/#\\\/schema\\\/person\\\/10d11eccf6da3662cf5fdab9806ea91a\",\"name\":\"user-manager\"}]}<\/script>\n<!-- \/ Yoast SEO plugin. -->","yoast_head_json":{"title":"\u00d6lk\u0259ni m\u0259hv etm\u0259k ist\u0259yirs\u0259ns\u0259... - MEYDAN.TV","robots":{"index":"index","follow":"follow","max-snippet":"max-snippet:-1","max-image-preview":"max-image-preview:large","max-video-preview":"max-video-preview:-1"},"canonical":"https:\/\/www.meydan.tv\/az\/article\/olkeni-mehv-etmek-isteyirsense\/","og_locale":"az_AZ","og_type":"article","og_title":"\u00d6lk\u0259ni m\u0259hv etm\u0259k ist\u0259yirs\u0259ns\u0259... - MEYDAN.TV","og_description":"\u018flils\u0259ns\u0259, bu \u00f6lk\u0259d\u0259 t\u0259hsil alma\u011fa haqq\u0131n yoxdur...","og_url":"https:\/\/www.meydan.tv\/az\/article\/olkeni-mehv-etmek-isteyirsense\/","og_site_name":"MEYDAN.TV","article_published_time":"2014-06-28T21:08:57+00:00","og_image":[{"width":500,"height":500,"url":"https:\/\/www.meydan.tv\/wp-content\/uploads\/3288.png","type":"image\/png"}],"author":"user-manager","twitter_card":"summary_large_image","schema":{"@context":"https:\/\/schema.org","@graph":[{"@type":"Article","@id":"https:\/\/www.meydan.tv\/az\/article\/olkeni-mehv-etmek-isteyirsense\/#article","isPartOf":{"@id":"https:\/\/www.meydan.tv\/az\/article\/olkeni-mehv-etmek-isteyirsense\/"},"author":{"name":"user-manager","@id":"https:\/\/www.meydan.tv\/az\/#\/schema\/person\/10d11eccf6da3662cf5fdab9806ea91a"},"headline":"\u00d6lk\u0259ni m\u0259hv etm\u0259k ist\u0259yirs\u0259ns\u0259&#8230;","datePublished":"2014-06-28T21:08:57+00:00","mainEntityOfPage":{"@id":"https:\/\/www.meydan.tv\/az\/article\/olkeni-mehv-etmek-isteyirsense\/"},"wordCount":1459,"publisher":{"@id":"https:\/\/www.meydan.tv\/az\/#organization"},"image":{"@id":"https:\/\/www.meydan.tv\/az\/article\/olkeni-mehv-etmek-isteyirsense\/#primaryimage"},"thumbnailUrl":"https:\/\/www.meydan.tv\/wp-content\/uploads\/3288.png","articleSection":["M\u0259nim Fikrimc\u0259"],"inLanguage":"az"},{"@type":"WebPage","@id":"https:\/\/www.meydan.tv\/az\/article\/olkeni-mehv-etmek-isteyirsense\/","url":"https:\/\/www.meydan.tv\/az\/article\/olkeni-mehv-etmek-isteyirsense\/","name":"\u00d6lk\u0259ni m\u0259hv etm\u0259k ist\u0259yirs\u0259ns\u0259... - MEYDAN.TV","isPartOf":{"@id":"https:\/\/www.meydan.tv\/az\/#website"},"primaryImageOfPage":{"@id":"https:\/\/www.meydan.tv\/az\/article\/olkeni-mehv-etmek-isteyirsense\/#primaryimage"},"image":{"@id":"https:\/\/www.meydan.tv\/az\/article\/olkeni-mehv-etmek-isteyirsense\/#primaryimage"},"thumbnailUrl":"https:\/\/www.meydan.tv\/wp-content\/uploads\/3288.png","datePublished":"2014-06-28T21:08:57+00:00","breadcrumb":{"@id":"https:\/\/www.meydan.tv\/az\/article\/olkeni-mehv-etmek-isteyirsense\/#breadcrumb"},"inLanguage":"az","potentialAction":[{"@type":"ReadAction","target":["https:\/\/www.meydan.tv\/az\/article\/olkeni-mehv-etmek-isteyirsense\/"]}]},{"@type":"ImageObject","inLanguage":"az","@id":"https:\/\/www.meydan.tv\/az\/article\/olkeni-mehv-etmek-isteyirsense\/#primaryimage","url":"https:\/\/www.meydan.tv\/wp-content\/uploads\/3288.png","contentUrl":"https:\/\/www.meydan.tv\/wp-content\/uploads\/3288.png","width":500,"height":500,"caption":"Source:"},{"@type":"BreadcrumbList","@id":"https:\/\/www.meydan.tv\/az\/article\/olkeni-mehv-etmek-isteyirsense\/#breadcrumb","itemListElement":[{"@type":"ListItem","position":1,"name":"Ana s\u0259hif\u0259","item":"https:\/\/www.meydan.tv\/az\/"},{"@type":"ListItem","position":2,"name":"M\u0259nim Fikrimc\u0259","item":"https:\/\/www.meydan.tv\/az\/section\/menim-fikrimce\/"},{"@type":"ListItem","position":3,"name":"\u00d6lk\u0259ni m\u0259hv etm\u0259k ist\u0259yirs\u0259ns\u0259&#8230;"}]},{"@type":"WebSite","@id":"https:\/\/www.meydan.tv\/az\/#website","url":"https:\/\/www.meydan.tv\/az\/","name":"MEYDAN.TV","description":"Meydan TV Az\u0259rbaycan\u0131n media m\u0259kan\u0131ndak\u0131 alternativ s\u0259sidir","publisher":{"@id":"https:\/\/www.meydan.tv\/az\/#organization"},"potentialAction":[{"@type":"SearchAction","target":{"@type":"EntryPoint","urlTemplate":"https:\/\/www.meydan.tv\/az\/?s={search_term_string}"},"query-input":{"@type":"PropertyValueSpecification","valueRequired":true,"valueName":"search_term_string"}}],"inLanguage":"az"},{"@type":"Organization","@id":"https:\/\/www.meydan.tv\/az\/#organization","name":"Meydan TV","url":"https:\/\/www.meydan.tv\/az\/","logo":{"@type":"ImageObject","inLanguage":"az","@id":"https:\/\/www.meydan.tv\/az\/#\/schema\/logo\/image\/","url":"https:\/\/www.meydan.tv\/wp-content\/uploads\/2021\/07\/meydan-logo.svg","contentUrl":"https:\/\/www.meydan.tv\/wp-content\/uploads\/2021\/07\/meydan-logo.svg","width":195,"height":46,"caption":"Meydan TV"},"image":{"@id":"https:\/\/www.meydan.tv\/az\/#\/schema\/logo\/image\/"}},{"@type":"Person","@id":"https:\/\/www.meydan.tv\/az\/#\/schema\/person\/10d11eccf6da3662cf5fdab9806ea91a","name":"user-manager"}]}},"_links":{"self":[{"href":"https:\/\/www.meydan.tv\/az\/wp-json\/wp\/v2\/posts\/164440","targetHints":{"allow":["GET"]}}],"collection":[{"href":"https:\/\/www.meydan.tv\/az\/wp-json\/wp\/v2\/posts"}],"about":[{"href":"https:\/\/www.meydan.tv\/az\/wp-json\/wp\/v2\/types\/post"}],"author":[{"embeddable":true,"href":"https:\/\/www.meydan.tv\/az\/wp-json\/wp\/v2\/users\/11"}],"replies":[{"embeddable":true,"href":"https:\/\/www.meydan.tv\/az\/wp-json\/wp\/v2\/comments?post=164440"}],"version-history":[{"count":0,"href":"https:\/\/www.meydan.tv\/az\/wp-json\/wp\/v2\/posts\/164440\/revisions"}],"wp:featuredmedia":[{"embeddable":true,"href":"https:\/\/www.meydan.tv\/az\/wp-json\/wp\/v2\/media\/10454"}],"wp:attachment":[{"href":"https:\/\/www.meydan.tv\/az\/wp-json\/wp\/v2\/media?parent=164440"}],"wp:term":[{"taxonomy":"category","embeddable":true,"href":"https:\/\/www.meydan.tv\/az\/wp-json\/wp\/v2\/categories?post=164440"},{"taxonomy":"post_tag","embeddable":true,"href":"https:\/\/www.meydan.tv\/az\/wp-json\/wp\/v2\/tags?post=164440"}],"curies":[{"name":"wp","href":"https:\/\/api.w.org\/{rel}","templated":true}]}}