{"id":164421,"date":"2014-06-25T15:21:58","date_gmt":"2014-06-25T15:21:58","guid":{"rendered":"https:\/\/www.meydan.tv\/article\/baglanan-hizmet-litseylerin-arxasindaki-hekaye\/"},"modified":"2014-06-25T15:21:58","modified_gmt":"2014-06-25T15:21:58","slug":"baglanan-hizmet-litseylerin-arxasindaki-hekaye","status":"publish","type":"post","link":"https:\/\/www.meydan.tv\/az\/article\/baglanan-hizmet-litseylerin-arxasindaki-hekaye\/","title":{"rendered":"Ba\u011flanan \u201cHizmet\u201d litseyl\u0259rin arxas\u0131ndak\u0131 hekay\u0259"},"content":{"rendered":"<figure class=\"wp-block-image size-large\">\n  <img decoding=\"async\" src=\"https:\/\/www.meydan.tv\/az\/10852\/\" alt=\"\" class=\"wp-image-10852\"\/><figcaption><\/figcaption><\/figure>\n<figure class=\"wp-block-image size-large\">\n  <img decoding=\"async\" src=\"https:\/\/www.meydan.tv\/az\/10855\/\" alt=\"\" class=\"wp-image-10855\"\/><figcaption><\/figcaption><\/figure>\n<p>\n  Ne\u00e7\u0259 ill\u0259rdir deyirik ki, \u00c7a\u011f \u00d6\u011fretimin Az\u0259rbaycandak\u0131 YAP iqtidar\u0131 il\u0259 oynad\u0131\u011f\u0131 r\u0259qsin ax\u0131r\u0131 yoxdur. Bilirdik ki G\u00fcl\u0259n Camaat\u0131 el\u0259 z\u0259nn edir ki, hakimiyy\u0259ti onlar y\u00f6nl\u0259ndirirl\u0259r. N\u0259tic\u0259d\u0259 m\u0259lum oldu ki, kim kim\u0259 y\u00f6n verir. \u00c7a\u011f \u00d6\u011fretimd\u0259ki m\u00fc\u0259lliml\u0259ri v\u0259 i\u015f\u00e7il\u0259ri ilk \u00f6nc\u0259 yalta\u011fa \u00e7evirdil\u0259r, \u00a0daha sonra sistemin yalamas\u0131 oldular. \u0130ndi is\u0259 litseyl\u0259r v\u0259 kurslar ba\u011flan\u0131l\u0131r. V\u0259 daha sonra da onlar\u0131 terrorist v\u0259 ya qeyri-leqal bandit d\u0259st\u0259si elan ed\u0259c\u0259kl\u0259r. \u0130nsan oxudu\u011fu t\u0259hsil oca\u011f\u0131n\u0131n ba\u011flanmas\u0131na heyfl\u0259nir, ancaq bu n\u0259tic\u0259nin olaca\u011f\u0131n\u0131 bilirdik&#8230; \u00dc\u00e7 sual\u0131m var:\n<\/p>\n<p>\n  <b><br \/>\n    Bu litseyler qurulma m\u0259qs\u0259di ba\u015fda n\u0259 idi v\u0259 indi n\u0259 oldu?<br \/>\n  <\/b>\n<\/p>\n<p>\n  Bu litseylerin ilk m\u0259qs\u0259di T\u00fcrkiy\u0259nin dostlar\u0131 d\u00fcnyada art\u0131rmaq v\u0259 h\u0259m\u00e7inin dinl\u0259r aras\u0131 dialoq d\u00fc\u015f\u00fcnc\u0259sini yaymaq idi. Dig\u0259r t\u0259r\u0259fd\u0259n Az\u0259rbaycan kimi 70 il Sovetin \u0259sar\u0259tind\u0259 qalan islam co\u011frafiyas\u0131n\u0131n inki\u015faf\u0131nda x\u00fcsusi rol al\u0131b d\u00fcnyada T\u00fcrkiy\u0259nin g\u00fccl\u00fc t\u0259r\u0259fda\u015flar\u0131n\u0131n say\u0131n\u0131 art\u0131rmaq idi. 90-c\u0131 ill\u0259rd\u0259 T\u00fcrkiy\u0259d\u0259 hans\u0131 h\u00f6kum\u0259tin olmas\u0131ndan as\u0131l\u0131 olmayaraq T\u00fcrkiy\u0259 bu h\u0259r\u0259kat\u0131n arxas\u0131nda idi. H\u0259m\u00e7inin AB\u015e bel\u0259 bu litseyl\u0259rin arxas\u0131nda dayanan h\u0259r\u0259kata d\u0259st\u0259k oldu v\u0259 onlar\u0131 radikal islama alternativ olaraq g\u00f6rd\u00fc. Ancaq bu \u00f6lk\u0259l\u0259rd\u0259 ba\u015flayan demokratik h\u0259r\u0259katlar k\u00f6hn\u0259 sistemin qal\u0131qlar\u0131na m\u0259\u011flub olduqda avtoritar rejiml\u0259r bu \u00f6lk\u0259d\u0259 iqtidara g\u0259ldil\u0259r.. \u00d6zb\u0259kistan \u201cHizmet\u201d h\u0259r\u0259kat\u0131n\u0131n t\u0259hsil ocaqlar\u0131n\u0131 ba\u011flasada, dig\u0259r \u00f6lk\u0259l\u0259r \u00f6zl\u0259rin\u0259 m\u0259xsus limitl\u0259r g\u0259tirdi. Az\u0259rbaycandak\u0131 \u00c7a\u011f \u00d6\u011fretim qurumlar\u0131 avtoritar rejiml\u0259 b\u0259rab\u0259r i\u015fl\u0259m\u0259y\u0259 q\u0259rar verdil\u0259r, \u0259lb\u0259tt\u0259 ki bunda T\u00fcrkiy\u0259 Az\u0259rbaycan h\u00f6kum\u0259tl\u0259rinin yax\u0131nl\u0131\u011f\u0131 \u0259sas rol oynay\u0131rd\u0131. H\u0259tta bu \u0259m\u0259kda\u015fl\u0131q el\u0259 n\u00f6qt\u0259y\u0259 \u00e7atd\u0131 ki, iqtidar\u0131n kadr \u0259skikliyini bu h\u0259r\u0259kat\u0131n sadiq \u00fczvl\u0259ri doldurdu. Bu \u00fczvl\u0259r ancaq d\u00f6vl\u0259t sektorunda deyil oliqarxlar\u0131n holdinql\u0259rind\u0259 d\u0259 vacib m\u00f6vqel\u0259rd\u0259 t\u0259msil olundular. H\u0259m\u00e7inin bu litseyl\u0259rd\u0259 yeti\u015fmi\u015fm\u00fcxalif m\u0259zunlar \u201cHizmet\u201d h\u0259r\u0259kat\u0131 t\u0259r\u0259find\u0259n qara l\u0259k\u0259 olaraq g\u00f6rd\u00fcld\u00fc v\u0259 onlarda uzaq durulma\u011fa \u00e7al\u0131\u015f\u0131ld\u0131. Bu h\u0259r\u0259kat\u0131n Az\u0259rbaycanda g\u0259ldiyi n\u00f6qt\u0259 bu idi: avtoritar rejimin sadiq savadl\u0131 h\u0259mkarlar\u0131.\n<\/p>\n<p>\n  <b><br \/>\n    Bu litseyler hans\u0131sa i\u015f adam\u0131n\u0131n pullar\u0131 il\u0259 qurulmay\u0131b, bunlar ads\u0131z q\u0259hr\u0259man Anadolu \u201cesnaf\u0131\u201d-n\u0131n v\u0259 insan\u0131n\u0131n pulu il\u0259 qurulub.\u00a0 Buna \u0259sas\u0259n litseyi ba\u011flay\u0131r\u0131q q\u0259rar\u0131n\u0131 \u00c7a\u011f \u00f6\u011fretim idar\u0259\u00e7il\u0259ri nec\u0259 verir? (Axir\u0259t\u0259 inanan bu idar\u0259\u00e7il\u0259r bel\u0259 insanlar\u0131n haqq\u0131n\u0131 nec\u0259 ver\u0259c\u0259k)?<br \/>\n  <\/b>\n<\/p>\n<p>\n  Bu h\u0259r\u0259kat\u0131n ilk qurulmas\u0131 haqda f\u0259rqli f\u0259rziyy\u0259l\u0259r var, ancaq burada \u0259sas m\u0259s\u0259l\u0259 h\u0259r\u0259kat\u0131n i\u015fl\u0259yi\u015f \u015f\u0259klidir. \u0130lk \u00f6ncs\u0259 onu deyim ki, 90-c\u0131 ill\u0259rin \u0259vv\u0259ll\u0259rind\u0259 camaat\u0131n bu g\u00fcnki kimi maddi resurslar\u0131 yox idi v\u0259 onlar ki\u00e7ik sahibkarlar\u0131n \u201chimm\u0259ti\u201d il\u0259 a\u00e7\u0131lm\u0131\u015fd\u0131. H\u0259m\u00e7inin \u00c7a\u011f \u00d6\u011fretimin sahibkar\u0131 g\u00f6r\u00fcn\u0259n (r\u0259smi olaraq) \u015f\u0259xs v\u0259 ya \u015f\u0259xsl\u0259r \u00f6z pullar\u0131n\u0131n hesab\u0131na bu t\u0259hsil oca\u011f\u0131n\u0131 t\u0259sis etm\u0259mi\u015fdil\u0259r, m\u0259hz bir \u00e7ox k\u00f6n\u00fcll\u00fc Anadolu \u201cesnaflar\u0131n\u201d hesab\u0131na qurulmu\u015fdu. Bununla b\u0259rab\u0259r, burda oxuyan \u015fagirdl\u0259rin t\u0259hsil x\u0259rcl\u0259rini d\u0259 el\u0259\u00a0 bu insanlar \u00f6d\u0259yirdi. Ancaq \u0259sas\u0259n Az\u0259rbaycanda bir ne\u00e7\u0259 il sonra \u201cHizmet\u201d \u00fczvl\u0259rinin v\u0259 d\u0259st\u0259kl\u0259y\u0259nl\u0259rinin say\u0131 artd\u0131qca t\u0259\u015fkilat\u0131n maddi g\u00fcc\u00fc artd\u0131. Bunda \u0259lb\u0259tt\u0259 ki Az\u0259rbaycan v\u0259 T\u00fcrkiy\u0259 \u0130\u015fadamlar\u0131 birliyi kimi t\u0259\u015fkilatlar\u0131n da rolu \u00e7ox idi. Ancaq \u201cHizmet\u201d h\u0259r\u0259kat\u0131n\u0131n Az\u0259rbaycanda g\u00fcc\u00fc artd\u0131qca litseyl\u0259rin t\u0259hsil haqqlar\u0131 da art\u0131r\u0131ld\u0131. Bunu bel\u0259 izah edirdil\u0259r ki, hakimiyy\u0259td\u0259 olan ail\u0259l\u0259rin u\u015faqlar\u0131n\u0131 bu t\u0259hsil ocaqlar\u0131na c\u0259lb etm\u0259k \u00fc\u00e7\u00fcn standartlar\u0131 art\u0131rmaq laz\u0131md\u0131r. Onlar\u0131n u\u015faqlar\u0131n\u0131n m\u0259n\u0259vi c\u0259h\u0259td\u0259n camaata ba\u011fl\u0131 qalacaqlard\u0131,ancaq ba\u011fl\u0131l\u0131\u011f\u0131n n\u0259tic\u0259sini g\u00f6rd\u00fck. H\u0259m\u00e7inin h\u0259r\u0259kat orta v\u0259 az g\u0259lirli ail\u0259l\u0259rin \u00f6vladlar\u0131na \u00e7atmaq \u00fc\u00e7\u00fcn \u0259sas vasit\u0259ni Araz kurslar\u0131 v\u0259 Qafqaz Universiteti olaraq g\u00f6r\u00fcrd\u00fc (T\u00fcrkiy\u0259d\u0259 oldu\u011fu kimi). Lakin ke\u00e7\u0259n il (2013) anla\u015f\u0131lmaz \u015f\u0259kild\u0259 \u00c7a\u011f \u00d6\u011fretim SOCAR-a sat\u0131ld\u0131, \u00e7\u00fcnki art\u0131q t\u0259hsild\u0259n \u00e7ox biznes maraqlar\u0131 vacib idi, halbuki ki bu t\u0259hsil ocaqlar\u0131nda y\u00fczl\u0259rl\u0259 insan\u0131n haqq\u0131 vard\u0131, v\u0259 onlardan he\u00e7n\u0259 soru\u015fulmad\u0131.\n<\/p>\n<p>\n  <b><br \/>\n    Sistemi i\u00e7ind\u0259n \u00e7\u00f6k\u0259ld\u0259c\u0259yik dey\u0259n \u201csaf dilik\u201d camaat indi n\u0259 ed\u0259c\u0259kl\u0259r \u00e7\u00fcnki bir sonrak\u0131 h\u0259d\u0259f onlard\u0131r?<br \/>\n  <\/b>\n<\/p>\n<p>\n  H\u0259r\u0259kat\u0131n bir m\u0259qs\u0259di is\u0259 \u0259dal\u0259tli nizam\u0131 yaratmaq \u00fc\u00e7\u00fcn \u0259dal\u0259tli v\u0259 vicdan\u0131 d\u00fczg\u00fcn t\u0259rbiy\u0259 edilmi\u015f f\u0259rdl\u0259r yeti\u015fdirm\u0259k idi. Ba\u015fda qula\u011fa xo\u015f g\u0259ls\u0259 d\u0259 h\u0259r\u0259kat\u0131n icraat\u0131 deyildiyi kimi olmad\u0131. \u201c\u018fdal\u0259tli\u201d v\u0259 \u201cvicdanl\u0131\u201d f\u0259rdl\u0259r sistemin i\u00e7ind\u0259 \u201cyozla\u015fd\u0131lar\u201d ya da s\u0131radan \u00e7\u0131xar\u0131ld\u0131lar. R\u00fc\u015fv\u0259ti z\u0259rfd\u0259 g\u00f6r\u00fcnc\u0259 bunu halal q\u0259bul etdil\u0259r v\u0259 MTN i\u015fl\u0259y\u0259n \u201cabil\u0259rin\u201d say\u0131n\u0131n artmas\u0131ndan narahat olmad\u0131lar. \u018fslind\u0259, ed\u0259 bil\u0259c\u0259kl\u0259ri ba\u015fqa \u015fey yox idi, \u00e7\u00fcnki sistemd\u0259 ba\u015fqa c\u00fcr ayaqda dura bilm\u0259zdil\u0259r. Onlar z\u0259nn etdil\u0259r ki, bu nizam ax\u0131ra q\u0259d\u0259r ged\u0259c\u0259k, ancaq T\u00fcrkiy\u0259 (Erdo\u011fan h\u00f6kum\u0259ti) d\u0259st\u0259yini \u00e7\u0259kinc\u0259 Az\u0259rbaycan Rejimi onlarla hesabla\u015fma\u011fa ba\u015flad\u0131 v\u0259 g\u00f6r\u00fcn\u00fcr bu davam ed\u0259c\u0259k. Unutmayaq ki, Az\u0259rbaycan iqtidar\u0131 Rusiyadak\u0131 sistemin ki\u00e7ik modelidir v\u0259 Rusiya \u201cHizmet\u201d h\u0259r\u0259kat\u0131n\u0131n b\u00fct\u00fcn t\u0259hsil ocaqlar\u0131n\u0131 ba\u011flay\u0131b. N\u0259tic\u0259d\u0259, Rusiyaya y\u00f6n\u0259l\u0259n (beyn\u0259lxalq siyas\u0259td\u0259) \u018fliyev rejimi Putin kimi bu t\u0259hsil ocaqlar\u0131n\u0131 ba\u011flama\u011fa ba\u015flayacaq. Rusiyadan f\u0259rqli olaraq Az\u0259rbaycanda h\u0259m d\u00f6vl\u0259td\u0259 m\u00fcxt\u0259lif t\u0259b\u0259q\u0259l\u0259rd\u0259 h\u0259m d\u0259 biznesd\u0259 g\u00fccl\u00fc olan \u201cHizmet\u201d h\u0259r\u0259kat\u0131 b\u0259rk bir hesabla\u015fma il\u0259 \u00fczl\u0259\u015f\u0259c\u0259k.\n<\/p>\n<p>\n  Yuxar\u0131da yazd\u0131qlar\u0131m bir \u00e7oxunun bildiyi h\u0259qiq\u0259tl\u0259rdir, \u201cHizmet\u201d h\u0259r\u0259kat\u0131n pis v\u0259 yax\u015f\u0131 y\u00f6nl\u0259ri il\u0259 anlamaq laz\u0131md\u0131r. V\u0259 unudulmamal\u0131d\u0131r ki, bu t\u0259hsil ocaqlar\u0131n\u0131n ba\u011flanmas\u0131 Az\u0259rbaycanda ancaq t\u0259hsil alan g\u0259ncliy\u0259 (\u0259sas\u0259n orta v\u0259 az g\u0259lirli ail\u0259l\u0259rd\u0259n olanlara) deyil, h\u0259m\u00e7inin t\u0259hsil k\u00f6n\u00fcll\u00fcl\u0259rin\u0259 vurulmu\u015f z\u0259rb\u0259dir. \u00c7\u00fcnki bu m\u00fc\u0259lliml\u0259r f\u0259rqind\u0259dir ki d\u00f6vl\u0259t m\u0259kt\u0259bl\u0259rind\u0259 veril\u0259n maa\u015fla d\u00fczg\u00fcn i\u015fl\u0259m\u0259k m\u00fcmk\u00fcn deyil, v\u0259 h\u0259r\u0259kat bu m\u00fc\u0259lliml\u0259ri \u00e7ox g\u00fcman ki,\u00a0 ba\u015fqa \u00f6lk\u0259l\u0259rd\u0259ki t\u0259hsil ocaqlar\u0131na y\u00f6nl\u0259ndir\u0259c\u0259k. V\u0259 ya h\u0259r\u0259kat\u0131n m\u0259murlar\u0131 kimi \u00a0yozla\u015facaqlar, bunu ancaq zaman g\u00f6st\u0259r\u0259c\u0259k.\n<\/p>\n<p>\n  <b><br \/>\n    Yaz\u0131dak\u0131 fikirl\u0259r m\u00fc\u0259llifin \u015f\u0259xsi fikirl\u0259ridir v\u0259 sad\u0259c\u0259 m\u00fc\u0259llif m\u0259suliyy\u0259t da\u015f\u0131y\u0131r.<br \/>\n  <\/b><\/p>\n","protected":false},"excerpt":{"rendered":"<p>Bu litseylerin ilk m\u0259qs\u0259di T\u00fcrkiy\u0259nin dostlar\u0131 d\u00fcnyada art\u0131rmaq v\u0259 h\u0259m\u00e7inin dinl\u0259r aras\u0131 dialoq d\u00fc\u015f\u00fcnc\u0259sini yaymaq idi&#8230;<\/p>\n","protected":false},"author":11,"featured_media":10852,"comment_status":"closed","ping_status":"open","sticky":false,"template":"","format":"standard","meta":{"_acf_changed":false,"_sitemap_exclude":false,"_sitemap_priority":"","_sitemap_frequency":"","footnotes":""},"categories":[57],"tags":[],"class_list":["post-164421","post","type-post","status-publish","format-standard","has-post-thumbnail","hentry","category-menim-fikrimce","infinite-scroll-item","generate-columns","tablet-grid-50","mobile-grid-100","grid-parent","grid-33","no-featured-image-padding"],"acf":[],"yoast_head":"<!-- This site is optimized with the Yoast SEO plugin v27.4 - https:\/\/yoast.com\/product\/yoast-seo-wordpress\/ -->\n<title>Ba\u011flanan \u201cHizmet\u201d litseyl\u0259rin arxas\u0131ndak\u0131 hekay\u0259 - MEYDAN.TV<\/title>\n<meta name=\"robots\" content=\"index, follow, max-snippet:-1, max-image-preview:large, max-video-preview:-1\" \/>\n<link rel=\"canonical\" href=\"https:\/\/www.meydan.tv\/az\/article\/baglanan-hizmet-litseylerin-arxasindaki-hekaye\/\" \/>\n<meta property=\"og:locale\" content=\"az_AZ\" \/>\n<meta property=\"og:type\" content=\"article\" \/>\n<meta property=\"og:title\" content=\"Ba\u011flanan \u201cHizmet\u201d litseyl\u0259rin arxas\u0131ndak\u0131 hekay\u0259 - MEYDAN.TV\" \/>\n<meta property=\"og:description\" content=\"Bu litseylerin ilk m\u0259qs\u0259di T\u00fcrkiy\u0259nin dostlar\u0131 d\u00fcnyada art\u0131rmaq v\u0259 h\u0259m\u00e7inin dinl\u0259r aras\u0131 dialoq d\u00fc\u015f\u00fcnc\u0259sini yaymaq idi...\" \/>\n<meta property=\"og:url\" content=\"https:\/\/www.meydan.tv\/az\/article\/baglanan-hizmet-litseylerin-arxasindaki-hekaye\/\" \/>\n<meta property=\"og:site_name\" content=\"MEYDAN.TV\" \/>\n<meta property=\"article:published_time\" content=\"2014-06-25T15:21:58+00:00\" \/>\n<meta property=\"og:image\" content=\"https:\/\/www.meydan.tv\/wp-content\/uploads\/3494.png\" \/>\n\t<meta property=\"og:image:width\" content=\"500\" \/>\n\t<meta property=\"og:image:height\" content=\"500\" \/>\n\t<meta property=\"og:image:type\" content=\"image\/png\" \/>\n<meta name=\"author\" content=\"user-manager\" \/>\n<meta name=\"twitter:card\" content=\"summary_large_image\" \/>\n<script type=\"application\/ld+json\" class=\"yoast-schema-graph\">{\"@context\":\"https:\\\/\\\/schema.org\",\"@graph\":[{\"@type\":\"Article\",\"@id\":\"https:\\\/\\\/www.meydan.tv\\\/az\\\/article\\\/baglanan-hizmet-litseylerin-arxasindaki-hekaye\\\/#article\",\"isPartOf\":{\"@id\":\"https:\\\/\\\/www.meydan.tv\\\/az\\\/article\\\/baglanan-hizmet-litseylerin-arxasindaki-hekaye\\\/\"},\"author\":{\"name\":\"user-manager\",\"@id\":\"https:\\\/\\\/www.meydan.tv\\\/az\\\/#\\\/schema\\\/person\\\/10d11eccf6da3662cf5fdab9806ea91a\"},\"headline\":\"Ba\u011flanan \u201cHizmet\u201d litseyl\u0259rin arxas\u0131ndak\u0131 hekay\u0259\",\"datePublished\":\"2014-06-25T15:21:58+00:00\",\"mainEntityOfPage\":{\"@id\":\"https:\\\/\\\/www.meydan.tv\\\/az\\\/article\\\/baglanan-hizmet-litseylerin-arxasindaki-hekaye\\\/\"},\"wordCount\":1319,\"publisher\":{\"@id\":\"https:\\\/\\\/www.meydan.tv\\\/az\\\/#organization\"},\"image\":{\"@id\":\"https:\\\/\\\/www.meydan.tv\\\/az\\\/article\\\/baglanan-hizmet-litseylerin-arxasindaki-hekaye\\\/#primaryimage\"},\"thumbnailUrl\":\"https:\\\/\\\/www.meydan.tv\\\/wp-content\\\/uploads\\\/3494.png\",\"articleSection\":[\"M\u0259nim Fikrimc\u0259\"],\"inLanguage\":\"az\"},{\"@type\":\"WebPage\",\"@id\":\"https:\\\/\\\/www.meydan.tv\\\/az\\\/article\\\/baglanan-hizmet-litseylerin-arxasindaki-hekaye\\\/\",\"url\":\"https:\\\/\\\/www.meydan.tv\\\/az\\\/article\\\/baglanan-hizmet-litseylerin-arxasindaki-hekaye\\\/\",\"name\":\"Ba\u011flanan \u201cHizmet\u201d litseyl\u0259rin arxas\u0131ndak\u0131 hekay\u0259 - MEYDAN.TV\",\"isPartOf\":{\"@id\":\"https:\\\/\\\/www.meydan.tv\\\/az\\\/#website\"},\"primaryImageOfPage\":{\"@id\":\"https:\\\/\\\/www.meydan.tv\\\/az\\\/article\\\/baglanan-hizmet-litseylerin-arxasindaki-hekaye\\\/#primaryimage\"},\"image\":{\"@id\":\"https:\\\/\\\/www.meydan.tv\\\/az\\\/article\\\/baglanan-hizmet-litseylerin-arxasindaki-hekaye\\\/#primaryimage\"},\"thumbnailUrl\":\"https:\\\/\\\/www.meydan.tv\\\/wp-content\\\/uploads\\\/3494.png\",\"datePublished\":\"2014-06-25T15:21:58+00:00\",\"breadcrumb\":{\"@id\":\"https:\\\/\\\/www.meydan.tv\\\/az\\\/article\\\/baglanan-hizmet-litseylerin-arxasindaki-hekaye\\\/#breadcrumb\"},\"inLanguage\":\"az\",\"potentialAction\":[{\"@type\":\"ReadAction\",\"target\":[\"https:\\\/\\\/www.meydan.tv\\\/az\\\/article\\\/baglanan-hizmet-litseylerin-arxasindaki-hekaye\\\/\"]}]},{\"@type\":\"ImageObject\",\"inLanguage\":\"az\",\"@id\":\"https:\\\/\\\/www.meydan.tv\\\/az\\\/article\\\/baglanan-hizmet-litseylerin-arxasindaki-hekaye\\\/#primaryimage\",\"url\":\"https:\\\/\\\/www.meydan.tv\\\/wp-content\\\/uploads\\\/3494.png\",\"contentUrl\":\"https:\\\/\\\/www.meydan.tv\\\/wp-content\\\/uploads\\\/3494.png\",\"width\":500,\"height\":500,\"caption\":\"Source:\"},{\"@type\":\"BreadcrumbList\",\"@id\":\"https:\\\/\\\/www.meydan.tv\\\/az\\\/article\\\/baglanan-hizmet-litseylerin-arxasindaki-hekaye\\\/#breadcrumb\",\"itemListElement\":[{\"@type\":\"ListItem\",\"position\":1,\"name\":\"Ana s\u0259hif\u0259\",\"item\":\"https:\\\/\\\/www.meydan.tv\\\/az\\\/\"},{\"@type\":\"ListItem\",\"position\":2,\"name\":\"M\u0259nim Fikrimc\u0259\",\"item\":\"https:\\\/\\\/www.meydan.tv\\\/az\\\/section\\\/menim-fikrimce\\\/\"},{\"@type\":\"ListItem\",\"position\":3,\"name\":\"Ba\u011flanan \u201cHizmet\u201d litseyl\u0259rin arxas\u0131ndak\u0131 hekay\u0259\"}]},{\"@type\":\"WebSite\",\"@id\":\"https:\\\/\\\/www.meydan.tv\\\/az\\\/#website\",\"url\":\"https:\\\/\\\/www.meydan.tv\\\/az\\\/\",\"name\":\"MEYDAN.TV\",\"description\":\"Meydan TV Az\u0259rbaycan\u0131n media m\u0259kan\u0131ndak\u0131 alternativ s\u0259sidir\",\"publisher\":{\"@id\":\"https:\\\/\\\/www.meydan.tv\\\/az\\\/#organization\"},\"potentialAction\":[{\"@type\":\"SearchAction\",\"target\":{\"@type\":\"EntryPoint\",\"urlTemplate\":\"https:\\\/\\\/www.meydan.tv\\\/az\\\/?s={search_term_string}\"},\"query-input\":{\"@type\":\"PropertyValueSpecification\",\"valueRequired\":true,\"valueName\":\"search_term_string\"}}],\"inLanguage\":\"az\"},{\"@type\":\"Organization\",\"@id\":\"https:\\\/\\\/www.meydan.tv\\\/az\\\/#organization\",\"name\":\"Meydan TV\",\"url\":\"https:\\\/\\\/www.meydan.tv\\\/az\\\/\",\"logo\":{\"@type\":\"ImageObject\",\"inLanguage\":\"az\",\"@id\":\"https:\\\/\\\/www.meydan.tv\\\/az\\\/#\\\/schema\\\/logo\\\/image\\\/\",\"url\":\"https:\\\/\\\/www.meydan.tv\\\/wp-content\\\/uploads\\\/2021\\\/07\\\/meydan-logo.svg\",\"contentUrl\":\"https:\\\/\\\/www.meydan.tv\\\/wp-content\\\/uploads\\\/2021\\\/07\\\/meydan-logo.svg\",\"width\":195,\"height\":46,\"caption\":\"Meydan TV\"},\"image\":{\"@id\":\"https:\\\/\\\/www.meydan.tv\\\/az\\\/#\\\/schema\\\/logo\\\/image\\\/\"}},{\"@type\":\"Person\",\"@id\":\"https:\\\/\\\/www.meydan.tv\\\/az\\\/#\\\/schema\\\/person\\\/10d11eccf6da3662cf5fdab9806ea91a\",\"name\":\"user-manager\"}]}<\/script>\n<!-- \/ Yoast SEO plugin. -->","yoast_head_json":{"title":"Ba\u011flanan \u201cHizmet\u201d litseyl\u0259rin arxas\u0131ndak\u0131 hekay\u0259 - MEYDAN.TV","robots":{"index":"index","follow":"follow","max-snippet":"max-snippet:-1","max-image-preview":"max-image-preview:large","max-video-preview":"max-video-preview:-1"},"canonical":"https:\/\/www.meydan.tv\/az\/article\/baglanan-hizmet-litseylerin-arxasindaki-hekaye\/","og_locale":"az_AZ","og_type":"article","og_title":"Ba\u011flanan \u201cHizmet\u201d litseyl\u0259rin arxas\u0131ndak\u0131 hekay\u0259 - MEYDAN.TV","og_description":"Bu litseylerin ilk m\u0259qs\u0259di T\u00fcrkiy\u0259nin dostlar\u0131 d\u00fcnyada art\u0131rmaq v\u0259 h\u0259m\u00e7inin dinl\u0259r aras\u0131 dialoq d\u00fc\u015f\u00fcnc\u0259sini yaymaq idi...","og_url":"https:\/\/www.meydan.tv\/az\/article\/baglanan-hizmet-litseylerin-arxasindaki-hekaye\/","og_site_name":"MEYDAN.TV","article_published_time":"2014-06-25T15:21:58+00:00","og_image":[{"width":500,"height":500,"url":"https:\/\/www.meydan.tv\/wp-content\/uploads\/3494.png","type":"image\/png"}],"author":"user-manager","twitter_card":"summary_large_image","schema":{"@context":"https:\/\/schema.org","@graph":[{"@type":"Article","@id":"https:\/\/www.meydan.tv\/az\/article\/baglanan-hizmet-litseylerin-arxasindaki-hekaye\/#article","isPartOf":{"@id":"https:\/\/www.meydan.tv\/az\/article\/baglanan-hizmet-litseylerin-arxasindaki-hekaye\/"},"author":{"name":"user-manager","@id":"https:\/\/www.meydan.tv\/az\/#\/schema\/person\/10d11eccf6da3662cf5fdab9806ea91a"},"headline":"Ba\u011flanan \u201cHizmet\u201d litseyl\u0259rin arxas\u0131ndak\u0131 hekay\u0259","datePublished":"2014-06-25T15:21:58+00:00","mainEntityOfPage":{"@id":"https:\/\/www.meydan.tv\/az\/article\/baglanan-hizmet-litseylerin-arxasindaki-hekaye\/"},"wordCount":1319,"publisher":{"@id":"https:\/\/www.meydan.tv\/az\/#organization"},"image":{"@id":"https:\/\/www.meydan.tv\/az\/article\/baglanan-hizmet-litseylerin-arxasindaki-hekaye\/#primaryimage"},"thumbnailUrl":"https:\/\/www.meydan.tv\/wp-content\/uploads\/3494.png","articleSection":["M\u0259nim Fikrimc\u0259"],"inLanguage":"az"},{"@type":"WebPage","@id":"https:\/\/www.meydan.tv\/az\/article\/baglanan-hizmet-litseylerin-arxasindaki-hekaye\/","url":"https:\/\/www.meydan.tv\/az\/article\/baglanan-hizmet-litseylerin-arxasindaki-hekaye\/","name":"Ba\u011flanan \u201cHizmet\u201d litseyl\u0259rin arxas\u0131ndak\u0131 hekay\u0259 - MEYDAN.TV","isPartOf":{"@id":"https:\/\/www.meydan.tv\/az\/#website"},"primaryImageOfPage":{"@id":"https:\/\/www.meydan.tv\/az\/article\/baglanan-hizmet-litseylerin-arxasindaki-hekaye\/#primaryimage"},"image":{"@id":"https:\/\/www.meydan.tv\/az\/article\/baglanan-hizmet-litseylerin-arxasindaki-hekaye\/#primaryimage"},"thumbnailUrl":"https:\/\/www.meydan.tv\/wp-content\/uploads\/3494.png","datePublished":"2014-06-25T15:21:58+00:00","breadcrumb":{"@id":"https:\/\/www.meydan.tv\/az\/article\/baglanan-hizmet-litseylerin-arxasindaki-hekaye\/#breadcrumb"},"inLanguage":"az","potentialAction":[{"@type":"ReadAction","target":["https:\/\/www.meydan.tv\/az\/article\/baglanan-hizmet-litseylerin-arxasindaki-hekaye\/"]}]},{"@type":"ImageObject","inLanguage":"az","@id":"https:\/\/www.meydan.tv\/az\/article\/baglanan-hizmet-litseylerin-arxasindaki-hekaye\/#primaryimage","url":"https:\/\/www.meydan.tv\/wp-content\/uploads\/3494.png","contentUrl":"https:\/\/www.meydan.tv\/wp-content\/uploads\/3494.png","width":500,"height":500,"caption":"Source:"},{"@type":"BreadcrumbList","@id":"https:\/\/www.meydan.tv\/az\/article\/baglanan-hizmet-litseylerin-arxasindaki-hekaye\/#breadcrumb","itemListElement":[{"@type":"ListItem","position":1,"name":"Ana s\u0259hif\u0259","item":"https:\/\/www.meydan.tv\/az\/"},{"@type":"ListItem","position":2,"name":"M\u0259nim Fikrimc\u0259","item":"https:\/\/www.meydan.tv\/az\/section\/menim-fikrimce\/"},{"@type":"ListItem","position":3,"name":"Ba\u011flanan \u201cHizmet\u201d litseyl\u0259rin arxas\u0131ndak\u0131 hekay\u0259"}]},{"@type":"WebSite","@id":"https:\/\/www.meydan.tv\/az\/#website","url":"https:\/\/www.meydan.tv\/az\/","name":"MEYDAN.TV","description":"Meydan TV Az\u0259rbaycan\u0131n media m\u0259kan\u0131ndak\u0131 alternativ s\u0259sidir","publisher":{"@id":"https:\/\/www.meydan.tv\/az\/#organization"},"potentialAction":[{"@type":"SearchAction","target":{"@type":"EntryPoint","urlTemplate":"https:\/\/www.meydan.tv\/az\/?s={search_term_string}"},"query-input":{"@type":"PropertyValueSpecification","valueRequired":true,"valueName":"search_term_string"}}],"inLanguage":"az"},{"@type":"Organization","@id":"https:\/\/www.meydan.tv\/az\/#organization","name":"Meydan TV","url":"https:\/\/www.meydan.tv\/az\/","logo":{"@type":"ImageObject","inLanguage":"az","@id":"https:\/\/www.meydan.tv\/az\/#\/schema\/logo\/image\/","url":"https:\/\/www.meydan.tv\/wp-content\/uploads\/2021\/07\/meydan-logo.svg","contentUrl":"https:\/\/www.meydan.tv\/wp-content\/uploads\/2021\/07\/meydan-logo.svg","width":195,"height":46,"caption":"Meydan TV"},"image":{"@id":"https:\/\/www.meydan.tv\/az\/#\/schema\/logo\/image\/"}},{"@type":"Person","@id":"https:\/\/www.meydan.tv\/az\/#\/schema\/person\/10d11eccf6da3662cf5fdab9806ea91a","name":"user-manager"}]}},"_links":{"self":[{"href":"https:\/\/www.meydan.tv\/az\/wp-json\/wp\/v2\/posts\/164421","targetHints":{"allow":["GET"]}}],"collection":[{"href":"https:\/\/www.meydan.tv\/az\/wp-json\/wp\/v2\/posts"}],"about":[{"href":"https:\/\/www.meydan.tv\/az\/wp-json\/wp\/v2\/types\/post"}],"author":[{"embeddable":true,"href":"https:\/\/www.meydan.tv\/az\/wp-json\/wp\/v2\/users\/11"}],"replies":[{"embeddable":true,"href":"https:\/\/www.meydan.tv\/az\/wp-json\/wp\/v2\/comments?post=164421"}],"version-history":[{"count":0,"href":"https:\/\/www.meydan.tv\/az\/wp-json\/wp\/v2\/posts\/164421\/revisions"}],"wp:featuredmedia":[{"embeddable":true,"href":"https:\/\/www.meydan.tv\/az\/wp-json\/wp\/v2\/media\/10852"}],"wp:attachment":[{"href":"https:\/\/www.meydan.tv\/az\/wp-json\/wp\/v2\/media?parent=164421"}],"wp:term":[{"taxonomy":"category","embeddable":true,"href":"https:\/\/www.meydan.tv\/az\/wp-json\/wp\/v2\/categories?post=164421"},{"taxonomy":"post_tag","embeddable":true,"href":"https:\/\/www.meydan.tv\/az\/wp-json\/wp\/v2\/tags?post=164421"}],"curies":[{"name":"wp","href":"https:\/\/api.w.org\/{rel}","templated":true}]}}