{"id":164377,"date":"2014-06-20T11:42:59","date_gmt":"2014-06-20T11:42:59","guid":{"rendered":"https:\/\/www.meydan.tv\/article\/din-hemise-kohnedir\/"},"modified":"2014-06-20T11:42:59","modified_gmt":"2014-06-20T11:42:59","slug":"din-hemise-kohnedir","status":"publish","type":"post","link":"https:\/\/www.meydan.tv\/az\/article\/din-hemise-kohnedir\/","title":{"rendered":"Din h\u0259mi\u015f\u0259 k\u00f6hn\u0259dir"},"content":{"rendered":"<figure class=\"wp-block-image size-large\">\n  <img decoding=\"async\" src=\"https:\/\/www.meydan.tv\/az\/10720\/\" alt=\"\" class=\"wp-image-10720\"\/><figcaption><\/figcaption><\/figure>\n<figure class=\"wp-block-image size-large\">\n  <img decoding=\"async\" src=\"https:\/\/www.meydan.tv\/az\/8057\/\" alt=\"\" class=\"wp-image-8057\"\/><figcaption><\/figcaption><\/figure>\n<p>\n  Y\u00fcsif V\u0259zir \u00c7\u0259m\u0259nz\u0259minlinin &#8220;Studentl\u0259r&#8221; \u0259s\u0259rind\u0259 \u0259n sevdiyim hiss\u0259l\u0259rd\u0259n biri b\u0259hail\u0259rin lideri il\u0259 \u0259s\u0259rin q\u0259hr\u0259man\u0131 R\u00fcst\u0259m b\u0259yin m\u0259ktubla\u015fmas\u0131d\u0131r.\n<\/p>\n<p>\n  XX \u018fsrin \u0259vv\u0259ll\u0259rind\u0259 yeni yay\u0131lma\u011fa ba\u015flayan v\u0259 daha \u00e7ox inetelektual insanlar\u0131 \u0259traf\u0131na toplama\u011fa \u00e7al\u0131\u015fan b\u0259hail\u0259rin r\u0259hb\u0259ri Ukraynada t\u0259hsil alan Az\u0259rbaycanl\u0131 g\u0259nc R\u00fcst\u0259m b\u0259y\u0259 onlara qo\u015fulmaqla ba\u011fl\u0131 m\u00fcraci\u0259t yaz\u0131r. R\u00fcst\u0259m b\u0259yin dini g\u00f6r\u00fc\u015fl\u0259rinin qar\u0131\u015f\u0131q oldu\u011fu v\u0259 h\u0259tta b\u00fct\u00fcn dinl\u0259ri r\u0259dd etdiyi \u00fc\u00e7\u00fcn b\u0259hail\u0259rin lideri d\u0259 m\u0259ktubunda R\u00fcst\u0259m b\u0259y\u0259 kifay\u0259t q\u0259d\u0259r \u0259sasland\u0131rmalar etm\u0259y\u0259 ba\u015flay\u0131b. \u018fn az\u0131ndan R\u00fcst\u0259m b\u0259yin cavab m\u0259ktubunda bu bel\u0259 g\u00f6r\u00fcn\u00fcr. Bu \u0259sasland\u0131rmalardan birinin d\u0259 b\u0259hailiyin yeni v\u0259 f\u0259rqli din oldu\u011fu il\u0259 ba\u011fl\u0131d\u0131r. \u018fs\u0259rin q\u0259hr\u0259man\u0131 is\u0259 ona cavab\u0131nda bel\u0259 deyir: &#8220;Bu arada, qeyd edirsiz ki, b\u0259hailik yeni dindir. Burada da yan\u0131l\u0131rs\u0131z. Din he\u00e7 vaxt yeni ola bilm\u0259z, din h\u0259mi\u015f\u0259 k\u00f6hn\u0259dir&#8221;.\n<\/p>\n<p>\n  B\u0259li, b\u0259li bu fikirl\u0259r hans\u0131sa Avropa m\u00fct\u0259f\u0259kkirinin \u0259s\u0259rind\u0259n deyil, \u00f6z do\u011fmaca yaz\u0131\u00e7\u0131m\u0131z Y\u00fcsif V\u0259zir \u00c7\u0259m\u0259nz\u0259minlinin \u0259s\u0259rind\u0259ndir. Ancaq m\u00f6vzumuz bu \u0259s\u0259ri m\u00fczakir\u0259 etm\u0259k deyil, sad\u0259c\u0259 b\u0259hs ed\u0259c\u0259yim m\u00f6vzuya girm\u0259zd\u0259n \u0259vv\u0259l bunu qeyd etm\u0259yi vacib bildim.\n<\/p>\n<p>\n  Son 2 g\u00fcn\u00fcn \u0259sas m\u00fczakir\u0259 m\u00f6vzusu &#8220;Araz kurslar\u0131&#8221; v\u0259 onun n\u0259zdind\u0259 olan dig\u0259r m\u0259kt\u0259bl\u0259rin ba\u011flanmas\u0131 il\u0259 ba\u011fl\u0131d\u0131r. 03 mart 2014-c\u00fc il tarixind\u0259 Qaynar.info x\u0259b\u0259r sayt\u0131nda F\u0259tullah G\u00fcl\u0259nin Az\u0259rbaycandak\u0131 r\u0259smi \u0259laq\u0259l\u0259ri haqq\u0131nda bir ara\u015fd\u0131rma yaz\u0131m d\u0259rc olunmu\u015fdu. F\u0259tullah G\u00fcl\u0259nin r\u0259smi t\u0259sis\u00e7isi oldu\u011fu &#8220;Dialoq Avrasiya&#8221; t\u0259\u015fkilat\u0131n\u0131n Az\u0259rbaycan \u00fczr\u0259 r\u0259smi t\u0259msil\u00e7il\u0259rind\u0259n biri d\u0259 \u018fnv\u0259r \u00d6z\u0259r\u0259ndir. Bu bar\u0259d\u0259 F\u0259tullah G\u00fcl\u0259nin r\u0259smi sayt\u0131nda da m\u0259lumat yerl\u0259\u015fdirilib. \u018fnv\u0259r \u00d6z\u0259r\u0259n is\u0259 eyni zamanda &#8220;\u00c7a\u011f \u00d6yr\u0259tim&#8221; \u015f\u0259b\u0259k\u0259sin\u0259 daxil olan m\u0259tkb\u0259l\u0259rin r\u0259hb\u0259ridir.\n<\/p>\n<p>\n  B\u0259li, &#8220;Araz kurslar\u0131&#8221;n\u0131n da daxil oldu\u011fu &#8220;\u00c7a\u011f \u00f6yr\u0259tim&#8221; t\u0259hsil qurumunun r\u0259hb\u0259ri r\u0259smi \u015f\u0259kild\u0259 F\u0259tullah G\u00fcl\u0259nin Az\u0259rbaycandak\u0131 t\u0259msil\u00e7il\u0259rind\u0259n biridir. Bunu kims\u0259 inkar ed\u0259 bilm\u0259z. (M\u0259nb\u0259:<br \/>\n  <a href=\"http:\/\/www.dialoqazerbaycan.com\/milli-komite-uyeleri\/\" target=\"_blank\" rel=\"noopener\"><br \/>\n    http:\/\/www.dialoqazerbaycan.com\/milli-komite-uyeleri\/<br \/>\n  <\/a><br \/>\n  )\n<\/p>\n<p>\n  &#8220;\u00c7a\u011f \u00f6yr\u0259tim&#8221; Az\u0259rbaycana ilk g\u0259ldiyi d\u00f6vrl\u0259rd\u0259 Az\u0259rbaycan t\u0259hsilin\u0259 h\u0259qiq\u0259t\u0259n d\u0259 m\u00fc\u0259yy\u0259n t\u00f6hf\u0259l\u0259r verdi. Bu layih\u0259 t\u0259kc\u0259 biznes layih\u0259si olsayd\u0131, he\u00e7 kim onun ba\u011flanmas\u0131na sevinm\u0259zdi. Ancaq he\u00e7 kim inkar ed\u0259 bilm\u0259z ki, &#8220;\u00c7a\u011f \u00d6yr\u0259tim&#8221; \u00f6z\u00fc il\u0259 Az\u0259rbaycana &#8220;Nur\u00e7uluq&#8221; problemini g\u0259tirdi. \u00d6zl\u0259rini h\u0259r n\u0259 q\u0259d\u0259r islahat\u00e7\u0131 din firq\u0259 kimi t\u0259qdim ets\u0259l\u0259r d\u0259, R\u00fcst\u0259m b\u0259yin dediyi kimi &#8220;Din h\u0259mi\u015f\u0259 k\u00f6hn\u0259dir&#8221;. \u00d6lk\u0259nin t\u0259hsil problemind\u0259n istifad\u0259 ed\u0259n &#8220;qarda\u015f&#8221; (Niy\u0259 bac\u0131m\u0131z yox, qarda\u015flar\u0131m\u0131zd\u0131 bilmir\u0259m?! M\u0259nc\u0259 bu cinsi diskriminasiyad\u0131r) \u00f6lk\u0259nin insanlar\u0131, bu \u00f6lk\u0259d\u0259 yeni problemin yaranmas\u0131na, k\u00f6hn\u0259liyin inki\u015faf\u0131na t\u0259kan verdil\u0259r.\n<\/p>\n<p>\n  \u0130deoloji t\u0259bli\u011fat o q\u0259d\u0259r y\u00fcks\u0259k s\u0259viyy\u0259d\u0259 qurulmu\u015fdu ki, h\u0259tta radikal \u015fi\u0259liyin \u0259sas m\u0259rk\u0259zl\u0259rind\u0259n olan L\u0259nk\u0259randa bel\u0259 s\u00fcr\u0259tl\u0259 inki\u015faf etm\u0259y\u0259 ba\u015flad\u0131lar. M\u0259n L\u0259nk\u0259ran D\u00f6vl\u0259t Universitetind\u0259 oxudu\u011fum zamanlarda liseyl\u0259rd\u0259 &#8220;abi&#8221; olan bir \u00e7ox t\u0259l\u0259b\u0259l\u0259r sinif otaqlar\u0131n\u0131 namazxanalara \u00e7evirmi\u015fdil\u0259r. Sinif ota\u011f\u0131nda\u011f\u0131ndak\u0131 masalar\u0131n \u00fcst\u00fcn\u0259 \u00e7\u0131x\u0131b namaz q\u0131l\u0131rd\u0131lar.\n<\/p>\n<p>\n  &#8220;\u00c7a\u011f \u00f6yr\u0259tim&#8221;in t\u0259l\u0259b\u0259l\u0259rin\u0259 bax\u0131n, ham\u0131s\u0131 y\u00fcks\u0259k balla universitet\u0259 daxil olur&#8221; dey\u0259nl\u0259r is\u0259 bir n\u00fcans\u0131 gizl\u0259tm\u0259y\u0259 \u00e7al\u0131\u015f\u0131r. Bu m\u0259kt\u0259bl\u0259rd\u0259 oxuyan \u015fagirdl\u0259r b\u00fct\u00fcn m\u0259kt\u0259bl\u0259rin \u0259n yax\u015f\u0131lar\u0131 idi. M\u0259kt\u0259bin \u0259n \u0259la\u00e7\u0131 t\u0259l\u0259b\u0259si, \u0259n z\u0259kisi bu m\u0259kt\u0259bl\u0259r\u0259 apar\u0131l\u0131r v\u0259 n\u0259tic\u0259d\u0259 y\u00fcks\u0259k bal toplay\u0131r. Siz m\u0259n\u0259 bir misal g\u00f6st\u0259rin ki, &#8220;\u00c7a\u011f \u00f6yr\u0259tim&#8221; t\u0259hsili hans\u0131sa m\u0259kt\u0259bin savads\u0131z \u015fagirdini \u00f6z m\u0259kt\u0259bind\u0259 oxudub v\u0259 n\u0259tic\u0259d\u0259 h\u0259min \u015fagird 600 bal toplay\u0131b.\n<\/p>\n<p>\n  Dig\u0259r t\u0259r\u0259fd\u0259n bu m\u0259kt\u0259bl\u0259rin t\u0259hsil haqqlar\u0131n\u0131 da unutmamaq laz\u0131md\u0131r. Bir illik t\u0259hsil haqq\u0131 7000 &#8211; 10 000 manat aras\u0131nda d\u0259yi\u015fir. 5 il burada oxumaq t\u0259qrib\u0259n 40 min &#8211; 50 min manata ba\u015fa g\u0259lir. Bu q\u0259d\u0259r t\u0259hsil haqq\u0131 ver\u0259n valideynl\u0259r h\u0259min pulu ist\u0259nil\u0259n normal repitetora vers\u0259ydi, daha yax\u015f\u0131 n\u0259tic\u0259l\u0259r \u0259ld\u0259 ed\u0259c\u0259kl\u0259rdi.\n<\/p>\n<p>\n  &#8220;\u00c7a\u011f \u00f6yr\u0259tim&#8221; t\u0259hsili h\u0259r n\u0259 q\u0259d\u0259r m\u00fcasir standartlara cavab vers\u0259 d\u0259, bir o q\u0259d\u0259r d\u0259 problemli t\u0259hsil sah\u0259si idi. Bu g\u00fcn c\u0259miyy\u0259td\u0259 nur\u00e7u kimi tan\u0131nan insanlar\u0131n 90 faizi bu t\u0259hsil sisteminin qurbanlar\u0131d\u0131r. Kiml\u0259rd\u0259 dey\u0259 bil\u0259r ki, m\u0259n d\u0259 orada oxumu\u015fam, amma nur\u00e7u deyil\u0259m. Ancaq m\u0259s\u0259l\u0259 bundad\u0131r ki, onlar bu s\u00f6zl\u0259ri dey\u0259n adam\u0131 nur\u00e7u etm\u0259k ist\u0259yib.Bacarmay\u0131blarsa, bu ba\u015fqa m\u0259s\u0259l\u0259dir. \u0130stisnalar b\u00fct\u00fcn hallarda qaydalar\u0131 pozmur. Orada yeti\u015f\u0259n nur\u00e7ular is\u0259 eyni zamanda \u00f6lk\u0259d\u0259ki b\u00f6y\u00fck yaltaq v\u0259 &#8220;light&#8221; k\u0259simin t\u0259rkib hiss\u0259sidir. &#8220;\u00c7a\u011f \u00f6yr\u0259tim&#8221; sisteminin t\u0259l\u0259b\u0259l\u0259ri aras\u0131nda R\u0259\u015fad\u0259t Axundovu v\u0259 R\u0259\u015fad H\u0259s\u0259novu \u00e7\u0131xmaq \u015f\u0259rti il\u0259 ba\u015fqa bir ciddi v\u0259t\u0259nda\u015f m\u00f6vqeli adam g\u00f6rm\u0259mi\u015f\u0259m.\n<\/p>\n<p>\n  \u00c7ox uza\u011fa getm\u0259d\u0259n bir misal \u00e7\u0259kim. D\u00fcnyan\u0131n \u0259n kreativ sah\u0259si b\u0259lk\u0259 d\u0259 marketologiyad\u0131r. Bu sah\u0259nin insanlar\u0131 b\u00fct\u00fcn n\u00f6v dini v\u0259 mental bax\u0131\u015flardan uzaq olmal\u0131d\u0131r. \u00c7\u00fcnki kreativ olmaq bunu t\u0259l\u0259b edir. \u00c7\u0259r\u00e7iv\u0259d\u0259 olan insan kreativ ola bilm\u0259z. Az\u0259rbaycanda lisey m\u0259zunlu v\u0259 ya bu \u015f\u0259b\u0259k\u0259nin dig\u0259r t\u0259hsil sistemind\u0259n yararlanan haz\u0131rk\u0131 marketoloqlar\u0131n az qala b\u00fct\u00fcn toplant\u0131lar\u0131 din il\u0259 ba\u011fl\u0131 olur: &#8220;marketoloqlar\u0131n iftar s\u00fcfr\u0259si&#8221;, &#8220;Marketoloqlar\u0131n\u0131n c\u00fcm\u0259 namaz\u0131 t\u0259dbiri&#8221;&#8230;\n<\/p>\n<p>\n  &#8220;Araz kurslar\u0131&#8221;n\u0131n ba\u011flanmas\u0131 yax\u015f\u0131 v\u0259 ya pis hadis\u0259dirmi? Bu sual\u0131n cavab\u0131n\u0131 is\u0259 hakimiyy\u0259tin n\u00f6vb\u0259ti add\u0131mlar\u0131ndan sonra bilm\u0259k olar. Ortada b\u00f6y\u00fck bir resurs var v\u0259 bunu yax\u015f\u0131 t\u0259r\u0259f\u0259 y\u00f6n\u0259ltm\u0259k olar.\n<\/p>\n<p>\n  Qorxdu\u011fum n\u00fcans is\u0259 &#8220;\u018fbu B\u0259kr&#8221; m\u0259scidin\u0259 at\u0131lan bomban\u0131n sonradan v\u0259habil\u0259rin \u00f6lk\u0259nin 4 t\u0259r\u0259fin\u0259 yay\u0131lmas\u0131na s\u0259b\u0259b olmas\u0131 kimi hadis\u0259nin t\u0259krarlanmas\u0131d\u0131r. B\u0259lk\u0259 d\u0259 bu q\u0259rar onlar\u0131 da v\u0259habil\u0259r kimi daha da \u015fax\u0259l\u0259ndir\u0259c\u0259k.<\/p>\n","protected":false},"excerpt":{"rendered":"<p>\u00d6zl\u0259rini h\u0259r n\u0259 q\u0259d\u0259r islahat\u00e7\u0131 din firq\u0259 kimi t\u0259qdim ets\u0259l\u0259r d\u0259<\/p>\n","protected":false},"author":11,"featured_media":10720,"comment_status":"closed","ping_status":"open","sticky":false,"template":"","format":"standard","meta":{"_acf_changed":false,"_sitemap_exclude":false,"_sitemap_priority":"","_sitemap_frequency":"","footnotes":""},"categories":[57],"tags":[],"class_list":["post-164377","post","type-post","status-publish","format-standard","has-post-thumbnail","hentry","category-menim-fikrimce","infinite-scroll-item","generate-columns","tablet-grid-50","mobile-grid-100","grid-parent","grid-33","no-featured-image-padding"],"acf":[],"yoast_head":"<!-- This site is optimized with the Yoast SEO plugin v27.4 - https:\/\/yoast.com\/product\/yoast-seo-wordpress\/ -->\n<title>Din h\u0259mi\u015f\u0259 k\u00f6hn\u0259dir - MEYDAN.TV<\/title>\n<meta name=\"robots\" content=\"index, follow, max-snippet:-1, max-image-preview:large, max-video-preview:-1\" \/>\n<link rel=\"canonical\" href=\"https:\/\/www.meydan.tv\/az\/article\/din-hemise-kohnedir\/\" \/>\n<meta property=\"og:locale\" content=\"az_AZ\" \/>\n<meta property=\"og:type\" content=\"article\" \/>\n<meta property=\"og:title\" content=\"Din h\u0259mi\u015f\u0259 k\u00f6hn\u0259dir - MEYDAN.TV\" \/>\n<meta property=\"og:description\" content=\"\u00d6zl\u0259rini h\u0259r n\u0259 q\u0259d\u0259r islahat\u00e7\u0131 din firq\u0259 kimi t\u0259qdim ets\u0259l\u0259r d\u0259\" \/>\n<meta property=\"og:url\" content=\"https:\/\/www.meydan.tv\/az\/article\/din-hemise-kohnedir\/\" \/>\n<meta property=\"og:site_name\" content=\"MEYDAN.TV\" \/>\n<meta property=\"article:published_time\" content=\"2014-06-20T11:42:59+00:00\" \/>\n<meta property=\"og:image\" content=\"https:\/\/www.meydan.tv\/wp-content\/uploads\/2300.jpg\" \/>\n\t<meta property=\"og:image:width\" content=\"500\" \/>\n\t<meta property=\"og:image:height\" content=\"500\" \/>\n\t<meta property=\"og:image:type\" content=\"image\/jpeg\" \/>\n<meta name=\"author\" content=\"user-manager\" \/>\n<meta name=\"twitter:card\" content=\"summary_large_image\" \/>\n<script type=\"application\/ld+json\" class=\"yoast-schema-graph\">{\"@context\":\"https:\\\/\\\/schema.org\",\"@graph\":[{\"@type\":\"Article\",\"@id\":\"https:\\\/\\\/www.meydan.tv\\\/az\\\/article\\\/din-hemise-kohnedir\\\/#article\",\"isPartOf\":{\"@id\":\"https:\\\/\\\/www.meydan.tv\\\/az\\\/article\\\/din-hemise-kohnedir\\\/\"},\"author\":{\"name\":\"user-manager\",\"@id\":\"https:\\\/\\\/www.meydan.tv\\\/az\\\/#\\\/schema\\\/person\\\/10d11eccf6da3662cf5fdab9806ea91a\"},\"headline\":\"Din h\u0259mi\u015f\u0259 k\u00f6hn\u0259dir\",\"datePublished\":\"2014-06-20T11:42:59+00:00\",\"mainEntityOfPage\":{\"@id\":\"https:\\\/\\\/www.meydan.tv\\\/az\\\/article\\\/din-hemise-kohnedir\\\/\"},\"wordCount\":1271,\"publisher\":{\"@id\":\"https:\\\/\\\/www.meydan.tv\\\/az\\\/#organization\"},\"image\":{\"@id\":\"https:\\\/\\\/www.meydan.tv\\\/az\\\/article\\\/din-hemise-kohnedir\\\/#primaryimage\"},\"thumbnailUrl\":\"https:\\\/\\\/www.meydan.tv\\\/wp-content\\\/uploads\\\/2300.jpg\",\"articleSection\":[\"M\u0259nim Fikrimc\u0259\"],\"inLanguage\":\"az\"},{\"@type\":\"WebPage\",\"@id\":\"https:\\\/\\\/www.meydan.tv\\\/az\\\/article\\\/din-hemise-kohnedir\\\/\",\"url\":\"https:\\\/\\\/www.meydan.tv\\\/az\\\/article\\\/din-hemise-kohnedir\\\/\",\"name\":\"Din h\u0259mi\u015f\u0259 k\u00f6hn\u0259dir - MEYDAN.TV\",\"isPartOf\":{\"@id\":\"https:\\\/\\\/www.meydan.tv\\\/az\\\/#website\"},\"primaryImageOfPage\":{\"@id\":\"https:\\\/\\\/www.meydan.tv\\\/az\\\/article\\\/din-hemise-kohnedir\\\/#primaryimage\"},\"image\":{\"@id\":\"https:\\\/\\\/www.meydan.tv\\\/az\\\/article\\\/din-hemise-kohnedir\\\/#primaryimage\"},\"thumbnailUrl\":\"https:\\\/\\\/www.meydan.tv\\\/wp-content\\\/uploads\\\/2300.jpg\",\"datePublished\":\"2014-06-20T11:42:59+00:00\",\"breadcrumb\":{\"@id\":\"https:\\\/\\\/www.meydan.tv\\\/az\\\/article\\\/din-hemise-kohnedir\\\/#breadcrumb\"},\"inLanguage\":\"az\",\"potentialAction\":[{\"@type\":\"ReadAction\",\"target\":[\"https:\\\/\\\/www.meydan.tv\\\/az\\\/article\\\/din-hemise-kohnedir\\\/\"]}]},{\"@type\":\"ImageObject\",\"inLanguage\":\"az\",\"@id\":\"https:\\\/\\\/www.meydan.tv\\\/az\\\/article\\\/din-hemise-kohnedir\\\/#primaryimage\",\"url\":\"https:\\\/\\\/www.meydan.tv\\\/wp-content\\\/uploads\\\/2300.jpg\",\"contentUrl\":\"https:\\\/\\\/www.meydan.tv\\\/wp-content\\\/uploads\\\/2300.jpg\",\"width\":500,\"height\":500,\"caption\":\"Source:\"},{\"@type\":\"BreadcrumbList\",\"@id\":\"https:\\\/\\\/www.meydan.tv\\\/az\\\/article\\\/din-hemise-kohnedir\\\/#breadcrumb\",\"itemListElement\":[{\"@type\":\"ListItem\",\"position\":1,\"name\":\"Ana s\u0259hif\u0259\",\"item\":\"https:\\\/\\\/www.meydan.tv\\\/az\\\/\"},{\"@type\":\"ListItem\",\"position\":2,\"name\":\"M\u0259nim Fikrimc\u0259\",\"item\":\"https:\\\/\\\/www.meydan.tv\\\/az\\\/section\\\/menim-fikrimce\\\/\"},{\"@type\":\"ListItem\",\"position\":3,\"name\":\"Din h\u0259mi\u015f\u0259 k\u00f6hn\u0259dir\"}]},{\"@type\":\"WebSite\",\"@id\":\"https:\\\/\\\/www.meydan.tv\\\/az\\\/#website\",\"url\":\"https:\\\/\\\/www.meydan.tv\\\/az\\\/\",\"name\":\"MEYDAN.TV\",\"description\":\"Meydan TV Az\u0259rbaycan\u0131n media m\u0259kan\u0131ndak\u0131 alternativ s\u0259sidir\",\"publisher\":{\"@id\":\"https:\\\/\\\/www.meydan.tv\\\/az\\\/#organization\"},\"potentialAction\":[{\"@type\":\"SearchAction\",\"target\":{\"@type\":\"EntryPoint\",\"urlTemplate\":\"https:\\\/\\\/www.meydan.tv\\\/az\\\/?s={search_term_string}\"},\"query-input\":{\"@type\":\"PropertyValueSpecification\",\"valueRequired\":true,\"valueName\":\"search_term_string\"}}],\"inLanguage\":\"az\"},{\"@type\":\"Organization\",\"@id\":\"https:\\\/\\\/www.meydan.tv\\\/az\\\/#organization\",\"name\":\"Meydan TV\",\"url\":\"https:\\\/\\\/www.meydan.tv\\\/az\\\/\",\"logo\":{\"@type\":\"ImageObject\",\"inLanguage\":\"az\",\"@id\":\"https:\\\/\\\/www.meydan.tv\\\/az\\\/#\\\/schema\\\/logo\\\/image\\\/\",\"url\":\"https:\\\/\\\/www.meydan.tv\\\/wp-content\\\/uploads\\\/2021\\\/07\\\/meydan-logo.svg\",\"contentUrl\":\"https:\\\/\\\/www.meydan.tv\\\/wp-content\\\/uploads\\\/2021\\\/07\\\/meydan-logo.svg\",\"width\":195,\"height\":46,\"caption\":\"Meydan TV\"},\"image\":{\"@id\":\"https:\\\/\\\/www.meydan.tv\\\/az\\\/#\\\/schema\\\/logo\\\/image\\\/\"}},{\"@type\":\"Person\",\"@id\":\"https:\\\/\\\/www.meydan.tv\\\/az\\\/#\\\/schema\\\/person\\\/10d11eccf6da3662cf5fdab9806ea91a\",\"name\":\"user-manager\"}]}<\/script>\n<!-- \/ Yoast SEO plugin. -->","yoast_head_json":{"title":"Din h\u0259mi\u015f\u0259 k\u00f6hn\u0259dir - MEYDAN.TV","robots":{"index":"index","follow":"follow","max-snippet":"max-snippet:-1","max-image-preview":"max-image-preview:large","max-video-preview":"max-video-preview:-1"},"canonical":"https:\/\/www.meydan.tv\/az\/article\/din-hemise-kohnedir\/","og_locale":"az_AZ","og_type":"article","og_title":"Din h\u0259mi\u015f\u0259 k\u00f6hn\u0259dir - MEYDAN.TV","og_description":"\u00d6zl\u0259rini h\u0259r n\u0259 q\u0259d\u0259r islahat\u00e7\u0131 din firq\u0259 kimi t\u0259qdim ets\u0259l\u0259r d\u0259","og_url":"https:\/\/www.meydan.tv\/az\/article\/din-hemise-kohnedir\/","og_site_name":"MEYDAN.TV","article_published_time":"2014-06-20T11:42:59+00:00","og_image":[{"width":500,"height":500,"url":"https:\/\/www.meydan.tv\/wp-content\/uploads\/2300.jpg","type":"image\/jpeg"}],"author":"user-manager","twitter_card":"summary_large_image","schema":{"@context":"https:\/\/schema.org","@graph":[{"@type":"Article","@id":"https:\/\/www.meydan.tv\/az\/article\/din-hemise-kohnedir\/#article","isPartOf":{"@id":"https:\/\/www.meydan.tv\/az\/article\/din-hemise-kohnedir\/"},"author":{"name":"user-manager","@id":"https:\/\/www.meydan.tv\/az\/#\/schema\/person\/10d11eccf6da3662cf5fdab9806ea91a"},"headline":"Din h\u0259mi\u015f\u0259 k\u00f6hn\u0259dir","datePublished":"2014-06-20T11:42:59+00:00","mainEntityOfPage":{"@id":"https:\/\/www.meydan.tv\/az\/article\/din-hemise-kohnedir\/"},"wordCount":1271,"publisher":{"@id":"https:\/\/www.meydan.tv\/az\/#organization"},"image":{"@id":"https:\/\/www.meydan.tv\/az\/article\/din-hemise-kohnedir\/#primaryimage"},"thumbnailUrl":"https:\/\/www.meydan.tv\/wp-content\/uploads\/2300.jpg","articleSection":["M\u0259nim Fikrimc\u0259"],"inLanguage":"az"},{"@type":"WebPage","@id":"https:\/\/www.meydan.tv\/az\/article\/din-hemise-kohnedir\/","url":"https:\/\/www.meydan.tv\/az\/article\/din-hemise-kohnedir\/","name":"Din h\u0259mi\u015f\u0259 k\u00f6hn\u0259dir - MEYDAN.TV","isPartOf":{"@id":"https:\/\/www.meydan.tv\/az\/#website"},"primaryImageOfPage":{"@id":"https:\/\/www.meydan.tv\/az\/article\/din-hemise-kohnedir\/#primaryimage"},"image":{"@id":"https:\/\/www.meydan.tv\/az\/article\/din-hemise-kohnedir\/#primaryimage"},"thumbnailUrl":"https:\/\/www.meydan.tv\/wp-content\/uploads\/2300.jpg","datePublished":"2014-06-20T11:42:59+00:00","breadcrumb":{"@id":"https:\/\/www.meydan.tv\/az\/article\/din-hemise-kohnedir\/#breadcrumb"},"inLanguage":"az","potentialAction":[{"@type":"ReadAction","target":["https:\/\/www.meydan.tv\/az\/article\/din-hemise-kohnedir\/"]}]},{"@type":"ImageObject","inLanguage":"az","@id":"https:\/\/www.meydan.tv\/az\/article\/din-hemise-kohnedir\/#primaryimage","url":"https:\/\/www.meydan.tv\/wp-content\/uploads\/2300.jpg","contentUrl":"https:\/\/www.meydan.tv\/wp-content\/uploads\/2300.jpg","width":500,"height":500,"caption":"Source:"},{"@type":"BreadcrumbList","@id":"https:\/\/www.meydan.tv\/az\/article\/din-hemise-kohnedir\/#breadcrumb","itemListElement":[{"@type":"ListItem","position":1,"name":"Ana s\u0259hif\u0259","item":"https:\/\/www.meydan.tv\/az\/"},{"@type":"ListItem","position":2,"name":"M\u0259nim Fikrimc\u0259","item":"https:\/\/www.meydan.tv\/az\/section\/menim-fikrimce\/"},{"@type":"ListItem","position":3,"name":"Din h\u0259mi\u015f\u0259 k\u00f6hn\u0259dir"}]},{"@type":"WebSite","@id":"https:\/\/www.meydan.tv\/az\/#website","url":"https:\/\/www.meydan.tv\/az\/","name":"MEYDAN.TV","description":"Meydan TV Az\u0259rbaycan\u0131n media m\u0259kan\u0131ndak\u0131 alternativ s\u0259sidir","publisher":{"@id":"https:\/\/www.meydan.tv\/az\/#organization"},"potentialAction":[{"@type":"SearchAction","target":{"@type":"EntryPoint","urlTemplate":"https:\/\/www.meydan.tv\/az\/?s={search_term_string}"},"query-input":{"@type":"PropertyValueSpecification","valueRequired":true,"valueName":"search_term_string"}}],"inLanguage":"az"},{"@type":"Organization","@id":"https:\/\/www.meydan.tv\/az\/#organization","name":"Meydan TV","url":"https:\/\/www.meydan.tv\/az\/","logo":{"@type":"ImageObject","inLanguage":"az","@id":"https:\/\/www.meydan.tv\/az\/#\/schema\/logo\/image\/","url":"https:\/\/www.meydan.tv\/wp-content\/uploads\/2021\/07\/meydan-logo.svg","contentUrl":"https:\/\/www.meydan.tv\/wp-content\/uploads\/2021\/07\/meydan-logo.svg","width":195,"height":46,"caption":"Meydan TV"},"image":{"@id":"https:\/\/www.meydan.tv\/az\/#\/schema\/logo\/image\/"}},{"@type":"Person","@id":"https:\/\/www.meydan.tv\/az\/#\/schema\/person\/10d11eccf6da3662cf5fdab9806ea91a","name":"user-manager"}]}},"_links":{"self":[{"href":"https:\/\/www.meydan.tv\/az\/wp-json\/wp\/v2\/posts\/164377","targetHints":{"allow":["GET"]}}],"collection":[{"href":"https:\/\/www.meydan.tv\/az\/wp-json\/wp\/v2\/posts"}],"about":[{"href":"https:\/\/www.meydan.tv\/az\/wp-json\/wp\/v2\/types\/post"}],"author":[{"embeddable":true,"href":"https:\/\/www.meydan.tv\/az\/wp-json\/wp\/v2\/users\/11"}],"replies":[{"embeddable":true,"href":"https:\/\/www.meydan.tv\/az\/wp-json\/wp\/v2\/comments?post=164377"}],"version-history":[{"count":0,"href":"https:\/\/www.meydan.tv\/az\/wp-json\/wp\/v2\/posts\/164377\/revisions"}],"wp:featuredmedia":[{"embeddable":true,"href":"https:\/\/www.meydan.tv\/az\/wp-json\/wp\/v2\/media\/10720"}],"wp:attachment":[{"href":"https:\/\/www.meydan.tv\/az\/wp-json\/wp\/v2\/media?parent=164377"}],"wp:term":[{"taxonomy":"category","embeddable":true,"href":"https:\/\/www.meydan.tv\/az\/wp-json\/wp\/v2\/categories?post=164377"},{"taxonomy":"post_tag","embeddable":true,"href":"https:\/\/www.meydan.tv\/az\/wp-json\/wp\/v2\/tags?post=164377"}],"curies":[{"name":"wp","href":"https:\/\/api.w.org\/{rel}","templated":true}]}}