{"id":163815,"date":"2014-04-22T12:35:35","date_gmt":"2014-04-22T12:35:35","guid":{"rendered":"https:\/\/www.meydan.tv\/article\/ilham-eliyeve-aciq-mektub\/"},"modified":"2014-04-22T12:35:35","modified_gmt":"2014-04-22T12:35:35","slug":"ilham-eliyeve-aciq-mektub","status":"publish","type":"post","link":"https:\/\/www.meydan.tv\/az\/article\/ilham-eliyeve-aciq-mektub\/","title":{"rendered":"\u0130lham \u018fliyev\u0259 a\u00e7\u0131q m\u0259ktub"},"content":{"rendered":"<figure class=\"wp-block-image size-large\">\n  <img decoding=\"async\" src=\"https:\/\/www.meydan.tv\/az\/8470\/\" alt=\"\" class=\"wp-image-8470\"\/><figcaption><\/figcaption><\/figure>\n<figure class=\"wp-block-image size-large\">\n  <img decoding=\"async\" src=\"https:\/\/www.meydan.tv\/az\/8057\/\" alt=\"\" class=\"wp-image-8057\"\/><figcaption><\/figcaption><\/figure>\n<p>\n  C\u0259nab \u0130lham \u018fliyev,\n<\/p>\n<p>\n  Uzun bir giri\u015f etm\u0259d\u0259n m\u0259ktubun m\u0259zmununa ke\u00e7im. M\u0259nc\u0259 siz d\u0259 yorulmusuz uzun sovet populistikas\u0131 il\u0259 dolu olan giri\u015fl\u0259rd\u0259n. Siz\u0259 yazd\u0131\u011f\u0131m m\u0259ktubum 2 hiss\u0259d\u0259n ibar\u0259t olacaq. Birinci hiss\u0259 d\u00fc\u015fd\u00fcy\u00fcn\u00fcz durumu siz\u0259 izah etm\u0259k, ikinci hiss\u0259 is\u0259 m\u00fcraci\u0259timdir.\n<\/p>\n<p>\n  M\u0259ktubu yazmazdan \u0259vv\u0259l d\u00fcnya diktatorlar\u0131 il\u0259 ba\u011fl\u0131 b\u0259zi ara\u015fd\u0131rmalar apard\u0131m. Haz\u0131rda ya\u015fad\u0131\u011f\u0131m \u00f6lk\u0259nin bir zamanlar diktator prezidenti olan Hitlerd\u0259n tutmu\u015f, Pino\u00e7et, Kim \u00c7en In-\u0259 q\u0259d\u0259r m\u00fcxt\u0259lif diktatorlar haqq\u0131nda oxudum. Sizi \u0259min edir\u0259m ki, bu diktatorlar\u0131n he\u00e7 biri il\u0259 aran\u0131zda ox\u015farl\u0131q yoxdur. Ad\u0131n\u0131 \u00e7\u0259kdikl\u0259rim v\u0259 d\u00fcnya tarixin\u0259 diktator kimi d\u00fc\u015f\u0259n S\u0259ddam H\u00fcseyn\u0259 q\u0259d\u0259r ham\u0131da bir xarizma olub, diktatorluq xarizmas\u0131, \u00f6z ideologiyas\u0131, \u00f6z bax\u0131\u015f\u0131 v\u0259 s\u0259mimilikl\u0259ri. Sizd\u0259 n\u0259 o xarizma var, n\u0259 d\u0259 konkret ideoloji bax\u0131\u015f.\n<\/p>\n<p>\n  D\u00fcnyadak\u0131 siyasi sisteml\u0259r n\u0259z\u0259riyy\u0259l\u0259ri aras\u0131nda \u0259n sevdiyim n\u0259z\u0259riyy\u0259 Platonun &#8220;Siyasi sisteml\u0259r n\u0259z\u0259riyy\u0259&#8221;sidir. Platon deyirdi ki, b\u00fct\u00fcn qurulu\u015flar 3 \u0259sas v\u0259 3 yard\u0131m\u00e7\u0131 qrupa b\u00f6l\u00fcn\u00fcr. Bunlar a\u015fa\u011f\u0131dak\u0131 kimidir:\n<\/p>\n<p>\n  <b><br \/>\n    Demokratiya &#8211; Oklakratiya (poz\u011fun demokratiya)<br \/>\n  <\/b>\n<\/p>\n<p>\n  Biz bu ikisini Az\u0259rbaycanda 92-93 kimi yadda qalan d\u00f6vr \u0259rzind\u0259 g\u00f6rd\u00fck. Hakimiyy\u0259t\u0259 demokrat prezident El\u00e7ib\u0259y g\u0259ldi. H\u0259min d\u00f6vr \u00fc\u00e7\u00fcn d\u00fczg\u00fcn qurulmayan idaretm\u0259 formas\u0131n\u0131n n\u0259tic\u0259si olaraq 1 il\u0259 yax\u0131n m\u00fcdd\u0259td\u0259n sonra Demokratiya Oklakratiya il\u0259 \u0259v\u0259zl\u0259ndi. \u00d6lk\u0259d\u0259 h\u0259rc &#8211; m\u0259rclik yarand\u0131. Poz\u011fun demokratiya il\u0259 AXC hakimiyy\u0259ti sona \u00e7atd\u0131.\n<\/p>\n<p>\n  Platona g\u00f6r\u0259, ikinci v\u0259 \u00fc\u00e7\u00fcnc\u00fc m\u0259rh\u0259l\u0259 is\u0259 bel\u0259dir;\n<\/p>\n<p>\n  <b><br \/>\n    Krall\u0131q &#8211; Tiranl\u0131q<br \/>\n  <\/b><br \/>\n  <br \/>\n  <b><br \/>\n    Aristokratiya &#8211; Oliqarxiya<br \/>\n  <\/b>\n<\/p>\n<p>\n  92-93-d\u0259n sonra hakimiyy\u0259t\u0259 hal &#8211; haz\u0131rda siyasi varisi oldu\u011funuz eks prezident Heyd\u0259r \u018fliyev g\u0259ldi. Poz\u011fun demokratiya il\u0259 ba\u011fl\u0131 b\u00fct\u00fcn h\u0259r\u0259k\u0259tl\u0259ri l\u0259\u011fv el\u0259di v\u0259 \u00f6z krall\u0131\u011f\u0131na ba\u015flad\u0131. B\u0259li, Heyd\u0259r \u018fliyev kral idi. Krallar\u0131n \u00e7ox \u00f6z\u0259l bir x\u00fcsusiyy\u0259ti olur. Onlar h\u0259mi\u015f\u0259 diktaturaya meyilli v\u0259 eyni zamanda xalqla ba\u011flar\u0131n\u0131 k\u0259smiy\u0259n insanlard\u0131. M\u0259s\u0259l\u0259n, atan\u0131z bir d\u0259 g\u00f6rd\u00fcn gedib hans\u0131sa restoranda, xalq\u0131n i\u00e7ind\u0259 yem\u0259k yey\u0259rdi, b\u0259z\u0259n d\u00fc\u015f\u00fcb \u015f\u0259h\u0259r\u0259 g\u0259z\u0259rdi v\u0259 s. Y\u0259qin krallar haqq\u0131nda oxudu\u011funuz na\u011f\u0131llardan xat\u0131rlad\u0131\u011f\u0131n\u0131z bel\u0259 n\u00fcanslar olar: &#8220;Kral r\u0259iyy\u0259t i\u00e7in\u0259 \u00e7\u0131xm\u0131\u015fd\u0131&#8230;&#8221;\n<\/p>\n<p>\n  Atan\u0131z d\u00fcnyas\u0131n\u0131 d\u0259yi\u015f\u0259nd\u0259n sonra is\u0259, sizin d\u00f6vr\u00fcn\u00fcz &#8211; tiraniya ba\u015flad\u0131. B\u0259li siz tirans\u0131z. Tiran Az\u0259rbaycan dilind\u0259 buludlanm\u0131\u015f krala deyilir. Atan\u0131zdan f\u0259rqli olaraq siz xalqla b\u00fct\u00fcn \u0259laq\u0259l\u0259ri k\u0259sdiniz, buludlan\u0131b, g\u00f6yl\u0259r\u0259 qalxd\u0131n\u0131z. Atan\u0131zdan f\u0259rqli olaraq xalq\u0131n aras\u0131nda g\u00f6r\u00fcnm\u0259diniz, xalqa a\u015fa\u011f\u0131dan baxma\u011fa ba\u015flad\u0131n\u0131z. Birc\u0259 d\u0259f\u0259 xalq aras\u0131nda g\u00f6r\u00fcnd\u00fcn\u00fcz, onda da buna \u00f6yr\u0259\u015fm\u0259y\u0259n xalq\u0131n n\u00fcmay\u0259nd\u0259si olan bir qad\u0131n, \u015foka d\u00fc\u015f\u00fcb, sizd\u0259n ev, torpaq ist\u0259m\u0259k \u0259v\u0259zin\u0259 ki\u015fi ist\u0259di. \u018fmin olun ki, o xan\u0131m h\u0259min vaxt affekt v\u0259ziyy\u0259tind\u0259 idi. Atan\u0131z vaxt\u0131 q\u0259bul olunan yaz\u0131lmamam\u0131\u015f siyasi qanunlar, sizi d\u00f6vr\u00fcn\u00fczd\u0259 \u0259n s\u0259rt formada icra olunma\u011fa ba\u015fland\u0131. Sizinl\u0259 xalq aras\u0131nda bir p\u0259rd\u0259 yarand\u0131 v\u0259 bunlar nazirl\u0259r, ba\u015fqa s\u00f6zl\u0259 d\u00f6vr\u00fcm\u00fcz\u00fcn arisokrat milyonerl\u0259ri say\u0131lan m\u0259murlard\u0131r. Onlara aristokratiya anlay\u0131\u015f\u0131 n\u0259 q\u0259d\u0259r yad olsa da, d\u00f6vl\u0259t\u00e7ilik \u0259n\u0259n\u0259l\u0259rimizin olmamas\u0131n\u0131 n\u0259z\u0259r\u0259 alsaq, ba\u015fqa aristokrat t\u0259b\u0259q\u0259mizin olmad\u0131\u011f\u0131n\u0131 da q\u0259bul ed\u0259rik.\n<\/p>\n<p>\n  Bel\u0259likl\u0259, Platon deyirdi ki, Tiraniya el\u0259 bir m\u0259rh\u0259l\u0259dir ki, onu devir\u0259nl\u0259r aristokratlar olacaq. Bu h\u0259r yerd\u0259 bel\u0259 olub. Liviyada Q\u0259ddafini devir\u0259n xalq olmad\u0131, oran\u0131n aristokratiyas\u0131 say\u0131lan q\u0259bil\u0259 ba\u015f\u00e7\u0131lar\u0131 idi. Xalq sad\u0259c\u0259 vasit\u0259\u00e7i idi. \u00c7\u00fcnki, xalq il\u0259 sizin aran\u0131zda i\u015f\u0131q s\u00fcr\u0259ti il\u0259 hesablasaq 20 il m\u0259saf\u0259 var. Bu g\u00fcn sizin d\u00fc\u015fd\u00fcy\u00fcn\u00fcz durum da bel\u0259dir. Sizi devir\u0259n, birba\u015fa olaraq xalq olmayacaq, xalq burada vasit\u0259\u00e7i olacaq. Sizi devir\u0259n o aristokratlar olacaq. Buna \u0259min olun.\n<\/p>\n<p>\n  <b><br \/>\n    Ke\u00e7\u0259k m\u0259ktubun ikinci hiss\u0259sin\u0259&#8230;<br \/>\n  <\/b>\n<\/p>\n<p>\n  Haz\u0131rda sizin siyasi sifari\u015finiz \u0259sas\u0131nda i\u015f\u0131ql\u0131 g\u0259ncl\u0259r h\u0259bs\u0259 at\u0131l\u0131b. Art\u0131q b\u0259zil\u0259ri 1 ild\u0259n \u00e7oxdur ki, h\u0259bsd\u0259dirl\u0259r. Tamam, anlad\u0131q, bu g\u0259ncl\u0259r sizi sevmirdi, siz\u0259 nifr\u0259t edirdi, sizi devirm\u0259k ist\u0259yirdi v\u0259 siz bunlar\u0131 c\u0259zaland\u0131rmaq, sizin m\u0259ntiqinizl\u0259 des\u0259k &#8220;a\u011f\u0131lland\u0131rmaq&#8221; ist\u0259yirdiz. M\u0259nc\u0259 buna ya nail olmusuz, ya da bu g\u00fcn\u0259 q\u0259d\u0259r nail olmam\u0131s\u0131zsa, bundan sonra da nail ola bilm\u0259zsiz. Y\u0259ni, 1 il\u0259 \u00e7ox insan\u0131n arzular\u0131n\u0131 m\u0259hv etmisiz, u\u015fa\u011f\u0131 atas\u0131z, anan\u0131 \u00f6vlads\u0131z saxlam\u0131s\u0131z. N\u0259 q\u0259d\u0259r pozitiv g\u00f6r\u00fcns\u0259k d\u0259, siz bu 1 ild\u0259 biz\u0259 \u00e7ox b\u00f6y\u00fck z\u0259rb\u0259 endirm\u0259yi bacarm\u0131s\u0131z.\n<\/p>\n<p>\n  \u018fg\u0259r b\u00fct\u00fcn bunlar b\u00f6y\u00fckl\u00fcy\u00fcn\u00fcz\u00fc subut etm\u0259k \u00fc\u00e7\u00fcnd\u00fcrs\u0259, biz bunu ba\u015fa d\u00fc\u015fm\u00fc\u015f\u00fck art\u0131q. Yuxar\u0131da da yazd\u0131\u011f\u0131m kimi, tiranl\u0131\u011f\u0131n\u0131za \u015f\u00fcbh\u0259miz yoxdur. El aras\u0131nda dan\u0131\u015fanda bunu boynumuza almasaq da, evd\u0259 t\u0259k oturanda, sosial \u015f\u0259b\u0259k\u0259l\u0259rd\u0259, tv-d\u0259 n\u0259s\u0259 g\u00f6r\u0259nd\u0259 ilk dediyimiz bu olur: &#8220;Bu xalqa el\u0259 bu c\u00fcr prezident yax\u015f\u0131d\u0131r &#8220;.<br \/>\n  <br \/>\n  R\u0259\u015fad\u0259t, Zaur, \u0130lkin, R\u0259\u015fad v\u0259 dig\u0259rl\u0259rini i\u00e7\u0259rid\u0259 saxlamaqla ba\u015fqa bir \u015fey \u0259ld\u0259 ed\u0259 bilm\u0259y\u0259c\u0259ksiz. M\u0259qs\u0259diniz onlar\u0131 c\u0259zaland\u0131rmaq idi, bunu etdiniz, dig\u0259r g\u0259ncl\u0259ri qorxutmaq idi, bunu da bacard\u0131n\u0131z, b\u00f6y\u00fckl\u00fcy\u00fcn\u00fcz\u00fc s\u00fcbut etm\u0259k idi, bunu da s\u00fcbut etdiniz. Ba\u015fqa n\u0259 ist\u0259yirsiz? Ax\u0131 siz d\u0259 bilirsiz ki, onlar bu g\u00fcn h\u0259bsd\u0259n \u00e7\u0131xsa da, \u0259vv\u0259lki m\u00fcbariz\u0259l\u0259rini davam etdirm\u0259kl\u0259 d\u0259 sizi devir\u0259 bilm\u0259y\u0259c\u0259kl\u0259r. Bu g\u00fcc\u0259 h\u0259l\u0259 ki, sahib deyilik.\n<\/p>\n<p>\n  H\u0259bsd\u0259kil\u0259r b\u0259lk\u0259 d\u0259 bu yaz\u0131mla raz\u0131la\u015fmaz, amma m\u0259n siz\u0259 \u00f6z ad\u0131mdan, v\u0259t\u0259nda\u015f olaraq m\u00fcraci\u0259t edir\u0259m. Burax\u0131n o g\u0259ncl\u0259ri, siz bacard\u0131n\u0131z. Qalibsiniz. M\u0259n\u0259vi olmasa da, maddi v\u0259 fiziki bax\u0131mdan qalibsiniz. B\u00fct\u00fcn d\u00f6y\u00fc\u015f qaydalar\u0131n\u0131 pozma\u011f\u0131n\u0131z\u0131 da dem\u0259y\u0259c\u0259m. Siz sad\u0259c\u0259 qalibsiz. M\u0259n o g\u0259ncl\u0259r \u00fc\u00e7\u00fcn \u0259limi tatamiy\u0259 vururam. Bundan z\u00f6vq alacaqs\u0131zsa, buyurun al\u0131n. \u00c7\u00fcnki m\u0259n h\u0259ft\u0259sonlar\u0131 pub-da i\u00e7\u0259nd\u0259 o i\u00e7ki m\u0259ni kefl\u0259ndirmir, dostlar\u0131m\u0131 xat\u0131rlad\u0131r. Ba\u015fa d\u00fc\u015f\u00fcrs\u00fcz, 8 g\u0259nc 5 g\u00fcnd\u00fcr h\u0259bsxanada acd\u0131r v\u0259 siz, m\u0259n oturub doyunca yem\u0259k yeyir\u0259m. B\u00fct\u00fcn bunlar bir hakimiyy\u0259ti qorumaq \u00fc\u00e7\u00fcnd\u00fcrm\u00fc? Y\u0259ni m\u0259n buna inanm\u0131ram. \u0130nsan \u00f6z hakimiyy\u0259tini qorumaq \u00fc\u00e7\u00fcn bu q\u0259d\u0259r q\u0259ddar ola bilm\u0259z. \u0130nsan\u0131 q\u0259ddarla\u015fd\u0131ran ideologiyalar olur. B\u00fct\u00fcn ideologiyalar\u0131n n\u0259z\u0259ri k\u00f6k\u00fcnd\u0259 humanizm dayan\u0131r, ancaq o humanizm \u00f6z\u00fc insan\u0131 q\u0259ddarla\u015fd\u0131r\u0131r. Ancaq n\u0259z\u0259r\u0259 alsaq ki, sizin \u00fc\u00e7\u00fcn ideologiya filan yoxdur, o zaman sizin q\u0259ddarl\u0131\u011f\u0131n\u0131za m\u0259ntiqi izah ver\u0259 bilmirik.\n<\/p>\n<p>\n  B\u00fct\u00fcn bu q\u0259ddarl\u0131\u011f\u0131 etm\u0259yinizin s\u0259b\u0259bi \u00e7ox \u015fey ola bil\u0259r, amma 1 ya\u015fl\u0131 u\u015faq atas\u0131 R\u0259\u015fad\u0259ti h\u0259bsd\u0259 saxlama\u011f\u0131n\u0131z\u0131n he\u00e7 bir ad\u0131 yoxdur.\n<\/p>\n<p>\n  <i><br \/>\n    P.S. \u018fg\u0259r m\u0259ktubu oxuyub, etdiyim m\u00fcraci\u0259ti d\u0259y\u0259rl\u0259ndirm\u0259k \u0259v\u0259zin\u0259, daha da \u0259s\u0259bl\u0259\u015f\u0259c\u0259ksizs\u0259, o zaman siz\u0259 ba\u015fqa bir n\u00fcans\u0131 xat\u0131rlad\u0131m. Valideynl\u0259rim v\u0259 ya yax\u0131nlar\u0131m bu &#8220;ba\u015f\u0131mdan yek\u0259&#8221; m\u0259ktubu siz\u0259 yazma\u011f\u0131ma raz\u0131 olmazd\u0131. Onlar\u0131n buna he\u00e7 aidiyyat\u0131 yoxdur. Biraz oxuyum, master d\u0259r\u0259c\u0259si al\u0131m, alman dilini \u00f6yr\u0259nim, d\u00f6n\u0259r\u0259m \u00f6lk\u0259y\u0259, \u00f6z\u00fcm\u00fcz dan\u0131\u015far\u0131q.<br \/>\n  <\/i>\n<\/p>\n<p>\n  <b><br \/>\n    Yaz\u0131dak\u0131 fikirl\u0259r m\u00fc\u0259llifin \u015f\u0259xsi fikirl\u0259ridir v\u0259 sad\u0259c\u0259 m\u00fc\u0259llif m\u0259suliyy\u0259t da\u015f\u0131y\u0131r.<br \/>\n  <\/b><\/p>\n","protected":false},"excerpt":{"rendered":"<p>Qalibsiniz. M\u0259n\u0259vi olmasa da, maddi v\u0259 fiziki bax\u0131mdan qalibsiniz.<\/p>\n","protected":false},"author":11,"featured_media":8470,"comment_status":"closed","ping_status":"open","sticky":false,"template":"","format":"standard","meta":{"_acf_changed":false,"_sitemap_exclude":false,"_sitemap_priority":"","_sitemap_frequency":"","footnotes":""},"categories":[57],"tags":[],"class_list":["post-163815","post","type-post","status-publish","format-standard","has-post-thumbnail","hentry","category-menim-fikrimce","infinite-scroll-item","generate-columns","tablet-grid-50","mobile-grid-100","grid-parent","grid-33","no-featured-image-padding"],"acf":[],"yoast_head":"<!-- This site is optimized with the Yoast SEO plugin v27.4 - https:\/\/yoast.com\/product\/yoast-seo-wordpress\/ -->\n<title>\u0130lham \u018fliyev\u0259 a\u00e7\u0131q m\u0259ktub - MEYDAN.TV<\/title>\n<meta name=\"robots\" content=\"index, follow, max-snippet:-1, max-image-preview:large, max-video-preview:-1\" \/>\n<link rel=\"canonical\" href=\"https:\/\/www.meydan.tv\/az\/article\/ilham-eliyeve-aciq-mektub\/\" \/>\n<meta property=\"og:locale\" content=\"az_AZ\" \/>\n<meta property=\"og:type\" content=\"article\" \/>\n<meta property=\"og:title\" content=\"\u0130lham \u018fliyev\u0259 a\u00e7\u0131q m\u0259ktub - MEYDAN.TV\" \/>\n<meta property=\"og:description\" content=\"Qalibsiniz. M\u0259n\u0259vi olmasa da, maddi v\u0259 fiziki bax\u0131mdan qalibsiniz.\" \/>\n<meta property=\"og:url\" content=\"https:\/\/www.meydan.tv\/az\/article\/ilham-eliyeve-aciq-mektub\/\" \/>\n<meta property=\"og:site_name\" content=\"MEYDAN.TV\" \/>\n<meta property=\"article:published_time\" content=\"2014-04-22T12:35:35+00:00\" \/>\n<meta property=\"og:image\" content=\"https:\/\/www.meydan.tv\/wp-content\/uploads\/2324.jpg\" \/>\n\t<meta property=\"og:image:width\" content=\"500\" \/>\n\t<meta property=\"og:image:height\" content=\"500\" \/>\n\t<meta property=\"og:image:type\" content=\"image\/jpeg\" \/>\n<meta name=\"author\" content=\"user-manager\" \/>\n<meta name=\"twitter:card\" content=\"summary_large_image\" \/>\n<script type=\"application\/ld+json\" class=\"yoast-schema-graph\">{\"@context\":\"https:\\\/\\\/schema.org\",\"@graph\":[{\"@type\":\"Article\",\"@id\":\"https:\\\/\\\/www.meydan.tv\\\/az\\\/article\\\/ilham-eliyeve-aciq-mektub\\\/#article\",\"isPartOf\":{\"@id\":\"https:\\\/\\\/www.meydan.tv\\\/az\\\/article\\\/ilham-eliyeve-aciq-mektub\\\/\"},\"author\":{\"name\":\"user-manager\",\"@id\":\"https:\\\/\\\/www.meydan.tv\\\/az\\\/#\\\/schema\\\/person\\\/10d11eccf6da3662cf5fdab9806ea91a\"},\"headline\":\"\u0130lham \u018fliyev\u0259 a\u00e7\u0131q m\u0259ktub\",\"datePublished\":\"2014-04-22T12:35:35+00:00\",\"mainEntityOfPage\":{\"@id\":\"https:\\\/\\\/www.meydan.tv\\\/az\\\/article\\\/ilham-eliyeve-aciq-mektub\\\/\"},\"wordCount\":1468,\"publisher\":{\"@id\":\"https:\\\/\\\/www.meydan.tv\\\/az\\\/#organization\"},\"image\":{\"@id\":\"https:\\\/\\\/www.meydan.tv\\\/az\\\/article\\\/ilham-eliyeve-aciq-mektub\\\/#primaryimage\"},\"thumbnailUrl\":\"https:\\\/\\\/www.meydan.tv\\\/wp-content\\\/uploads\\\/2324.jpg\",\"articleSection\":[\"M\u0259nim Fikrimc\u0259\"],\"inLanguage\":\"az\"},{\"@type\":\"WebPage\",\"@id\":\"https:\\\/\\\/www.meydan.tv\\\/az\\\/article\\\/ilham-eliyeve-aciq-mektub\\\/\",\"url\":\"https:\\\/\\\/www.meydan.tv\\\/az\\\/article\\\/ilham-eliyeve-aciq-mektub\\\/\",\"name\":\"\u0130lham \u018fliyev\u0259 a\u00e7\u0131q m\u0259ktub - MEYDAN.TV\",\"isPartOf\":{\"@id\":\"https:\\\/\\\/www.meydan.tv\\\/az\\\/#website\"},\"primaryImageOfPage\":{\"@id\":\"https:\\\/\\\/www.meydan.tv\\\/az\\\/article\\\/ilham-eliyeve-aciq-mektub\\\/#primaryimage\"},\"image\":{\"@id\":\"https:\\\/\\\/www.meydan.tv\\\/az\\\/article\\\/ilham-eliyeve-aciq-mektub\\\/#primaryimage\"},\"thumbnailUrl\":\"https:\\\/\\\/www.meydan.tv\\\/wp-content\\\/uploads\\\/2324.jpg\",\"datePublished\":\"2014-04-22T12:35:35+00:00\",\"breadcrumb\":{\"@id\":\"https:\\\/\\\/www.meydan.tv\\\/az\\\/article\\\/ilham-eliyeve-aciq-mektub\\\/#breadcrumb\"},\"inLanguage\":\"az\",\"potentialAction\":[{\"@type\":\"ReadAction\",\"target\":[\"https:\\\/\\\/www.meydan.tv\\\/az\\\/article\\\/ilham-eliyeve-aciq-mektub\\\/\"]}]},{\"@type\":\"ImageObject\",\"inLanguage\":\"az\",\"@id\":\"https:\\\/\\\/www.meydan.tv\\\/az\\\/article\\\/ilham-eliyeve-aciq-mektub\\\/#primaryimage\",\"url\":\"https:\\\/\\\/www.meydan.tv\\\/wp-content\\\/uploads\\\/2324.jpg\",\"contentUrl\":\"https:\\\/\\\/www.meydan.tv\\\/wp-content\\\/uploads\\\/2324.jpg\",\"width\":500,\"height\":500,\"caption\":\"Source:\"},{\"@type\":\"BreadcrumbList\",\"@id\":\"https:\\\/\\\/www.meydan.tv\\\/az\\\/article\\\/ilham-eliyeve-aciq-mektub\\\/#breadcrumb\",\"itemListElement\":[{\"@type\":\"ListItem\",\"position\":1,\"name\":\"Ana s\u0259hif\u0259\",\"item\":\"https:\\\/\\\/www.meydan.tv\\\/az\\\/\"},{\"@type\":\"ListItem\",\"position\":2,\"name\":\"M\u0259nim Fikrimc\u0259\",\"item\":\"https:\\\/\\\/www.meydan.tv\\\/az\\\/section\\\/menim-fikrimce\\\/\"},{\"@type\":\"ListItem\",\"position\":3,\"name\":\"\u0130lham \u018fliyev\u0259 a\u00e7\u0131q m\u0259ktub\"}]},{\"@type\":\"WebSite\",\"@id\":\"https:\\\/\\\/www.meydan.tv\\\/az\\\/#website\",\"url\":\"https:\\\/\\\/www.meydan.tv\\\/az\\\/\",\"name\":\"MEYDAN.TV\",\"description\":\"Meydan TV Az\u0259rbaycan\u0131n media m\u0259kan\u0131ndak\u0131 alternativ s\u0259sidir\",\"publisher\":{\"@id\":\"https:\\\/\\\/www.meydan.tv\\\/az\\\/#organization\"},\"potentialAction\":[{\"@type\":\"SearchAction\",\"target\":{\"@type\":\"EntryPoint\",\"urlTemplate\":\"https:\\\/\\\/www.meydan.tv\\\/az\\\/?s={search_term_string}\"},\"query-input\":{\"@type\":\"PropertyValueSpecification\",\"valueRequired\":true,\"valueName\":\"search_term_string\"}}],\"inLanguage\":\"az\"},{\"@type\":\"Organization\",\"@id\":\"https:\\\/\\\/www.meydan.tv\\\/az\\\/#organization\",\"name\":\"Meydan TV\",\"url\":\"https:\\\/\\\/www.meydan.tv\\\/az\\\/\",\"logo\":{\"@type\":\"ImageObject\",\"inLanguage\":\"az\",\"@id\":\"https:\\\/\\\/www.meydan.tv\\\/az\\\/#\\\/schema\\\/logo\\\/image\\\/\",\"url\":\"https:\\\/\\\/www.meydan.tv\\\/wp-content\\\/uploads\\\/2021\\\/07\\\/meydan-logo.svg\",\"contentUrl\":\"https:\\\/\\\/www.meydan.tv\\\/wp-content\\\/uploads\\\/2021\\\/07\\\/meydan-logo.svg\",\"width\":195,\"height\":46,\"caption\":\"Meydan TV\"},\"image\":{\"@id\":\"https:\\\/\\\/www.meydan.tv\\\/az\\\/#\\\/schema\\\/logo\\\/image\\\/\"}},{\"@type\":\"Person\",\"@id\":\"https:\\\/\\\/www.meydan.tv\\\/az\\\/#\\\/schema\\\/person\\\/10d11eccf6da3662cf5fdab9806ea91a\",\"name\":\"user-manager\"}]}<\/script>\n<!-- \/ Yoast SEO plugin. -->","yoast_head_json":{"title":"\u0130lham \u018fliyev\u0259 a\u00e7\u0131q m\u0259ktub - MEYDAN.TV","robots":{"index":"index","follow":"follow","max-snippet":"max-snippet:-1","max-image-preview":"max-image-preview:large","max-video-preview":"max-video-preview:-1"},"canonical":"https:\/\/www.meydan.tv\/az\/article\/ilham-eliyeve-aciq-mektub\/","og_locale":"az_AZ","og_type":"article","og_title":"\u0130lham \u018fliyev\u0259 a\u00e7\u0131q m\u0259ktub - MEYDAN.TV","og_description":"Qalibsiniz. M\u0259n\u0259vi olmasa da, maddi v\u0259 fiziki bax\u0131mdan qalibsiniz.","og_url":"https:\/\/www.meydan.tv\/az\/article\/ilham-eliyeve-aciq-mektub\/","og_site_name":"MEYDAN.TV","article_published_time":"2014-04-22T12:35:35+00:00","og_image":[{"width":500,"height":500,"url":"https:\/\/www.meydan.tv\/wp-content\/uploads\/2324.jpg","type":"image\/jpeg"}],"author":"user-manager","twitter_card":"summary_large_image","schema":{"@context":"https:\/\/schema.org","@graph":[{"@type":"Article","@id":"https:\/\/www.meydan.tv\/az\/article\/ilham-eliyeve-aciq-mektub\/#article","isPartOf":{"@id":"https:\/\/www.meydan.tv\/az\/article\/ilham-eliyeve-aciq-mektub\/"},"author":{"name":"user-manager","@id":"https:\/\/www.meydan.tv\/az\/#\/schema\/person\/10d11eccf6da3662cf5fdab9806ea91a"},"headline":"\u0130lham \u018fliyev\u0259 a\u00e7\u0131q m\u0259ktub","datePublished":"2014-04-22T12:35:35+00:00","mainEntityOfPage":{"@id":"https:\/\/www.meydan.tv\/az\/article\/ilham-eliyeve-aciq-mektub\/"},"wordCount":1468,"publisher":{"@id":"https:\/\/www.meydan.tv\/az\/#organization"},"image":{"@id":"https:\/\/www.meydan.tv\/az\/article\/ilham-eliyeve-aciq-mektub\/#primaryimage"},"thumbnailUrl":"https:\/\/www.meydan.tv\/wp-content\/uploads\/2324.jpg","articleSection":["M\u0259nim Fikrimc\u0259"],"inLanguage":"az"},{"@type":"WebPage","@id":"https:\/\/www.meydan.tv\/az\/article\/ilham-eliyeve-aciq-mektub\/","url":"https:\/\/www.meydan.tv\/az\/article\/ilham-eliyeve-aciq-mektub\/","name":"\u0130lham \u018fliyev\u0259 a\u00e7\u0131q m\u0259ktub - MEYDAN.TV","isPartOf":{"@id":"https:\/\/www.meydan.tv\/az\/#website"},"primaryImageOfPage":{"@id":"https:\/\/www.meydan.tv\/az\/article\/ilham-eliyeve-aciq-mektub\/#primaryimage"},"image":{"@id":"https:\/\/www.meydan.tv\/az\/article\/ilham-eliyeve-aciq-mektub\/#primaryimage"},"thumbnailUrl":"https:\/\/www.meydan.tv\/wp-content\/uploads\/2324.jpg","datePublished":"2014-04-22T12:35:35+00:00","breadcrumb":{"@id":"https:\/\/www.meydan.tv\/az\/article\/ilham-eliyeve-aciq-mektub\/#breadcrumb"},"inLanguage":"az","potentialAction":[{"@type":"ReadAction","target":["https:\/\/www.meydan.tv\/az\/article\/ilham-eliyeve-aciq-mektub\/"]}]},{"@type":"ImageObject","inLanguage":"az","@id":"https:\/\/www.meydan.tv\/az\/article\/ilham-eliyeve-aciq-mektub\/#primaryimage","url":"https:\/\/www.meydan.tv\/wp-content\/uploads\/2324.jpg","contentUrl":"https:\/\/www.meydan.tv\/wp-content\/uploads\/2324.jpg","width":500,"height":500,"caption":"Source:"},{"@type":"BreadcrumbList","@id":"https:\/\/www.meydan.tv\/az\/article\/ilham-eliyeve-aciq-mektub\/#breadcrumb","itemListElement":[{"@type":"ListItem","position":1,"name":"Ana s\u0259hif\u0259","item":"https:\/\/www.meydan.tv\/az\/"},{"@type":"ListItem","position":2,"name":"M\u0259nim Fikrimc\u0259","item":"https:\/\/www.meydan.tv\/az\/section\/menim-fikrimce\/"},{"@type":"ListItem","position":3,"name":"\u0130lham \u018fliyev\u0259 a\u00e7\u0131q m\u0259ktub"}]},{"@type":"WebSite","@id":"https:\/\/www.meydan.tv\/az\/#website","url":"https:\/\/www.meydan.tv\/az\/","name":"MEYDAN.TV","description":"Meydan TV Az\u0259rbaycan\u0131n media m\u0259kan\u0131ndak\u0131 alternativ s\u0259sidir","publisher":{"@id":"https:\/\/www.meydan.tv\/az\/#organization"},"potentialAction":[{"@type":"SearchAction","target":{"@type":"EntryPoint","urlTemplate":"https:\/\/www.meydan.tv\/az\/?s={search_term_string}"},"query-input":{"@type":"PropertyValueSpecification","valueRequired":true,"valueName":"search_term_string"}}],"inLanguage":"az"},{"@type":"Organization","@id":"https:\/\/www.meydan.tv\/az\/#organization","name":"Meydan TV","url":"https:\/\/www.meydan.tv\/az\/","logo":{"@type":"ImageObject","inLanguage":"az","@id":"https:\/\/www.meydan.tv\/az\/#\/schema\/logo\/image\/","url":"https:\/\/www.meydan.tv\/wp-content\/uploads\/2021\/07\/meydan-logo.svg","contentUrl":"https:\/\/www.meydan.tv\/wp-content\/uploads\/2021\/07\/meydan-logo.svg","width":195,"height":46,"caption":"Meydan TV"},"image":{"@id":"https:\/\/www.meydan.tv\/az\/#\/schema\/logo\/image\/"}},{"@type":"Person","@id":"https:\/\/www.meydan.tv\/az\/#\/schema\/person\/10d11eccf6da3662cf5fdab9806ea91a","name":"user-manager"}]}},"_links":{"self":[{"href":"https:\/\/www.meydan.tv\/az\/wp-json\/wp\/v2\/posts\/163815","targetHints":{"allow":["GET"]}}],"collection":[{"href":"https:\/\/www.meydan.tv\/az\/wp-json\/wp\/v2\/posts"}],"about":[{"href":"https:\/\/www.meydan.tv\/az\/wp-json\/wp\/v2\/types\/post"}],"author":[{"embeddable":true,"href":"https:\/\/www.meydan.tv\/az\/wp-json\/wp\/v2\/users\/11"}],"replies":[{"embeddable":true,"href":"https:\/\/www.meydan.tv\/az\/wp-json\/wp\/v2\/comments?post=163815"}],"version-history":[{"count":0,"href":"https:\/\/www.meydan.tv\/az\/wp-json\/wp\/v2\/posts\/163815\/revisions"}],"wp:featuredmedia":[{"embeddable":true,"href":"https:\/\/www.meydan.tv\/az\/wp-json\/wp\/v2\/media\/8470"}],"wp:attachment":[{"href":"https:\/\/www.meydan.tv\/az\/wp-json\/wp\/v2\/media?parent=163815"}],"wp:term":[{"taxonomy":"category","embeddable":true,"href":"https:\/\/www.meydan.tv\/az\/wp-json\/wp\/v2\/categories?post=163815"},{"taxonomy":"post_tag","embeddable":true,"href":"https:\/\/www.meydan.tv\/az\/wp-json\/wp\/v2\/tags?post=163815"}],"curies":[{"name":"wp","href":"https:\/\/api.w.org\/{rel}","templated":true}]}}