{"id":163351,"date":"2014-03-03T08:28:22","date_gmt":"2014-03-03T08:28:22","guid":{"rendered":"https:\/\/www.meydan.tv\/article\/axcp-nin-zirzemisdinde-partlayis-olub\/"},"modified":"2014-03-03T08:28:22","modified_gmt":"2014-03-03T08:28:22","slug":"axcp-nin-zirzemisdinde-partlayis-olub","status":"publish","type":"post","link":"https:\/\/www.meydan.tv\/az\/article\/axcp-nin-zirzemisdinde-partlayis-olub\/","title":{"rendered":"AXCP-nin zirz\u0259misdind\u0259 partlay\u0131\u015f olub"},"content":{"rendered":"<figure class=\"wp-block-embed is-type-video is-provider-youtube wp-block-embed-youtube wp-embed-aspect-16-9 wp-has-aspect-ratio\">\n<div class=\"wp-block-embed__wrapper\">\n    <iframe\ttitle=\"\" width=\"1200\" height=\"675\" data-src=\"https:\/\/www.youtube.com\/embed\/_ekHVVB0ZW0\"\tframeborder=\"0\"\tallow=\"accelerometer; autoplay; clipboard-write; encrypted-media; gyroscope; picture-in-picture\" allowfullscreen src=\"data:image\/svg+xml;base64,PHN2ZyB3aWR0aD0iMSIgaGVpZ2h0PSIxIiB4bWxucz0iaHR0cDovL3d3dy53My5vcmcvMjAwMC9zdmciPjwvc3ZnPg==\" class=\"lazyload\" data-load-mode=\"1\"><\/iframe>\n  <\/div><figcaption><\/figcaption><\/figure>\n<p>\n  Partiyan\u0131n zal\u0131 z\u0259d\u0259l\u0259nib. Hadis\u0259 q\u0259r\u0259rgah\u0131n zirz\u0259misind\u0259ki b\u0259rb\u0259rxanada ba\u015f verib.\n<\/p>\n<p>\n  Az\u0259rbaycan Xalq C\u0259bh\u0259si Partiyas\u0131n\u0131n m\u0259rk\u0259zi q\u0259rargah\u0131n\u0131n zirz\u0259mizind\u0259 partlay\u0131\u015f ba\u015f verib. Bu bar\u0259d\u0259 partiyan\u0131n m\u0259tbuat xidm\u0259tinin r\u0259hb\u0259ri Natiq \u018fdilov \u00f6z\u00fcn\u00fcn Facebook s\u0259hif\u0259sind\u0259 m\u0259lumat yay\u0131b. Onun s\u00f6zl\u0259rin\u0259 g\u00f6r\u0259, partlay\u0131\u015f partiyan\u0131n zirz\u0259misind\u0259ki b\u0259rb\u0259rxanada, gec\u0259 saat 04:35 rad\u0259l\u0259rind\u0259 ba\u015f verib. N\u0259tic\u0259d\u0259 q\u0259rargah\u0131n zal\u0131na z\u0259d\u0259 d\u0259yib: &#8220;Biz \u00fcmidvar olmaq ist\u0259yirik ki, partlay\u0131\u015f AXCP-y\u0259 qar\u015f\u0131 n\u00f6vb\u0259ti m\u0259krli plan\u0131n t\u0259rkib hiss\u0259si deyil. Median\u0131 ba\u015f ver\u0259n hadis\u0259ni diqq\u0259td\u0259 saxlama\u011fa, d\u0259rin ara\u015fd\u0131rma aparma\u011fa s\u0259sl\u0259yirik&#8221;. O, partlay\u0131\u015f\u0131n s\u0259b\u0259binin h\u0259l\u0259lik b\u0259lli olmad\u0131\u011f\u0131n\u0131 \u0259lav\u0259 edib: &#8220;Bizd\u0259n soru\u015furlar ki, ba\u015f ver\u0259n hadis\u0259 n\u0259dir? AXCP-y\u0259 qar\u015f\u0131 terror x\u0259b\u0259rdarl\u0131\u011f\u0131, AXCP-ni q\u0259rargahdan \u00e7\u0131xarmaq \u00fc\u00e7\u00fcn d\u00fc\u015f\u00fcn\u00fclm\u00fc\u015f b\u0259han\u0259, q\u0259rargah\u0131n sahibini qorxutmaq c\u0259hdi, yoxsa h\u0259qiq\u0259t\u0259n d\u0259 AXCP-y\u0259 aid olmayan zirz\u0259mid\u0259 hans\u0131sa t\u0259hl\u00fck\u0259sizlik qaydalar\u0131n\u0131n pozulmas\u0131 n\u0259tic\u0259sind\u0259 ba\u015f vermi\u015f t\u0259sad\u00fcfi partlay\u0131\u015fd\u0131r? Haz\u0131rda \u00f6z\u00fcm\u00fcz d\u0259 bu suallar\u0131n cavab\u0131n\u0131 bilmirik. Amma \u0259minik ki, tezlikl\u0259 d\u00f6vl\u0259t orqanlar\u0131n\u0131n ba\u015f vermi\u015f hadis\u0259y\u0259 m\u00fcnasib\u0259tind\u0259n ayd\u0131n olacaq ki, partlay\u0131\u015f nec\u0259 v\u0259 niy\u0259 ba\u015f verib, \u0130lham \u018fliyev demi\u015fk\u0259n, bu partlay\u0131\u015f\u0131n ba\u015f verm\u0259si kim\u0259 laz\u0131m imi\u015f?&#8221;.\n<\/p>\n<p>\n  AXCP-nin Ali M\u0259clisinin s\u0259dri H\u0259s\u0259n K\u0259rimov Meydan TV-y\u0259 deyib ki, bu hadis\u0259 g\u00f6zl\u0259nil\u0259n idi. &#8220;Son vaxtlar c\u0259bh\u0259\u00e7il\u0259rin k\u00fctl\u0259vi h\u0259bs olunmas\u0131 partiyaya qar\u015f\u0131 hakimiyy\u0259tin kampaniyaya ba\u015flad\u0131\u011f\u0131n\u0131 g\u00f6st\u0259rirdi. Bu partlay\u0131\u015f\u0131 hakimiyy\u0259t n\u00fcmay\u0259nd\u0259l\u0259ri t\u0259\u015fkil edibl\u0259r. Yerin sahibin\u0259 deyibl\u0259r ki, partiyan\u0131 q\u0259rargahdan \u00e7\u0131xar\u0131n, yoxsa siz\u0259 problem yaradaca\u011f\u0131q\u201d.<br \/>\n  <br \/>\n  H. K\u0259rimov deyib ki, qaz balonu \u00e7oxdan orada qal\u0131b. Amma balonun i\u00e7ind\u0259 qaz olmay\u0131b. Ona g\u00f6r\u0259 \u015f\u00fcbh\u0259li m\u0259qamlar bu istiqam\u0259td\u0259 ara\u015fd\u0131r\u0131lmal\u0131d\u0131r.\n<\/p>\n<p>\n  Qeyd ed\u0259k ki, olayla ba\u011fl\u0131 F\u00f6vq\u0259lad\u0259 Hallar Nazirliyi d\u0259 m\u0259lumat yay\u0131b. M\u0259lumatda bildirilir ki, Bak\u0131 \u015f\u0259h\u0259ri N\u0259rimanov rayonunda ikim\u0259rt\u0259b\u0259li ya\u015fay\u0131\u015f binas\u0131n\u0131n zirz\u0259misind\u0259 \u00fcmumi sah\u0259si 20 kv.m olan b\u0259rb\u0259rxanada yan\u011f\u0131nla n\u0259tic\u0259l\u0259n\u0259n partlay\u0131\u015f ba\u015f verib. N\u0259tic\u0259d\u0259 b\u0259rb\u0259rxanan\u0131n konstruksiyalar\u0131 yan\u0131b, arak\u0259sm\u0259 divar 30 kv.m sah\u0259d\u0259 u\u00e7ub. &#8220;Bina yan\u011f\u0131ndan m\u00fchafiz\u0259 olunub. Yan\u011f\u0131n yan\u011f\u0131ns\u00f6nd\u00fcr\u0259nl\u0259r t\u0259r\u0259find\u0259n s\u00f6nd\u00fcr\u00fcl\u00fcb&#8221; m\u0259lumatda bel\u0259 deyilir.\n<\/p>\n<figure class=\"wp-block-image size-large\">\n  <img decoding=\"async\" src=\"https:\/\/www.meydan.tv\/az\/6215\/\" alt=\"\" class=\"wp-image-6215\"\/><figcaption><\/figcaption><\/figure>\n<figure class=\"wp-block-image size-large\">\n  <img decoding=\"async\" src=\"https:\/\/www.meydan.tv\/az\/6209\/\" alt=\"\" class=\"wp-image-6209\"\/><figcaption><\/figcaption><\/figure>\n","protected":false},"excerpt":{"rendered":"<p>Partiyan\u0131n zal\u0131 z\u0259d\u0259l\u0259nib. Hadis\u0259 q\u0259r\u0259rgah\u0131n zirz\u0259misind\u0259ki b\u0259rb\u0259rxanada ba\u015f verib.<\/p>\n","protected":false},"author":11,"featured_media":6209,"comment_status":"closed","ping_status":"open","sticky":false,"template":"","format":"standard","meta":{"_acf_changed":false,"_sitemap_exclude":false,"_sitemap_priority":"","_sitemap_frequency":"","footnotes":""},"categories":[63],"tags":[],"class_list":["post-163351","post","type-post","status-publish","format-standard","has-post-thumbnail","hentry","category-video-2","infinite-scroll-item","generate-columns","tablet-grid-50","mobile-grid-100","grid-parent","grid-33","no-featured-image-padding"],"acf":[],"yoast_head":"<!-- This site is optimized with the Yoast SEO plugin v27.5 - https:\/\/yoast.com\/product\/yoast-seo-wordpress\/ -->\n<title>AXCP-nin zirz\u0259misdind\u0259 partlay\u0131\u015f olub - MEYDAN.TV<\/title>\n<meta name=\"robots\" content=\"index, follow, max-snippet:-1, max-image-preview:large, max-video-preview:-1\" \/>\n<link rel=\"canonical\" href=\"https:\/\/www.meydan.tv\/az\/article\/axcp-nin-zirzemisdinde-partlayis-olub\/\" \/>\n<meta property=\"og:locale\" content=\"az_AZ\" \/>\n<meta property=\"og:type\" content=\"article\" \/>\n<meta property=\"og:title\" content=\"AXCP-nin zirz\u0259misdind\u0259 partlay\u0131\u015f olub - MEYDAN.TV\" \/>\n<meta property=\"og:description\" content=\"Partiyan\u0131n zal\u0131 z\u0259d\u0259l\u0259nib. Hadis\u0259 q\u0259r\u0259rgah\u0131n zirz\u0259misind\u0259ki b\u0259rb\u0259rxanada ba\u015f verib.\" \/>\n<meta property=\"og:url\" content=\"https:\/\/www.meydan.tv\/az\/article\/axcp-nin-zirzemisdinde-partlayis-olub\/\" \/>\n<meta property=\"og:site_name\" content=\"MEYDAN.TV\" \/>\n<meta property=\"article:published_time\" content=\"2014-03-03T08:28:22+00:00\" \/>\n<meta property=\"og:image\" content=\"https:\/\/www.meydan.tv\/wp-content\/uploads\/1581.jpg\" \/>\n\t<meta property=\"og:image:width\" content=\"900\" \/>\n\t<meta property=\"og:image:height\" content=\"600\" \/>\n\t<meta property=\"og:image:type\" content=\"image\/jpeg\" \/>\n<meta name=\"author\" content=\"user-manager\" \/>\n<meta name=\"twitter:card\" content=\"summary_large_image\" \/>\n<script type=\"application\/ld+json\" class=\"yoast-schema-graph\">{\"@context\":\"https:\\\/\\\/schema.org\",\"@graph\":[{\"@type\":\"Article\",\"@id\":\"https:\\\/\\\/www.meydan.tv\\\/az\\\/article\\\/axcp-nin-zirzemisdinde-partlayis-olub\\\/#article\",\"isPartOf\":{\"@id\":\"https:\\\/\\\/www.meydan.tv\\\/az\\\/article\\\/axcp-nin-zirzemisdinde-partlayis-olub\\\/\"},\"author\":{\"name\":\"user-manager\",\"@id\":\"https:\\\/\\\/www.meydan.tv\\\/az\\\/#\\\/schema\\\/person\\\/10d11eccf6da3662cf5fdab9806ea91a\"},\"headline\":\"AXCP-nin zirz\u0259misdind\u0259 partlay\u0131\u015f olub\",\"datePublished\":\"2014-03-03T08:28:22+00:00\",\"mainEntityOfPage\":{\"@id\":\"https:\\\/\\\/www.meydan.tv\\\/az\\\/article\\\/axcp-nin-zirzemisdinde-partlayis-olub\\\/\"},\"wordCount\":492,\"publisher\":{\"@id\":\"https:\\\/\\\/www.meydan.tv\\\/az\\\/#organization\"},\"image\":{\"@id\":\"https:\\\/\\\/www.meydan.tv\\\/az\\\/article\\\/axcp-nin-zirzemisdinde-partlayis-olub\\\/#primaryimage\"},\"thumbnailUrl\":\"https:\\\/\\\/www.meydan.tv\\\/wp-content\\\/uploads\\\/1581.jpg\",\"articleSection\":[\"Video\"],\"inLanguage\":\"az\"},{\"@type\":\"WebPage\",\"@id\":\"https:\\\/\\\/www.meydan.tv\\\/az\\\/article\\\/axcp-nin-zirzemisdinde-partlayis-olub\\\/\",\"url\":\"https:\\\/\\\/www.meydan.tv\\\/az\\\/article\\\/axcp-nin-zirzemisdinde-partlayis-olub\\\/\",\"name\":\"AXCP-nin zirz\u0259misdind\u0259 partlay\u0131\u015f olub - MEYDAN.TV\",\"isPartOf\":{\"@id\":\"https:\\\/\\\/www.meydan.tv\\\/az\\\/#website\"},\"primaryImageOfPage\":{\"@id\":\"https:\\\/\\\/www.meydan.tv\\\/az\\\/article\\\/axcp-nin-zirzemisdinde-partlayis-olub\\\/#primaryimage\"},\"image\":{\"@id\":\"https:\\\/\\\/www.meydan.tv\\\/az\\\/article\\\/axcp-nin-zirzemisdinde-partlayis-olub\\\/#primaryimage\"},\"thumbnailUrl\":\"https:\\\/\\\/www.meydan.tv\\\/wp-content\\\/uploads\\\/1581.jpg\",\"datePublished\":\"2014-03-03T08:28:22+00:00\",\"breadcrumb\":{\"@id\":\"https:\\\/\\\/www.meydan.tv\\\/az\\\/article\\\/axcp-nin-zirzemisdinde-partlayis-olub\\\/#breadcrumb\"},\"inLanguage\":\"az\",\"potentialAction\":[{\"@type\":\"ReadAction\",\"target\":[\"https:\\\/\\\/www.meydan.tv\\\/az\\\/article\\\/axcp-nin-zirzemisdinde-partlayis-olub\\\/\"]}]},{\"@type\":\"ImageObject\",\"inLanguage\":\"az\",\"@id\":\"https:\\\/\\\/www.meydan.tv\\\/az\\\/article\\\/axcp-nin-zirzemisdinde-partlayis-olub\\\/#primaryimage\",\"url\":\"https:\\\/\\\/www.meydan.tv\\\/wp-content\\\/uploads\\\/1581.jpg\",\"contentUrl\":\"https:\\\/\\\/www.meydan.tv\\\/wp-content\\\/uploads\\\/1581.jpg\",\"width\":900,\"height\":600,\"caption\":\"Source:\"},{\"@type\":\"BreadcrumbList\",\"@id\":\"https:\\\/\\\/www.meydan.tv\\\/az\\\/article\\\/axcp-nin-zirzemisdinde-partlayis-olub\\\/#breadcrumb\",\"itemListElement\":[{\"@type\":\"ListItem\",\"position\":1,\"name\":\"Ana s\u0259hif\u0259\",\"item\":\"https:\\\/\\\/www.meydan.tv\\\/az\\\/\"},{\"@type\":\"ListItem\",\"position\":2,\"name\":\"Video\",\"item\":\"https:\\\/\\\/www.meydan.tv\\\/az\\\/section\\\/video-2\\\/\"},{\"@type\":\"ListItem\",\"position\":3,\"name\":\"AXCP-nin zirz\u0259misdind\u0259 partlay\u0131\u015f olub\"}]},{\"@type\":\"WebSite\",\"@id\":\"https:\\\/\\\/www.meydan.tv\\\/az\\\/#website\",\"url\":\"https:\\\/\\\/www.meydan.tv\\\/az\\\/\",\"name\":\"MEYDAN.TV\",\"description\":\"Meydan TV Az\u0259rbaycan\u0131n media m\u0259kan\u0131ndak\u0131 alternativ s\u0259sidir\",\"publisher\":{\"@id\":\"https:\\\/\\\/www.meydan.tv\\\/az\\\/#organization\"},\"potentialAction\":[{\"@type\":\"SearchAction\",\"target\":{\"@type\":\"EntryPoint\",\"urlTemplate\":\"https:\\\/\\\/www.meydan.tv\\\/az\\\/?s={search_term_string}\"},\"query-input\":{\"@type\":\"PropertyValueSpecification\",\"valueRequired\":true,\"valueName\":\"search_term_string\"}}],\"inLanguage\":\"az\"},{\"@type\":\"Organization\",\"@id\":\"https:\\\/\\\/www.meydan.tv\\\/az\\\/#organization\",\"name\":\"Meydan TV\",\"url\":\"https:\\\/\\\/www.meydan.tv\\\/az\\\/\",\"logo\":{\"@type\":\"ImageObject\",\"inLanguage\":\"az\",\"@id\":\"https:\\\/\\\/www.meydan.tv\\\/az\\\/#\\\/schema\\\/logo\\\/image\\\/\",\"url\":\"https:\\\/\\\/www.meydan.tv\\\/wp-content\\\/uploads\\\/2021\\\/07\\\/meydan-logo.svg\",\"contentUrl\":\"https:\\\/\\\/www.meydan.tv\\\/wp-content\\\/uploads\\\/2021\\\/07\\\/meydan-logo.svg\",\"width\":195,\"height\":46,\"caption\":\"Meydan TV\"},\"image\":{\"@id\":\"https:\\\/\\\/www.meydan.tv\\\/az\\\/#\\\/schema\\\/logo\\\/image\\\/\"}},{\"@type\":\"Person\",\"@id\":\"https:\\\/\\\/www.meydan.tv\\\/az\\\/#\\\/schema\\\/person\\\/10d11eccf6da3662cf5fdab9806ea91a\",\"name\":\"user-manager\"}]}<\/script>\n<!-- \/ Yoast SEO plugin. -->","yoast_head_json":{"title":"AXCP-nin zirz\u0259misdind\u0259 partlay\u0131\u015f olub - MEYDAN.TV","robots":{"index":"index","follow":"follow","max-snippet":"max-snippet:-1","max-image-preview":"max-image-preview:large","max-video-preview":"max-video-preview:-1"},"canonical":"https:\/\/www.meydan.tv\/az\/article\/axcp-nin-zirzemisdinde-partlayis-olub\/","og_locale":"az_AZ","og_type":"article","og_title":"AXCP-nin zirz\u0259misdind\u0259 partlay\u0131\u015f olub - MEYDAN.TV","og_description":"Partiyan\u0131n zal\u0131 z\u0259d\u0259l\u0259nib. Hadis\u0259 q\u0259r\u0259rgah\u0131n zirz\u0259misind\u0259ki b\u0259rb\u0259rxanada ba\u015f verib.","og_url":"https:\/\/www.meydan.tv\/az\/article\/axcp-nin-zirzemisdinde-partlayis-olub\/","og_site_name":"MEYDAN.TV","article_published_time":"2014-03-03T08:28:22+00:00","og_image":[{"width":900,"height":600,"url":"https:\/\/www.meydan.tv\/wp-content\/uploads\/1581.jpg","type":"image\/jpeg"}],"author":"user-manager","twitter_card":"summary_large_image","schema":{"@context":"https:\/\/schema.org","@graph":[{"@type":"Article","@id":"https:\/\/www.meydan.tv\/az\/article\/axcp-nin-zirzemisdinde-partlayis-olub\/#article","isPartOf":{"@id":"https:\/\/www.meydan.tv\/az\/article\/axcp-nin-zirzemisdinde-partlayis-olub\/"},"author":{"name":"user-manager","@id":"https:\/\/www.meydan.tv\/az\/#\/schema\/person\/10d11eccf6da3662cf5fdab9806ea91a"},"headline":"AXCP-nin zirz\u0259misdind\u0259 partlay\u0131\u015f olub","datePublished":"2014-03-03T08:28:22+00:00","mainEntityOfPage":{"@id":"https:\/\/www.meydan.tv\/az\/article\/axcp-nin-zirzemisdinde-partlayis-olub\/"},"wordCount":492,"publisher":{"@id":"https:\/\/www.meydan.tv\/az\/#organization"},"image":{"@id":"https:\/\/www.meydan.tv\/az\/article\/axcp-nin-zirzemisdinde-partlayis-olub\/#primaryimage"},"thumbnailUrl":"https:\/\/www.meydan.tv\/wp-content\/uploads\/1581.jpg","articleSection":["Video"],"inLanguage":"az"},{"@type":"WebPage","@id":"https:\/\/www.meydan.tv\/az\/article\/axcp-nin-zirzemisdinde-partlayis-olub\/","url":"https:\/\/www.meydan.tv\/az\/article\/axcp-nin-zirzemisdinde-partlayis-olub\/","name":"AXCP-nin zirz\u0259misdind\u0259 partlay\u0131\u015f olub - MEYDAN.TV","isPartOf":{"@id":"https:\/\/www.meydan.tv\/az\/#website"},"primaryImageOfPage":{"@id":"https:\/\/www.meydan.tv\/az\/article\/axcp-nin-zirzemisdinde-partlayis-olub\/#primaryimage"},"image":{"@id":"https:\/\/www.meydan.tv\/az\/article\/axcp-nin-zirzemisdinde-partlayis-olub\/#primaryimage"},"thumbnailUrl":"https:\/\/www.meydan.tv\/wp-content\/uploads\/1581.jpg","datePublished":"2014-03-03T08:28:22+00:00","breadcrumb":{"@id":"https:\/\/www.meydan.tv\/az\/article\/axcp-nin-zirzemisdinde-partlayis-olub\/#breadcrumb"},"inLanguage":"az","potentialAction":[{"@type":"ReadAction","target":["https:\/\/www.meydan.tv\/az\/article\/axcp-nin-zirzemisdinde-partlayis-olub\/"]}]},{"@type":"ImageObject","inLanguage":"az","@id":"https:\/\/www.meydan.tv\/az\/article\/axcp-nin-zirzemisdinde-partlayis-olub\/#primaryimage","url":"https:\/\/www.meydan.tv\/wp-content\/uploads\/1581.jpg","contentUrl":"https:\/\/www.meydan.tv\/wp-content\/uploads\/1581.jpg","width":900,"height":600,"caption":"Source:"},{"@type":"BreadcrumbList","@id":"https:\/\/www.meydan.tv\/az\/article\/axcp-nin-zirzemisdinde-partlayis-olub\/#breadcrumb","itemListElement":[{"@type":"ListItem","position":1,"name":"Ana s\u0259hif\u0259","item":"https:\/\/www.meydan.tv\/az\/"},{"@type":"ListItem","position":2,"name":"Video","item":"https:\/\/www.meydan.tv\/az\/section\/video-2\/"},{"@type":"ListItem","position":3,"name":"AXCP-nin zirz\u0259misdind\u0259 partlay\u0131\u015f olub"}]},{"@type":"WebSite","@id":"https:\/\/www.meydan.tv\/az\/#website","url":"https:\/\/www.meydan.tv\/az\/","name":"MEYDAN.TV","description":"Meydan TV Az\u0259rbaycan\u0131n media m\u0259kan\u0131ndak\u0131 alternativ s\u0259sidir","publisher":{"@id":"https:\/\/www.meydan.tv\/az\/#organization"},"potentialAction":[{"@type":"SearchAction","target":{"@type":"EntryPoint","urlTemplate":"https:\/\/www.meydan.tv\/az\/?s={search_term_string}"},"query-input":{"@type":"PropertyValueSpecification","valueRequired":true,"valueName":"search_term_string"}}],"inLanguage":"az"},{"@type":"Organization","@id":"https:\/\/www.meydan.tv\/az\/#organization","name":"Meydan TV","url":"https:\/\/www.meydan.tv\/az\/","logo":{"@type":"ImageObject","inLanguage":"az","@id":"https:\/\/www.meydan.tv\/az\/#\/schema\/logo\/image\/","url":"https:\/\/www.meydan.tv\/wp-content\/uploads\/2021\/07\/meydan-logo.svg","contentUrl":"https:\/\/www.meydan.tv\/wp-content\/uploads\/2021\/07\/meydan-logo.svg","width":195,"height":46,"caption":"Meydan TV"},"image":{"@id":"https:\/\/www.meydan.tv\/az\/#\/schema\/logo\/image\/"}},{"@type":"Person","@id":"https:\/\/www.meydan.tv\/az\/#\/schema\/person\/10d11eccf6da3662cf5fdab9806ea91a","name":"user-manager"}]}},"_links":{"self":[{"href":"https:\/\/www.meydan.tv\/az\/wp-json\/wp\/v2\/posts\/163351","targetHints":{"allow":["GET"]}}],"collection":[{"href":"https:\/\/www.meydan.tv\/az\/wp-json\/wp\/v2\/posts"}],"about":[{"href":"https:\/\/www.meydan.tv\/az\/wp-json\/wp\/v2\/types\/post"}],"author":[{"embeddable":true,"href":"https:\/\/www.meydan.tv\/az\/wp-json\/wp\/v2\/users\/11"}],"replies":[{"embeddable":true,"href":"https:\/\/www.meydan.tv\/az\/wp-json\/wp\/v2\/comments?post=163351"}],"version-history":[{"count":0,"href":"https:\/\/www.meydan.tv\/az\/wp-json\/wp\/v2\/posts\/163351\/revisions"}],"wp:featuredmedia":[{"embeddable":true,"href":"https:\/\/www.meydan.tv\/az\/wp-json\/wp\/v2\/media\/6209"}],"wp:attachment":[{"href":"https:\/\/www.meydan.tv\/az\/wp-json\/wp\/v2\/media?parent=163351"}],"wp:term":[{"taxonomy":"category","embeddable":true,"href":"https:\/\/www.meydan.tv\/az\/wp-json\/wp\/v2\/categories?post=163351"},{"taxonomy":"post_tag","embeddable":true,"href":"https:\/\/www.meydan.tv\/az\/wp-json\/wp\/v2\/tags?post=163351"}],"curies":[{"name":"wp","href":"https:\/\/api.w.org\/{rel}","templated":true}]}}