{"id":163313,"date":"2014-02-25T16:17:21","date_gmt":"2014-02-25T16:17:21","guid":{"rendered":"https:\/\/www.meydan.tv\/article\/ermenilerden-niye-uzr-istemeliyik\/"},"modified":"2014-02-25T16:17:21","modified_gmt":"2014-02-25T16:17:21","slug":"ermenilerden-niye-uzr-istemeliyik","status":"publish","type":"post","link":"https:\/\/www.meydan.tv\/az\/article\/ermenilerden-niye-uzr-istemeliyik\/","title":{"rendered":"Erm\u0259nil\u0259rd\u0259n niy\u0259 \u00fczr ist\u0259m\u0259liyik?"},"content":{"rendered":"<figure class=\"wp-block-image size-large\">\n  <img decoding=\"async\" src=\"https:\/\/www.meydan.tv\/az\/5480\/\" alt=\"\" class=\"wp-image-5480\"\/><figcaption><\/figcaption><\/figure>\n<figure class=\"wp-block-image size-large\">\n  <img decoding=\"async\" src=\"https:\/\/www.meydan.tv\/az\/5483\/\" alt=\"\" class=\"wp-image-5483\"\/><figcaption><\/figcaption><\/figure>\n<p>\n  G\u00fcnelin \u201cErm\u0259ni xalq\u0131na m\u00fcraci\u0259t\u201dini oxuyanda: \u201cTutaq ki, m\u0259n bir az\u0259rbaycanl\u0131, bir bak\u0131l\u0131 kimi erm\u0259nil\u0259rd\u0259n \u00fczr ist\u0259m\u0259liy\u0259mmi?\u201d sual\u0131 beynimd\u0259 xeyli f\u0131rland\u0131 durdu. \u00dczr\u0259 s\u0259b\u0259b varsa \u00e7\u0259kinm\u0259d\u0259n \u00fczr ist\u0259y\u0259r\u0259m, q\u00fcrurum incim\u0259z. Amma ke\u00e7\u0259rli bir s\u0259b\u0259b tapa bilm\u0259dim. A\u00e7\u0131\u011f\u0131, G\u00fcnelin d\u0259 n\u0259 \u00fc\u00e7\u00fcn \u00fczr ist\u0259diyini anlamad\u0131m.\n<\/p>\n<p>\n  Halbuki erm\u0259nil\u0259rin bizd\u0259n, m\u0259nd\u0259n \u00fczr ist\u0259m\u0259l\u0259ri \u00fc\u00e7\u00fcn o q\u0259d\u0259r s\u0259b\u0259b var ki, say say bitm\u0259z. Ham\u0131n\u0131n bildiyi, dill\u0259r \u0259zb\u0259ri olan \u201ch\u0259qiq\u0259tl\u0259rimizi\u201d demir\u0259m, bunlar m\u0259lum \u015feyl\u0259rdir, t\u0259krar\u0131 ba\u015f a\u011fr\u0131dar. \u018fksin\u0259, ham\u0131n\u0131n bildiyi amma israrla susdu\u011fu s\u0259b\u0259bl\u0259r haqda dan\u0131\u015facam. Qorxudan susdu\u011fu. Abr\u0131na q\u0131s\u0131l\u0131b susdu\u011fu. Daha b\u00f6y\u00fck fitn\u0259-f\u0259sada, ixtilaflara r\u0259vac verm\u0259m\u0259k \u00fc\u00e7\u00fcn susdu\u011fu h\u0259qiq\u0259tl\u0259rd\u0259n.\n<\/p>\n<p>\n  G\u00fcnel M\u00f6vlud yaz\u0131r ki, \u201cQaraba\u011f erm\u0259nil\u0259rinin Erm\u0259nistan\u0131n ba\u015f\u0131na a\u00e7d\u0131\u011f\u0131 oyunlara g\u00f6r\u0259 g\u0259r\u0259k erm\u0259nil\u0259r bizi ba\u011f\u0131\u015flas\u0131n\u201d.\n<\/p>\n<p>\n  Niy\u0259? He\u00e7 d\u00fc\u015f\u00fcnd\u00fcnm\u00fc ki, Qaraba\u011f erm\u0259nil\u0259rinin acg\u00f6zl\u00fcy\u00fc; hakimiyy\u0259t, madiyyat h\u0259risliyi qaraba\u011fl\u0131 olmalar\u0131ndan yox, tutaq ki, erm\u0259nilikl\u0259rind\u0259n ola bil\u0259r? Ax\u0131 bu bel\u0259dir. Bu, g\u00fcn kimi ayd\u0131n h\u0259qiq\u0259tdir.\n<\/p>\n<p>\n  Qaraba\u011f erm\u0259nil\u0259rinin qohumbazl\u0131\u011f\u0131, yerlibazl\u0131\u011f\u0131, klan\u00e7\u0131l\u0131\u011f\u0131, q\u0259bil\u0259\u00e7iliyi qaraba\u011fl\u0131l\u0131qlar\u0131ndan \u00f6tr\u00fc olsayd\u0131, eyni keyfiyy\u0259tl\u0259r qaraba\u011fl\u0131 az\u0259rbaycanl\u0131larda, t\u00fcrkl\u0259rd\u0259 d\u0259 olard\u0131. Amma biz bu keyfiyy\u0259tl\u0259ri bizim qaraba\u011fl\u0131larda g\u00f6rm\u00fcr\u00fck. \u015eirvanl\u0131larda da g\u00f6rm\u00fcr\u00fck. H\u0259tta bu detal biz\u0259 bunu dem\u0259y\u0259 \u0259sas verir ki, erm\u0259nil\u0259r Qaraba\u011fda avtaxton deyill\u0259r, olmay\u0131blar. Onlar\u0131n Qaraba\u011f torpaqlar\u0131nda m\u00f6vcudluqlar\u0131n\u0131n tarixi q\u0259dim olsayd\u0131, o torpaqlarda qonaq olmasayd\u0131lar, Qaraba\u011fda ya\u015fayan t\u00fcrkl\u0259ri d\u0259 \u00f6zl\u0259rin\u0259 ox\u015fadard\u0131lar.\n<\/p>\n<p>\n  Nec\u0259 ki, yerazlar v\u0259 nax\u00e7\u0131vanl\u0131lar bu keyfiyy\u0259tl\u0259rin ham\u0131s\u0131n\u0131 erm\u0259nil\u0259rd\u0259n \u0259xz edibl\u0259r.\n<\/p>\n<p>\n  Bilirsiniz n\u0259 var, bir g\u00fcn kims\u0259 bu haqda dan\u0131\u015fmal\u0131yd\u0131. Bir g\u00fcn kims\u0259 bu s\u00f6hb\u0259tl\u0259ri \u00e7ayxanadan \u00e7\u0131xar\u0131b m\u0259tn\u0259 \u00e7evirm\u0259liydi. Verbal m\u00fcst\u0259vid\u0259n yaz\u0131ya k\u00f6\u00e7\u00fcrm\u0259liydi, hayq\u0131rmal\u0131yd\u0131. Bu b\u00f6y\u00fck b\u0259lad\u0131r v\u0259 inkar ed\u0259n, g\u00f6rm\u0259zlikd\u0259n g\u0259l\u0259n h\u0259r bir k\u0259s \u015farlatand\u0131r, al\u00e7aqd\u0131r, riyakard\u0131r.\n<\/p>\n<p>\n  Separatizm b\u0259las\u0131n\u0131 bizim ba\u015f\u0131m\u0131za t\u0259kc\u0259 erm\u0259nil\u0259rmi a\u00e7d\u0131? B\u0259s m\u00fcharib\u0259nin \u0259n \u015f\u0131d\u0131r\u011f\u0131 vaxt\u0131nda Erm\u0259nistanla separat dan\u0131\u015f\u0131qlara ged\u0259n, bu s\u0259b\u0259bl\u0259 d\u0259 sa\u011f-salamat qalan Heyd\u0259r \u00f6nd\u0259rliyind\u0259ki Nax\u00e7\u0131van\u0131 niy\u0259 unudursunuz? Az\u0259rbaycan\u0131n Nax\u00e7\u0131van adl\u0131 bu alt\u0131nc\u0131 barma\u011f\u0131n\u0131 niy\u0259 g\u00f6rm\u0259zlikd\u0259n g\u0259lirsiniz? Saatl\u0131 bombad\u0131r Nax\u00e7\u0131van, h\u0259l\u0259 g\u0259l\u0259c\u0259k b\u0259lalar\u0131n baiskar\u0131d\u0131r, g\u00f6zl\u0259m\u0259 m\u00f6vqeyind\u0259dir v\u0259 onun Az\u0259rbaycan\u0131n k\u00fcr\u0259yin\u0259 sancaca\u011f\u0131 x\u0259nc\u0259rin yan\u0131nda erm\u0259ninin x\u0259yan\u0259tl\u0259ri, separat\u00e7\u0131l\u0131\u011f\u0131 toya getm\u0259li olacaq. G\u00f6r\u0259c\u0259ksiniz.\n<\/p>\n<p>\n  Erm\u0259ni m\u0259nd\u0259n ona g\u00f6r\u0259 \u00fczr ist\u0259m\u0259lidir ki, m\u0259nim ba\u015f\u0131ma yeraz-nax\u00e7\u0131vanl\u0131 b\u0259las\u0131n\u0131 a\u00e7\u0131b. Xalq olaraq, \u00f6lk\u0259 olaraq Qaraba\u011f m\u00fcnaqi\u015f\u0259si ba\u015flayan g\u00fcnd\u0259n bu iki q\u00f6vm\u00fcn, bu iki klan\u0131n \u0259sar\u0259ti v\u0259 z\u00fclm\u00fc alt\u0131nda inl\u0259yirik. Onlar erm\u0259nil\u0259rin Az\u0259rbaycandak\u0131 f\u00f6vq\u0259lad\u0259 v\u0259 s\u0259lahiyy\u0259tli n\u00fcmay\u0259n\u0259d\u0259l\u0259ridir. Bu g\u00fcnd\u0259n geci yoxdur, el\u0259 bu d\u0259qiq\u0259 erm\u0259nil\u0259r bizd\u0259n \u00fczr ist\u0259m\u0259lidirl\u0259r.\n<\/p>\n<p>\n  H\u0259tta v\u0259ziyy\u0259t o h\u0259dd\u0259 \u00e7at\u0131b ki, qohumbazl\u0131q, yerlibazl\u0131q, region\u00e7uluq kimi arxaizml\u0259ri ya\u015fatmayan, bunlardan uzaq olan b\u00f6lg\u0259l\u0259rimiz v\u0259 bu b\u00f6lg\u0259l\u0259rin insanlar\u0131 yerazlara v\u0259 nax\u00e7\u0131vanl\u0131lara h\u0259s\u0259d apar\u0131rlar. Biz \u015firvanl\u0131lar, biz aranl\u0131lar, biz qubal\u0131lar, biz qaraba\u011fl\u0131lar yeraz v\u0259 nax\u00e7\u0131vanl\u0131 kimi olmad\u0131\u011f\u0131m\u0131za g\u00f6r\u0259 kompleks ke\u00e7iririk, onlara pax\u0131ll\u0131q edirik.\n<\/p>\n<p>\n  S\u00f6z\u0259 bax s\u0259n allah: \u201cBiz yerazlar, nax\u00e7\u0131vanl\u0131lar kimi bir-birimizi tuta bilmirik&#8230;\u201d\n<\/p>\n<p>\n  Niy\u0259 tutmal\u0131y\u0131q ki? Bir-birimizin haras\u0131ndan tutmal\u0131y\u0131q? Adam kimi ya\u015fasaq olmazm\u0131? \u0130nsanlara \u00e7\u0131xd\u0131qlar\u0131 b\u00f6lg\u0259l\u0259r\u0259 g\u00f6r\u0259 qiym\u0259t verm\u0259k n\u0259 zamandan m\u0259rif\u0259t, \u00e7a\u011fda\u015fl\u0131q, m\u0259d\u0259niyy\u0259t olub? Ax\u0131 biz bundan sonra \u00fc\u00e7 \u0259sr g\u00fcc\u0259ns\u0259k d\u0259 yeraz v\u0259 nax\u00e7\u0131vanl\u0131lar kimi ola bilm\u0259rik. Biz\u0259 erm\u0259ni n\u0259f\u0259si d\u0259ym\u0259yib, onlara ox\u015fam\u0131r\u0131q. Sad\u0259c\u0259 ox\u015fam\u0131r\u0131q. Ki\u00e7ik, \u0259zilmi\u015f xalq kompleksimiz yoxdur v\u0259 olmay\u0131b. Biz f\u0259rdik, q\u0259bil\u0259 deyilik, tabor deyilik. Bu d\u0259y\u0259rl\u0259r sistemi i\u00e7\u0259risind\u0259, bu koordinatlarda ist\u0259s\u0259k d\u0259 ya\u015faya bilm\u0259rik.\n<\/p>\n<p>\n  Dey\u0259c\u0259ksiniz ki, haqs\u0131zsan. Region\u00e7uluq ed\u0259n, \u201cbir-birini tutan\u201d (g\u00f6r\u0259s\u0259n haras\u0131ndan?) t\u0259kc\u0259 yerazlar, nax\u00e7\u0131vanl\u0131lar deyil. Yax\u015f\u0131, raz\u0131yam, bu arxaizml\u0259ri sev\u0259-sev\u0259 ya\u015fadan; \u0259d\u0259biyyat\u0131 v\u0259 m\u0259tbuat\u0131 \u00f6z\u0259ll\u0259\u015fdirm\u0259d\u0259 nax\u00e7\u0131vanl\u0131 v\u0259 yerazlarla r\u0259sm\u0259n yar\u0131\u015fan Qazax b\u00f6lg\u0259si d\u0259 var. Olsun. Amma bu b\u00f6lg\u0259 d\u0259 Erm\u0259nistanla s\u0259rh\u0259ddir. Havas\u0131 d\u0259yib n\u0259hay\u0259t. Bunu anlama\u011fa n\u0259 var? Qald\u0131 ki, m\u0259sum a\u015f\u0131q, saz, x\u0259ng\u0259l mill\u0259t\u00e7iliyi il\u0259 idbar yeraz-nax\u00e7\u0131vanl\u0131 klan\u00e7\u0131l\u0131\u011f\u0131 m\u00fcqayis\u0259y\u0259 bel\u0259 g\u0259lm\u0259z. Biri saz\u0131n\u0131 d\u0131nq\u0131ldad\u0131r v\u0259 xo\u015fb\u0259xtdir. Bu biril\u0259r is\u0259 bizi r\u0259sm\u0259n minirl\u0259r.\n<\/p>\n<p>\n  Siyas\u0259t, biznes v\u0259 dig\u0259r sah\u0259l\u0259rd\u0259 yeraz-nax\u00e7\u0131vanl\u0131 hegemonlu\u011fundan \u0259ziyy\u0259t \u00e7\u0259k\u0259nl\u0259r t\u0259kc\u0259 qeyril\u0259ri deyil, h\u0259m d\u0259 yerazlar\u0131n v\u0259 nax\u00e7\u0131vanl\u0131lar\u0131n \u00f6zl\u0259ridir. Nax\u00e7\u0131vanda olmaq, orada sad\u0259 insanlarla g\u00f6r\u00fc\u015fm\u0259k b\u0259sdir ki, g\u00f6zl\u0259rind\u0259ki qorxunu g\u00f6r\u0259s\u0259n. A\u00e7\u0131q havada, mavi s\u0259ma alt\u0131nda bir h\u0259bsxanad\u0131r Nax\u00e7\u0131van. Oradak\u0131 sad\u0259 insanlar da bizim kimi bu murdar hakimiyy\u0259tin \u0259siridirl\u0259r. Yerazlar\u0131n da, nax\u00e7\u0131vanl\u0131lar\u0131n da i\u00e7ind\u0259 v\u0259ziyy\u0259tin bel\u0259 hal almas\u0131ndan \u00f6tr\u00fc narahat olan, x\u0259cal\u0259t \u00e7\u0259k\u0259nl\u0259r var. M\u0259n \u0259lb\u0259tt\u0259 ki, onlar\u0131 istisna edir\u0259m v\u0259 yaz\u0131lanlar\u0131n onlara aid olmad\u0131\u011f\u0131n\u0131 bildirir\u0259m. Zat\u0259n insan hans\u0131 z\u0259kan\u0131n, d\u0259rrak\u0259nin, vicdan\u0131n yiy\u0259si olmal\u0131d\u0131r ki, bu yaz\u0131n\u0131 ayr\u0131se\u00e7kilik, \u00fcmumil\u0259\u015fdirm\u0259, stereotipl\u015fdirm\u0259 kimi q\u0259l\u0259m\u0259 versin. Kor kor, g\u00f6r g\u00f6r. Dedim ax\u0131, h\u0259r k\u0259sin \u00e7ayxanada dan\u0131\u015fd\u0131qlar\u0131n\u0131 v\u0259 haql\u0131 olaraq dan\u0131\u015fd\u0131qlar\u0131 \u015feyl\u0259ri oxuyursunuz bu d\u0259qiq\u0259. Bizd\u0259 b\u00fct\u00fcn h\u0259qiq\u0259tl\u0259r \u00e7ayxanalarda dan\u0131\u015f\u0131l\u0131r dey\u0259, \u0259n\u0259n\u0259vi \u00e7ayxanalar\u0131 da yox etdil\u0259r yerazlarla nax\u00e7\u0131vanl\u0131lar.\n<\/p>\n<p>\n  M\u0259n erm\u0259nil\u0259rd\u0259n \u00fczr ist\u0259m\u0259y\u0259c\u0259m. Qaraba\u011fl\u0131 erm\u0259nil\u0259r Erm\u0259nistanda n\u0259 oyundan \u00e7\u0131x\u0131rlar \u00e7\u0131xs\u0131nlar. \u00d6zl\u0259ri bil\u0259r, erm\u0259ni qarda\u015f-bac\u0131lar\u0131 bil\u0259r. D\u00fcnyaya s\u0259p\u0259l\u0259nmi\u015f, p\u0259r\u0259n-p\u0259r\u0259n sal\u0131nm\u0131\u015f erm\u0259nil\u0259rin \u0259zilmi\u015fliyi bu xalq\u0131n psixologiyas\u0131n\u0131 bu y\u00f6nd\u0259 formala\u015fd\u0131r\u0131b. Be\u015f a\u015fa\u011f\u0131, be\u015f yuxar\u0131 \u2013 bu keyfiyy\u0259tl\u0259r erm\u0259nil\u0259rin ham\u0131s\u0131na xasd\u0131r.\n<\/p>\n<p>\n  Amma biz\u0259 xas deyil. Biz tabor estetikas\u0131ndan uza\u011f\u0131q. V\u0259 n\u0259 yax\u015f\u0131 ki, uza\u011f\u0131q.\n<\/p>\n<p>\n  Uzaq olmayanlar is\u0259 g\u00f6r\u00fcrs\u00fcn\u00fcz ill\u0259rdir Az\u0259rbaycana v\u0259 az\u0259rbaycanl\u0131lara nec\u0259 qan uddururlar. Art\u0131q yeraz v\u0259 nax\u00e7\u0131vanl\u0131lara ox\u015fayan, ox\u015famaq \u00fc\u00e7\u00fcn d\u0259rid\u0259n-qab\u0131qdan \u00e7\u0131xan v\u0259 d\u00fcz\u00fcn\u00fc des\u0259m, b\u00f6y\u00fck u\u011furlar qazanan qeyri yeraz v\u0259 qeyri nax\u00e7\u0131vanl\u0131 n\u0259sil yeti\u015fib. Sadiq k\u00f6l\u0259l\u0259r n\u0259sli.\n<\/p>\n<p>\n  Erm\u0259nil\u0259r d\u0259rhal m\u0259nd\u0259n \u00fczr ist\u0259m\u0259lidirl\u0259r. Bax, bu saat \u00fczr ist\u0259m\u0259lidirl\u0259r.\n<\/p>\n<p>\n  P.S. Bilir\u0259m ki, bu yaz\u0131 y\u00fcz minl\u0259rin \u00fcr\u0259yind\u0259n tikan \u00e7\u0131xaracaq. \u00c7oxunuz \u00e7oxdand\u0131r bu c\u00fcml\u0259l\u0259ri oxumaq ist\u0259yirdiniz. Art\u0131q oxudunuz. Y\u00fcz minl\u0259r is\u0259 \u0259ksin\u0259, h\u00fcr\u00fc\u015fm\u0259y\u0259 ba\u015flayacaqlar. Bu yaz\u0131n\u0131n alt\u0131nda h\u0259m t\u0259\u015f\u0259kk\u00fcr\u00fc, alq\u0131\u015f\u0131 g\u00f6r\u0259c\u0259ksiniz, h\u0259m d\u0259 nifr\u0259ti v\u0259 l\u0259n\u0259ti. Bel\u0259 d\u0259 olmal\u0131yd\u0131.\n<\/p><\/p>\n","protected":false},"excerpt":{"rendered":"<p>Saatl\u0131 bombad\u0131r Nax\u00e7\u0131van, h\u0259l\u0259 g\u0259l\u0259c\u0259k b\u0259lalar\u0131n baiskar\u0131d\u0131r<\/p>\n","protected":false},"author":11,"featured_media":5480,"comment_status":"closed","ping_status":"open","sticky":false,"template":"","format":"standard","meta":{"_acf_changed":false,"_sitemap_exclude":false,"_sitemap_priority":"","_sitemap_frequency":"","footnotes":""},"categories":[57],"tags":[],"class_list":["post-163313","post","type-post","status-publish","format-standard","has-post-thumbnail","hentry","category-menim-fikrimce","infinite-scroll-item","generate-columns","tablet-grid-50","mobile-grid-100","grid-parent","grid-33","no-featured-image-padding"],"acf":[],"yoast_head":"<!-- This site is optimized with the Yoast SEO plugin v27.4 - https:\/\/yoast.com\/product\/yoast-seo-wordpress\/ -->\n<title>Erm\u0259nil\u0259rd\u0259n niy\u0259 \u00fczr ist\u0259m\u0259liyik? - MEYDAN.TV<\/title>\n<meta name=\"robots\" content=\"index, follow, max-snippet:-1, max-image-preview:large, max-video-preview:-1\" \/>\n<link rel=\"canonical\" href=\"https:\/\/www.meydan.tv\/az\/article\/ermenilerden-niye-uzr-istemeliyik\/\" \/>\n<meta property=\"og:locale\" content=\"az_AZ\" \/>\n<meta property=\"og:type\" content=\"article\" \/>\n<meta property=\"og:title\" content=\"Erm\u0259nil\u0259rd\u0259n niy\u0259 \u00fczr ist\u0259m\u0259liyik? - MEYDAN.TV\" \/>\n<meta property=\"og:description\" content=\"Saatl\u0131 bombad\u0131r Nax\u00e7\u0131van, h\u0259l\u0259 g\u0259l\u0259c\u0259k b\u0259lalar\u0131n baiskar\u0131d\u0131r\" \/>\n<meta property=\"og:url\" content=\"https:\/\/www.meydan.tv\/az\/article\/ermenilerden-niye-uzr-istemeliyik\/\" \/>\n<meta property=\"og:site_name\" content=\"MEYDAN.TV\" \/>\n<meta property=\"article:published_time\" content=\"2014-02-25T16:17:21+00:00\" \/>\n<meta property=\"og:image\" content=\"https:\/\/www.meydan.tv\/wp-content\/uploads\/1243.png\" \/>\n\t<meta property=\"og:image:width\" content=\"500\" \/>\n\t<meta property=\"og:image:height\" content=\"500\" \/>\n\t<meta property=\"og:image:type\" content=\"image\/png\" \/>\n<meta name=\"author\" content=\"user-manager\" \/>\n<meta name=\"twitter:card\" content=\"summary_large_image\" \/>\n<script type=\"application\/ld+json\" class=\"yoast-schema-graph\">{\"@context\":\"https:\\\/\\\/schema.org\",\"@graph\":[{\"@type\":\"Article\",\"@id\":\"https:\\\/\\\/www.meydan.tv\\\/az\\\/article\\\/ermenilerden-niye-uzr-istemeliyik\\\/#article\",\"isPartOf\":{\"@id\":\"https:\\\/\\\/www.meydan.tv\\\/az\\\/article\\\/ermenilerden-niye-uzr-istemeliyik\\\/\"},\"author\":{\"name\":\"user-manager\",\"@id\":\"https:\\\/\\\/www.meydan.tv\\\/az\\\/#\\\/schema\\\/person\\\/10d11eccf6da3662cf5fdab9806ea91a\"},\"headline\":\"Erm\u0259nil\u0259rd\u0259n niy\u0259 \u00fczr ist\u0259m\u0259liyik?\",\"datePublished\":\"2014-02-25T16:17:21+00:00\",\"mainEntityOfPage\":{\"@id\":\"https:\\\/\\\/www.meydan.tv\\\/az\\\/article\\\/ermenilerden-niye-uzr-istemeliyik\\\/\"},\"wordCount\":1482,\"publisher\":{\"@id\":\"https:\\\/\\\/www.meydan.tv\\\/az\\\/#organization\"},\"image\":{\"@id\":\"https:\\\/\\\/www.meydan.tv\\\/az\\\/article\\\/ermenilerden-niye-uzr-istemeliyik\\\/#primaryimage\"},\"thumbnailUrl\":\"https:\\\/\\\/www.meydan.tv\\\/wp-content\\\/uploads\\\/1243.png\",\"articleSection\":[\"M\u0259nim Fikrimc\u0259\"],\"inLanguage\":\"az\"},{\"@type\":\"WebPage\",\"@id\":\"https:\\\/\\\/www.meydan.tv\\\/az\\\/article\\\/ermenilerden-niye-uzr-istemeliyik\\\/\",\"url\":\"https:\\\/\\\/www.meydan.tv\\\/az\\\/article\\\/ermenilerden-niye-uzr-istemeliyik\\\/\",\"name\":\"Erm\u0259nil\u0259rd\u0259n niy\u0259 \u00fczr ist\u0259m\u0259liyik? - MEYDAN.TV\",\"isPartOf\":{\"@id\":\"https:\\\/\\\/www.meydan.tv\\\/az\\\/#website\"},\"primaryImageOfPage\":{\"@id\":\"https:\\\/\\\/www.meydan.tv\\\/az\\\/article\\\/ermenilerden-niye-uzr-istemeliyik\\\/#primaryimage\"},\"image\":{\"@id\":\"https:\\\/\\\/www.meydan.tv\\\/az\\\/article\\\/ermenilerden-niye-uzr-istemeliyik\\\/#primaryimage\"},\"thumbnailUrl\":\"https:\\\/\\\/www.meydan.tv\\\/wp-content\\\/uploads\\\/1243.png\",\"datePublished\":\"2014-02-25T16:17:21+00:00\",\"breadcrumb\":{\"@id\":\"https:\\\/\\\/www.meydan.tv\\\/az\\\/article\\\/ermenilerden-niye-uzr-istemeliyik\\\/#breadcrumb\"},\"inLanguage\":\"az\",\"potentialAction\":[{\"@type\":\"ReadAction\",\"target\":[\"https:\\\/\\\/www.meydan.tv\\\/az\\\/article\\\/ermenilerden-niye-uzr-istemeliyik\\\/\"]}]},{\"@type\":\"ImageObject\",\"inLanguage\":\"az\",\"@id\":\"https:\\\/\\\/www.meydan.tv\\\/az\\\/article\\\/ermenilerden-niye-uzr-istemeliyik\\\/#primaryimage\",\"url\":\"https:\\\/\\\/www.meydan.tv\\\/wp-content\\\/uploads\\\/1243.png\",\"contentUrl\":\"https:\\\/\\\/www.meydan.tv\\\/wp-content\\\/uploads\\\/1243.png\",\"width\":500,\"height\":500,\"caption\":\"Source:\"},{\"@type\":\"BreadcrumbList\",\"@id\":\"https:\\\/\\\/www.meydan.tv\\\/az\\\/article\\\/ermenilerden-niye-uzr-istemeliyik\\\/#breadcrumb\",\"itemListElement\":[{\"@type\":\"ListItem\",\"position\":1,\"name\":\"Ana s\u0259hif\u0259\",\"item\":\"https:\\\/\\\/www.meydan.tv\\\/az\\\/\"},{\"@type\":\"ListItem\",\"position\":2,\"name\":\"M\u0259nim Fikrimc\u0259\",\"item\":\"https:\\\/\\\/www.meydan.tv\\\/az\\\/section\\\/menim-fikrimce\\\/\"},{\"@type\":\"ListItem\",\"position\":3,\"name\":\"Erm\u0259nil\u0259rd\u0259n niy\u0259 \u00fczr ist\u0259m\u0259liyik?\"}]},{\"@type\":\"WebSite\",\"@id\":\"https:\\\/\\\/www.meydan.tv\\\/az\\\/#website\",\"url\":\"https:\\\/\\\/www.meydan.tv\\\/az\\\/\",\"name\":\"MEYDAN.TV\",\"description\":\"Meydan TV Az\u0259rbaycan\u0131n media m\u0259kan\u0131ndak\u0131 alternativ s\u0259sidir\",\"publisher\":{\"@id\":\"https:\\\/\\\/www.meydan.tv\\\/az\\\/#organization\"},\"potentialAction\":[{\"@type\":\"SearchAction\",\"target\":{\"@type\":\"EntryPoint\",\"urlTemplate\":\"https:\\\/\\\/www.meydan.tv\\\/az\\\/?s={search_term_string}\"},\"query-input\":{\"@type\":\"PropertyValueSpecification\",\"valueRequired\":true,\"valueName\":\"search_term_string\"}}],\"inLanguage\":\"az\"},{\"@type\":\"Organization\",\"@id\":\"https:\\\/\\\/www.meydan.tv\\\/az\\\/#organization\",\"name\":\"Meydan TV\",\"url\":\"https:\\\/\\\/www.meydan.tv\\\/az\\\/\",\"logo\":{\"@type\":\"ImageObject\",\"inLanguage\":\"az\",\"@id\":\"https:\\\/\\\/www.meydan.tv\\\/az\\\/#\\\/schema\\\/logo\\\/image\\\/\",\"url\":\"https:\\\/\\\/www.meydan.tv\\\/wp-content\\\/uploads\\\/2021\\\/07\\\/meydan-logo.svg\",\"contentUrl\":\"https:\\\/\\\/www.meydan.tv\\\/wp-content\\\/uploads\\\/2021\\\/07\\\/meydan-logo.svg\",\"width\":195,\"height\":46,\"caption\":\"Meydan TV\"},\"image\":{\"@id\":\"https:\\\/\\\/www.meydan.tv\\\/az\\\/#\\\/schema\\\/logo\\\/image\\\/\"}},{\"@type\":\"Person\",\"@id\":\"https:\\\/\\\/www.meydan.tv\\\/az\\\/#\\\/schema\\\/person\\\/10d11eccf6da3662cf5fdab9806ea91a\",\"name\":\"user-manager\"}]}<\/script>\n<!-- \/ Yoast SEO plugin. -->","yoast_head_json":{"title":"Erm\u0259nil\u0259rd\u0259n niy\u0259 \u00fczr ist\u0259m\u0259liyik? - MEYDAN.TV","robots":{"index":"index","follow":"follow","max-snippet":"max-snippet:-1","max-image-preview":"max-image-preview:large","max-video-preview":"max-video-preview:-1"},"canonical":"https:\/\/www.meydan.tv\/az\/article\/ermenilerden-niye-uzr-istemeliyik\/","og_locale":"az_AZ","og_type":"article","og_title":"Erm\u0259nil\u0259rd\u0259n niy\u0259 \u00fczr ist\u0259m\u0259liyik? - MEYDAN.TV","og_description":"Saatl\u0131 bombad\u0131r Nax\u00e7\u0131van, h\u0259l\u0259 g\u0259l\u0259c\u0259k b\u0259lalar\u0131n baiskar\u0131d\u0131r","og_url":"https:\/\/www.meydan.tv\/az\/article\/ermenilerden-niye-uzr-istemeliyik\/","og_site_name":"MEYDAN.TV","article_published_time":"2014-02-25T16:17:21+00:00","og_image":[{"width":500,"height":500,"url":"https:\/\/www.meydan.tv\/wp-content\/uploads\/1243.png","type":"image\/png"}],"author":"user-manager","twitter_card":"summary_large_image","schema":{"@context":"https:\/\/schema.org","@graph":[{"@type":"Article","@id":"https:\/\/www.meydan.tv\/az\/article\/ermenilerden-niye-uzr-istemeliyik\/#article","isPartOf":{"@id":"https:\/\/www.meydan.tv\/az\/article\/ermenilerden-niye-uzr-istemeliyik\/"},"author":{"name":"user-manager","@id":"https:\/\/www.meydan.tv\/az\/#\/schema\/person\/10d11eccf6da3662cf5fdab9806ea91a"},"headline":"Erm\u0259nil\u0259rd\u0259n niy\u0259 \u00fczr ist\u0259m\u0259liyik?","datePublished":"2014-02-25T16:17:21+00:00","mainEntityOfPage":{"@id":"https:\/\/www.meydan.tv\/az\/article\/ermenilerden-niye-uzr-istemeliyik\/"},"wordCount":1482,"publisher":{"@id":"https:\/\/www.meydan.tv\/az\/#organization"},"image":{"@id":"https:\/\/www.meydan.tv\/az\/article\/ermenilerden-niye-uzr-istemeliyik\/#primaryimage"},"thumbnailUrl":"https:\/\/www.meydan.tv\/wp-content\/uploads\/1243.png","articleSection":["M\u0259nim Fikrimc\u0259"],"inLanguage":"az"},{"@type":"WebPage","@id":"https:\/\/www.meydan.tv\/az\/article\/ermenilerden-niye-uzr-istemeliyik\/","url":"https:\/\/www.meydan.tv\/az\/article\/ermenilerden-niye-uzr-istemeliyik\/","name":"Erm\u0259nil\u0259rd\u0259n niy\u0259 \u00fczr ist\u0259m\u0259liyik? - MEYDAN.TV","isPartOf":{"@id":"https:\/\/www.meydan.tv\/az\/#website"},"primaryImageOfPage":{"@id":"https:\/\/www.meydan.tv\/az\/article\/ermenilerden-niye-uzr-istemeliyik\/#primaryimage"},"image":{"@id":"https:\/\/www.meydan.tv\/az\/article\/ermenilerden-niye-uzr-istemeliyik\/#primaryimage"},"thumbnailUrl":"https:\/\/www.meydan.tv\/wp-content\/uploads\/1243.png","datePublished":"2014-02-25T16:17:21+00:00","breadcrumb":{"@id":"https:\/\/www.meydan.tv\/az\/article\/ermenilerden-niye-uzr-istemeliyik\/#breadcrumb"},"inLanguage":"az","potentialAction":[{"@type":"ReadAction","target":["https:\/\/www.meydan.tv\/az\/article\/ermenilerden-niye-uzr-istemeliyik\/"]}]},{"@type":"ImageObject","inLanguage":"az","@id":"https:\/\/www.meydan.tv\/az\/article\/ermenilerden-niye-uzr-istemeliyik\/#primaryimage","url":"https:\/\/www.meydan.tv\/wp-content\/uploads\/1243.png","contentUrl":"https:\/\/www.meydan.tv\/wp-content\/uploads\/1243.png","width":500,"height":500,"caption":"Source:"},{"@type":"BreadcrumbList","@id":"https:\/\/www.meydan.tv\/az\/article\/ermenilerden-niye-uzr-istemeliyik\/#breadcrumb","itemListElement":[{"@type":"ListItem","position":1,"name":"Ana s\u0259hif\u0259","item":"https:\/\/www.meydan.tv\/az\/"},{"@type":"ListItem","position":2,"name":"M\u0259nim Fikrimc\u0259","item":"https:\/\/www.meydan.tv\/az\/section\/menim-fikrimce\/"},{"@type":"ListItem","position":3,"name":"Erm\u0259nil\u0259rd\u0259n niy\u0259 \u00fczr ist\u0259m\u0259liyik?"}]},{"@type":"WebSite","@id":"https:\/\/www.meydan.tv\/az\/#website","url":"https:\/\/www.meydan.tv\/az\/","name":"MEYDAN.TV","description":"Meydan TV Az\u0259rbaycan\u0131n media m\u0259kan\u0131ndak\u0131 alternativ s\u0259sidir","publisher":{"@id":"https:\/\/www.meydan.tv\/az\/#organization"},"potentialAction":[{"@type":"SearchAction","target":{"@type":"EntryPoint","urlTemplate":"https:\/\/www.meydan.tv\/az\/?s={search_term_string}"},"query-input":{"@type":"PropertyValueSpecification","valueRequired":true,"valueName":"search_term_string"}}],"inLanguage":"az"},{"@type":"Organization","@id":"https:\/\/www.meydan.tv\/az\/#organization","name":"Meydan TV","url":"https:\/\/www.meydan.tv\/az\/","logo":{"@type":"ImageObject","inLanguage":"az","@id":"https:\/\/www.meydan.tv\/az\/#\/schema\/logo\/image\/","url":"https:\/\/www.meydan.tv\/wp-content\/uploads\/2021\/07\/meydan-logo.svg","contentUrl":"https:\/\/www.meydan.tv\/wp-content\/uploads\/2021\/07\/meydan-logo.svg","width":195,"height":46,"caption":"Meydan TV"},"image":{"@id":"https:\/\/www.meydan.tv\/az\/#\/schema\/logo\/image\/"}},{"@type":"Person","@id":"https:\/\/www.meydan.tv\/az\/#\/schema\/person\/10d11eccf6da3662cf5fdab9806ea91a","name":"user-manager"}]}},"_links":{"self":[{"href":"https:\/\/www.meydan.tv\/az\/wp-json\/wp\/v2\/posts\/163313","targetHints":{"allow":["GET"]}}],"collection":[{"href":"https:\/\/www.meydan.tv\/az\/wp-json\/wp\/v2\/posts"}],"about":[{"href":"https:\/\/www.meydan.tv\/az\/wp-json\/wp\/v2\/types\/post"}],"author":[{"embeddable":true,"href":"https:\/\/www.meydan.tv\/az\/wp-json\/wp\/v2\/users\/11"}],"replies":[{"embeddable":true,"href":"https:\/\/www.meydan.tv\/az\/wp-json\/wp\/v2\/comments?post=163313"}],"version-history":[{"count":0,"href":"https:\/\/www.meydan.tv\/az\/wp-json\/wp\/v2\/posts\/163313\/revisions"}],"wp:featuredmedia":[{"embeddable":true,"href":"https:\/\/www.meydan.tv\/az\/wp-json\/wp\/v2\/media\/5480"}],"wp:attachment":[{"href":"https:\/\/www.meydan.tv\/az\/wp-json\/wp\/v2\/media?parent=163313"}],"wp:term":[{"taxonomy":"category","embeddable":true,"href":"https:\/\/www.meydan.tv\/az\/wp-json\/wp\/v2\/categories?post=163313"},{"taxonomy":"post_tag","embeddable":true,"href":"https:\/\/www.meydan.tv\/az\/wp-json\/wp\/v2\/tags?post=163313"}],"curies":[{"name":"wp","href":"https:\/\/api.w.org\/{rel}","templated":true}]}}