{"id":163260,"date":"2014-02-18T19:38:52","date_gmt":"2014-02-18T19:38:52","guid":{"rendered":"https:\/\/www.meydan.tv\/article\/azerbaycanda-nece-kisi-var\/"},"modified":"2014-02-18T19:38:52","modified_gmt":"2014-02-18T19:38:52","slug":"azerbaycanda-nece-kisi-var","status":"publish","type":"post","link":"https:\/\/www.meydan.tv\/az\/article\/azerbaycanda-nece-kisi-var\/","title":{"rendered":"Az\u0259rbaycanda ne\u00e7\u0259 ki\u015fi var?"},"content":{"rendered":"<figure class=\"wp-block-image size-large\">\n  <img decoding=\"async\" src=\"https:\/\/www.meydan.tv\/az\/5480\/\" alt=\"\" class=\"wp-image-5480\"\/><figcaption><\/figcaption><\/figure>\n<\/p>\n<figure class=\"wp-block-image size-large\">\n  <img decoding=\"async\" src=\"https:\/\/www.meydan.tv\/az\/5483\/\" alt=\"\" class=\"wp-image-5483\"\/><figcaption><\/figcaption><\/figure>\n<p>\n  Statistikaya baxsaq penis\u0259, y\u0259ni insan\u0131n maskulin t\u0259bi\u0259tind\u0259n x\u0259b\u0259r ver\u0259n orqana malik v\u0259t\u0259nda\u015flar\u0131n say\u0131, t\u0259xmin\u0259n \u0259halinin yar\u0131s\u0131 q\u0259d\u0259rdir. Be\u015f a\u015fa\u011f\u0131, be\u015f yuxar\u0131 \u2013 v\u0259ziyy\u0259t budur.\n<\/p>\n<p>\n  N\u0259inki Az\u0259rbaycanda, b\u00fct\u00fcn d\u00fcnyada bu, bel\u0259dir. D\u00fczd\u00fcr, qad\u0131nlar\u0131n say\u0131 bir q\u0259d\u0259r \u00e7oxdur, amma \u00fcmumi m\u0259nz\u0259r\u0259 bel\u0259dir. Bu b\u0259rab\u0259rlik, Yaradan\u0131n yer \u00fcz\u00fcnd\u0259 b\u0259rq\u0259rar etdiyi nizam, simmetriya, ah\u0259ng kimi prinsipl\u0259rd\u0259n x\u0259b\u0259r verir. Yaradan \u00f6z\u00fc bu m\u00fct\u0259nasibliyi t\u0259nziml\u0259yir. \u0130st\u0259diyiniz q\u0259d\u0259r q\u0131z u\u015faqlar\u0131n\u0131 abort el\u0259yin, v\u0259ziyy\u0259t d\u0259yi\u015fm\u0259y\u0259c\u0259k. \u018fn az\u0131ndan katastrofik h\u0259dd\u0259 \u00e7atmayacaq. N\u0259 f\u0259lak\u0259tl\u0259rd\u0259n, sava\u015flardan ke\u00e7\u0259n b\u0259\u015f\u0259riyy\u0259t tarixi, buna \u0259yani s\u00fcbutdur.\n<\/p>\n<p>\n  \u0130ndi, Bak\u0131 \u015f\u0259h\u0259rini v\u0259 bak\u0131l\u0131lar\u0131 idar\u0259 ed\u0259n Hac\u0131bala Abutal\u0131bov deyir ki, \u201c\u00d6lk\u0259d\u0259 bir d\u0259n\u0259 ki\u015fi var, o da bizim prezidentdir\u201d.\n<\/p>\n<p>\n  Ayd\u0131n m\u0259s\u0259l\u0259dir ki, Hac\u0131bala prezidentin cinsiyy\u0259tini n\u0259z\u0259rd\u0259 tutmur, \u201cPrezidentd\u0259n ba\u015fqa penis v\u0259 testisl\u0259r\u0259 malik olan birc\u0259 n\u0259f\u0259r d\u0259 yoxdur\u201d dem\u0259k ist\u0259mir.\n<\/p>\n<p>\n  B\u0259s, d\u0259rdi n\u0259dir Hac\u0131balan\u0131n?\n<\/p>\n<p>\n  Az\u0259rbaycanda \u201cki\u015filik\u201d, cinsiyy\u0259td\u0259n ziyad\u0259 m\u0259n\u0259vi kateqoriyad\u0131r. Bizd\u0259 kim\u0259s\u0259 \u201cS\u0259n ki\u015fi deyils\u0259n\u201d dey\u0259nd\u0259 ona g\u00f6r\u0259 co\u015fmur ki, s\u0259n onun cinsi orqan\u0131n\u0131n varl\u0131\u011f\u0131n\u0131 sual alt\u0131na qoyursan. Uzaqba\u015f\u0131 a\u00e7\u0131b g\u00f6st\u0259r\u0259r, m\u0259s\u0259l\u0259 d\u0259 bit\u0259r.\n<\/p>\n<p>\n  Etiraz ona g\u00f6r\u0259dir ki, kim\u0259s\u0259 \u201cs\u0259n ki\u015fi deyils\u0259n\u201d dey\u0259nd\u0259 onun namusuna, qeyr\u0259tin\u0259, s\u00f6z\u00fc b\u00fct\u00f6vl\u00fcl\u00fcy\u00fcn\u0259, m\u0259rdliyin\u0259, c\u0259sar\u0259tin\u0259, \u00f6z ail\u0259si, b\u0259lk\u0259 d\u0259 s\u00fclal\u0259si \u00fcz\u0259rind\u0259ki hakimiyy\u0259tin\u0259 \u015f\u00fcbh\u0259 edirs\u0259n.\n<\/p>\n<p>\n  Hac\u0131bala da, \u0259lb\u0259tt\u0259 bunu dem\u0259k ist\u0259yirdi v\u0259 etirazlar da buna g\u00f6r\u0259dir. Hac\u0131bala deyir ki, biz az\u0259rbaycanl\u0131lar \u201cadam ki\u015fi olar\u201d, \u201cki\u015fi ol\u201d, \u201cki\u015fi kimi qad\u0131n\u201d, \u201cki\u015finin hulqumu olar\u201d, \u201cyek\u0259 ki\u015fis\u0259n\u201d dey\u0259nd\u0259 n\u0259yi v\u0259 kimi n\u0259z\u0259rd\u0259 tuturuqsa, bax bu keyfiyy\u0259tl\u0259r ancaq bizim prezident\u0259 aiddir. Bu \u00fcst\u00fcn g\u00f6st\u0259ricil\u0259r yaln\u0131z onda var.\n<\/p>\n<p>\n  Qalanlar\u0131? N\u0259 bilim, bilmir\u0259m. Qalanlar\u0131 da y\u0259qin ki, \u201carvad\u201d olar.\n<\/p>\n<p>\n  \u018fslind\u0259 biz, az\u0259rbaycanl\u0131lar, \u00e7ox matriarxat toplumuq. \u00d6lk\u0259 b\u00fct\u00f6vl\u00fckd\u0259 matriarxatd\u0131r. Az\u0259rbaycan\u0131 v\u0259 az\u0259rbaycanl\u0131lar\u0131 qad\u0131nlar idar\u0259 edir. M\u00fcbahis\u0259 etm\u0259yin, n\u0259 olar. Sad\u0259c\u0259 bununla raz\u0131la\u015f\u0131n. Xahi\u015f edir\u0259m raz\u0131la\u015f\u0131n. H\u0259tta g\u00fcnd\u0259 be\u015f yol t\u0259pikl\u0259n\u0259n anan\u0131z, bac\u0131n\u0131z, q\u0131z\u0131n\u0131z, arvad\u0131n\u0131z bel\u0259 bu ali h\u0259qiq\u0259ti d\u0259yi\u015fm\u0259y\u0259c\u0259k. Az\u0259rbaycanl\u0131larda ilk s\u00f6z d\u0259, son s\u00f6z d\u0259 qad\u0131n\u0131nd\u0131r. Bu, sad\u0259c\u0259 olaraq bel\u0259dir. Sars\u0131lmaz faktd\u0131r. Aksiomdur.\n<\/p>\n<p>\n  Q\u0131raqdan baxan, i\u015fin i\u00e7ind\u0259 olmayan adam bunlar\u0131 he\u00e7 vaxt g\u00f6r\u0259 bilm\u0259z. \u018fn kritik m\u0259qamlarda, bizd\u0259 qad\u0131nlar qaba\u011fa at\u0131l\u0131r. \u00c7\u00fcnki, bizd\u0259 qad\u0131nlar\u0131n toxunulmazl\u0131\u011f\u0131 var. M\u0259h\u0259lli etiraz aksiyalar\u0131nda, h\u0259mi\u015f\u0259 \u00f6nd\u0259 qad\u0131nlar\u0131 g\u00f6r\u0259c\u0259ksiniz. \u00dcz c\u0131ran, sa\u00e7 yolan, qar\u011f\u0131\u015f dey\u0259n, polis\u0259 \u015f\u0131\u011f\u0131yan, m\u00fcxalif\u0259t\u00e7il\u0259rin \u00fcst\u00fcn\u0259 da\u015f, yumurta atan onlard\u0131r. Bir-bir video arxivl\u0259ri a\u00e7\u0131n, bax\u0131n. Yeri g\u0259lmi\u015fk\u0259n, bizd\u0259 h\u0259r zaman (\u0259n az\u0131ndan v\u0259ziyy\u0259t d\u00fcz\u0259l\u0259n\u0259 q\u0259d\u0259r) \u0259n b\u0259rkged\u0259n h\u00fcquq m\u00fcdafi\u0259\u00e7il\u0259ri, \u0259n radikal jurnalistl\u0259r d\u0259 qad\u0131nlar olacaq. Bunun s\u0259b\u0259bi onlar\u0131n ki\u015fil\u0259rd\u0259n daha bacar\u0131ql\u0131 v\u0259 istedadl\u0131 olmalar\u0131 deyil. \u018flb\u0259tt\u0259 deyil.\n<\/p>\n<p>\n  Bunun s\u0259b\u0259bi, bizim c\u0259miyy\u0259td\u0259 qad\u0131nlar\u0131n malik olduqlar\u0131 gizli toxunulmazl\u0131q statusudur. Yol polisinin, m\u00fcxt\u0259lif qurumlar\u0131n qad\u0131na \u201ch\u00f6rm\u0259ti\u201d, daha art\u0131q \u201ctolerantl\u0131\u011f\u0131\u201d d\u0259 buna g\u00f6r\u0259dir. Bunu ham\u0131n\u0131z bilirsiniz, hiss edirsiniz. B\u0259s bu toxunulmazl\u0131\u011f\u0131n k\u00f6kl\u0259ri, s\u0259b\u0259bl\u0259ri haqda d\u00fc\u015f\u00fcnm\u00fcs\u00fcn\u00fczm\u00fc?\n<\/p>\n<p>\n  S\u0259b\u0259b birdir \u2013 matriarxat. A\u011fbir\u00e7\u0259k n\u0259n\u0259 kultu. K\u0259la\u011fay\u0131. Ana s\u00fcd\u00fc.\n<\/p>\n<p>\n  Hac\u0131bala n\u00f6qt\u0259ni qoydu. \u201c\u00d6lk\u0259d\u0259 \u0130lhamdan savay\u0131 ki\u015fi yoxdur\u201d dedi. Bundan sonra n\u0259 olacaq? He\u00e7 bir \u015fey. Uzaqba\u015f\u0131 yen\u0259 qad\u0131nlar aya\u011fa qalxacaq. Ciddiy\u0259m. Bizim matirarxat q\u0259rib\u0259 matriarxatd\u0131r. G\u00f6r\u00fcnt\u00fcd\u0259 ki\u015fi dominantl\u0131\u011f\u0131na, ki\u015fil\u0259rin g\u00fcya \u00fcst\u00fcn oldu\u011funa ehtiyac\u0131 var. Y\u0259ni \u00f6z ki\u015fisinin imicinin qay\u011f\u0131s\u0131na qal\u0131r bizim qad\u0131nlar. \u201c\u018fd\u0259 c\u0131raram s\u0259ni\u201d leksikonuna malik Az\u0259rbaycan qad\u0131n\u0131 \u00fc\u00e7\u00fcn, \u00f6z \u201clox\u201d \u0259rinin reputasiyas\u0131ndan vacib bu h\u0259yatda he\u00e7 n\u0259 yoxdur. Bizim matriarxat reklama ehtiyac duymur. Bizim matriarxat \u201cM\u0259n \u0259rimd\u0259n qorxuram, ooooy xasiyy\u0259ti a\u011f\u0131rd\u0131r, \u00f6ld\u00fcr\u0259r m\u0259ni\u201d dem\u0259kd\u0259n z\u00f6vq al\u0131r.\n<\/p>\n<p>\n  N\u0259hay\u0259t, bizim matriarxat\u0131n \u0259n m\u0259\u015fhur minusovkas\u0131: \u201cK\u00fc\u00e7\u0259y\u0259, mitinq\u0259 \u00e7\u0131xma. M\u0259ni, balalar\u0131n\u0131 d\u00fc\u015f\u00fcn. N\u0259yin\u0259 laz\u0131md\u0131r siyas\u0259t\u0259 burnunu soxursan&#8230;\u201d\n<\/p>\n<p>\n  Do\u011frudan da, he\u00e7 n\u0259 ba\u015f ver\u0259si deyil, h\u0259yacanlanmay\u0131n h\u00f6rm\u0259tli v\u0259t\u0259nda\u015flar. H\u0259yacanlanmay\u0131n. Bizd\u0259 g\u0259r\u0259k rayon ad\u0131 \u00e7\u0259k\u0259s\u0259n ki, b\u0259lk\u0259 bir t\u0259rp\u0259ni\u015f olsun. M\u0259s\u0259l\u0259n \u201cQazaxl\u0131lar ki\u015fi deyil\u201d, \u201cQubal\u0131lar ki\u015fi deyil\u201d des\u0259n, ehtimal var ki, \u00fcsyan qalxar. Amma Hac\u0131bala g\u00f6r\u00fcnd\u00fcy\u00fc q\u0259d\u0259r d\u0259 \u015fizofrenik deyil \u2013 Az\u0259rbaycanl\u0131lar ki\u015fi deyil demi\u015fdir.\n<\/p>\n<p>\n  A\u011f\u0131ll\u0131 gedi\u015fdir. Az\u0259rbaycan da b\u00f6lg\u0259 deyil ki, aya\u011fa qalxs\u0131n. H\u0259m d\u0259 Hac\u0131balan\u0131n prezident kimi bir sip\u0259ri var. H\u0259r halda hans\u0131sa rayonun camaat\u0131n\u0131 icra ba\u015f\u00e7\u0131s\u0131n\u0131n t\u0259hqir etm\u0259si il\u0259, \u0130lham \u018fliyevin t\u0259hqir etm\u0259si bir deyil. Ciddi \u015f\u00fcbh\u0259m var ki, \u0130lham \u018fliyev a\u00e7\u0131q-ayd\u0131n hans\u0131sa rayonu, ya da rayonlar\u0131 t\u0259hqir ets\u0259, camaat aya\u011fa qalxar.\n<\/p>\n<p>\n  Q\u0131sa zamanda Hac\u0131balan\u0131n \u00f6z\u00fcnd\u0259n, b\u0259lk\u0259 d\u0259 yap\u00e7\u0131lardan, \u015famtutanlardan a\u00e7\u0131qlamalar g\u0259l\u0259c\u0259k. \u201cHac\u0131bala m\u00fc\u0259llim dem\u0259k ist\u0259yirdi ki, prezidentimizd\u0259n ba\u015fqa b\u00f6y\u00fck, y\u0259ni a\u011fsaqqal yoxdur. Bu s\u00f6z\u00fc siyasil\u0259\u015fdirm\u0259yin, ba\u015fqa t\u0259r\u0259fl\u0259r\u0259 yozmay\u0131n&#8230;\u201d.\n<\/p>\n<p>\n  Prinsipc\u0259, bel\u0259 baxanda, bu da qa\u015f d\u00fcz\u0259ld\u0259n yerd\u0259 g\u00f6z \u00e7\u0131xarmaq olacaq. Az\u0259rbaycan ki\u015fil\u0259ri, \u00f6z\u0259llikl\u0259 Sovetski ceyill\u0259ri bu s\u00f6z\u00fc g\u00f6t\u00fcr\u0259c\u0259kl\u0259rmi? Zaman g\u00f6st\u0259r\u0259c\u0259k.\n<\/p>\n<p>\n  M\u0259nim xalq\u0131m m\u00fcdrik xalqd\u0131r, dahi xalqd\u0131r. \u00c7ox g\u00fcman ki, bunu da yey\u0259c\u0259k. Hac\u0131bala yox, \u0130lham \u018fliyev siz\u0259 yedizdirdi. R\u0259sm\u0259n yedizdirdi. Siz is\u0259 yaz\u0131\u00e7\u0131 il\u0259, publisistl\u0259 dava el\u0259m\u0259y\u0259 davam edin. Bizi s\u00f6ym\u0259kd\u0259n, t\u0259hqir etm\u0259kd\u0259n asan n\u0259 var?\n<\/p>\n<p>\n  Gec-tez h\u0259r \u015fey konkretl\u0259\u015fm\u0259lidir. Yax\u015f\u0131 ki, bu s\u00f6z d\u0259 deyildi. M\u0259n h\u0259mi\u015f\u0259 d\u00fc\u015f\u00fcn\u00fcrd\u00fcm ki, son akkorda kim boyun olacaq, bu missiyan\u0131 kim \u00f6z \u00fcz\u0259rin\u0259 g\u00f6t\u00fcr\u0259c\u0259k? Nec\u0259 olur ki, \u0130lham \u018fliyev canl\u0131 efir\u0259 \u00e7\u0131x\u0131b, \u201c\u018fziz bac\u0131lar v\u0259 qarda\u015flar, sizin ham\u0131n\u0131z\u0131n a\u011fz\u0131n\u0131-\u00fcz\u00fcn\u00fc, anas\u0131n\u0131-bac\u0131s\u0131n\u0131&#8230;\u201d demir? C\u0259nab prezident \u00f6z\u00fcn\u00fc nec\u0259 saxlay\u0131r, bu g\u00fcc\u00fc \u00f6z\u00fcnd\u0259 nec\u0259 tap\u0131r? K\u00fcll ixtiyar sahibi, az\u0259rbaycanl\u0131lardan r\u0259sm\u0259n iyr\u0259n\u0259n, onlara nifr\u0259t ed\u0259n bu adam, he\u00e7 \u015f\u00fcbh\u0259siz bu s\u00f6zl\u0259ri \u00f6z yax\u0131n \u00e7evr\u0259sind\u0259 dil\u0259 g\u0259tirir. B\u0259s \u00e7\u0131x\u0131b xalq\u0131 n\u0259 \u00fc\u00e7\u00fcn a\u00e7\u0131q m\u0259tnl\u0259 t\u0259hqir etmir? Nec\u0259 d\u00f6z\u00fcr? Niy\u0259 \u00e7\u0259kinir, kimd\u0259n qorxur? Ax\u0131 he\u00e7 n\u0259 olan deyil, bunlara n\u0259 des\u0259n yey\u0259c\u0259kl\u0259r.\n<\/p>\n<p>\n  N\u0259hay\u0259t, Hac\u0131balan\u0131n dili il\u0259 ist\u0259diyini dedi \u0130lham \u018fliyev. Yum\u015faq ifad\u0259 il\u0259, amma dedi. H\u0259l\u0259lik bu da b\u0259sdir. Qar\u015f\u0131da n\u0259 ill\u0259r, n\u0259 onillikl\u0259r var. Daha a\u011f\u0131r t\u0259hqirl\u0259ri d\u0259 g\u00f6r\u0259c\u0259kl\u0259r az\u0259rbaycanl\u0131lar. M\u00fctl\u0259q g\u00f6r\u0259c\u0259kl\u0259r.\n<\/p>\n<p>\n  P.S. \u0130lham \u018fliyevin \u00f6z\u00fc d\u0259 matriarxat k\u00f6l\u0259sidir.<\/p>\n","protected":false},"excerpt":{"rendered":"<p>Az\u0259rbaycanl\u0131lara n\u0259 des\u0259n yey\u0259c\u0259kl\u0259r<\/p>\n","protected":false},"author":11,"featured_media":5480,"comment_status":"closed","ping_status":"open","sticky":false,"template":"","format":"standard","meta":{"_acf_changed":false,"_sitemap_exclude":false,"_sitemap_priority":"","_sitemap_frequency":"","footnotes":""},"categories":[57],"tags":[],"class_list":["post-163260","post","type-post","status-publish","format-standard","has-post-thumbnail","hentry","category-menim-fikrimce","infinite-scroll-item","generate-columns","tablet-grid-50","mobile-grid-100","grid-parent","grid-33","no-featured-image-padding"],"acf":[],"yoast_head":"<!-- This site is optimized with the Yoast SEO plugin v27.4 - https:\/\/yoast.com\/product\/yoast-seo-wordpress\/ -->\n<title>Az\u0259rbaycanda ne\u00e7\u0259 ki\u015fi var? - MEYDAN.TV<\/title>\n<meta name=\"robots\" content=\"index, follow, max-snippet:-1, max-image-preview:large, max-video-preview:-1\" \/>\n<link rel=\"canonical\" href=\"https:\/\/www.meydan.tv\/az\/article\/azerbaycanda-nece-kisi-var\/\" \/>\n<meta property=\"og:locale\" content=\"az_AZ\" \/>\n<meta property=\"og:type\" content=\"article\" \/>\n<meta property=\"og:title\" content=\"Az\u0259rbaycanda ne\u00e7\u0259 ki\u015fi var? - MEYDAN.TV\" \/>\n<meta property=\"og:description\" content=\"Az\u0259rbaycanl\u0131lara n\u0259 des\u0259n yey\u0259c\u0259kl\u0259r\" \/>\n<meta property=\"og:url\" content=\"https:\/\/www.meydan.tv\/az\/article\/azerbaycanda-nece-kisi-var\/\" \/>\n<meta property=\"og:site_name\" content=\"MEYDAN.TV\" \/>\n<meta property=\"article:published_time\" content=\"2014-02-18T19:38:52+00:00\" \/>\n<meta property=\"og:image\" content=\"https:\/\/www.meydan.tv\/wp-content\/uploads\/1243.png\" \/>\n\t<meta property=\"og:image:width\" content=\"500\" \/>\n\t<meta property=\"og:image:height\" content=\"500\" \/>\n\t<meta property=\"og:image:type\" content=\"image\/png\" \/>\n<meta name=\"author\" content=\"user-manager\" \/>\n<meta name=\"twitter:card\" content=\"summary_large_image\" \/>\n<script type=\"application\/ld+json\" class=\"yoast-schema-graph\">{\"@context\":\"https:\\\/\\\/schema.org\",\"@graph\":[{\"@type\":\"Article\",\"@id\":\"https:\\\/\\\/www.meydan.tv\\\/az\\\/article\\\/azerbaycanda-nece-kisi-var\\\/#article\",\"isPartOf\":{\"@id\":\"https:\\\/\\\/www.meydan.tv\\\/az\\\/article\\\/azerbaycanda-nece-kisi-var\\\/\"},\"author\":{\"name\":\"user-manager\",\"@id\":\"https:\\\/\\\/www.meydan.tv\\\/az\\\/#\\\/schema\\\/person\\\/10d11eccf6da3662cf5fdab9806ea91a\"},\"headline\":\"Az\u0259rbaycanda ne\u00e7\u0259 ki\u015fi var?\",\"datePublished\":\"2014-02-18T19:38:52+00:00\",\"mainEntityOfPage\":{\"@id\":\"https:\\\/\\\/www.meydan.tv\\\/az\\\/article\\\/azerbaycanda-nece-kisi-var\\\/\"},\"wordCount\":1437,\"publisher\":{\"@id\":\"https:\\\/\\\/www.meydan.tv\\\/az\\\/#organization\"},\"image\":{\"@id\":\"https:\\\/\\\/www.meydan.tv\\\/az\\\/article\\\/azerbaycanda-nece-kisi-var\\\/#primaryimage\"},\"thumbnailUrl\":\"https:\\\/\\\/www.meydan.tv\\\/wp-content\\\/uploads\\\/1243.png\",\"articleSection\":[\"M\u0259nim Fikrimc\u0259\"],\"inLanguage\":\"az\"},{\"@type\":\"WebPage\",\"@id\":\"https:\\\/\\\/www.meydan.tv\\\/az\\\/article\\\/azerbaycanda-nece-kisi-var\\\/\",\"url\":\"https:\\\/\\\/www.meydan.tv\\\/az\\\/article\\\/azerbaycanda-nece-kisi-var\\\/\",\"name\":\"Az\u0259rbaycanda ne\u00e7\u0259 ki\u015fi var? - MEYDAN.TV\",\"isPartOf\":{\"@id\":\"https:\\\/\\\/www.meydan.tv\\\/az\\\/#website\"},\"primaryImageOfPage\":{\"@id\":\"https:\\\/\\\/www.meydan.tv\\\/az\\\/article\\\/azerbaycanda-nece-kisi-var\\\/#primaryimage\"},\"image\":{\"@id\":\"https:\\\/\\\/www.meydan.tv\\\/az\\\/article\\\/azerbaycanda-nece-kisi-var\\\/#primaryimage\"},\"thumbnailUrl\":\"https:\\\/\\\/www.meydan.tv\\\/wp-content\\\/uploads\\\/1243.png\",\"datePublished\":\"2014-02-18T19:38:52+00:00\",\"breadcrumb\":{\"@id\":\"https:\\\/\\\/www.meydan.tv\\\/az\\\/article\\\/azerbaycanda-nece-kisi-var\\\/#breadcrumb\"},\"inLanguage\":\"az\",\"potentialAction\":[{\"@type\":\"ReadAction\",\"target\":[\"https:\\\/\\\/www.meydan.tv\\\/az\\\/article\\\/azerbaycanda-nece-kisi-var\\\/\"]}]},{\"@type\":\"ImageObject\",\"inLanguage\":\"az\",\"@id\":\"https:\\\/\\\/www.meydan.tv\\\/az\\\/article\\\/azerbaycanda-nece-kisi-var\\\/#primaryimage\",\"url\":\"https:\\\/\\\/www.meydan.tv\\\/wp-content\\\/uploads\\\/1243.png\",\"contentUrl\":\"https:\\\/\\\/www.meydan.tv\\\/wp-content\\\/uploads\\\/1243.png\",\"width\":500,\"height\":500,\"caption\":\"Source:\"},{\"@type\":\"BreadcrumbList\",\"@id\":\"https:\\\/\\\/www.meydan.tv\\\/az\\\/article\\\/azerbaycanda-nece-kisi-var\\\/#breadcrumb\",\"itemListElement\":[{\"@type\":\"ListItem\",\"position\":1,\"name\":\"Ana s\u0259hif\u0259\",\"item\":\"https:\\\/\\\/www.meydan.tv\\\/az\\\/\"},{\"@type\":\"ListItem\",\"position\":2,\"name\":\"M\u0259nim Fikrimc\u0259\",\"item\":\"https:\\\/\\\/www.meydan.tv\\\/az\\\/section\\\/menim-fikrimce\\\/\"},{\"@type\":\"ListItem\",\"position\":3,\"name\":\"Az\u0259rbaycanda ne\u00e7\u0259 ki\u015fi var?\"}]},{\"@type\":\"WebSite\",\"@id\":\"https:\\\/\\\/www.meydan.tv\\\/az\\\/#website\",\"url\":\"https:\\\/\\\/www.meydan.tv\\\/az\\\/\",\"name\":\"MEYDAN.TV\",\"description\":\"Meydan TV Az\u0259rbaycan\u0131n media m\u0259kan\u0131ndak\u0131 alternativ s\u0259sidir\",\"publisher\":{\"@id\":\"https:\\\/\\\/www.meydan.tv\\\/az\\\/#organization\"},\"potentialAction\":[{\"@type\":\"SearchAction\",\"target\":{\"@type\":\"EntryPoint\",\"urlTemplate\":\"https:\\\/\\\/www.meydan.tv\\\/az\\\/?s={search_term_string}\"},\"query-input\":{\"@type\":\"PropertyValueSpecification\",\"valueRequired\":true,\"valueName\":\"search_term_string\"}}],\"inLanguage\":\"az\"},{\"@type\":\"Organization\",\"@id\":\"https:\\\/\\\/www.meydan.tv\\\/az\\\/#organization\",\"name\":\"Meydan TV\",\"url\":\"https:\\\/\\\/www.meydan.tv\\\/az\\\/\",\"logo\":{\"@type\":\"ImageObject\",\"inLanguage\":\"az\",\"@id\":\"https:\\\/\\\/www.meydan.tv\\\/az\\\/#\\\/schema\\\/logo\\\/image\\\/\",\"url\":\"https:\\\/\\\/www.meydan.tv\\\/wp-content\\\/uploads\\\/2021\\\/07\\\/meydan-logo.svg\",\"contentUrl\":\"https:\\\/\\\/www.meydan.tv\\\/wp-content\\\/uploads\\\/2021\\\/07\\\/meydan-logo.svg\",\"width\":195,\"height\":46,\"caption\":\"Meydan TV\"},\"image\":{\"@id\":\"https:\\\/\\\/www.meydan.tv\\\/az\\\/#\\\/schema\\\/logo\\\/image\\\/\"}},{\"@type\":\"Person\",\"@id\":\"https:\\\/\\\/www.meydan.tv\\\/az\\\/#\\\/schema\\\/person\\\/10d11eccf6da3662cf5fdab9806ea91a\",\"name\":\"user-manager\"}]}<\/script>\n<!-- \/ Yoast SEO plugin. -->","yoast_head_json":{"title":"Az\u0259rbaycanda ne\u00e7\u0259 ki\u015fi var? - MEYDAN.TV","robots":{"index":"index","follow":"follow","max-snippet":"max-snippet:-1","max-image-preview":"max-image-preview:large","max-video-preview":"max-video-preview:-1"},"canonical":"https:\/\/www.meydan.tv\/az\/article\/azerbaycanda-nece-kisi-var\/","og_locale":"az_AZ","og_type":"article","og_title":"Az\u0259rbaycanda ne\u00e7\u0259 ki\u015fi var? - MEYDAN.TV","og_description":"Az\u0259rbaycanl\u0131lara n\u0259 des\u0259n yey\u0259c\u0259kl\u0259r","og_url":"https:\/\/www.meydan.tv\/az\/article\/azerbaycanda-nece-kisi-var\/","og_site_name":"MEYDAN.TV","article_published_time":"2014-02-18T19:38:52+00:00","og_image":[{"width":500,"height":500,"url":"https:\/\/www.meydan.tv\/wp-content\/uploads\/1243.png","type":"image\/png"}],"author":"user-manager","twitter_card":"summary_large_image","schema":{"@context":"https:\/\/schema.org","@graph":[{"@type":"Article","@id":"https:\/\/www.meydan.tv\/az\/article\/azerbaycanda-nece-kisi-var\/#article","isPartOf":{"@id":"https:\/\/www.meydan.tv\/az\/article\/azerbaycanda-nece-kisi-var\/"},"author":{"name":"user-manager","@id":"https:\/\/www.meydan.tv\/az\/#\/schema\/person\/10d11eccf6da3662cf5fdab9806ea91a"},"headline":"Az\u0259rbaycanda ne\u00e7\u0259 ki\u015fi var?","datePublished":"2014-02-18T19:38:52+00:00","mainEntityOfPage":{"@id":"https:\/\/www.meydan.tv\/az\/article\/azerbaycanda-nece-kisi-var\/"},"wordCount":1437,"publisher":{"@id":"https:\/\/www.meydan.tv\/az\/#organization"},"image":{"@id":"https:\/\/www.meydan.tv\/az\/article\/azerbaycanda-nece-kisi-var\/#primaryimage"},"thumbnailUrl":"https:\/\/www.meydan.tv\/wp-content\/uploads\/1243.png","articleSection":["M\u0259nim Fikrimc\u0259"],"inLanguage":"az"},{"@type":"WebPage","@id":"https:\/\/www.meydan.tv\/az\/article\/azerbaycanda-nece-kisi-var\/","url":"https:\/\/www.meydan.tv\/az\/article\/azerbaycanda-nece-kisi-var\/","name":"Az\u0259rbaycanda ne\u00e7\u0259 ki\u015fi var? - MEYDAN.TV","isPartOf":{"@id":"https:\/\/www.meydan.tv\/az\/#website"},"primaryImageOfPage":{"@id":"https:\/\/www.meydan.tv\/az\/article\/azerbaycanda-nece-kisi-var\/#primaryimage"},"image":{"@id":"https:\/\/www.meydan.tv\/az\/article\/azerbaycanda-nece-kisi-var\/#primaryimage"},"thumbnailUrl":"https:\/\/www.meydan.tv\/wp-content\/uploads\/1243.png","datePublished":"2014-02-18T19:38:52+00:00","breadcrumb":{"@id":"https:\/\/www.meydan.tv\/az\/article\/azerbaycanda-nece-kisi-var\/#breadcrumb"},"inLanguage":"az","potentialAction":[{"@type":"ReadAction","target":["https:\/\/www.meydan.tv\/az\/article\/azerbaycanda-nece-kisi-var\/"]}]},{"@type":"ImageObject","inLanguage":"az","@id":"https:\/\/www.meydan.tv\/az\/article\/azerbaycanda-nece-kisi-var\/#primaryimage","url":"https:\/\/www.meydan.tv\/wp-content\/uploads\/1243.png","contentUrl":"https:\/\/www.meydan.tv\/wp-content\/uploads\/1243.png","width":500,"height":500,"caption":"Source:"},{"@type":"BreadcrumbList","@id":"https:\/\/www.meydan.tv\/az\/article\/azerbaycanda-nece-kisi-var\/#breadcrumb","itemListElement":[{"@type":"ListItem","position":1,"name":"Ana s\u0259hif\u0259","item":"https:\/\/www.meydan.tv\/az\/"},{"@type":"ListItem","position":2,"name":"M\u0259nim Fikrimc\u0259","item":"https:\/\/www.meydan.tv\/az\/section\/menim-fikrimce\/"},{"@type":"ListItem","position":3,"name":"Az\u0259rbaycanda ne\u00e7\u0259 ki\u015fi var?"}]},{"@type":"WebSite","@id":"https:\/\/www.meydan.tv\/az\/#website","url":"https:\/\/www.meydan.tv\/az\/","name":"MEYDAN.TV","description":"Meydan TV Az\u0259rbaycan\u0131n media m\u0259kan\u0131ndak\u0131 alternativ s\u0259sidir","publisher":{"@id":"https:\/\/www.meydan.tv\/az\/#organization"},"potentialAction":[{"@type":"SearchAction","target":{"@type":"EntryPoint","urlTemplate":"https:\/\/www.meydan.tv\/az\/?s={search_term_string}"},"query-input":{"@type":"PropertyValueSpecification","valueRequired":true,"valueName":"search_term_string"}}],"inLanguage":"az"},{"@type":"Organization","@id":"https:\/\/www.meydan.tv\/az\/#organization","name":"Meydan TV","url":"https:\/\/www.meydan.tv\/az\/","logo":{"@type":"ImageObject","inLanguage":"az","@id":"https:\/\/www.meydan.tv\/az\/#\/schema\/logo\/image\/","url":"https:\/\/www.meydan.tv\/wp-content\/uploads\/2021\/07\/meydan-logo.svg","contentUrl":"https:\/\/www.meydan.tv\/wp-content\/uploads\/2021\/07\/meydan-logo.svg","width":195,"height":46,"caption":"Meydan TV"},"image":{"@id":"https:\/\/www.meydan.tv\/az\/#\/schema\/logo\/image\/"}},{"@type":"Person","@id":"https:\/\/www.meydan.tv\/az\/#\/schema\/person\/10d11eccf6da3662cf5fdab9806ea91a","name":"user-manager"}]}},"_links":{"self":[{"href":"https:\/\/www.meydan.tv\/az\/wp-json\/wp\/v2\/posts\/163260","targetHints":{"allow":["GET"]}}],"collection":[{"href":"https:\/\/www.meydan.tv\/az\/wp-json\/wp\/v2\/posts"}],"about":[{"href":"https:\/\/www.meydan.tv\/az\/wp-json\/wp\/v2\/types\/post"}],"author":[{"embeddable":true,"href":"https:\/\/www.meydan.tv\/az\/wp-json\/wp\/v2\/users\/11"}],"replies":[{"embeddable":true,"href":"https:\/\/www.meydan.tv\/az\/wp-json\/wp\/v2\/comments?post=163260"}],"version-history":[{"count":0,"href":"https:\/\/www.meydan.tv\/az\/wp-json\/wp\/v2\/posts\/163260\/revisions"}],"wp:featuredmedia":[{"embeddable":true,"href":"https:\/\/www.meydan.tv\/az\/wp-json\/wp\/v2\/media\/5480"}],"wp:attachment":[{"href":"https:\/\/www.meydan.tv\/az\/wp-json\/wp\/v2\/media?parent=163260"}],"wp:term":[{"taxonomy":"category","embeddable":true,"href":"https:\/\/www.meydan.tv\/az\/wp-json\/wp\/v2\/categories?post=163260"},{"taxonomy":"post_tag","embeddable":true,"href":"https:\/\/www.meydan.tv\/az\/wp-json\/wp\/v2\/tags?post=163260"}],"curies":[{"name":"wp","href":"https:\/\/api.w.org\/{rel}","templated":true}]}}