{"id":163259,"date":"2014-02-18T14:51:17","date_gmt":"2014-02-18T14:51:17","guid":{"rendered":"https:\/\/www.meydan.tv\/article\/edebiyyatimizin-ve-siyasetimizin-seyx-nesrullahlari\/"},"modified":"2014-02-18T14:51:17","modified_gmt":"2014-02-18T14:51:17","slug":"edebiyyatimizin-ve-siyasetimizin-seyx-nesrullahlari","status":"publish","type":"post","link":"https:\/\/www.meydan.tv\/az\/article\/edebiyyatimizin-ve-siyasetimizin-seyx-nesrullahlari\/","title":{"rendered":"\u018fd\u0259biyyat\u0131m\u0131z\u0131n v\u0259 siyas\u0259timizin \u015eeyx N\u0259srullahlar\u0131"},"content":{"rendered":"<figure class=\"wp-block-image size-large\">\n  <img decoding=\"async\" src=\"https:\/\/www.meydan.tv\/az\/5573\/\" alt=\"\" class=\"wp-image-5573\"\/><figcaption><\/figcaption><\/figure>\n<figure class=\"wp-block-image size-large\">\n  <img decoding=\"async\" src=\"https:\/\/www.meydan.tv\/az\/5570\/\" alt=\"\" class=\"wp-image-5570\"\/><figcaption><\/figcaption><\/figure>\n<\/p>\n<p>\n  Az\u0259rbaycanda bir xeyli \u015fi\u015firdilmi\u015f adamlar var. Onlar he\u00e7 vaxt bir-birl\u0259rinin ayaqlar\u0131n\u0131 basdalam\u0131rlar. \u00c7\u00fcnki dava, yarad\u0131lm\u0131\u015f v\u0259 \u015fi\u015firdilmi\u015f obraz\u0131n da\u011f\u0131lmas\u0131na s\u0259b\u0259b ola bil\u0259r. Tam t\u0259rsin\u0259, onlar h\u0259r f\u00fcrs\u0259td\u0259 bir-birl\u0259rinin \u00a0obrazlar\u0131n\u0131n daha da \u015fi\u015fm\u0259sin\u0259 \u015f\u0259rait yarad\u0131rlar. H\u0259r k\u0259s \u0259lind\u0259 olan imkanla, \u0259lin\u0259 d\u00fc\u015f\u0259n tribunadan istifad\u0259 ed\u0259r\u0259k, obrazlar\u0131n daha da \u015fi\u015firdilm\u0259sin\u0259 \u00e7al\u0131\u015f\u0131r.\n<\/p>\n<p>\n  Onlar h\u0259r yerd\u0259dirl\u0259r. \u018fd\u0259biyyatda, m\u0259tbuatda, siyas\u0259td\u0259&#8230;Hans\u0131 c\u0259bh\u0259d\u0259 m\u00f6vqe tutmalar\u0131 onlar\u0131 bir qram da narahat etm\u0259d\u0259n, h\u0259r ax\u015fam restoranlar\u0131n kabinetl\u0259rind\u0259 oturub, vururlar. Bir-birl\u0259rini t\u0259rifl\u0259yirl\u0259r. Bir- birl\u0259rinin sa\u011fl\u0131\u011f\u0131na bad\u0259 qaldar\u0131rlar. Qar\u015f\u0131ya \u00e7\u0131xacaq, onlar\u0131 narahat ed\u0259c\u0259k, obrazlar\u0131n\u0131 da\u011f\u0131dacaq q\u00fcvv\u0259y\u0259 qar\u015f\u0131 tez birl\u0259\u015firl\u0259r. Bu q\u00fcvv\u0259ni n\u0259 yolla olursa-olsun susdurma\u011fa , \u015firnikl\u0259\u015fdirm\u0259y\u0259, vaxt\u0131ndan \u0259vv\u0259l m\u00fcdrikl\u0259\u015fdirm\u0259y\u0259 \u00e7al\u0131\u015f\u0131rlar. M\u00fcdrikl\u0259\u015fm\u0259k is\u0259 onlar\u0131n anlam\u0131nda bu yalan\u00e7\u0131 b\u00fctl\u0259r\u0259 tap\u0131nmaqd\u0131r. Bu haqda \u201cG\u0259ncliy\u0259 s\u0259mimi nifr\u0259t\u201d adl\u0131 yaz\u0131mda yazm\u0131\u015fam. H\u0259v\u0259si olan buyurub, oxuya bil\u0259r.\n<\/p>\n<p>\n  Onlar\u0131n aras\u0131nda dava yaln\u0131z sponsorlar\u0131n\u0131n aras\u0131nda dava d\u00fc\u015f\u0259nd\u0259 ba\u015f verir. H\u0259tta bu halda bel\u0259, bacard\u0131qlar\u0131 q\u0259d\u0259r davan\u0131 itkisiz yola verm\u0259y\u0259 \u00e7al\u0131\u015f\u0131rlar. Q\u0259zetd\u0259 dava gedir, ax\u015fam is\u0259 restoran kabinetl\u0259rind\u0259 oturub, antrikot yeyirl\u0259r. B\u0259db\u0259xt adamlar da bu \u015fi\u015firdilmi\u015f b\u00fctl\u0259r\u0259 inan\u0131r. Onlar\u0131n h\u0259r\u0259k\u0259tl\u0259rind\u0259 ziddiyy\u0259t \u00e7oxdur, lakin he\u00e7 kim bu ziddiy\u0259ti g\u00f6rm\u0259k ist\u0259mir. \u0130sa pey\u011f\u0259mb\u0259r deyirdi ki, bir qulun iki a\u011fas\u0131 ola bilm\u0259z. Az\u0259rbaycanl\u0131lar\u0131n sevimli ziyal\u0131lar\u0131 s\u00fcbut etdil\u0259r ki, bir qulun n\u0259inki iki, h\u0259tta \u00a0bir ne\u00e7\u0259 a\u011fas\u0131 ola bil\u0259r. \u00c7\u00fcnki az\u0259rbaycanl\u0131lar \u00f6z\u00fcnd\u0259 bir \u00fcr\u0259kd\u0259 m\u00fcxt\u0259lif q\u00fctb v\u0259 istiqam\u0259tl\u0259ri birl\u0259\u015fdirm\u0259yi bacar\u0131r. H\u0259m namaz q\u0131l\u0131r, h\u0259m Bab\u0259kl\u0259 f\u0259xr edir, h\u0259m d\u0259 YAP \u00a0\u00fczv\u00fcd\u00fcr . B\u00fctp\u0259r\u0259stlikl\u0259 t\u0259kallahl\u0131\u011f\u0131 birl\u0259\u015fdirir. G\u00f6r\u00fcn\u00fcr, az\u0259rbaycanl\u0131lar sintezsiz\u00a0ya\u015faya bilmirl\u0259r.\n<\/p>\n<p>\n  Kamil V\u0259li N\u0259rimano\u011flu Axundov haqq\u0131nda uzun-uzad\u0131 m\u0259qal\u0259l\u0259r yaz\u0131r. H\u0259m d\u0259 n\u0259v\u0259sin\u0259 M\u0259h\u0259mm\u0259d ad\u0131 qoyur. Bu haqda da m\u0259qal\u0259 yaz\u0131r. N\u0259 q\u0259d\u0259r d\u00fc\u015f\u00fcnd\u00fcm, bu ziddiy\u0259t\u0259 bir cavab tapa bilm\u0259dim. G\u00f6r\u00fcn\u00fcr, Kamil m\u00fc\u0259llim Axundovun \u2018\u2019K\u0259mal\u00fcdd\u00f6vl\u0259 m\u0259ktublar\u0131\u2019\u2019 \u0259s\u0259rini oxumay\u0131b. Oxuyubsa da, \u0259s\u0259ri ba\u015fa d\u00fc\u015fm\u0259yib. H\u0259m oxuyub, h\u0259m d\u0259 ba\u015fa d\u00fc\u015f\u00fcbs\u0259, ola bilsin, Kamil m\u00fc\u0259llim \u00f6z\u00fcn el\u0259 apar\u0131r ki, guya \u0259s\u0259ri ba\u015fa d\u00fc\u015fm\u0259yib. \u00c7\u00fcnki Axundovun \u2018\u2019K\u0259mal\u00fcdd\u00f6vl\u0259 m\u0259ktublar\u0131n\u0131\u201d oxuyan adam n\u0259v\u0259sin\u0259 M\u0259h\u0259mm\u0259d ad\u0131 qoymamal\u0131yd\u0131. Yox \u0259g\u0259r n\u0259v\u0259sin\u0259 M\u0259h\u0259mm\u0259d ad\u0131 qoyubsa, Axundovdan yaz\u0131 yazmam\u0131l\u0131d\u0131r.\n<\/p>\n<p>\n  Bizim xalq\u0131n sevimli ziyal\u0131lar\u0131 tamam \u0259ks q\u00fctbl\u0259rd\u0259n bel\u0259c\u0259 yararlanma\u011f\u0131, \u00f6z xeyrini g\u00f6t\u00fcrm\u0259yi, ham\u0131n\u0131n yan\u0131nda \u00f6z\u00fcn\u0259 \u015firin yer tapma\u011f\u0131 bacar\u0131r. \u00c7\u00fcnki xalq sual v\u0259rm\u0259yi bacarm\u0131r. Sual verilm\u0259y\u0259n \u00f6lk\u0259d\u0259 d\u0259 n\u0259 ist\u0259s\u0259n, etm\u0259k olar. R\u0259sul Rzadan yaz\u0131 yaz\u0131rsan, ham\u0131dan \u0259vv\u0259l Ramiz R\u00f6v\u015f\u0259n cavab verir. \u018fslind\u0259, \u018fli K\u0259rimli v\u0259 \u0130sa Q\u0259mb\u0259r hakimiyy\u0259tin intelektual \u015fudralar\u0131n el\u0259 g\u00fcn\u0259 salmal\u0131d\u0131rlar ki, biz Anar\u0131, El\u00e7ini, \u0130sa b\u0259yin, \u018fli K\u0259rimlinin \u0259lind\u0259n zorla almal\u0131y\u0131q. Ki, yaz\u0131qd\u0131rlar, y\u0131xd\u0131n\u0131z yer\u0259 b\u0259sdir, ba\u015f\u0131n\u0131 k\u0259sm\u0259yin. T\u0259\u0259ss\u00fcfl\u0259r olsun ki, h\u0259r \u015fey t\u0259rsin\u0259 ba\u015f verir. \u018fli K\u0259rimli \u201cYa\u015fa prezidentim ya\u015fa\u201d \u015feirinin m\u00fc\u0259llifi Fikr\u0259t Qocan\u0131 alovlu s\u00f6zl\u0259rl\u0259 t\u0259brik edir. Sonra m\u0259lum olur ki, t\u0259brik m\u0259ktubunun m\u0259tnini C\u0259mil H\u0259s\u0259nli yaz\u0131b. \u0130sa Q\u0259mb\u0259rin Anar \u00a0sevgisi b\u00fct\u00fcn al\u0259m\u0259 v\u0259 cahana m\u0259lumdur. B\u00fct\u00fcn bunlar \u00a0bu adamlar\u0131n \u00f6z i\u015fl\u0259riyl\u0259 nec\u0259 qeyri-ciddi m\u0259\u015f\u011ful olduqlar\u0131n\u0131n g\u00f6st\u0259ricisidir.\n<\/p>\n<p>\n  Bu adamlara inananlara yaz\u0131\u011f\u0131m g\u0259lir. B\u0259z\u0259n m\u0259n\u0259 deyirl\u0259r ki, \u2018\u2019daha b\u0259s deyil\u2019\u2019? Yox, b\u0259s deyil. Bu sual\u0131 verm\u0259kl\u0259 insanlar \u00f6z k\u00f6l\u0259 t\u0259f\u0259kk\u00fcrl\u0259rini n\u00fcmayi\u015f etdirirl\u0259r. Bu k\u00f6l\u0259l\u0259r m\u0259n\u0259 \u201cb\u0259s deyil?\u201d deyinc\u0259,\u00a0 gedib Anara desinl\u0259r ki, \u2018\u2019B\u0259s deyil, 24 il bir kresloda oturmaq?\u2019\u2019. M\u0259n\u0259 \u201cb\u0259s\u201d dey\u0259nl\u0259r gedib, \u018fli K\u0259rimlid\u0259n soru\u015fsunlar: \u2018\u2019Niy\u0259 \u201cYa\u015fa prezidentim ya\u015fa\u201d\u00a0 \u015feirinin m\u00fc\u0259lifi Fikret Qocan\u0131 t\u0259brik etmis\u0259n?\u2019\u2019 M\u0259n\u0259 \u201cb\u0259sdir\u201d dey\u0259nl\u0259r niy\u0259 \u00f6z liderl\u0259rinin yaxalar\u0131ndan yap\u0131\u015fm\u0131rlar? \u00a0Sovetin \u015fi\u015firdilmi\u015f ziyalilar\u0131na, kqb-nin \u00a0parnikd\u0259 yeti\u015fdiril\u0259n yaz\u0131\u00e7\u0131lar\u0131na heyranl\u0131q ed\u0259n, onlar\u0131 qoruyan m\u00fcxalif\u0259t liderl\u0259ri kim\u0259 laz\u0131md\u0131r? Ax\u0131 bu adamlar\u0131 sovet h\u00f6k\u00fcm\u0259ti \u015fi\u015firdib bizim can\u0131m\u0131za sal\u0131b. M\u0259qs\u0259d laz\u0131mi anda xalq\u0131n boynuna ip sal\u0131b, bu ipi laz\u0131mi \u0259ll\u0259r\u0259 verm\u0259kdir. Onda bel\u0259 \u00e7\u0131x\u0131r ki, \u0130sa Q\u0259mb\u0259r v\u0259 \u018fli K\u0259rimli bu ziyal\u0131lar\u0131n su i\u00e7diyi krantdan su i\u00e7irl\u0259r. Ya da sad\u0259c\u0259 olaraq, o q\u0259d\u0259r z\u0259if adamlard\u0131rlar ki, sovetin \u015fi\u015firdilmi\u015f \u00a0yaz\u0131\u00e7\u0131lar\u0131n\u0131n titullar\u0131ndan v\u0259 tirajlar\u0131ndadan qorxurlar.\n<\/p>\n<p>\n  \u018fli K\u0259rimlini ba\u015fa d\u00fc\u015fm\u0259k olar. K\u0259ndd\u0259n \u00e7\u0131x\u0131b. Fikr\u0259t Qocan\u0131 g\u00f6r\u0259nd\u0259 y\u0259qin \u00f6z\u00fcnd\u0259n as\u0131l\u0131 olmayaraq, h\u0259yacan-filan ke\u00e7irir. B\u0259s \u0130sa Q\u0259mb\u0259r? O zaman iki versiya ortaya \u00e7\u0131x\u0131r. Ya \u0130sa Q\u0259mb\u0259rin Zori Balayana sifari\u015fl\u0259 cavab yazmas\u0131 versiyas\u0131na inanmal\u0131y\u0131q. Ya da \u0130sa b\u0259y oxuduqlar\u0131n ba\u015fa d\u00fc\u015fm\u0259yib. Zat\u0259n oxuduqlar\u0131n\u0131 ba\u015fa d\u00fc\u015f\u0259n adam\u0131n fikir m\u0259nb\u0259yi P\u0259nah H\u00fcseyn olmamal\u0131d\u0131r. \u018fg\u0259r P\u0259nah H\u00fcseyn indi bu g\u00fcnd\u0259dirs\u0259, g\u00f6r\u00fcn 92-ci ild\u0259 nec\u0259 olub. Sonra da deyirl\u0259r, \u2018\u2019c\u0259bh\u0259 hakimiyy\u0259ti niy\u0259 devrildi?\u2019\u2019. Bir h\u00f6k\u00fcm\u0259tin \u00a0ki, ba\u015f naziri P\u0259nah H\u00fcseyn ola &#8230; davam\u0131n yazm\u0131ram. Bel\u0259 \u00e7\u0131x\u0131r ki, \u0130sa b\u0259y h\u0259l\u0259 d\u0259 Qobustan jurnal\u0131n\u0131n t\u0259siri alt\u0131ndad\u0131r. Q\u0259r\u0259z \u2018\u2019Ax\u0131r\u0131nc\u0131 a\u015f\u0131r\u0131m\u2019\u2019 filmind\u0259 deyildiyi kimi : \u2018\u2019V\u0259ziyy\u0259t biz d\u00fc\u015f\u00fcnd\u00fcy\u00fcm\u00fczd\u0259n d\u0259 a\u011f\u0131rd\u0131r\u2019\u2019.\n<\/p>\n<p>\n  \u00d6t\u0259n il daha bir s\u0259viyy\u0259sizliyin, qeyri-ciddiliyin, d\u00fc\u015f\u00fckl\u00fcy\u00fcn \u015fahidi olduq. Bu d\u0259f\u0259 m\u00fcxalif\u0259tin vahid namiz\u0259di C\u0259mil H\u0259s\u0259nli \u00f6z s\u0259viyy\u0259sini, daha do\u011frusu, s\u0259viyy\u0259sizliyini \u00a0g\u00f6st\u0259rmi\u015f oldu. C\u0259mil m\u00fc\u0259llim Yaz\u0131\u00e7\u0131lar Birliyind\u0259n \u00e7\u0131xmaq \u0259v\u0259zin\u0259 jurnalistin sual\u0131na \u2018\u2019Anar m\u0259nim \u00fc\u00e7\u00fcn d\u0259y\u0259rdir\u2019\u2019 cavab\u0131n\u0131 verdi. C\u0259mil H\u0259s\u0259nli tarix\u00e7idir. Tarix\u00e7i \u0259li Az\u0259rbaycan ziyal\u0131lar\u0131n\u0131n qan\u0131na batm\u0131\u015f bir t\u0259\u015fkilat\u0131n \u00fczv\u00fc olmamal\u0131d\u0131r. \u018fg\u0259r tarix\u00e7i Yaz\u0131\u00e7\u0131lar Birliyi kimi reputasiyas\u0131 z\u0259d\u0259li bir t\u0259\u015fkilata \u00fczv olursa, dem\u0259li, o tarix\u00e7i deyil. Yaz\u0131\u00e7\u0131lar Birliyi el\u0259 bir \u0259caib t\u0259\u015fkilatd\u0131r ki, \u00a0bu t\u0259\u015fkilat\u0131n yerl\u0259\u015fdiyi binan\u0131n divarlar\u0131na h\u0259m s\u00fcrg\u00fcn\u0259 g\u00f6nd\u0259ril\u0259nl\u0259rin, h\u0259m d\u0259 s\u00fcrg\u00fcn\u0259 g\u00f6nd\u0259r\u0259nl\u0259rin, donosbazlar\u0131n portretl\u0259ri vurulub. C\u0259mil H\u0259s\u0259nli \u2018\u2019Anar m\u0259nim \u00fc\u00e7\u00fcn d\u0259y\u0259rdir\u2019\u2019 dey\u0259nd\u0259 h\u0259m d\u0259 \u00f6z k\u00f6l\u0259liyini n\u00fcmayi\u015f etdirdi. Buradan a\u00e7\u0131qca yaz\u0131ram. C\u0259mil H\u0259s\u0259nli, siz k\u00f6l\u0259siniz. Sizin k\u00f6l\u0259liyiniz adi k\u00f6l\u0259lik deyil. Adi k\u00f6l\u0259l\u0259r bilmirl\u0259r. Siz bil\u0259- bil\u0259 edirsiniz. Ona g\u00f6r\u0259 sizin k\u00f6l\u0259liyiniz daha idbard\u0131r. \u0130yr\u0259nir\u0259m sizd\u0259n. \u0130yr\u0259nir\u0259m. Ba\u015fa d\u00fc\u015f\u00fcrs\u00fcn\u00fcz, iyr\u0259nir\u0259m&#8230;\n<\/p>\n<p>\n  Kimdir Anar Rzayev, El\u00e7in \u018ff\u0259ndiyev!?&#8230;Atalar\u0131n\u0131n quca\u011f\u0131nda \u0259d\u0259biyyata g\u0259lmi\u015f adamlar. Parnik yaz\u0131\u00e7\u0131lar\u0131. Heyd\u0259r \u018fliy\u0259v h\u0259mi\u015f\u0259 onlar\u0131 familyayla \u00e7a\u011f\u0131r\u0131rd\u0131. Bilirdi ki, h\u0259m Anar, h\u0259m d\u0259 El\u00e7in familyayla \u00e7a\u011f\u0131r\u0131landa c\u0131rnay\u0131rlar. Amma bizim sevimli yaz\u0131\u00e7\u0131lar\u0131m\u0131z \u0259d\u0259biyyat\u0131n \u015eeyx N\u0259srullahlar\u0131 sakitc\u0259 dururdular. Bir d\u0259f\u0259 Heyd\u0259r \u018fliyev El\u00e7in \u018ff\u0259ndiyev\u0259 n\u0259 laz\u0131md\u0131sa, dedi. Al\u00e7altd\u0131. B\u00fct\u00fcn mill\u0259t buna Aztv-d\u0259 baxd\u0131. G\u00f6z\u0259l kadrlar idi. Heyf o g\u00fcnl\u0259rd\u0259n. \u00a0Niy\u0259 Anar bu q\u0259d\u0259r s\u00f6z\u00fc \u00fcst\u00fcn\u0259 g\u00f6t\u00fcr\u00fcb, \u00f6z kreslosundan \u0259l \u00e7\u0259kmir. \u00c7\u00fcnki bilir ki, divin can\u0131 \u015f\u00fc\u015f\u0259d\u0259 oldu\u011fu kimi onun da can\u0131 kreslodad\u0131r. \u018fg\u0259r bu kreslo \u0259lind\u0259n al\u0131nsa \u00a0he\u00e7 kim Anar\u0131n \u2018\u2019A\u011f qo\u00e7 v\u0259 qara qo\u00e7\u2019\u2019 kimi s\u0259viyy\u0259siz roman\u0131n\u0131n ad\u0131n\u0131 \u00e7\u0259km\u0259y\u0259c\u0259k. \u00a0He\u00e7 kim Anar v\u0259 onun d\u0259d\u0259si haqq\u0131nda yaz\u0131 yazmayacaq. He\u00e7 kim R\u0259sul Rzani xat\u0131rlamayacaq. Kimdir R\u0259sul Rza ? Donosbaz, istedads\u0131z bir adam. \u00d6m\u00fcr boyu S\u0259m\u0259d Vur\u011funun pax\u0131ll\u0131\u011f\u0131n\u0131 \u00e7\u0259kmi\u015f adam . \u00d6mr\u00fcn\u00fcn sonuna q\u0259d\u0259r. Bu pax\u0131ll\u0131q R\u0259sul Rzan\u0131n h\u0259yat\u0131n z\u0259h\u0259r\u0259 d\u00f6nd\u0259rdi. Nec\u0259 ki, o\u011flu hal-haz\u0131rda \u018fkr\u0259m \u018fylislinin pax\u0131ll\u0131\u011f\u0131n\u0131 \u00e7\u0259km\u0259kd\u0259dir. Cunki Anar ozu icind\u0259 bilir ki, \u018fkr\u0259m h\u0259qiq\u0259t\u0259n yaz\u0131c\u0131d\u0131r, o is\u0259 parnikd\u0259 yetishdirilmi\u015f v\u0259 iddias\u0131 yer\u0259-g\u00f6y\u0259 s\u0131\u011fmayan ortabab bir q\u0259l\u0259m adam\u0131d\u0131. Bu tamadalara ba\u015fa salmaq olmur ki, sen tamadasan. Xalq da inanm\u0131r ki, bu adamlar tamadad\u0131rlar. Anar \u0259lind\u0259n g\u0259l\u0259n h\u0259r \u015feyi edir ki, \u00f6z istedads\u0131zl\u0131\u011f\u0131n\u0131 s\u00fcbut etsin, sad\u0259c\u0259 xalq buna inanmaq ist\u0259mir.\n<\/p>\n<p>\n  Anar\u0131n atas\u0131\u00a0 R\u0259sul Rza istedads\u0131z bir adam idi. Bunu \u00f6z\u00fc d\u0259 bilirdi. \u00d6z istedads\u0131zl\u0131\u011f\u0131n\u0131 s\u0259rb\u0259st \u015feirl\u0259 \u00f6rt basd\u0131r el\u0259m\u0259k ist\u0259yirdi. Ona g\u00f6r\u0259 M\u0259mm\u0259d Rahim onun haqq\u0131nda \u2018\u2019Novator e\u015f\u015f\u0259k\u2019\u2019 adl\u0131 \u015feir yazm\u0131\u015fd\u0131. Bel\u0259 bir adam\u0131n ad\u0131na m\u00fckafat var. Bu m\u00fckafat\u0131 almaq \u00fc\u00e7\u00fcn n\u0259 q\u0259d\u0259r adam \u00f6z\u00fcn\u00fc Anar m\u00fc\u0259llimin qar\u015f\u0131s\u0131nda yax\u015f\u0131 aparmal\u0131d\u0131r. N\u0259d\u0259n ki, bu yol h\u0259m d\u0259 t\u0259qa\u00fcd\u0259, ev alma\u011fa, n\u0259s\u0259 ad alma\u011fa aparan yoldur&#8230;\n<\/p>\n<p>\n  Kimdir \u0130lyas \u018ff\u0259ndiyev!? Bezdarn\u0131 pyesl\u0259r m\u00fc\u0259llifi. El\u00e7in \u018ff\u0259ndiyev bilir ki, \u0259g\u0259r onu \u00f6z v\u0259zif\u0259sind\u0259n bay\u0131ra tullasalar, bir teatr da \u0130lyas \u018ffendiyevin bezdarn\u0131 pyesl\u0259rini yax\u0131na buraxmayacaq. Az\u0259rbaycanda hakimiyy\u0259t d\u0259yi\u015fikliyi ba\u015f verm\u0259yib. Qocalar yen\u0259 d\u0259 hakimiyy\u0259td\u0259dir. Bu qocalar \u0259ll\u0259rind\u0259ki b\u00fct\u00fcn imkanlardan istifad\u0259 ed\u0259r\u0259k yeniliyin, inki\u015faf\u0131n qar\u015f\u0131s\u0131n\u0131 almaqdad\u0131rlar. Bir adama t\u0259qa\u00fcd verirl\u0259r, y\u00fcz adam \u00f6z\u00fcn yax\u015f\u0131 apar\u0131r ki, b\u0259lk\u0259 ona da n\u0259s\u0259 verdil\u0259r. Bir adam ev al\u0131r, min adam \u00f6z\u00fcn yax\u015f\u0131 apar\u0131r ki, b\u0259lk\u0259 ona da verdil\u0259r. Adamlar ona g\u00f6r\u0259 m\u0259n\u0259 q\u0131c\u0131q olurlar ki, onlar\u0131n yalanc\u0131 b\u00fctl\u0259rin\u0259 inanm\u0131ram. Onlar d\u0259li olurlar ki, niy\u0259 Seymur Anar\u0131 dahi hesab etmir. Kimdir Anar!? O, haran\u0131n dahisidir ki, m\u0259nim istedadl\u0131 v\u0259 yaxud istedads\u0131z oldu\u011fumu t\u0259sdiq etsin. K\u00f6l\u0259l\u0259rin d\u00fcnyas\u0131na g\u00f6r\u0259 yaln\u0131z Anar t\u0259sdiq etdikd\u0259n sonra m\u0259n \u00f6z\u00fcm\u00fc yaz\u0131\u00e7\u0131 hesab ed\u0259 bil\u0259r\u0259m. Gedin o k\u00f6l\u0259likl\u0259, ona buna yaltaqlana-yaltaqlana qazand\u0131\u011f\u0131n\u0131z pulla bir pors bozba\u015f al\u0131b, yeyin. Y\u0259ni q\u0131sa v\u0259 lokonik des\u0259k, gedin, hoppan\u0131n. Anar yaz\u0131\u00e7\u0131 d\u00fcz\u0259ld\u0259 bils\u0259ydi, yan\u0131ndak\u0131lardan d\u00fcz\u0259ld\u0259rdi. \u00c7ox xo\u015fb\u0259xt\u0259m ki, o adam\u0131n \u0259li m\u0259n\u0259 toxunmay\u0131b. \u00c7\u00fcnki Anar o q\u0259d\u0259r kinli bir adamd\u0131r ki, onun \u0259li toxunan yerd\u0259 qalan l\u0259k\u0259ni he\u00e7 bir kimy\u0259vi m\u0259hlulla yumaq olmaz.\n<\/p>\n<p>\n  \u0130lahi, m\u0259ni h\u0259r zaman qorudun. G\u0259nc idim. Pula, t\u0259qa\u00fcd\u0259 aldana bil\u0259rdim. \u0130lahi, m\u0259ni qorudu\u011fun \u00fc\u00e7\u00fcn t\u0259\u015f\u0259kk\u00fcr edir\u0259m s\u0259n\u0259. \u018fg\u0259r sabah m\u0259ni zorla , qula\u011f\u0131mdan tutub, o birliy\u0259 \u00fczv ets\u0259l\u0259r, yen\u0259 d\u0259 h\u0259r zaman bacard\u0131\u011f\u0131m q\u0259d\u0259r \u00f6z d\u0259y\u0259rl\u0259rim\u0259 sadiq qalaca\u011fam. Bizim qan\u0131m\u0131z\u0131 i\u00e7m\u0259y\u0259 haz\u0131r olan donosbaz balalar\u0131na \u0259m\u0259ll\u0259 nifr\u0259t ed\u0259 bilm\u0259s\u0259m, d\u0259 ur\u0259yiml\u0259, g\u00f6zl\u0259riml\u0259 nifr\u0259t ed\u0259c\u0259m. \u00a0R\u0259qibin niz\u0259si sin\u0259m\u0259 s\u0131x\u0131lsa da, m\u00fcv\u0259qq\u0259ti m\u0259\u011flubbiy\u0259tim, \u00fcmumiyy\u0259tl\u0259 m\u0259\u011flubiyy\u0259tim he\u00e7 vaxt h\u0259qiq\u0259timi sars\u0131da bilm\u0259z. Bu donosbaz balalar\u0131na z\u0259h\u0259r kimi aci c\u00fcml\u0259l\u0259ri oxutdurdu\u011fuma , az da olsa \u0259dal\u0259ti b\u0259rpa etdiyim\u0259 , Kr\u0131mda, So\u00e7id\u0259, Kislovodskda \u00e7\u0259kdikl\u0259ri kefl\u0259ri burunlar\u0131ndan g\u0259tirdikl\u0259rim\u0259 g\u00f6r\u0259 \u00f6z\u00fcm\u00fc xo\u015fb\u0259xt hesab edir\u0259m. Adamlar ba\u015fa d\u00fc\u015fm\u0259s\u0259 d\u0259, onlar \u00f6zl\u0259ri n\u0259 yazd\u0131\u011f\u0131m\u0131z\u0131 ba\u015fa d\u00fc\u015f\u00fcrl\u0259r v\u0259 y\u0259qin ki, h\u0259r d\u0259f\u0259 bel\u0259 yaz\u0131lar\u0131 oxuyanda 37-nin\u00a0 h\u0259sr\u0259tini \u00e7\u0259kirl\u0259r. \u00c7\u00fcnki onlar\u0131n atalar\u0131 vaxt\u0131 il\u0259 adamlardan donos yazmaqla \u00f6zl\u0259rin\u0259 xeyli ad-san qazand\u0131ra bilmi\u015fdil\u0259r.\n<\/p>\n<p>\n  Bu qocalar\u0131 ham\u0131 d\u0259st\u0259kl\u0259yir. Xalq da ,hakimiyy\u0259t de, m\u00fcxalif\u0259t d\u0259&#8230; Ham\u0131s\u0131 bir-birl\u0259rinin tay\u0131d\u0131r. Bir krantdan ax\u0131blar. Biz ham\u0131m\u0131z az\u0259rbaycanl\u0131y\u0131q. Xalq da, m\u00fcxalif\u0259t d\u0259 inan\u0131r ki, B\u0259xtiyar Vahabzad\u0259 dissident olub. Kimdir B\u0259xtiyar Vahabzad\u0259!? \u0130stedads\u0131z bir adam. Bizim milli v\u0259 yerli \u00a0Cambul Cabayevimiz. \u0130nan\u0131n ki, Cambul Cabayev daha s\u0259mimi idi. O vaxt \u00c7e\u015fm\u0259 q\u0259zetind\u0259 bir l\u0259tif\u0259 yazm\u0131\u015fd\u0131lar. Az\u0259rbaycanda havan\u0131n d\u0259yi\u015fm\u0259yini sinoptikl\u0259r, hakimiyy\u0259tin d\u0259yi\u015fm\u0259yini is\u0259 B\u0259xtiyar Vahabzad\u0259 duyur. Bu adam h\u0259r bir hakimiyy\u0259tl\u0259 dil tapma\u011f\u0131 bacar\u0131b. Bir d\u0259f\u0259 n\u0259s\u0259 reall\u0131q hissini itirib, bir \u015feir yazm\u0131\u015fd\u0131. Dosyesinden bir m\u0259ktubu m\u0259tbuata \u00f6t\u00fcrd\u00fcl\u0259r, adam v\u0259ziyy\u0259ti ba\u015fa d\u00fc\u015fd\u00fc. Ba\u015fa d\u00fc\u015fd\u00fc ki, ona veril\u0259n rola \u00f6z\u00fc d\u0259 inan\u0131b. El\u0259 bilib ki, do\u011furdan da dissidentdir. Halbuki sovetin b\u00fct\u00fcn m\u00fckafatlar\u0131n alm\u0131\u015fd\u0131. B\u0259xtiyar Vahabzad\u0259 d\u0259h\u015f\u0259tli d\u0259r\u0259c\u0259d\u0259 istedads\u0131z adam idi. Bu yax\u0131nlarda m\u0259qal\u0259l\u0259ri ke\u00e7di \u0259lim\u0259. Baya\u011f\u0131l\u0131qdan, s\u0259viyy\u0259sizlikd\u0259n \u00fcr\u0259yim buland\u0131. M\u0259tn\u0259 qar\u015f\u0131 \u00e7ox s\u0259brliy\u0259m. \u00d6z\u00fcm\u00fc m\u0259cbur ed\u0259r\u0259k oxudum ki, B\u0259xtiyar Vahabzad\u0259 istedads\u0131zl\u0131\u011f\u0131n\u0131n s\u0259rh\u0259ddini m\u00fc\u0259yy\u0259n edim. Ba\u015fa d\u00fc\u015fd\u00fcm ki, B\u0259xtiyar Vahabzad\u0259 istedads\u0131zl\u0131\u011f\u0131n\u0131n, B\u0259xtiyar Vahabzad\u0259 \u00a0baya\u011f\u0131l\u0131\u011f\u0131n\u0131n s\u0259rh\u0259ddi yoxdur. G\u00f6r\u00fcn, Az\u0259rbaycan xalq\u0131 n\u0259 g\u00fcnd\u0259dir ki, sovetin b\u00fct\u00fcn m\u00fckafatlar\u0131n\u0131 alm\u0131\u015f adama dissident deyir. H\u0259l\u0259 \u00fcst\u0259lik bel\u0259 baya\u011f\u0131 \u015fair\u0259 f\u0259ls\u0259fi \u015fair ad\u0131 veribl\u0259r. Kul ba\u015f\u0131na ay f\u0259ls\u0259f\u0259!\n<\/p>\n<p>\n  B\u0259xtiyar Vahabzad\u0259 tamada idi. Sovet h\u00f6k\u00fcm\u0259ti ist\u0259s\u0259ydi, ist\u0259nil\u0259n tamadadan B\u0259xtiyar Vahabzad\u0259 d\u00fcz\u0259ld\u0259 bil\u0259rdi. Nec\u0259 ki, d\u00fcz\u0259ltmi\u015fdi. \u015eirin Z\u0259rdabl\u0131 B\u0259xtiyar Vahabzad\u0259d\u0259n daha m\u0259zmunlu v\u0259 istedadl\u0131 adam idi. B\u0259xtiyar Vahabzad\u0259 haqq\u0131nda N\u0259rmin Kamal\u0131n \u2018\u2019A\u011f v\u0259 Qara B\u0259xtiyar Vahabzade\u2019\u2019 adl\u0131 m\u0259qal\u0259si var. Z\u0259hm\u0259t \u00e7\u0259kib oxuyun. Bir xalq\u0131n ki, dissident \u015fairi B\u0259xtiyar Vahabzad\u0259 ola, bu xalq\u0131n lideri d\u0259 \u018fb\u00fclf\u0259z El\u00e7ib\u0259y kimi qeyri-ciddi, bioqrafiyas\u0131 \u015f\u00fcbh\u0259li bir adam olmal\u0131 idi. Hans\u0131 ki, d\u00f6vl\u0259ti ba\u015fl\u0131-ba\u015f\u0131na buraxaraq, f\u0259rarilik ed\u0259r\u0259k siyas\u0259t meydan\u0131ndan do\u011fuldu\u011fu k\u0259nd\u0259 qa\u00e7d\u0131. C\u0259sar\u0259ti \u00e7atmad\u0131 intihar etm\u0259y\u0259. H\u0259l\u0259 bir sonra da utanmadan geriy\u0259 d\u0259 qay\u0131td\u0131. Bir adam da dem\u0259di ki, \u2018\u2019ay bey, a\u00a0 qarda\u015f, hara getmi\u015fdin\u2019\u2019? Prezident d\u0259, xalq h\u0259rakat\u0131n\u0131n lideri d\u0259 k\u0259ndin\u0259 qa\u00e7arm\u0131? Utanm\u0131r\u0131q, bu g\u00fcn h\u0259l\u0259 bu adam\u0131n, n\u0259 bilim, sad\u0259liyi, q\u0259rib\u0259liyi-\u00a0filan\u0131 haqq\u0131nda na\u011f\u0131llar dan\u0131\u015f\u0131r\u0131q. \u00a0Nem\u0259t Penahl\u0131 \u018fb\u00fclf\u0259z El\u00e7ib\u0259yd\u0259n daha ciddi adam idi. Bu i\u00e7i havayla doldurulmu\u015f yalan\u00e7\u0131 rezin b\u00fctl\u0259ri, \u015fi\u015firdilmi\u015f obrazlar\u0131, \u0259d\u0259biyyatim\u0131z\u0131n v\u0259 siyas\u0259timizin \u015eeyx N\u0259srullahlar\u0131n\u0131, Anarlar\u0131, El\u00e7inl\u0259ri, B\u0259xtiyarlar\u0131, R\u0259sullar\u0131, \u0130lyaslar\u0131, \u018fb\u00fclf\u0259zl\u0259ri, \u0130salar\u0131, \u018flil\u0259ri bird\u0259f\u0259lik \u00a0basd\u0131rmaq laz\u0131md\u0131r.\n<\/p>\n<p>\n  Bu \u015eeyx N\u0259srullahlar\u0131n Zeynal M\u0259mm\u0259dli kimi \u015eeyx \u018fhm\u0259dl\u0259rini d\u0259 unutmaq laz\u0131m deyil. \u00dcmumiyy\u0259tl\u0259, kimliyind\u0259n, n\u0259 i\u015f g\u00f6rm\u0259sind\u0259n, cinsind\u0259n, siyasi m\u00f6vqeyind\u0259n, ya\u015f\u0131ndan \u00a0as\u0131l\u0131 olmayaraq bu \u015eeyx N\u0259srullahlara inanan, onlara d\u0259st\u0259k ver\u0259nl\u0259rin ham\u0131s\u0131n\u0131 silib-s\u00fcp\u00fcrm\u0259k, onlara qar\u015f\u0131 h\u0259dsiz d\u0259r\u0259c\u0259d\u0259 amans\u0131z olmaq laz\u0131md\u0131r. N\u0259 q\u0259d\u0259r ki, biz bu \u015eeyx N\u0259srullahlar\u0131 basd\u0131rmam\u0131\u015f\u0131q, bir xalq kimi azad ola bilm\u0259y\u0259c\u0259yik. \u00c7\u00fcnki \u0259n h\u0259ssas m\u0259qamlarda bu \u015eeyx N\u0259srullahlar v\u0259 onlar\u0131n \u0259traf\u0131ndaki \u00a0\u015eeyx \u018fhm\u0259dl\u0259r xalq\u0131n ba\u015f\u0131na k\u0259ndir sal\u0131b laz\u0131m olan, t\u0259yinata uy\u011fun \u00a0\u0259ll\u0259r\u0259 ver\u0259c\u0259kl\u0259r. G\u00fcrc\u00fcl\u0259r bir xalq kimi h\u0259m d\u0259 ona g\u00f6r\u0259 azad oldular ki, \u00f6z \u015eeyx N\u0259srullahlar\u0131n\u0131 h\u0259qiq\u0259t\u0259n\u00a0 basd\u0131rd\u0131lar.\n<\/p>\n<p>\n  <i><br \/>\n    Yaz\u0131\u00e7\u0131, publisist, maarif\u00e7i, ictimai-siyasi xadim, m\u00fct\u0259f\u0259kkir, Nyu-York Elml\u0259r Akademiyas\u0131n\u0131n \u00fczv\u00fc<br \/>\n  <\/i><br \/>\n  .<\/p>\n","protected":false},"excerpt":{"rendered":"<p>C\u0259mil m\u00fc\u0259llim Yaz\u0131\u00e7\u0131lar Birliyind\u0259n \u00e7\u0131xmaq \u0259v\u0259zin\u0259&#8230;<\/p>\n","protected":false},"author":11,"featured_media":5573,"comment_status":"closed","ping_status":"open","sticky":false,"template":"","format":"standard","meta":{"_acf_changed":false,"_sitemap_exclude":false,"_sitemap_priority":"","_sitemap_frequency":"","footnotes":""},"categories":[57],"tags":[],"class_list":["post-163259","post","type-post","status-publish","format-standard","has-post-thumbnail","hentry","category-menim-fikrimce","infinite-scroll-item","generate-columns","tablet-grid-50","mobile-grid-100","grid-parent","grid-33","no-featured-image-padding"],"acf":[],"yoast_head":"<!-- This site is optimized with the Yoast SEO plugin v27.4 - https:\/\/yoast.com\/product\/yoast-seo-wordpress\/ -->\n<title>\u018fd\u0259biyyat\u0131m\u0131z\u0131n v\u0259 siyas\u0259timizin \u015eeyx N\u0259srullahlar\u0131 - MEYDAN.TV<\/title>\n<meta name=\"robots\" content=\"index, follow, max-snippet:-1, max-image-preview:large, max-video-preview:-1\" \/>\n<link rel=\"canonical\" href=\"https:\/\/www.meydan.tv\/az\/article\/edebiyyatimizin-ve-siyasetimizin-seyx-nesrullahlari\/\" \/>\n<meta property=\"og:locale\" content=\"az_AZ\" \/>\n<meta property=\"og:type\" content=\"article\" \/>\n<meta property=\"og:title\" content=\"\u018fd\u0259biyyat\u0131m\u0131z\u0131n v\u0259 siyas\u0259timizin \u015eeyx N\u0259srullahlar\u0131 - MEYDAN.TV\" \/>\n<meta property=\"og:description\" content=\"C\u0259mil m\u00fc\u0259llim Yaz\u0131\u00e7\u0131lar Birliyind\u0259n \u00e7\u0131xmaq \u0259v\u0259zin\u0259...\" \/>\n<meta property=\"og:url\" content=\"https:\/\/www.meydan.tv\/az\/article\/edebiyyatimizin-ve-siyasetimizin-seyx-nesrullahlari\/\" \/>\n<meta property=\"og:site_name\" content=\"MEYDAN.TV\" \/>\n<meta property=\"article:published_time\" content=\"2014-02-18T14:51:17+00:00\" \/>\n<meta property=\"og:image\" content=\"https:\/\/www.meydan.tv\/wp-content\/uploads\/1257.png\" \/>\n\t<meta property=\"og:image:width\" content=\"500\" \/>\n\t<meta property=\"og:image:height\" content=\"500\" \/>\n\t<meta property=\"og:image:type\" content=\"image\/png\" \/>\n<meta name=\"author\" content=\"user-manager\" \/>\n<meta name=\"twitter:card\" content=\"summary_large_image\" \/>\n<script type=\"application\/ld+json\" class=\"yoast-schema-graph\">{\"@context\":\"https:\\\/\\\/schema.org\",\"@graph\":[{\"@type\":\"Article\",\"@id\":\"https:\\\/\\\/www.meydan.tv\\\/az\\\/article\\\/edebiyyatimizin-ve-siyasetimizin-seyx-nesrullahlari\\\/#article\",\"isPartOf\":{\"@id\":\"https:\\\/\\\/www.meydan.tv\\\/az\\\/article\\\/edebiyyatimizin-ve-siyasetimizin-seyx-nesrullahlari\\\/\"},\"author\":{\"name\":\"user-manager\",\"@id\":\"https:\\\/\\\/www.meydan.tv\\\/az\\\/#\\\/schema\\\/person\\\/10d11eccf6da3662cf5fdab9806ea91a\"},\"headline\":\"\u018fd\u0259biyyat\u0131m\u0131z\u0131n v\u0259 siyas\u0259timizin \u015eeyx N\u0259srullahlar\u0131\",\"datePublished\":\"2014-02-18T14:51:17+00:00\",\"mainEntityOfPage\":{\"@id\":\"https:\\\/\\\/www.meydan.tv\\\/az\\\/article\\\/edebiyyatimizin-ve-siyasetimizin-seyx-nesrullahlari\\\/\"},\"wordCount\":3094,\"publisher\":{\"@id\":\"https:\\\/\\\/www.meydan.tv\\\/az\\\/#organization\"},\"image\":{\"@id\":\"https:\\\/\\\/www.meydan.tv\\\/az\\\/article\\\/edebiyyatimizin-ve-siyasetimizin-seyx-nesrullahlari\\\/#primaryimage\"},\"thumbnailUrl\":\"https:\\\/\\\/www.meydan.tv\\\/wp-content\\\/uploads\\\/1257.png\",\"articleSection\":[\"M\u0259nim Fikrimc\u0259\"],\"inLanguage\":\"az\"},{\"@type\":\"WebPage\",\"@id\":\"https:\\\/\\\/www.meydan.tv\\\/az\\\/article\\\/edebiyyatimizin-ve-siyasetimizin-seyx-nesrullahlari\\\/\",\"url\":\"https:\\\/\\\/www.meydan.tv\\\/az\\\/article\\\/edebiyyatimizin-ve-siyasetimizin-seyx-nesrullahlari\\\/\",\"name\":\"\u018fd\u0259biyyat\u0131m\u0131z\u0131n v\u0259 siyas\u0259timizin \u015eeyx N\u0259srullahlar\u0131 - MEYDAN.TV\",\"isPartOf\":{\"@id\":\"https:\\\/\\\/www.meydan.tv\\\/az\\\/#website\"},\"primaryImageOfPage\":{\"@id\":\"https:\\\/\\\/www.meydan.tv\\\/az\\\/article\\\/edebiyyatimizin-ve-siyasetimizin-seyx-nesrullahlari\\\/#primaryimage\"},\"image\":{\"@id\":\"https:\\\/\\\/www.meydan.tv\\\/az\\\/article\\\/edebiyyatimizin-ve-siyasetimizin-seyx-nesrullahlari\\\/#primaryimage\"},\"thumbnailUrl\":\"https:\\\/\\\/www.meydan.tv\\\/wp-content\\\/uploads\\\/1257.png\",\"datePublished\":\"2014-02-18T14:51:17+00:00\",\"breadcrumb\":{\"@id\":\"https:\\\/\\\/www.meydan.tv\\\/az\\\/article\\\/edebiyyatimizin-ve-siyasetimizin-seyx-nesrullahlari\\\/#breadcrumb\"},\"inLanguage\":\"az\",\"potentialAction\":[{\"@type\":\"ReadAction\",\"target\":[\"https:\\\/\\\/www.meydan.tv\\\/az\\\/article\\\/edebiyyatimizin-ve-siyasetimizin-seyx-nesrullahlari\\\/\"]}]},{\"@type\":\"ImageObject\",\"inLanguage\":\"az\",\"@id\":\"https:\\\/\\\/www.meydan.tv\\\/az\\\/article\\\/edebiyyatimizin-ve-siyasetimizin-seyx-nesrullahlari\\\/#primaryimage\",\"url\":\"https:\\\/\\\/www.meydan.tv\\\/wp-content\\\/uploads\\\/1257.png\",\"contentUrl\":\"https:\\\/\\\/www.meydan.tv\\\/wp-content\\\/uploads\\\/1257.png\",\"width\":500,\"height\":500,\"caption\":\"Source:\"},{\"@type\":\"BreadcrumbList\",\"@id\":\"https:\\\/\\\/www.meydan.tv\\\/az\\\/article\\\/edebiyyatimizin-ve-siyasetimizin-seyx-nesrullahlari\\\/#breadcrumb\",\"itemListElement\":[{\"@type\":\"ListItem\",\"position\":1,\"name\":\"Ana s\u0259hif\u0259\",\"item\":\"https:\\\/\\\/www.meydan.tv\\\/az\\\/\"},{\"@type\":\"ListItem\",\"position\":2,\"name\":\"M\u0259nim Fikrimc\u0259\",\"item\":\"https:\\\/\\\/www.meydan.tv\\\/az\\\/section\\\/menim-fikrimce\\\/\"},{\"@type\":\"ListItem\",\"position\":3,\"name\":\"\u018fd\u0259biyyat\u0131m\u0131z\u0131n v\u0259 siyas\u0259timizin \u015eeyx N\u0259srullahlar\u0131\"}]},{\"@type\":\"WebSite\",\"@id\":\"https:\\\/\\\/www.meydan.tv\\\/az\\\/#website\",\"url\":\"https:\\\/\\\/www.meydan.tv\\\/az\\\/\",\"name\":\"MEYDAN.TV\",\"description\":\"Meydan TV Az\u0259rbaycan\u0131n media m\u0259kan\u0131ndak\u0131 alternativ s\u0259sidir\",\"publisher\":{\"@id\":\"https:\\\/\\\/www.meydan.tv\\\/az\\\/#organization\"},\"potentialAction\":[{\"@type\":\"SearchAction\",\"target\":{\"@type\":\"EntryPoint\",\"urlTemplate\":\"https:\\\/\\\/www.meydan.tv\\\/az\\\/?s={search_term_string}\"},\"query-input\":{\"@type\":\"PropertyValueSpecification\",\"valueRequired\":true,\"valueName\":\"search_term_string\"}}],\"inLanguage\":\"az\"},{\"@type\":\"Organization\",\"@id\":\"https:\\\/\\\/www.meydan.tv\\\/az\\\/#organization\",\"name\":\"Meydan TV\",\"url\":\"https:\\\/\\\/www.meydan.tv\\\/az\\\/\",\"logo\":{\"@type\":\"ImageObject\",\"inLanguage\":\"az\",\"@id\":\"https:\\\/\\\/www.meydan.tv\\\/az\\\/#\\\/schema\\\/logo\\\/image\\\/\",\"url\":\"https:\\\/\\\/www.meydan.tv\\\/wp-content\\\/uploads\\\/2021\\\/07\\\/meydan-logo.svg\",\"contentUrl\":\"https:\\\/\\\/www.meydan.tv\\\/wp-content\\\/uploads\\\/2021\\\/07\\\/meydan-logo.svg\",\"width\":195,\"height\":46,\"caption\":\"Meydan TV\"},\"image\":{\"@id\":\"https:\\\/\\\/www.meydan.tv\\\/az\\\/#\\\/schema\\\/logo\\\/image\\\/\"}},{\"@type\":\"Person\",\"@id\":\"https:\\\/\\\/www.meydan.tv\\\/az\\\/#\\\/schema\\\/person\\\/10d11eccf6da3662cf5fdab9806ea91a\",\"name\":\"user-manager\"}]}<\/script>\n<!-- \/ Yoast SEO plugin. -->","yoast_head_json":{"title":"\u018fd\u0259biyyat\u0131m\u0131z\u0131n v\u0259 siyas\u0259timizin \u015eeyx N\u0259srullahlar\u0131 - MEYDAN.TV","robots":{"index":"index","follow":"follow","max-snippet":"max-snippet:-1","max-image-preview":"max-image-preview:large","max-video-preview":"max-video-preview:-1"},"canonical":"https:\/\/www.meydan.tv\/az\/article\/edebiyyatimizin-ve-siyasetimizin-seyx-nesrullahlari\/","og_locale":"az_AZ","og_type":"article","og_title":"\u018fd\u0259biyyat\u0131m\u0131z\u0131n v\u0259 siyas\u0259timizin \u015eeyx N\u0259srullahlar\u0131 - MEYDAN.TV","og_description":"C\u0259mil m\u00fc\u0259llim Yaz\u0131\u00e7\u0131lar Birliyind\u0259n \u00e7\u0131xmaq \u0259v\u0259zin\u0259...","og_url":"https:\/\/www.meydan.tv\/az\/article\/edebiyyatimizin-ve-siyasetimizin-seyx-nesrullahlari\/","og_site_name":"MEYDAN.TV","article_published_time":"2014-02-18T14:51:17+00:00","og_image":[{"width":500,"height":500,"url":"https:\/\/www.meydan.tv\/wp-content\/uploads\/1257.png","type":"image\/png"}],"author":"user-manager","twitter_card":"summary_large_image","schema":{"@context":"https:\/\/schema.org","@graph":[{"@type":"Article","@id":"https:\/\/www.meydan.tv\/az\/article\/edebiyyatimizin-ve-siyasetimizin-seyx-nesrullahlari\/#article","isPartOf":{"@id":"https:\/\/www.meydan.tv\/az\/article\/edebiyyatimizin-ve-siyasetimizin-seyx-nesrullahlari\/"},"author":{"name":"user-manager","@id":"https:\/\/www.meydan.tv\/az\/#\/schema\/person\/10d11eccf6da3662cf5fdab9806ea91a"},"headline":"\u018fd\u0259biyyat\u0131m\u0131z\u0131n v\u0259 siyas\u0259timizin \u015eeyx N\u0259srullahlar\u0131","datePublished":"2014-02-18T14:51:17+00:00","mainEntityOfPage":{"@id":"https:\/\/www.meydan.tv\/az\/article\/edebiyyatimizin-ve-siyasetimizin-seyx-nesrullahlari\/"},"wordCount":3094,"publisher":{"@id":"https:\/\/www.meydan.tv\/az\/#organization"},"image":{"@id":"https:\/\/www.meydan.tv\/az\/article\/edebiyyatimizin-ve-siyasetimizin-seyx-nesrullahlari\/#primaryimage"},"thumbnailUrl":"https:\/\/www.meydan.tv\/wp-content\/uploads\/1257.png","articleSection":["M\u0259nim Fikrimc\u0259"],"inLanguage":"az"},{"@type":"WebPage","@id":"https:\/\/www.meydan.tv\/az\/article\/edebiyyatimizin-ve-siyasetimizin-seyx-nesrullahlari\/","url":"https:\/\/www.meydan.tv\/az\/article\/edebiyyatimizin-ve-siyasetimizin-seyx-nesrullahlari\/","name":"\u018fd\u0259biyyat\u0131m\u0131z\u0131n v\u0259 siyas\u0259timizin \u015eeyx N\u0259srullahlar\u0131 - MEYDAN.TV","isPartOf":{"@id":"https:\/\/www.meydan.tv\/az\/#website"},"primaryImageOfPage":{"@id":"https:\/\/www.meydan.tv\/az\/article\/edebiyyatimizin-ve-siyasetimizin-seyx-nesrullahlari\/#primaryimage"},"image":{"@id":"https:\/\/www.meydan.tv\/az\/article\/edebiyyatimizin-ve-siyasetimizin-seyx-nesrullahlari\/#primaryimage"},"thumbnailUrl":"https:\/\/www.meydan.tv\/wp-content\/uploads\/1257.png","datePublished":"2014-02-18T14:51:17+00:00","breadcrumb":{"@id":"https:\/\/www.meydan.tv\/az\/article\/edebiyyatimizin-ve-siyasetimizin-seyx-nesrullahlari\/#breadcrumb"},"inLanguage":"az","potentialAction":[{"@type":"ReadAction","target":["https:\/\/www.meydan.tv\/az\/article\/edebiyyatimizin-ve-siyasetimizin-seyx-nesrullahlari\/"]}]},{"@type":"ImageObject","inLanguage":"az","@id":"https:\/\/www.meydan.tv\/az\/article\/edebiyyatimizin-ve-siyasetimizin-seyx-nesrullahlari\/#primaryimage","url":"https:\/\/www.meydan.tv\/wp-content\/uploads\/1257.png","contentUrl":"https:\/\/www.meydan.tv\/wp-content\/uploads\/1257.png","width":500,"height":500,"caption":"Source:"},{"@type":"BreadcrumbList","@id":"https:\/\/www.meydan.tv\/az\/article\/edebiyyatimizin-ve-siyasetimizin-seyx-nesrullahlari\/#breadcrumb","itemListElement":[{"@type":"ListItem","position":1,"name":"Ana s\u0259hif\u0259","item":"https:\/\/www.meydan.tv\/az\/"},{"@type":"ListItem","position":2,"name":"M\u0259nim Fikrimc\u0259","item":"https:\/\/www.meydan.tv\/az\/section\/menim-fikrimce\/"},{"@type":"ListItem","position":3,"name":"\u018fd\u0259biyyat\u0131m\u0131z\u0131n v\u0259 siyas\u0259timizin \u015eeyx N\u0259srullahlar\u0131"}]},{"@type":"WebSite","@id":"https:\/\/www.meydan.tv\/az\/#website","url":"https:\/\/www.meydan.tv\/az\/","name":"MEYDAN.TV","description":"Meydan TV Az\u0259rbaycan\u0131n media m\u0259kan\u0131ndak\u0131 alternativ s\u0259sidir","publisher":{"@id":"https:\/\/www.meydan.tv\/az\/#organization"},"potentialAction":[{"@type":"SearchAction","target":{"@type":"EntryPoint","urlTemplate":"https:\/\/www.meydan.tv\/az\/?s={search_term_string}"},"query-input":{"@type":"PropertyValueSpecification","valueRequired":true,"valueName":"search_term_string"}}],"inLanguage":"az"},{"@type":"Organization","@id":"https:\/\/www.meydan.tv\/az\/#organization","name":"Meydan TV","url":"https:\/\/www.meydan.tv\/az\/","logo":{"@type":"ImageObject","inLanguage":"az","@id":"https:\/\/www.meydan.tv\/az\/#\/schema\/logo\/image\/","url":"https:\/\/www.meydan.tv\/wp-content\/uploads\/2021\/07\/meydan-logo.svg","contentUrl":"https:\/\/www.meydan.tv\/wp-content\/uploads\/2021\/07\/meydan-logo.svg","width":195,"height":46,"caption":"Meydan TV"},"image":{"@id":"https:\/\/www.meydan.tv\/az\/#\/schema\/logo\/image\/"}},{"@type":"Person","@id":"https:\/\/www.meydan.tv\/az\/#\/schema\/person\/10d11eccf6da3662cf5fdab9806ea91a","name":"user-manager"}]}},"_links":{"self":[{"href":"https:\/\/www.meydan.tv\/az\/wp-json\/wp\/v2\/posts\/163259","targetHints":{"allow":["GET"]}}],"collection":[{"href":"https:\/\/www.meydan.tv\/az\/wp-json\/wp\/v2\/posts"}],"about":[{"href":"https:\/\/www.meydan.tv\/az\/wp-json\/wp\/v2\/types\/post"}],"author":[{"embeddable":true,"href":"https:\/\/www.meydan.tv\/az\/wp-json\/wp\/v2\/users\/11"}],"replies":[{"embeddable":true,"href":"https:\/\/www.meydan.tv\/az\/wp-json\/wp\/v2\/comments?post=163259"}],"version-history":[{"count":0,"href":"https:\/\/www.meydan.tv\/az\/wp-json\/wp\/v2\/posts\/163259\/revisions"}],"wp:featuredmedia":[{"embeddable":true,"href":"https:\/\/www.meydan.tv\/az\/wp-json\/wp\/v2\/media\/5573"}],"wp:attachment":[{"href":"https:\/\/www.meydan.tv\/az\/wp-json\/wp\/v2\/media?parent=163259"}],"wp:term":[{"taxonomy":"category","embeddable":true,"href":"https:\/\/www.meydan.tv\/az\/wp-json\/wp\/v2\/categories?post=163259"},{"taxonomy":"post_tag","embeddable":true,"href":"https:\/\/www.meydan.tv\/az\/wp-json\/wp\/v2\/tags?post=163259"}],"curies":[{"name":"wp","href":"https:\/\/api.w.org\/{rel}","templated":true}]}}