{"id":163254,"date":"2014-02-17T21:11:34","date_gmt":"2014-02-17T21:11:34","guid":{"rendered":"https:\/\/www.meydan.tv\/article\/rasim\/"},"modified":"2014-02-17T21:11:34","modified_gmt":"2014-02-17T21:11:34","slug":"rasim","status":"publish","type":"post","link":"https:\/\/www.meydan.tv\/az\/article\/rasim\/","title":{"rendered":"Rasim"},"content":{"rendered":"<figure class=\"wp-block-image size-large\">\n  <img decoding=\"async\" src=\"https:\/\/www.meydan.tv\/az\/4914\/\" alt=\"\" class=\"wp-image-4914\"\/><figcaption><\/figcaption><\/figure>\n<figure class=\"wp-block-image size-large\">\n  <img decoding=\"async\" src=\"https:\/\/www.meydan.tv\/az\/4924\/\" alt=\"\" class=\"wp-image-4924\"\/><figcaption><\/figcaption><\/figure>\n<p>\n  El\u0259 adamlar var ki, onlar bizim h\u0259yat\u0131m\u0131zda olmasayd\u0131lar, tale bizi o adamlarla vaxt\u0131nda g\u00f6r\u00fc\u015fd\u00fcrm\u0259s\u0259ydi, h\u0259yat\u0131m\u0131z tamam ba\u015fqa c\u00fcr olard\u0131. B\u0259li, b\u0259zi insanlara ba\u015fqalar\u0131n\u0131n talel\u0259rinin axar\u0131n\u0131 d\u0259y\u015fm\u0259k bacar\u0131\u011f\u0131 verilib. Onlar bizim h\u0259yat\u0131m\u0131zda peyda olur, h\u0259r \u015feyi d\u0259yi\u015fir, darmada\u011f\u0131n edir, t\u0259z\u0259d\u0259n qurur v\u0259 t\u0259vaz\u00f6karcas\u0131na k\u0259nara \u00e7\u0259kilirl\u0259r.\n<\/p>\n<p>\n  On il \u0259vv\u0259l biz, t\u0259z\u0259-t\u0259z\u0259 yazma\u011fa ba\u015flayan, \u0259sl \u0259d\u0259biyyat\u0131n, \u0259sl yarad\u0131c\u0131l\u0131\u011f\u0131n harada, n\u0259d\u0259 oldu\u011funu h\u0259l\u0259 tapa bilm\u0259y\u0259n bir d\u0259st\u0259 g\u0259nc yazar, Rasim Qaraca il\u0259 tan\u0131\u015f olduq. Onun s\u00f6hb\u0259tl\u0259ri, m\u0259sl\u0259h\u0259t g\u00f6rd\u00fcy\u00fc kitablar, g\u00f6z\u00fcm\u00fcz\u00fc a\u00e7d\u0131\u011f\u0131 d\u00fcnya \u0259d\u0259biyyat\u0131 bax\u0131\u015flar\u0131m\u0131z\u0131, z\u00f6vq\u00fcm\u00fcz\u00fc d\u0259yi\u015fdi. \u018fd\u0259biyyata azdan-\u00e7oxdan d\u0259xli olanlar\u0131n \u00e7oxu AYB-d\u0259 qocalar\u0131n yed\u0259yind\u0259 qo\u015fulub, a\u011f\u0131r romanlarla, tirajlarla, pafoslu yaz\u0131\u00e7\u0131lar\u0131n tarix\u00e7\u0259l\u0259ri il\u0259, AYB kahinl\u0259rinin saxta v\u0259 ucuz \u015f\u00f6hr\u0259ti il\u0259 g\u00f6z\u00fcm\u00fcz\u00fc q\u0131rma\u011fa \u00e7al\u0131\u015fanda, Rasim Qaraca bizi \u00fcr\u0259kl\u0259ndirdi. \u018fsl \u0259d\u0259biyyat\u0131n pafosdan, hoqqabazl\u0131qdan \u00e7ox uzaqda oldu\u011funu ba\u015fa sald\u0131. Ciddi, yeni \u0259d\u0259biyyat oxutdurdu. Dan\u0131\u015fd\u0131\u011f\u0131m\u0131z \u0259n sad\u0259 \u015feyl\u0259ri \u00abbunlar\u0131n yaz\u0131n\u00bb deyib, yaz\u0131, roman, n\u0259sr xofumuzu m\u0259hv el\u0259di.\n<\/p>\n<p>\n  O ill\u0259rd\u0259, o kas\u0131b, boz, maraqs\u0131z ill\u0259rd\u0259, AYB-nin \u0259d\u0259biyyata ayr\u0131lan b\u00fct\u00fcn imkanlar\u0131 m\u0259nims\u0259yib, ortaya he\u00e7 bir \u0259d\u0259biyyat, he\u00e7 bir imza \u00e7\u0131xarmad\u0131\u011f\u0131 o ill\u0259rd\u0259 Rasim Qaraca t\u0259kba\u015f\u0131na \u00f6z\u00fc bir \u0259d\u0259bi m\u00fchit, \u00f6z\u00fc bir \u0259d\u0259bi t\u0259\u015fkilat, \u00f6z\u00fc bir \u0259d\u0259bi c\u0259r\u0259yan idi.\n<\/p>\n<p>\n  Ba\u015f redaktordan birt\u0259h\u0259r, birini utand\u0131ra-utand\u0131ra, birini q\u0131l\u0131qlaya-q\u0131l\u0131qlaya q\u0259zetl\u0259rind\u0259 ald\u0131\u011f\u0131 s\u0259hif\u0259l\u0259rd\u0259, min bir qap\u0131 dola\u015f\u0131b, tapd\u0131\u011f\u0131 c\u00fczi pullarla \u00e7\u0131xard\u0131\u011f\u0131 almanaxlarda, jurnallarda bizi \u00e7ap el\u0259di. M\u0259hz Rasimin z\u0259hm\u0259tinin say\u0259sind\u0259 bizim n\u0259sil \u00e7ap olunmaq problemini ya\u015famad\u0131. A\u011fl\u0131n\u0131z indiy\u0259 getm\u0259sin. On il \u0259vv\u0259l bel\u0259 deyildi. Onlarla sayt, sosial \u015f\u0259b\u0259k\u0259l\u0259r-filan yox idi. Ancaq AYB-nin n\u0259\u015frl\u0259rind\u0259 \u00e7ap olunmaq imkan\u0131 var idi ki, onun \u00fc\u00e7\u00fcn d\u0259 olduqca a\u015fa\u011f\u0131 sort, milli \u015feyl\u0259r yazmaq, ya da o n\u0259\u015frl\u0259r\u0259 r\u0259hb\u0259rlik ed\u0259nl\u0259r\u0259 yaltaqlanmaq laz\u0131m idi. \u00c7\u00fcnki h\u0259min n\u0259\u015frl\u0259r \u0259sl \u0259d\u0259biyyat\u0131n da, istedadl\u0131 g\u0259ncliyin d\u0259 \u00fcz\u00fcn\u0259 qapal\u0131 idi. Biz\u0259 q\u0259d\u0259r ne\u00e7\u0259 adam o qap\u0131larda ill\u0259rl\u0259 g\u00f6zl\u0259yib, u\u011fursuz, \u015f\u00f6hr\u0259tsiz qocalm\u0131\u015f, u\u011fursuzluqdan i\u00e7kiy\u0259 qur\u015fanm\u0131\u015f, h\u0259yatlar\u0131n\u0131 m\u0259hv el\u0259mi\u015fdil\u0259r.\n<\/p>\n<p>\n  Rasim he\u00e7 birimizi \u00e7ap olunmaq, u\u011fur qazanmaq, imzam\u0131z\u0131 tan\u0131td\u0131rmaq \u00fc\u00e7\u00fcn \u0259d\u0259biyyata, yarad\u0131c\u0131l\u0131\u011fa d\u0259xli olmayan o adamlara, o n\u0259\u015frl\u0259r\u0259 m\u00f6htac olma\u011fa qoymad\u0131. Bir ne\u00e7\u0259 q\u0259zetin ba\u015f redaktorlar\u0131n\u0131 bir\u0259h\u0259r dil\u0259 tutub, h\u0259ft\u0259d\u0259 bir s\u0259hif\u0259 al\u0131rd\u0131. \u018fn keyfiyy\u0259tsiz ka\u011f\u0131zla jurnal, almanax \u00e7\u0131xar\u0131r, bizim yaz\u0131lar\u0131 \u00e7ap edirdi. B\u0259z\u0259n \u015feirl\u0259rimizi, yaz\u0131lar\u0131m\u0131z\u0131 bizd\u0259n zorla al\u0131r, \u0259rki \u00e7atan bir ba\u015f redaktoru m\u0259cbur edirdi ki, \u00f6z q\u0259zetind\u0259 \u00e7ap el\u0259sin.\n<\/p>\n<p>\n  Rasim b\u0259lk\u0259 d\u0259 \u0259n \u00e7ox oxucunu \u015fair\u0259, yaz\u0131\u00e7\u0131ya, publisist\u0259 \u00e7evirmi\u015f adamd\u0131. \u0130\u00e7ind\u0259 bir damc\u0131 i\u015f\u0131q, istedad, bacar\u0131q olan he\u00e7 bir g\u0259nc onun g\u00f6z\u00fcnd\u0259n yay\u0131nmay\u0131b, diqq\u0259tind\u0259n k\u0259narda qalmay\u0131b. Birin\u0259 \u0259m\u0259lli-ba\u015fl\u0131 nec\u0259 yazmaq, n\u0259d\u0259n yazmaq laz\u0131m oldu\u011funu \u00f6yr\u0259dib, birinin \u0259lind\u0259n tutub, internet\u0259 girm\u0259yi ba\u015fa sal\u0131b, birin\u0259 daha \u00e7ox kitab oxutdurub, birin\u0259 m\u00f6vzu verib, birinin ilk kitab\u0131n\u0131 n\u0259\u015fr el\u0259tdirib. Rasim \u015fair, yaz\u0131\u00e7\u0131, publisist yeti\u015fdirmi\u015f deyil, \u015fair, yaz\u0131\u00e7\u0131, publisistl\u0259r yaratm\u0131\u015f adamd\u0131r.\n<\/p>\n<p>\n  Bununla bel\u0259, yaratd\u0131\u011f\u0131 \u015fairl\u0259rin, yaz\u0131\u00e7\u0131lar\u0131n, publisistl\u0259rin u\u011furu, \u015f\u00f6hr\u0259ti onun u\u011furunu, \u015f\u00f6hr\u0259tini \u00fcst\u0259l\u0259y\u0259nd\u0259, o t\u0259mkinini pozmad\u0131. Yaratd\u0131\u011f\u0131 \u015fairl\u0259r, yaz\u0131\u00e7\u0131lar, publisistl\u0259r ona qar\u015f\u0131 n\u0259s\u0259 yazanda da, \u0259sl ki\u015fi kimi davrand\u0131, he\u00e7 kim\u0259 minn\u0259t qoymad\u0131. Onun bir \u0259linin verdiyini o biri \u0259li he\u00e7 vaxt bilm\u0259di. O, bal\u0131\u011f\u0131 d\u0259ryaya atd\u0131 v\u0259 n\u0259 bal\u0131\u011f\u0131n, n\u0259 d\u0259 Xal\u0131q\u0131n bunu qiym\u0259tl\u0259ndirm\u0259yini ummad\u0131. O \u00f6z yoluna arxay\u0131n, t\u0259mkinl\u0259, sakitc\u0259 davam el\u0259di.\n<\/p>\n<p>\n  Bu g\u00fcn Rasim b\u0259yin do\u011fum g\u00fcn\u00fcd\u00fcr. A\u00e7\u0131\u011f\u0131, ne\u00e7\u0259 ya\u015f\u0131 tamam olur, bilmir\u0259m. Amma bilir\u0259m ki, h\u0259l\u0259 uzun m\u00fcdd\u0259t onun ya\u015f\u0131 il\u0259 maraqlanmaya bil\u0259rik. Geyimi, yara\u015f\u0131\u011f\u0131, xo\u015fag\u0259limliliyi, durmadan yenil\u0259nm\u0259yi yerind\u0259di. \u018fd\u0259bi hadis\u0259 yaratmaq bacar\u0131\u011f\u0131, t\u0259kba\u015f\u0131na \u0259d\u0259bi m\u00fchit ola bilm\u0259k f\u0259ras\u0259ti yerind\u0259di. O h\u0259r \u015feyi, h\u0259r add\u0131m\u0131 il\u0259 \u00f6rn\u0259k olmaqdad\u0131.\n<\/p>\n<p>\n  Rasim b\u0259y, bir vaxtlar g\u00f6z\u00fcm\u00fcz\u00fc a\u00e7d\u0131\u011f\u0131n\u0131za, \u0259limizd\u0259n tutub k\u00f6m\u0259k el\u0259diyiniz\u0259, do\u011fru yolu g\u00f6st\u0259rdiyiniz\u0259 g\u00f6r\u0259 \u00e7ox sa\u011f olun. Siz tan\u0131d\u0131\u011f\u0131m \u0259n maraql\u0131 ki\u015fi, \u0259n yax\u015f\u0131 yaz\u0131\u00e7\u0131, \u0259n g\u00f6z\u0259l \u015fair, \u0259n f\u0259dakar \u0259d\u0259biyyat adamlar\u0131ndan birisiniz.<\/p>\n","protected":false},"excerpt":{"rendered":"<p>O t\u0259kba\u015f\u0131na \u00f6z\u00fc bir \u0259d\u0259bi m\u00fchit, \u00f6z\u00fc bir t\u0259\u015fkilat, \u00f6z\u00fc bir c\u0259r\u0259yan idi.<\/p>\n","protected":false},"author":11,"featured_media":4914,"comment_status":"closed","ping_status":"open","sticky":false,"template":"","format":"standard","meta":{"_acf_changed":false,"_sitemap_exclude":false,"_sitemap_priority":"","_sitemap_frequency":"","footnotes":""},"categories":[57],"tags":[],"class_list":["post-163254","post","type-post","status-publish","format-standard","has-post-thumbnail","hentry","category-menim-fikrimce","infinite-scroll-item","generate-columns","tablet-grid-50","mobile-grid-100","grid-parent","grid-33","no-featured-image-padding"],"acf":[],"yoast_head":"<!-- This site is optimized with the Yoast SEO plugin v27.4 - https:\/\/yoast.com\/product\/yoast-seo-wordpress\/ -->\n<title>Rasim - MEYDAN.TV<\/title>\n<meta name=\"robots\" content=\"index, follow, max-snippet:-1, max-image-preview:large, max-video-preview:-1\" \/>\n<link rel=\"canonical\" href=\"https:\/\/www.meydan.tv\/az\/article\/rasim\/\" \/>\n<meta property=\"og:locale\" content=\"az_AZ\" \/>\n<meta property=\"og:type\" content=\"article\" \/>\n<meta property=\"og:title\" content=\"Rasim - MEYDAN.TV\" \/>\n<meta property=\"og:description\" content=\"O t\u0259kba\u015f\u0131na \u00f6z\u00fc bir \u0259d\u0259bi m\u00fchit, \u00f6z\u00fc bir t\u0259\u015fkilat, \u00f6z\u00fc bir c\u0259r\u0259yan idi.\" \/>\n<meta property=\"og:url\" content=\"https:\/\/www.meydan.tv\/az\/article\/rasim\/\" \/>\n<meta property=\"og:site_name\" content=\"MEYDAN.TV\" \/>\n<meta property=\"article:published_time\" content=\"2014-02-17T21:11:34+00:00\" \/>\n<meta property=\"og:image\" content=\"https:\/\/www.meydan.tv\/wp-content\/uploads\/966.png\" \/>\n\t<meta property=\"og:image:width\" content=\"500\" \/>\n\t<meta property=\"og:image:height\" content=\"500\" \/>\n\t<meta property=\"og:image:type\" content=\"image\/png\" \/>\n<meta name=\"author\" content=\"user-manager\" \/>\n<meta name=\"twitter:card\" content=\"summary_large_image\" \/>\n<script type=\"application\/ld+json\" class=\"yoast-schema-graph\">{\"@context\":\"https:\\\/\\\/schema.org\",\"@graph\":[{\"@type\":\"Article\",\"@id\":\"https:\\\/\\\/www.meydan.tv\\\/az\\\/article\\\/rasim\\\/#article\",\"isPartOf\":{\"@id\":\"https:\\\/\\\/www.meydan.tv\\\/az\\\/article\\\/rasim\\\/\"},\"author\":{\"name\":\"user-manager\",\"@id\":\"https:\\\/\\\/www.meydan.tv\\\/az\\\/#\\\/schema\\\/person\\\/10d11eccf6da3662cf5fdab9806ea91a\"},\"headline\":\"Rasim\",\"datePublished\":\"2014-02-17T21:11:34+00:00\",\"mainEntityOfPage\":{\"@id\":\"https:\\\/\\\/www.meydan.tv\\\/az\\\/article\\\/rasim\\\/\"},\"wordCount\":906,\"publisher\":{\"@id\":\"https:\\\/\\\/www.meydan.tv\\\/az\\\/#organization\"},\"image\":{\"@id\":\"https:\\\/\\\/www.meydan.tv\\\/az\\\/article\\\/rasim\\\/#primaryimage\"},\"thumbnailUrl\":\"https:\\\/\\\/www.meydan.tv\\\/wp-content\\\/uploads\\\/966.png\",\"articleSection\":[\"M\u0259nim Fikrimc\u0259\"],\"inLanguage\":\"az\"},{\"@type\":\"WebPage\",\"@id\":\"https:\\\/\\\/www.meydan.tv\\\/az\\\/article\\\/rasim\\\/\",\"url\":\"https:\\\/\\\/www.meydan.tv\\\/az\\\/article\\\/rasim\\\/\",\"name\":\"Rasim - MEYDAN.TV\",\"isPartOf\":{\"@id\":\"https:\\\/\\\/www.meydan.tv\\\/az\\\/#website\"},\"primaryImageOfPage\":{\"@id\":\"https:\\\/\\\/www.meydan.tv\\\/az\\\/article\\\/rasim\\\/#primaryimage\"},\"image\":{\"@id\":\"https:\\\/\\\/www.meydan.tv\\\/az\\\/article\\\/rasim\\\/#primaryimage\"},\"thumbnailUrl\":\"https:\\\/\\\/www.meydan.tv\\\/wp-content\\\/uploads\\\/966.png\",\"datePublished\":\"2014-02-17T21:11:34+00:00\",\"breadcrumb\":{\"@id\":\"https:\\\/\\\/www.meydan.tv\\\/az\\\/article\\\/rasim\\\/#breadcrumb\"},\"inLanguage\":\"az\",\"potentialAction\":[{\"@type\":\"ReadAction\",\"target\":[\"https:\\\/\\\/www.meydan.tv\\\/az\\\/article\\\/rasim\\\/\"]}]},{\"@type\":\"ImageObject\",\"inLanguage\":\"az\",\"@id\":\"https:\\\/\\\/www.meydan.tv\\\/az\\\/article\\\/rasim\\\/#primaryimage\",\"url\":\"https:\\\/\\\/www.meydan.tv\\\/wp-content\\\/uploads\\\/966.png\",\"contentUrl\":\"https:\\\/\\\/www.meydan.tv\\\/wp-content\\\/uploads\\\/966.png\",\"width\":500,\"height\":500,\"caption\":\"Source:\"},{\"@type\":\"BreadcrumbList\",\"@id\":\"https:\\\/\\\/www.meydan.tv\\\/az\\\/article\\\/rasim\\\/#breadcrumb\",\"itemListElement\":[{\"@type\":\"ListItem\",\"position\":1,\"name\":\"Ana s\u0259hif\u0259\",\"item\":\"https:\\\/\\\/www.meydan.tv\\\/az\\\/\"},{\"@type\":\"ListItem\",\"position\":2,\"name\":\"M\u0259nim Fikrimc\u0259\",\"item\":\"https:\\\/\\\/www.meydan.tv\\\/az\\\/section\\\/menim-fikrimce\\\/\"},{\"@type\":\"ListItem\",\"position\":3,\"name\":\"Rasim\"}]},{\"@type\":\"WebSite\",\"@id\":\"https:\\\/\\\/www.meydan.tv\\\/az\\\/#website\",\"url\":\"https:\\\/\\\/www.meydan.tv\\\/az\\\/\",\"name\":\"MEYDAN.TV\",\"description\":\"Meydan TV Az\u0259rbaycan\u0131n media m\u0259kan\u0131ndak\u0131 alternativ s\u0259sidir\",\"publisher\":{\"@id\":\"https:\\\/\\\/www.meydan.tv\\\/az\\\/#organization\"},\"potentialAction\":[{\"@type\":\"SearchAction\",\"target\":{\"@type\":\"EntryPoint\",\"urlTemplate\":\"https:\\\/\\\/www.meydan.tv\\\/az\\\/?s={search_term_string}\"},\"query-input\":{\"@type\":\"PropertyValueSpecification\",\"valueRequired\":true,\"valueName\":\"search_term_string\"}}],\"inLanguage\":\"az\"},{\"@type\":\"Organization\",\"@id\":\"https:\\\/\\\/www.meydan.tv\\\/az\\\/#organization\",\"name\":\"Meydan TV\",\"url\":\"https:\\\/\\\/www.meydan.tv\\\/az\\\/\",\"logo\":{\"@type\":\"ImageObject\",\"inLanguage\":\"az\",\"@id\":\"https:\\\/\\\/www.meydan.tv\\\/az\\\/#\\\/schema\\\/logo\\\/image\\\/\",\"url\":\"https:\\\/\\\/www.meydan.tv\\\/wp-content\\\/uploads\\\/2021\\\/07\\\/meydan-logo.svg\",\"contentUrl\":\"https:\\\/\\\/www.meydan.tv\\\/wp-content\\\/uploads\\\/2021\\\/07\\\/meydan-logo.svg\",\"width\":195,\"height\":46,\"caption\":\"Meydan TV\"},\"image\":{\"@id\":\"https:\\\/\\\/www.meydan.tv\\\/az\\\/#\\\/schema\\\/logo\\\/image\\\/\"}},{\"@type\":\"Person\",\"@id\":\"https:\\\/\\\/www.meydan.tv\\\/az\\\/#\\\/schema\\\/person\\\/10d11eccf6da3662cf5fdab9806ea91a\",\"name\":\"user-manager\"}]}<\/script>\n<!-- \/ Yoast SEO plugin. -->","yoast_head_json":{"title":"Rasim - MEYDAN.TV","robots":{"index":"index","follow":"follow","max-snippet":"max-snippet:-1","max-image-preview":"max-image-preview:large","max-video-preview":"max-video-preview:-1"},"canonical":"https:\/\/www.meydan.tv\/az\/article\/rasim\/","og_locale":"az_AZ","og_type":"article","og_title":"Rasim - MEYDAN.TV","og_description":"O t\u0259kba\u015f\u0131na \u00f6z\u00fc bir \u0259d\u0259bi m\u00fchit, \u00f6z\u00fc bir t\u0259\u015fkilat, \u00f6z\u00fc bir c\u0259r\u0259yan idi.","og_url":"https:\/\/www.meydan.tv\/az\/article\/rasim\/","og_site_name":"MEYDAN.TV","article_published_time":"2014-02-17T21:11:34+00:00","og_image":[{"width":500,"height":500,"url":"https:\/\/www.meydan.tv\/wp-content\/uploads\/966.png","type":"image\/png"}],"author":"user-manager","twitter_card":"summary_large_image","schema":{"@context":"https:\/\/schema.org","@graph":[{"@type":"Article","@id":"https:\/\/www.meydan.tv\/az\/article\/rasim\/#article","isPartOf":{"@id":"https:\/\/www.meydan.tv\/az\/article\/rasim\/"},"author":{"name":"user-manager","@id":"https:\/\/www.meydan.tv\/az\/#\/schema\/person\/10d11eccf6da3662cf5fdab9806ea91a"},"headline":"Rasim","datePublished":"2014-02-17T21:11:34+00:00","mainEntityOfPage":{"@id":"https:\/\/www.meydan.tv\/az\/article\/rasim\/"},"wordCount":906,"publisher":{"@id":"https:\/\/www.meydan.tv\/az\/#organization"},"image":{"@id":"https:\/\/www.meydan.tv\/az\/article\/rasim\/#primaryimage"},"thumbnailUrl":"https:\/\/www.meydan.tv\/wp-content\/uploads\/966.png","articleSection":["M\u0259nim Fikrimc\u0259"],"inLanguage":"az"},{"@type":"WebPage","@id":"https:\/\/www.meydan.tv\/az\/article\/rasim\/","url":"https:\/\/www.meydan.tv\/az\/article\/rasim\/","name":"Rasim - MEYDAN.TV","isPartOf":{"@id":"https:\/\/www.meydan.tv\/az\/#website"},"primaryImageOfPage":{"@id":"https:\/\/www.meydan.tv\/az\/article\/rasim\/#primaryimage"},"image":{"@id":"https:\/\/www.meydan.tv\/az\/article\/rasim\/#primaryimage"},"thumbnailUrl":"https:\/\/www.meydan.tv\/wp-content\/uploads\/966.png","datePublished":"2014-02-17T21:11:34+00:00","breadcrumb":{"@id":"https:\/\/www.meydan.tv\/az\/article\/rasim\/#breadcrumb"},"inLanguage":"az","potentialAction":[{"@type":"ReadAction","target":["https:\/\/www.meydan.tv\/az\/article\/rasim\/"]}]},{"@type":"ImageObject","inLanguage":"az","@id":"https:\/\/www.meydan.tv\/az\/article\/rasim\/#primaryimage","url":"https:\/\/www.meydan.tv\/wp-content\/uploads\/966.png","contentUrl":"https:\/\/www.meydan.tv\/wp-content\/uploads\/966.png","width":500,"height":500,"caption":"Source:"},{"@type":"BreadcrumbList","@id":"https:\/\/www.meydan.tv\/az\/article\/rasim\/#breadcrumb","itemListElement":[{"@type":"ListItem","position":1,"name":"Ana s\u0259hif\u0259","item":"https:\/\/www.meydan.tv\/az\/"},{"@type":"ListItem","position":2,"name":"M\u0259nim Fikrimc\u0259","item":"https:\/\/www.meydan.tv\/az\/section\/menim-fikrimce\/"},{"@type":"ListItem","position":3,"name":"Rasim"}]},{"@type":"WebSite","@id":"https:\/\/www.meydan.tv\/az\/#website","url":"https:\/\/www.meydan.tv\/az\/","name":"MEYDAN.TV","description":"Meydan TV Az\u0259rbaycan\u0131n media m\u0259kan\u0131ndak\u0131 alternativ s\u0259sidir","publisher":{"@id":"https:\/\/www.meydan.tv\/az\/#organization"},"potentialAction":[{"@type":"SearchAction","target":{"@type":"EntryPoint","urlTemplate":"https:\/\/www.meydan.tv\/az\/?s={search_term_string}"},"query-input":{"@type":"PropertyValueSpecification","valueRequired":true,"valueName":"search_term_string"}}],"inLanguage":"az"},{"@type":"Organization","@id":"https:\/\/www.meydan.tv\/az\/#organization","name":"Meydan TV","url":"https:\/\/www.meydan.tv\/az\/","logo":{"@type":"ImageObject","inLanguage":"az","@id":"https:\/\/www.meydan.tv\/az\/#\/schema\/logo\/image\/","url":"https:\/\/www.meydan.tv\/wp-content\/uploads\/2021\/07\/meydan-logo.svg","contentUrl":"https:\/\/www.meydan.tv\/wp-content\/uploads\/2021\/07\/meydan-logo.svg","width":195,"height":46,"caption":"Meydan TV"},"image":{"@id":"https:\/\/www.meydan.tv\/az\/#\/schema\/logo\/image\/"}},{"@type":"Person","@id":"https:\/\/www.meydan.tv\/az\/#\/schema\/person\/10d11eccf6da3662cf5fdab9806ea91a","name":"user-manager"}]}},"_links":{"self":[{"href":"https:\/\/www.meydan.tv\/az\/wp-json\/wp\/v2\/posts\/163254","targetHints":{"allow":["GET"]}}],"collection":[{"href":"https:\/\/www.meydan.tv\/az\/wp-json\/wp\/v2\/posts"}],"about":[{"href":"https:\/\/www.meydan.tv\/az\/wp-json\/wp\/v2\/types\/post"}],"author":[{"embeddable":true,"href":"https:\/\/www.meydan.tv\/az\/wp-json\/wp\/v2\/users\/11"}],"replies":[{"embeddable":true,"href":"https:\/\/www.meydan.tv\/az\/wp-json\/wp\/v2\/comments?post=163254"}],"version-history":[{"count":0,"href":"https:\/\/www.meydan.tv\/az\/wp-json\/wp\/v2\/posts\/163254\/revisions"}],"wp:featuredmedia":[{"embeddable":true,"href":"https:\/\/www.meydan.tv\/az\/wp-json\/wp\/v2\/media\/4914"}],"wp:attachment":[{"href":"https:\/\/www.meydan.tv\/az\/wp-json\/wp\/v2\/media?parent=163254"}],"wp:term":[{"taxonomy":"category","embeddable":true,"href":"https:\/\/www.meydan.tv\/az\/wp-json\/wp\/v2\/categories?post=163254"},{"taxonomy":"post_tag","embeddable":true,"href":"https:\/\/www.meydan.tv\/az\/wp-json\/wp\/v2\/tags?post=163254"}],"curies":[{"name":"wp","href":"https:\/\/api.w.org\/{rel}","templated":true}]}}