{"id":163246,"date":"2014-02-15T20:48:30","date_gmt":"2014-02-15T20:48:30","guid":{"rendered":"https:\/\/www.meydan.tv\/article\/elil-ovladlar\/"},"modified":"2014-02-15T20:48:30","modified_gmt":"2014-02-15T20:48:30","slug":"elil-ovladlar","status":"publish","type":"post","link":"https:\/\/www.meydan.tv\/az\/article\/elil-ovladlar\/","title":{"rendered":"\u018flil \u00f6vladlar"},"content":{"rendered":"<figure class=\"wp-block-image size-large\">\n  <img decoding=\"async\" src=\"https:\/\/www.meydan.tv\/az\/5675\/\" alt=\"\" class=\"wp-image-5675\"\/><figcaption><\/figcaption><\/figure>\n<figure class=\"wp-block-image size-large\">\n  <img decoding=\"async\" src=\"https:\/\/www.meydan.tv\/az\/5681\/\" alt=\"\" class=\"wp-image-5681\"\/><figcaption><\/figcaption><\/figure>\n<p>\n  Ke\u00e7irdiyim q\u0259zadan sonra x\u0259st\u0259xanada\u00a0 a\u011f\u0131r reanimasiyadak\u0131 bir o\u011flan\u0131n \u00f6l\u00fcm\u00fc he\u00e7\u00a0 yad\u0131mnan \u00e7\u0131xmaz. Onun v\u0259ziyy\u0259ti m\u0259nimkind\u0259n d\u0259 a\u011f\u0131r idi. Valideynl\u0259ri ondan imtina etmi\u015fdi. Yax\u0131nlar\u0131 x\u0259st\u0259xanaya pul k\u00f6\u00e7\u00fcrm\u0259dikl\u0259rin\u0259 g\u00f6r\u0259 ona yem\u0259k d\u0259 vermirdil\u0259r. Bel\u0259c\u0259, 2-3 g\u00fcnd\u0259n sonra o \u00f6ld\u00fc. Valideynl\u0259ri d\u0259st\u0259k olsayd\u0131, b\u0259lk\u0259 d\u0259 o, bir ne\u00e7\u0259 il ya\u015faya bil\u0259rdi. Amma onlar ogular\u0131n\u0131 atd\u0131lar.\n<\/p>\n<p>\n  Orda ba\u015fqa bir o\u011flan\u0131 da tan\u0131d\u0131m. Onun da travmadan sonra v\u0259ziyy\u0259ti \u00e7ox a\u011f\u0131r idi. Amma h\u0259min oglan\u0131n ata-anas\u0131 ona \u00e7ox d\u0259st\u0259k oldular. \u00a0Evl\u0259rini satd\u0131lar, borca girdil\u0259r, \u00f6vladlar\u0131n\u0131\u00a0 \u0130srail\u0259 apard\u0131lar. O, iki ild\u0259n bir az \u00a0\u00e7ox ya\u015fad\u0131, sonra v\u0259fat etdi.\n<\/p>\n<p>\n  Bunlar\u0131 dem\u0259kd\u0259 m\u0259qs\u0259dim, \u00a0valideynl\u0259rin \u00f6vladlar\u0131 qar\u015f\u0131s\u0131ndaki v\u0259zif\u0259l\u0259rini yada salmaqd\u0131r.\n<\/p>\n<p>\n  \u00a0M\u0259n q\u0259za ke\u00e7ird\u0259nd\u0259n sonra valideynl\u0259rim depressiyaya d\u00fc\u015fm\u00fc\u015fd\u00fcl\u0259r. \u00d6z inanc\u0131ma sadiq olaraq, bildim ki, bu q\u0259za bir imtahand\u0131r. \u00a0Buna g\u00f6r\u0259 d\u0259, \u00a0\u00e7ox nikbin oldum. \u00a0Valideynl\u0259rim \u00e7ox b\u00f6y\u00fck m\u0259n\u0259vi s\u0131x\u0131nt\u0131 \u00e7\u0259kirdil\u0259r. Anam t\u0259bi\u0259tc\u0259 sakit oldu\u011funa g\u00f6r\u0259, onu \u00f6z ruh y\u00fcks\u0259kliyiml\u0259, bu stresd\u0259n tez\u00a0 \u00e7\u0131xara bildim. Tap\u015f\u0131rd\u0131m ki, he\u00e7 vaxt dar\u0131x\u0131b, a\u011flamas\u0131n. \u00c7unki m\u0259n yax\u015f\u0131 olacam. O g\u00fcnd\u0259n sonra \u00a0anam yan\u0131mda he\u00e7 \u00a0vaxt a\u011flamad\u0131. \u0130ndi m\u0259n\u0259 h\u0259r t\u0259r\u0259fli d\u0259st\u0259k olur, yax\u015f\u0131 bax\u0131r.\n<\/p>\n<p>\n  Atam t\u0259bi\u0259tc\u0259 emosional v\u0259 \u0259s\u0259bi adamd\u0131. O uzun m\u00fcdd\u0259t m\u0259nim \u0259lilliyimi q\u0259bul etmir v\u0259 \u00f6z\u00fcn\u0259 g\u0259l\u0259 bilmirdi. H\u0259tta m\u0259ni danlay\u0131r, \u00f6z\u00fcm\u00fc v\u0259 onlar\u0131 pis v\u0259ziyy\u0259t\u0259 qoydu\u011fumu deyirdi. Onun bu \u00fcsyanlar\u0131 m\u0259ni \u00e7ox incidirdi. Onunla m\u00fcbahis\u0259 edirdim, amma m\u00fcbahis\u0259l\u0259rin he\u00e7 bir faydas\u0131 olmurdu. \u00a0Ax\u0131rda m\u00fcbahis\u0259ni, \u00a0dill\u0259\u015fm\u0259ni burax\u0131b, s\u0259br ed\u0259r\u0259k, atam \u00fc\u00e7\u00fcn dua etm\u0259y\u0259 ba\u015flad\u0131m. Ona bu stresd\u0259n \u00e7\u0131xmaq \u00fc\u00e7\u00fcn d\u0259st\u0259k olma\u011fa \u00e7al\u0131\u015fd\u0131m. \u0130ki il \u00e7\u0259k\u0259n m\u00fcbariz\u0259d\u0259n sonra, m\u0259n qalib g\u0259ldim v\u0259 atamla dil tapd\u0131q.\n<\/p>\n<p>\n  \u00a0Bu g\u00fcn ikisi d\u0259 m\u0259n\u0259, i\u015fl\u0259rim\u0259 d\u0259st\u0259k olurlar. \u00a0M\u0259n d\u0259 \u0259limd\u0259n g\u0259l\u0259n m\u0259n\u0259vi d\u0259st\u0259yi \u0259sirg\u0259mir\u0259m ki, \u00f6vladlar\u0131n\u0131n \u0259lilliyi onlar\u0131 daha \u00e7ox \u00fczm\u0259sin. \u00a0Onlar\u0131 \u00e7ox sevir\u0259m, zlimd\u0259n g\u0259l\u0259n q\u0259d\u0259r sevindirm\u0259y\u0259 \u00e7al\u0131\u015f\u0131ram.\n<\/p>\n<p>\n  \u00a0T\u0259\u0259ss\u00fcf ki, bu g\u00fcn \u00a0bizim c\u0259miyy\u0259td\u0259 \u00f6vladlar\u0131n\u0131 unudan valideynl\u0259r var. Onlar \u00f6vladlar\u0131n\u0131 yem\u0259k v\u0259 paltar il\u0259 t\u0259min etm\u0259kl\u0259 i\u015fl\u0259rini bitmi\u015f say\u0131rlar. Qalan \u015feyl\u0259r \u00a0el\u0259 bil, onlar\u0131n borcu deyil. O ail\u0259 ba\u015f\u00e7\u0131lar\u0131 unudurlar ki, xalq\u0131n pullar\u0131n\u0131 m\u0259nims\u0259y\u0259n r\u00fc\u015fv\u0259txor m\u0259mur da, qad\u0131n d\u0259llal\u0131 da evin\u0259 \u0259rzaq v\u0259 paltar al\u0131r, onlar kimi davran\u0131r. Halbuki, valideynin \u00f6vlad\u0131na qoyub getdiyi \u0259n b\u00f6y\u00fck miras, onun \u015f\u0259xsiyy\u0259t kimi formala\u015fmas\u0131 \u00fc\u00e7\u00fcn vacib vicdan, \u0259xlaq v\u0259 elmdir. Ancaq bu kompjnentl\u0259ri \u00f6z\u00fcnd\u0259 birl\u0259\u015fdir\u0259n insan v\u0259t\u0259ni v\u0259 mill\u0259ti \u00fc\u00e7\u00fcn xeyirli ola bil\u0259r.\n<\/p>\n<p>\n  \u00c7\u0259tin dolan\u0131\u015f\u0131\u011fa g\u00f6r\u0259 s\u0259h\u0259r evd\u0259n \u00e7\u0131x\u0131b, gec\u0259 i\u015fd\u0259n qay\u0131dan atalar \u00f6z \u00f6vladlar\u0131n\u0131n nec\u0259 yeti\u015fdiyinin f\u0259rqin\u0259 varm\u0131r. \u00d6vladlar\u0131na \u00f6z atal\u0131q qay\u011f\u0131lar\u0131n\u0131 \u00a0g\u00f6st\u0259r\u0259 \u00a0bilmirl\u0259r. G\u00fcn\u00fcn \u00e7oxunu \u015fou- biznes qalmaqallar\u0131na, seriallara bax\u0131b, qeyb\u0259tl\u0259 n\u0259f\u0259s alan qad\u0131nlar is\u0259 \u00f6vladlar\u0131na laz\u0131mi t\u0259rbiy\u0259ni ver\u0259 bilmirl\u0259r. \u00d6vladlar\u0131 il\u0259 vaxt ke\u00e7irtm\u0259k imkanlar\u0131 olan valideynl\u0259r d\u0259 b\u0259z\u0259n \u00a0bu prosesi yerin\u0259 yetirmirl\u0259r. N\u0259tic\u0259d\u0259 sabah \u00f6z \u00f6vladlar\u0131n\u0131 tan\u0131ya bilmirl\u0259r. Bel\u0259 ail\u0259l\u0259rd\u0259 yeti\u015f\u0259n \u00f6vladlar is\u0259 qay\u011f\u0131 v\u0259 t\u0259rbiy\u0259 t\u0259\u015fn\u0259sind\u0259 olduqlar\u0131 \u00fc\u00e7\u00fcn, \u00a0tez bir zamanda d\u00fc\u015fd\u00fckl\u0259ri m\u00fchitd\u0259n t\u0259sirl\u0259nir. Ya ekstremist dini c\u0259r\u0259yanlara qo\u015fulub terror\u00e7u olur, hans\u0131sa depressiya qap\u0131l\u0131b, intihara c\u0259hd edir v\u0259 ya sad\u0259c\u0259 m\u00f6vqesiz, m\u0259qs\u0259dsiz bir k\u00f6l\u0259 kimi c\u0259miyy\u0259tin tullant\u0131s\u0131na \u00e7evrilir.\n<\/p>\n<p>\n  \u00a0Bir \u00e7ox valideynl\u0259r tan\u0131y\u0131ram ki, \u00f6z \u00f6vladlar\u0131n\u0131n x\u0259st\u0259liyin\u0259 v\u0259 \u0259lilliyin\u0259 g\u00f6r\u0259 onlar\u0131 n\u0259 adam aras\u0131na \u00e7\u0131xard\u0131r, n\u0259 d\u0259 ba\u015fqalar\u0131n\u0131n onunla tan\u0131\u015f olma\u011f\u0131na imkan verir. Do\u011fulu\u015fdan, ya sonradan \u0259lilliyi olan u\u015faqlar\u0131na g\u00f6r\u0259 b\u0259z\u0259n valideynl\u0259r \u00a0kompleks\u0259 d\u00fc\u015f\u00fce, \u00f6vladlar\u0131n\u0131 \u00e7ox a\u011f\u0131r ruhi-psixoloji duruma sal\u0131rlar. Evl\u0259rin\u0259 kims\u0259 g\u0259l\u0259nd\u0259, ist\u0259mirl\u0259r \u00f6vladlar\u0131n\u0131 bu halda kim\u0259s\u0259 g\u00f6st\u0259rsinl\u0259r. Ata tan\u0131y\u0131ram ki, \u00f6vlad\u0131 q\u0259za ke\u00e7irtdikd\u0259n sonra onun ota\u011f\u0131na girmir. Bir ba\u015fqas\u0131 \u00f6vlad\u0131n\u0131n \u0259lil arabas\u0131na oturmas\u0131na-d\u00fc\u015fm\u0259sin\u0259 k\u00f6m\u0259k etmir ki, \u00f6vlad\u0131ma bel\u0259 halda toxuna bilmir\u0259m. El\u0259si d\u0259 var, u\u015fa\u011f\u0131 il\u0259 h\u0259y\u0259td\u0259 g\u0259zm\u0259y\u0259 utan\u0131r.\n<\/p>\n<p>\n  Valideynl\u0259r b\u0259z\u0259n autizm x\u0259st\u0259liyi olan \u00f6vladlar\u0131n\u0131 u\u015faq evl\u0259rin\u0259 verirl\u0259r. \u00a0Autizm \u00fc\u00e7 ya\u015f\u0131ndan \u0259vv\u0259l ba\u015flayan v\u0259 \u00f6m\u00fcr boyu s\u00fcr\u0259n, ictimai qar\u015fl\u0131l\u0131ql\u0131 t\u0259sir\u0259 v\u0259 \u00fcnsiyy\u0259t\u0259 z\u0259r\u0259r ver\u0259n, m\u0259hdud v\u0259 t\u0259krarlanan davran\u0131\u015flara g\u0259tirib \u00e7\u0131xaran, beyinin inki\u015faf\u0131na mane\u0259 t\u00f6r\u0259d\u0259n bir x\u0259st\u0259likdir. Onlar\u00a0 f\u0259rqind\u0259 deyill\u0259r ki, autizm x\u0259st\u0259liyi olan bir insan\u0131n ba\u015fqalar\u0131ndan f\u0259rqli, \u00a0xeyirli \u00f6z\u0259llikl\u0259ri d\u0259 ola bil\u0259r. U\u015faq vaxt\u0131 autizmd\u0259n \u0259ziyy\u0259t \u00e7\u0259k\u0259n m\u0259\u015fhur adamlar var:\u00a0 Albert En\u015fteyn, \u0130saak\u00a0 Nyuton, d\u00fcnyaca m\u0259\u015fhur kinorejissor Stiven Spilberq, musiqi\u00e7i Bob Dilan, r\u0259ssam Vinsent Van Qoq v\u0259 s. \u00a0Bu insanlar \u00f6zl\u0259rini d\u00fcnyaya s\u00fcbut edib, d\u00fcnya \u015f\u00f6hr\u0259ti qazan\u0131blar.\n<\/p>\n<p>\n  \u00a0\u00d6vladlar\u0131n\u0131z\u0131 h\u0259r hal\u0131 il\u0259 sevin v\u0259 onlara d\u0259st\u0259k olun ki, onlar c\u0259miyy\u0259td\u0259n v\u0259 d\u00fcnyadan t\u0259crid olunmas\u0131nlar&#8230;<\/p>\n","protected":false},"excerpt":{"rendered":"<p>O g\u00fcnd\u0259n sonra  anam yan\u0131mda he\u00e7  vaxt a\u011flamad\u0131&#8230;<\/p>\n","protected":false},"author":11,"featured_media":5675,"comment_status":"closed","ping_status":"open","sticky":false,"template":"","format":"standard","meta":{"_acf_changed":false,"_sitemap_exclude":false,"_sitemap_priority":"","_sitemap_frequency":"","footnotes":""},"categories":[57],"tags":[],"class_list":["post-163246","post","type-post","status-publish","format-standard","has-post-thumbnail","hentry","category-menim-fikrimce","infinite-scroll-item","generate-columns","tablet-grid-50","mobile-grid-100","grid-parent","grid-33","no-featured-image-padding"],"acf":[],"yoast_head":"<!-- This site is optimized with the Yoast SEO plugin v27.4 - https:\/\/yoast.com\/product\/yoast-seo-wordpress\/ -->\n<title>\u018flil \u00f6vladlar - MEYDAN.TV<\/title>\n<meta name=\"robots\" content=\"index, follow, max-snippet:-1, max-image-preview:large, max-video-preview:-1\" \/>\n<link rel=\"canonical\" href=\"https:\/\/www.meydan.tv\/az\/article\/elil-ovladlar\/\" \/>\n<meta property=\"og:locale\" content=\"az_AZ\" \/>\n<meta property=\"og:type\" content=\"article\" \/>\n<meta property=\"og:title\" content=\"\u018flil \u00f6vladlar - MEYDAN.TV\" \/>\n<meta property=\"og:description\" content=\"O g\u00fcnd\u0259n sonra anam yan\u0131mda he\u00e7 vaxt a\u011flamad\u0131...\" \/>\n<meta property=\"og:url\" content=\"https:\/\/www.meydan.tv\/az\/article\/elil-ovladlar\/\" \/>\n<meta property=\"og:site_name\" content=\"MEYDAN.TV\" \/>\n<meta property=\"article:published_time\" content=\"2014-02-15T20:48:30+00:00\" \/>\n<meta property=\"og:image\" content=\"https:\/\/www.meydan.tv\/wp-content\/uploads\/1274.png\" \/>\n\t<meta property=\"og:image:width\" content=\"500\" \/>\n\t<meta property=\"og:image:height\" content=\"500\" \/>\n\t<meta property=\"og:image:type\" content=\"image\/png\" \/>\n<meta name=\"author\" content=\"user-manager\" \/>\n<meta name=\"twitter:card\" content=\"summary_large_image\" \/>\n<script type=\"application\/ld+json\" class=\"yoast-schema-graph\">{\"@context\":\"https:\\\/\\\/schema.org\",\"@graph\":[{\"@type\":\"Article\",\"@id\":\"https:\\\/\\\/www.meydan.tv\\\/az\\\/article\\\/elil-ovladlar\\\/#article\",\"isPartOf\":{\"@id\":\"https:\\\/\\\/www.meydan.tv\\\/az\\\/article\\\/elil-ovladlar\\\/\"},\"author\":{\"name\":\"user-manager\",\"@id\":\"https:\\\/\\\/www.meydan.tv\\\/az\\\/#\\\/schema\\\/person\\\/10d11eccf6da3662cf5fdab9806ea91a\"},\"headline\":\"\u018flil \u00f6vladlar\",\"datePublished\":\"2014-02-15T20:48:30+00:00\",\"mainEntityOfPage\":{\"@id\":\"https:\\\/\\\/www.meydan.tv\\\/az\\\/article\\\/elil-ovladlar\\\/\"},\"wordCount\":1073,\"publisher\":{\"@id\":\"https:\\\/\\\/www.meydan.tv\\\/az\\\/#organization\"},\"image\":{\"@id\":\"https:\\\/\\\/www.meydan.tv\\\/az\\\/article\\\/elil-ovladlar\\\/#primaryimage\"},\"thumbnailUrl\":\"https:\\\/\\\/www.meydan.tv\\\/wp-content\\\/uploads\\\/1274.png\",\"articleSection\":[\"M\u0259nim Fikrimc\u0259\"],\"inLanguage\":\"az\"},{\"@type\":\"WebPage\",\"@id\":\"https:\\\/\\\/www.meydan.tv\\\/az\\\/article\\\/elil-ovladlar\\\/\",\"url\":\"https:\\\/\\\/www.meydan.tv\\\/az\\\/article\\\/elil-ovladlar\\\/\",\"name\":\"\u018flil \u00f6vladlar - MEYDAN.TV\",\"isPartOf\":{\"@id\":\"https:\\\/\\\/www.meydan.tv\\\/az\\\/#website\"},\"primaryImageOfPage\":{\"@id\":\"https:\\\/\\\/www.meydan.tv\\\/az\\\/article\\\/elil-ovladlar\\\/#primaryimage\"},\"image\":{\"@id\":\"https:\\\/\\\/www.meydan.tv\\\/az\\\/article\\\/elil-ovladlar\\\/#primaryimage\"},\"thumbnailUrl\":\"https:\\\/\\\/www.meydan.tv\\\/wp-content\\\/uploads\\\/1274.png\",\"datePublished\":\"2014-02-15T20:48:30+00:00\",\"breadcrumb\":{\"@id\":\"https:\\\/\\\/www.meydan.tv\\\/az\\\/article\\\/elil-ovladlar\\\/#breadcrumb\"},\"inLanguage\":\"az\",\"potentialAction\":[{\"@type\":\"ReadAction\",\"target\":[\"https:\\\/\\\/www.meydan.tv\\\/az\\\/article\\\/elil-ovladlar\\\/\"]}]},{\"@type\":\"ImageObject\",\"inLanguage\":\"az\",\"@id\":\"https:\\\/\\\/www.meydan.tv\\\/az\\\/article\\\/elil-ovladlar\\\/#primaryimage\",\"url\":\"https:\\\/\\\/www.meydan.tv\\\/wp-content\\\/uploads\\\/1274.png\",\"contentUrl\":\"https:\\\/\\\/www.meydan.tv\\\/wp-content\\\/uploads\\\/1274.png\",\"width\":500,\"height\":500,\"caption\":\"Source:\"},{\"@type\":\"BreadcrumbList\",\"@id\":\"https:\\\/\\\/www.meydan.tv\\\/az\\\/article\\\/elil-ovladlar\\\/#breadcrumb\",\"itemListElement\":[{\"@type\":\"ListItem\",\"position\":1,\"name\":\"Ana s\u0259hif\u0259\",\"item\":\"https:\\\/\\\/www.meydan.tv\\\/az\\\/\"},{\"@type\":\"ListItem\",\"position\":2,\"name\":\"M\u0259nim Fikrimc\u0259\",\"item\":\"https:\\\/\\\/www.meydan.tv\\\/az\\\/section\\\/menim-fikrimce\\\/\"},{\"@type\":\"ListItem\",\"position\":3,\"name\":\"\u018flil \u00f6vladlar\"}]},{\"@type\":\"WebSite\",\"@id\":\"https:\\\/\\\/www.meydan.tv\\\/az\\\/#website\",\"url\":\"https:\\\/\\\/www.meydan.tv\\\/az\\\/\",\"name\":\"MEYDAN.TV\",\"description\":\"Meydan TV Az\u0259rbaycan\u0131n media m\u0259kan\u0131ndak\u0131 alternativ s\u0259sidir\",\"publisher\":{\"@id\":\"https:\\\/\\\/www.meydan.tv\\\/az\\\/#organization\"},\"potentialAction\":[{\"@type\":\"SearchAction\",\"target\":{\"@type\":\"EntryPoint\",\"urlTemplate\":\"https:\\\/\\\/www.meydan.tv\\\/az\\\/?s={search_term_string}\"},\"query-input\":{\"@type\":\"PropertyValueSpecification\",\"valueRequired\":true,\"valueName\":\"search_term_string\"}}],\"inLanguage\":\"az\"},{\"@type\":\"Organization\",\"@id\":\"https:\\\/\\\/www.meydan.tv\\\/az\\\/#organization\",\"name\":\"Meydan TV\",\"url\":\"https:\\\/\\\/www.meydan.tv\\\/az\\\/\",\"logo\":{\"@type\":\"ImageObject\",\"inLanguage\":\"az\",\"@id\":\"https:\\\/\\\/www.meydan.tv\\\/az\\\/#\\\/schema\\\/logo\\\/image\\\/\",\"url\":\"https:\\\/\\\/www.meydan.tv\\\/wp-content\\\/uploads\\\/2021\\\/07\\\/meydan-logo.svg\",\"contentUrl\":\"https:\\\/\\\/www.meydan.tv\\\/wp-content\\\/uploads\\\/2021\\\/07\\\/meydan-logo.svg\",\"width\":195,\"height\":46,\"caption\":\"Meydan TV\"},\"image\":{\"@id\":\"https:\\\/\\\/www.meydan.tv\\\/az\\\/#\\\/schema\\\/logo\\\/image\\\/\"}},{\"@type\":\"Person\",\"@id\":\"https:\\\/\\\/www.meydan.tv\\\/az\\\/#\\\/schema\\\/person\\\/10d11eccf6da3662cf5fdab9806ea91a\",\"name\":\"user-manager\"}]}<\/script>\n<!-- \/ Yoast SEO plugin. -->","yoast_head_json":{"title":"\u018flil \u00f6vladlar - MEYDAN.TV","robots":{"index":"index","follow":"follow","max-snippet":"max-snippet:-1","max-image-preview":"max-image-preview:large","max-video-preview":"max-video-preview:-1"},"canonical":"https:\/\/www.meydan.tv\/az\/article\/elil-ovladlar\/","og_locale":"az_AZ","og_type":"article","og_title":"\u018flil \u00f6vladlar - MEYDAN.TV","og_description":"O g\u00fcnd\u0259n sonra anam yan\u0131mda he\u00e7 vaxt a\u011flamad\u0131...","og_url":"https:\/\/www.meydan.tv\/az\/article\/elil-ovladlar\/","og_site_name":"MEYDAN.TV","article_published_time":"2014-02-15T20:48:30+00:00","og_image":[{"width":500,"height":500,"url":"https:\/\/www.meydan.tv\/wp-content\/uploads\/1274.png","type":"image\/png"}],"author":"user-manager","twitter_card":"summary_large_image","schema":{"@context":"https:\/\/schema.org","@graph":[{"@type":"Article","@id":"https:\/\/www.meydan.tv\/az\/article\/elil-ovladlar\/#article","isPartOf":{"@id":"https:\/\/www.meydan.tv\/az\/article\/elil-ovladlar\/"},"author":{"name":"user-manager","@id":"https:\/\/www.meydan.tv\/az\/#\/schema\/person\/10d11eccf6da3662cf5fdab9806ea91a"},"headline":"\u018flil \u00f6vladlar","datePublished":"2014-02-15T20:48:30+00:00","mainEntityOfPage":{"@id":"https:\/\/www.meydan.tv\/az\/article\/elil-ovladlar\/"},"wordCount":1073,"publisher":{"@id":"https:\/\/www.meydan.tv\/az\/#organization"},"image":{"@id":"https:\/\/www.meydan.tv\/az\/article\/elil-ovladlar\/#primaryimage"},"thumbnailUrl":"https:\/\/www.meydan.tv\/wp-content\/uploads\/1274.png","articleSection":["M\u0259nim Fikrimc\u0259"],"inLanguage":"az"},{"@type":"WebPage","@id":"https:\/\/www.meydan.tv\/az\/article\/elil-ovladlar\/","url":"https:\/\/www.meydan.tv\/az\/article\/elil-ovladlar\/","name":"\u018flil \u00f6vladlar - MEYDAN.TV","isPartOf":{"@id":"https:\/\/www.meydan.tv\/az\/#website"},"primaryImageOfPage":{"@id":"https:\/\/www.meydan.tv\/az\/article\/elil-ovladlar\/#primaryimage"},"image":{"@id":"https:\/\/www.meydan.tv\/az\/article\/elil-ovladlar\/#primaryimage"},"thumbnailUrl":"https:\/\/www.meydan.tv\/wp-content\/uploads\/1274.png","datePublished":"2014-02-15T20:48:30+00:00","breadcrumb":{"@id":"https:\/\/www.meydan.tv\/az\/article\/elil-ovladlar\/#breadcrumb"},"inLanguage":"az","potentialAction":[{"@type":"ReadAction","target":["https:\/\/www.meydan.tv\/az\/article\/elil-ovladlar\/"]}]},{"@type":"ImageObject","inLanguage":"az","@id":"https:\/\/www.meydan.tv\/az\/article\/elil-ovladlar\/#primaryimage","url":"https:\/\/www.meydan.tv\/wp-content\/uploads\/1274.png","contentUrl":"https:\/\/www.meydan.tv\/wp-content\/uploads\/1274.png","width":500,"height":500,"caption":"Source:"},{"@type":"BreadcrumbList","@id":"https:\/\/www.meydan.tv\/az\/article\/elil-ovladlar\/#breadcrumb","itemListElement":[{"@type":"ListItem","position":1,"name":"Ana s\u0259hif\u0259","item":"https:\/\/www.meydan.tv\/az\/"},{"@type":"ListItem","position":2,"name":"M\u0259nim Fikrimc\u0259","item":"https:\/\/www.meydan.tv\/az\/section\/menim-fikrimce\/"},{"@type":"ListItem","position":3,"name":"\u018flil \u00f6vladlar"}]},{"@type":"WebSite","@id":"https:\/\/www.meydan.tv\/az\/#website","url":"https:\/\/www.meydan.tv\/az\/","name":"MEYDAN.TV","description":"Meydan TV Az\u0259rbaycan\u0131n media m\u0259kan\u0131ndak\u0131 alternativ s\u0259sidir","publisher":{"@id":"https:\/\/www.meydan.tv\/az\/#organization"},"potentialAction":[{"@type":"SearchAction","target":{"@type":"EntryPoint","urlTemplate":"https:\/\/www.meydan.tv\/az\/?s={search_term_string}"},"query-input":{"@type":"PropertyValueSpecification","valueRequired":true,"valueName":"search_term_string"}}],"inLanguage":"az"},{"@type":"Organization","@id":"https:\/\/www.meydan.tv\/az\/#organization","name":"Meydan TV","url":"https:\/\/www.meydan.tv\/az\/","logo":{"@type":"ImageObject","inLanguage":"az","@id":"https:\/\/www.meydan.tv\/az\/#\/schema\/logo\/image\/","url":"https:\/\/www.meydan.tv\/wp-content\/uploads\/2021\/07\/meydan-logo.svg","contentUrl":"https:\/\/www.meydan.tv\/wp-content\/uploads\/2021\/07\/meydan-logo.svg","width":195,"height":46,"caption":"Meydan TV"},"image":{"@id":"https:\/\/www.meydan.tv\/az\/#\/schema\/logo\/image\/"}},{"@type":"Person","@id":"https:\/\/www.meydan.tv\/az\/#\/schema\/person\/10d11eccf6da3662cf5fdab9806ea91a","name":"user-manager"}]}},"_links":{"self":[{"href":"https:\/\/www.meydan.tv\/az\/wp-json\/wp\/v2\/posts\/163246","targetHints":{"allow":["GET"]}}],"collection":[{"href":"https:\/\/www.meydan.tv\/az\/wp-json\/wp\/v2\/posts"}],"about":[{"href":"https:\/\/www.meydan.tv\/az\/wp-json\/wp\/v2\/types\/post"}],"author":[{"embeddable":true,"href":"https:\/\/www.meydan.tv\/az\/wp-json\/wp\/v2\/users\/11"}],"replies":[{"embeddable":true,"href":"https:\/\/www.meydan.tv\/az\/wp-json\/wp\/v2\/comments?post=163246"}],"version-history":[{"count":0,"href":"https:\/\/www.meydan.tv\/az\/wp-json\/wp\/v2\/posts\/163246\/revisions"}],"wp:featuredmedia":[{"embeddable":true,"href":"https:\/\/www.meydan.tv\/az\/wp-json\/wp\/v2\/media\/5675"}],"wp:attachment":[{"href":"https:\/\/www.meydan.tv\/az\/wp-json\/wp\/v2\/media?parent=163246"}],"wp:term":[{"taxonomy":"category","embeddable":true,"href":"https:\/\/www.meydan.tv\/az\/wp-json\/wp\/v2\/categories?post=163246"},{"taxonomy":"post_tag","embeddable":true,"href":"https:\/\/www.meydan.tv\/az\/wp-json\/wp\/v2\/tags?post=163246"}],"curies":[{"name":"wp","href":"https:\/\/api.w.org\/{rel}","templated":true}]}}