{"id":163245,"date":"2014-02-15T20:36:18","date_gmt":"2014-02-15T20:36:18","guid":{"rendered":"https:\/\/www.meydan.tv\/article\/menim-dusuncelerim\/"},"modified":"2014-02-15T20:36:18","modified_gmt":"2014-02-15T20:36:18","slug":"menim-dusuncelerim","status":"publish","type":"post","link":"https:\/\/www.meydan.tv\/az\/article\/menim-dusuncelerim\/","title":{"rendered":"M\u0259nim d\u00fc\u015f\u00fcnc\u0259l\u0259rim"},"content":{"rendered":"<figure class=\"wp-block-image size-large\">\n  <img decoding=\"async\" src=\"https:\/\/www.meydan.tv\/az\/5672\/\" alt=\"\" class=\"wp-image-5672\"\/><figcaption><\/figcaption><\/figure>\n<figure class=\"wp-block-image size-large\">\n  <img decoding=\"async\" src=\"https:\/\/www.meydan.tv\/az\/5669\/\" alt=\"\" class=\"wp-image-5669\"\/><figcaption><\/figcaption><\/figure>\n<p>\n  \u00a0Uzun m\u00fcdd\u0259tdir yaz\u0131 yazm\u0131ram. Bir q\u0259d\u0259r beynim d\u0259 k\u00fctl\u0259\u015fib. Ac\u0131 etirafa g\u00f6r\u0259 ham\u0131dan \u00fczr ist\u0259yir\u0259m. Bu yaz\u0131da m\u00fc\u0259yy\u0259n q\u0259d\u0259r son hadis\u0259l\u0259r\u0259 \u00f6z fikrimi esse formas\u0131nda, publisitik \u015f\u0259kild\u0259 bildirm\u0259y\u0259 \u00e7al\u0131\u015faca\u011fam.\n<\/p>\n<p>\n  Meydan TV-d\u0259 ged\u0259n son yaz\u0131lar v\u0259 bu yaz\u0131lar, x\u00fcsusil\u0259 m\u0259lum Orientalizm m\u00f6vzusu \u0259traf\u0131nda apar\u0131lan diskussiyalar keyfiyy\u0259t bax\u0131m\u0131ndan m\u0259nim \u00fc\u00e7\u00fcn \u00e7ox m\u0259yusedici oldu. Etiraf edim ki, m\u0259n \u00f6z\u00fcm d\u0259 Edvard S\u0259idin m\u0259lum kitab\u0131n\u0131 el\u0259 Murad H\u0259s\u0259nlinin bu bar\u0259d\u0259 yaz\u0131s\u0131ndan sonra \u0259ld\u0259 etmi\u015f\u0259m v\u0259 haz\u0131rda oxumaqla m\u0259\u015f\u011fulam. Y\u0259ni incim\u0259yin, amma elmi bax\u0131mdan bu sah\u0259d\u0259 tam profanam.\n<\/p>\n<p>\n  Ke\u00e7\u0259k son hadis\u0259l\u0259r\u0259. Etiraf edim ki, m\u0259nim ictimai sektor adlanan, \u00f6z intellektuall\u0131\u011f\u0131 il\u0259 \u00f6y\u00fcn\u0259n, k\u00f6hn\u0259 m\u00fcxalif\u0259ti d\u00fc\u015f\u00fcnc\u0259 geriliyind\u0259 ittiham ed\u0259n g\u0259nclikd\u0259n m\u00fc\u0259yy\u0259n g\u00f6zl\u0259ntil\u0259rim var. \u0130deoloji, siyasi g\u00f6zl\u0259ntil\u0259ri qoyaq k\u0259nara. M\u0259n\u0259 n\u0259d\u0259ns\u0259 indiy\u0259d\u0259k el\u0259 g\u0259lirdi ki, biz bir qay\u0131qda oturub, \u0259n az\u0131 siyasi bax\u0131mdan bir istiqam\u0259td\u0259 \u00fcz\u00fcr\u00fck. \u0130ndi buna \u015f\u00fcbh\u0259l\u0259rim yaran\u0131b. M\u0259n Murad H\u0259s\u0259nlinin Orientalizm bar\u0259d\u0259 fikirl\u0259rinin t\u0259nqidin\u0259 h\u0259sr olunmu\u015f yaz\u0131da niy\u0259 onun siyasi m\u0259nsubiyy\u0259ti v\u0259 \u015f\u0259xsiyy\u0259tin\u0259 x\u00fcsusi diqq\u0259t yetirilm\u0259sini, el\u0259c\u0259 d\u0259 onun homofob d\u00fc\u015f\u00fcnc\u0259 sahibi kimi s\u0259rgil\u0259nm\u0259sini d\u0259rk ed\u0259 bilmir\u0259m. Fikrim Murad\u0131 m\u00fcdafi\u0259 etm\u0259k deyil. Sad\u0259c\u0259 onun kontrahentl\u0259rinin n\u0259 etdiyini d\u0259rk etm\u0259y\u0259 \u00e7al\u0131\u015f\u0131ram. V\u0259 n\u0259hay\u0259t, h\u00f6rm\u0259tli c\u0259nablar, deyil\u0259si s\u00f6z\u00fcn\u00fcz varsa, bunu niy\u0259 Argentina m\u0259n\u015f\u0259li birinin \u0259li il\u0259 edirsiniz. \u00d6z\u00fcn\u00fcz edin, buna ki, savad\u0131n\u0131z, biliyiniz yet\u0259rlidir. H\u0259r halda siz bunun bel\u0259 oldu\u011funu iddia edirsiniz. Amma m\u0259n b\u00f6y\u00fck m\u0259mnuniyy\u0259tl\u0259 bilm\u0259k ist\u0259rdim ki, m\u00fc\u0259yy\u0259n \u015f\u0259xsin \u0259sass\u0131z olaraq siyasi m\u0259nsubiyy\u0259ti il\u0259 onun ehtimal olunan spekulyativ xarakterli bax\u0131\u015flar\u0131n\u0131n bir elmi m\u0259qal\u0259d\u0259 \u00f6n plana \u00e7\u0131xar\u0131lmas\u0131 hans\u0131 m\u0259qs\u0259dl\u0259r\u0259 xidm\u0259t edir? X\u00fcsusil\u0259 Sizinl\u0259 m\u00fctt\u0259fiq olan, eyni siyasi d\u00fc\u015f\u0259rg\u0259y\u0259 m\u0259nsib olan insanin ictimai n\u00fcfuzuna x\u0259l\u0259l yetirm\u0259y\u0259 y\u00f6n\u0259lmi\u015f add\u0131mlar\u0131 atmaq n\u0259y\u0259 xidm\u0259t edir? Yoxsa b\u0259zil\u0259ri onun bu yax\u0131nlarda Londonda ke\u00e7iril\u0259c\u0259k b\u0259l\u0259diyy\u0259 se\u00e7kil\u0259rind\u0259 i\u015ftirak\u0131n\u0131 bu tip spekulyativ ittihamlarla t\u0259hl\u00fck\u0259 alt\u0131na salmaq ist\u0259yir? Bununla n\u0259y\u0259 nail olacaq bu \u015f\u0259xsl\u0259r? \u00d6z eqolar\u0131n\u0131 sakitl\u0259\u015fdir\u0259c\u0259kl\u0259r? B\u0259s han\u0131 elmi arqumentl\u0259r? Han\u0131 dialoq? Hani diskussiya? M\u0259n etiraf edim ki, Orientalizm diskussiyas\u0131n\u0131 \u00e7ox y\u00fcks\u0259k qym\u0259tl\u0259ndirir\u0259m. Amma onun ba\u015fqa m\u0259craya y\u00f6n\u0259ldilm\u0259si v\u0259 iyr\u0259nc m\u0259qs\u0259dl\u0259rl\u0259 sui-istifad\u0259 olunmas\u0131n\u0131 alq\u0131\u015flaya bilm\u0259r\u0259m. \u00d6z\u00fc d\u0259 birm\u0259nal\u0131 \u015f\u0259kild\u0259.\n<\/p>\n<p>\n  Tez-tez qeyd edirik ki, k\u00f6hn\u0259 m\u00fcxalif\u0259t art\u0131q \u00f6z d\u00f6vr\u00fcn\u00fc ba\u015fa vurmu\u015fdur. B\u0259li bu do\u011frudur, m\u0259n d\u0259 bu fikri b\u00f6l\u00fc\u015f\u00fcr\u0259m. Amma \u00f6lk\u0259nin g\u0259l\u0259c\u0259yi il\u0259 ba\u011fl\u0131 siyasi perspektivl\u0259r\u0259 malik olmayan, siyasi d\u00fc\u015f\u00fcnc\u0259 sahibi olmayan, yeri g\u0259ldi-g\u0259lm\u0259di intellektual qabiliyy\u0259tl\u0259rini kimins\u0259 sanki g\u00f6z\u00fcn\u0259 soxma\u011fa \u00e7al\u0131\u015fan insanlar\u0131 da ba\u015fa d\u00fc\u015f\u0259 bilmir\u0259m. \u018fg\u0259r g\u0259l\u0259c\u0259yimiz budursa, onda heyhat, \u00e7\u0259tin ki, bundan a\u011flabatan bir \u015fey \u00e7\u0131xa.\n<\/p>\n<p>\n  Bizim, y\u0259ni m\u0259n v\u0259 Murad kimi diaspora az\u0259rbaycanl\u0131lar\u0131n\u0131n m\u0259qs\u0259di \u00f6lk\u0259 daxilind\u0259ki siyasi q\u00fcvv\u0259l\u0259r\u0259 a\u011f\u0131l qoymaq deyil. Az\u0259rbaycanda ictimai-siyasi v\u0259ziyy\u0259tin nec\u0259liyi biz\u0259 yax\u015f\u0131 b\u0259llidir v\u0259\u00a0 biz yaln\u0131z m\u0259sl\u0259h\u0259t\u00e7i, \u00fcr\u0259yi yanan bir dost kimi \u00f6z yard\u0131m \u0259limizi uzada bil\u0259rik. Kimins\u0259 intellektini v\u0259 \u015f\u00fcurunu \u015f\u00fcbh\u0259 alt\u0131na almadan. Amma siyasi \u015f\u00fcurdan m\u0259hrum olan q\u00fcvv\u0259l\u0259rl\u0259 \u0259m\u0259kda\u015fl\u0131\u011f\u0131n uzun zaman k\u0259simind\u0259ki perspektivl\u0259ri m\u0259nd\u0259 \u015f\u0259xs\u0259n art\u0131q b\u00f6y\u00fck \u015f\u00fcbh\u0259 do\u011furur. Bunu m\u00fctl\u0259q qeyd etm\u0259liy\u0259m. \u018fm\u0259kda\u015fl\u0131q perspektivl\u0259rini m\u00fc\u0259yy\u0259n ed\u0259rk\u0259n, lov\u011fa, \u00f6z\u00fcnd\u0259nraz\u0131, qeyri-t\u0259vaz\u00f6kar, \u201cliberal\u201d \u00f6rt\u00fcy\u00fc alt\u0131nda \u0259sl avtoritar fa\u015fistoid d\u00fc\u015f\u00fcnc\u0259nin sahibl\u0259ri il\u0259 uzun m\u00fcdd\u0259t bir yol ged\u0259 bilm\u0259r\u0259m. Bu marginalla\u015fma\u011fa aparan yoldur v\u0259 bunun he\u00e7 kim\u0259, el\u0259 ilk n\u00f6vb\u0259d\u0259 bu yolun yol\u015fular\u0131na he\u00e7 bir xeyri yoxdur. \u00d6rn\u0259k olaraq Almaniyadak\u0131 Q\u0131z\u0131l Ordu Fraksiyas\u0131n\u0131n (RAF) ba\u015flan\u011f\u0131clar\u0131n\u0131 v\u0259 sonunu g\u00f6st\u0259rm\u0259k olar.\n<\/p>\n<p>\n  Murad\u0131n ba\u015flatd\u0131\u011f\u0131 diskussiya davam etm\u0259lidir. Biz bu elmi diskussiya \u00e7\u0259r\u00e7iv\u0259sind\u0259 m\u00fcxt\u0259lif sosial kateqoriyalara yeni bax\u0131\u015flar ortaya \u00e7\u0131xarmal\u0131y\u0131q, m\u0259s\u0259l\u0259n mill\u0259t (nation) anlay\u0131\u015f\u0131n\u0131n m\u00fcasir sosiologiya n\u00f6qteyi-n\u0259z\u0259rind\u0259n Az\u0259rbaycan kontekstind\u0259 yenid\u0259n interpretasiyas\u0131 (t\u00fcrk\u00e7\u00fcl\u00fckd\u0259n az\u0259rbaycan\u00e7\u0131l\u0131\u011fa do\u011fru, v\u0259t\u0259nda\u015f mill\u0259t\u00e7iliyi istiqam\u0259tind\u0259), demokratik inki\u015faf\u0131n Az\u0259rbaycan \u00fc\u00e7\u00fcn m\u0259qbul olan variantlar\u0131. Bir m\u0259s\u0259l\u0259 ayd\u0131nd\u0131r ki, Q\u0259rbd\u0259 m\u00f6vcud olan demokratiya model(l\u0259r)ini kor-koran\u0259 \u015f\u0259kild\u0259 Az\u0259rbaycan z\u0259minind\u0259 yenid\u0259n qurmaq qeyri-m\u00fcmk\u00fcnd\u00fcr. Nec\u0259 ki, Q\u0259rbin \u00f6z\u00fcnd\u0259 bel\u0259 demokratiyan\u0131n m\u00fcxt\u0259lif forma v\u0259 milli interpretasiyalar\u0131 m\u00f6vcuddur. Q\u0259rbin kor-koran\u0259 \u015f\u0259kild\u0259 imitasiya olunmas\u0131 Az\u0259rbaycanda davaml\u0131 siyasi t\u0259sisatlar\u0131n b\u0259rq\u0259rar olunmas\u0131 \u00fc\u00e7\u00fcn el\u0259 d\u0259 u\u011furlu yol deyil. Biz \u00f6z\u00fcm\u00fcz\u00fcn \u00fc\u00e7\u00fcnc\u00fc yox, el\u0259 m\u0259hz \u00f6z\u00fcm\u00fcz\u00fcn milli inki\u015faf yolumuz bar\u0259d\u0259 d\u00fc\u015f\u00fcnm\u0259liyik. O c\u00fcml\u0259d\u0259n yuxar\u0131da qeyd etdiyim anlay\u0131\u015flar\u0131n Az\u0259rbaycan\u0131n tarixi v\u0259 m\u00fcasir ictimai-siyasi kontekstind\u0259 yenid\u0259n interpretasiya olunmas\u0131 yolu il\u0259.\n<\/p>\n<p>\n  Aqressiv d\u00fc\u015f\u00fcnc\u0259 t\u0259rzi v\u0259 yana\u015fmaya son qoymaq laz\u0131md\u0131r. Yad\u0131mdad\u0131r, Fridrix Ebert fondunun t\u0259qa\u00fcd\u00e7\u00fcs\u00fc oldu\u011fum zaman ild\u0259 2-3 d\u0259f\u0259 Bonn \u015f\u0259h\u0259rind\u0259 m\u00fcxt\u0259lif seminarlarda i\u015ftirak edirdim. Bel\u0259 seminarlardan birind\u0259 Dominikan Respublikas\u0131 v\u0259 F\u0259l\u0259stind\u0259n olan iki t\u0259qa\u00fcd\u00e7\u00fc aras\u0131nda maraql\u0131 fikir m\u00fcbadil\u0259sinin \u015fahidi oldum. S\u00f6hb\u0259t ondan gedirdi ki, Karib D\u0259nizi h\u00f6vz\u0259sind\u0259 yerl\u0259\u015f\u0259n \u00f6lk\u0259l\u0259rd\u0259 ke\u00e7iril\u0259n karneval ke\u00e7idl\u0259ri zaman\u0131 \u00e7\u0131lpaq y\u00fcr\u00fc\u015fl\u0259rd\u0259 i\u015ftirak ed\u0259n qad\u0131nlarla evl\u0259nm\u0259k olar yoxsa yox? Dominikan Respublikas\u0131ndan olan buna m\u00fcsb\u0259t cavab verdi v\u0259 bel\u0259 izah etdi ki, bu onun m\u0259d\u0259niyy\u0259tinin t\u0259rkib hiss\u0259sidir. F\u0259l\u0259stind\u0259n g\u0259l\u0259n c\u0259nab is\u0259 \u0259ks m\u00f6vqed\u0259 durdu, \u00e7\u00fcnki bu da onun m\u0259d\u0259niyy\u0259tin\u0259 zidd idi. Ilk bax\u0131\u015fdan dilemma illuziyas\u0131 yarana bil\u0259r. Amma \u0259slind\u0259 onlar h\u0259r ikisi haql\u0131 idi. \u00d6z m\u0259d\u0259niyy\u0259tl\u0259rinin perspektivi bax\u0131m\u0131ndan \u0259lb\u0259tt\u0259.\n<\/p>\n<p>\n  \u018fsas problem d\u0259 budur. M\u0259s\u0259l\u0259y\u0259 konseptual yana\u015fmadan, h\u0259r \u015fey\u0259 aqressiv m\u00fcnasib\u0259t s\u0259rgil\u0259nir. \u0130st\u0259r milli m\u0259d\u0259niyy\u0259t, ist\u0259r onun m\u0259nfi v\u0259 m\u00fcsb\u0259t m\u0259ziyy\u0259tl\u0259ri m\u00fczakir\u0259 olunmadan l\u0259n\u0259tl\u0259nir. B\u0259lk\u0259 bir az bu bar\u0259d\u0259 d\u00fc\u015f\u00fcn\u0259k? H\u0259r \u015feyi l\u0259n\u0259tl\u0259m\u0259k asand\u0131r, amma yuxarida qeyd etdiyim kimi, davaml\u0131 bir \u015fey ortaya \u00e7\u0131xarmaq \u00fc\u00e7\u00fcn onun sa\u011flam \u00f6z\u00fcll\u0259ri olmal\u0131d\u0131r. Sa\u011flam \u00f6z\u00fcll\u0259r is\u0259 yaln\u0131z \u00fcmumb\u0259\u015f\u0259ri d\u0259y\u0259rl\u0259rin milli prizmadan interperetasiyas\u0131 zaman\u0131 meydana g\u0259l\u0259 bil\u0259r.\n<\/p>\n<p>\n  \u00dcmid edir\u0259m ki, uzun yaz\u0131b ba\u015f a\u011fr\u0131tmad\u0131m. \u018fslind\u0259 fikirl\u0259r \u00e7oxdur. \u0130mkan daxilind\u0259 diskussiyada f\u0259al i\u015ftirak etm\u0259y\u0259 \u00e7al\u0131\u015faca\u011fam. H\u0259l\u0259lik is\u0259 m\u0259nd\u0259n bu q\u0259d\u0259r. Diqq\u0259t\u0259 g\u00f6r\u0259 t\u0259\u015f\u0259kk\u00fcr edir\u0259m.<\/p>\n","protected":false},"excerpt":{"rendered":"<p>Tez-tez qeyd edirik ki, k\u00f6hn\u0259 m\u00fcxalif\u0259t art\u0131q \u00f6z d\u00f6vr\u00fcn\u00fc ba\u015fa vurmu\u015fdur&#8230;<\/p>\n","protected":false},"author":11,"featured_media":5672,"comment_status":"closed","ping_status":"open","sticky":false,"template":"","format":"standard","meta":{"_acf_changed":false,"_sitemap_exclude":false,"_sitemap_priority":"","_sitemap_frequency":"","footnotes":""},"categories":[57],"tags":[],"class_list":["post-163245","post","type-post","status-publish","format-standard","has-post-thumbnail","hentry","category-menim-fikrimce","infinite-scroll-item","generate-columns","tablet-grid-50","mobile-grid-100","grid-parent","grid-33","no-featured-image-padding"],"acf":[],"yoast_head":"<!-- This site is optimized with the Yoast SEO plugin v27.4 - https:\/\/yoast.com\/product\/yoast-seo-wordpress\/ -->\n<title>M\u0259nim d\u00fc\u015f\u00fcnc\u0259l\u0259rim - MEYDAN.TV<\/title>\n<meta name=\"robots\" content=\"index, follow, max-snippet:-1, max-image-preview:large, max-video-preview:-1\" \/>\n<link rel=\"canonical\" href=\"https:\/\/www.meydan.tv\/az\/article\/menim-dusuncelerim\/\" \/>\n<meta property=\"og:locale\" content=\"az_AZ\" \/>\n<meta property=\"og:type\" content=\"article\" \/>\n<meta property=\"og:title\" content=\"M\u0259nim d\u00fc\u015f\u00fcnc\u0259l\u0259rim - MEYDAN.TV\" \/>\n<meta property=\"og:description\" content=\"Tez-tez qeyd edirik ki, k\u00f6hn\u0259 m\u00fcxalif\u0259t art\u0131q \u00f6z d\u00f6vr\u00fcn\u00fc ba\u015fa vurmu\u015fdur...\" \/>\n<meta property=\"og:url\" content=\"https:\/\/www.meydan.tv\/az\/article\/menim-dusuncelerim\/\" \/>\n<meta property=\"og:site_name\" content=\"MEYDAN.TV\" \/>\n<meta property=\"article:published_time\" content=\"2014-02-15T20:36:18+00:00\" \/>\n<meta property=\"og:image\" content=\"https:\/\/www.meydan.tv\/wp-content\/uploads\/1272.png\" \/>\n\t<meta property=\"og:image:width\" content=\"500\" \/>\n\t<meta property=\"og:image:height\" content=\"500\" \/>\n\t<meta property=\"og:image:type\" content=\"image\/png\" \/>\n<meta name=\"author\" content=\"user-manager\" \/>\n<meta name=\"twitter:card\" content=\"summary_large_image\" \/>\n<script type=\"application\/ld+json\" class=\"yoast-schema-graph\">{\"@context\":\"https:\\\/\\\/schema.org\",\"@graph\":[{\"@type\":\"Article\",\"@id\":\"https:\\\/\\\/www.meydan.tv\\\/az\\\/article\\\/menim-dusuncelerim\\\/#article\",\"isPartOf\":{\"@id\":\"https:\\\/\\\/www.meydan.tv\\\/az\\\/article\\\/menim-dusuncelerim\\\/\"},\"author\":{\"name\":\"user-manager\",\"@id\":\"https:\\\/\\\/www.meydan.tv\\\/az\\\/#\\\/schema\\\/person\\\/10d11eccf6da3662cf5fdab9806ea91a\"},\"headline\":\"M\u0259nim d\u00fc\u015f\u00fcnc\u0259l\u0259rim\",\"datePublished\":\"2014-02-15T20:36:18+00:00\",\"mainEntityOfPage\":{\"@id\":\"https:\\\/\\\/www.meydan.tv\\\/az\\\/article\\\/menim-dusuncelerim\\\/\"},\"wordCount\":1384,\"publisher\":{\"@id\":\"https:\\\/\\\/www.meydan.tv\\\/az\\\/#organization\"},\"image\":{\"@id\":\"https:\\\/\\\/www.meydan.tv\\\/az\\\/article\\\/menim-dusuncelerim\\\/#primaryimage\"},\"thumbnailUrl\":\"https:\\\/\\\/www.meydan.tv\\\/wp-content\\\/uploads\\\/1272.png\",\"articleSection\":[\"M\u0259nim Fikrimc\u0259\"],\"inLanguage\":\"az\"},{\"@type\":\"WebPage\",\"@id\":\"https:\\\/\\\/www.meydan.tv\\\/az\\\/article\\\/menim-dusuncelerim\\\/\",\"url\":\"https:\\\/\\\/www.meydan.tv\\\/az\\\/article\\\/menim-dusuncelerim\\\/\",\"name\":\"M\u0259nim d\u00fc\u015f\u00fcnc\u0259l\u0259rim - MEYDAN.TV\",\"isPartOf\":{\"@id\":\"https:\\\/\\\/www.meydan.tv\\\/az\\\/#website\"},\"primaryImageOfPage\":{\"@id\":\"https:\\\/\\\/www.meydan.tv\\\/az\\\/article\\\/menim-dusuncelerim\\\/#primaryimage\"},\"image\":{\"@id\":\"https:\\\/\\\/www.meydan.tv\\\/az\\\/article\\\/menim-dusuncelerim\\\/#primaryimage\"},\"thumbnailUrl\":\"https:\\\/\\\/www.meydan.tv\\\/wp-content\\\/uploads\\\/1272.png\",\"datePublished\":\"2014-02-15T20:36:18+00:00\",\"breadcrumb\":{\"@id\":\"https:\\\/\\\/www.meydan.tv\\\/az\\\/article\\\/menim-dusuncelerim\\\/#breadcrumb\"},\"inLanguage\":\"az\",\"potentialAction\":[{\"@type\":\"ReadAction\",\"target\":[\"https:\\\/\\\/www.meydan.tv\\\/az\\\/article\\\/menim-dusuncelerim\\\/\"]}]},{\"@type\":\"ImageObject\",\"inLanguage\":\"az\",\"@id\":\"https:\\\/\\\/www.meydan.tv\\\/az\\\/article\\\/menim-dusuncelerim\\\/#primaryimage\",\"url\":\"https:\\\/\\\/www.meydan.tv\\\/wp-content\\\/uploads\\\/1272.png\",\"contentUrl\":\"https:\\\/\\\/www.meydan.tv\\\/wp-content\\\/uploads\\\/1272.png\",\"width\":500,\"height\":500,\"caption\":\"Source:\"},{\"@type\":\"BreadcrumbList\",\"@id\":\"https:\\\/\\\/www.meydan.tv\\\/az\\\/article\\\/menim-dusuncelerim\\\/#breadcrumb\",\"itemListElement\":[{\"@type\":\"ListItem\",\"position\":1,\"name\":\"Ana s\u0259hif\u0259\",\"item\":\"https:\\\/\\\/www.meydan.tv\\\/az\\\/\"},{\"@type\":\"ListItem\",\"position\":2,\"name\":\"M\u0259nim Fikrimc\u0259\",\"item\":\"https:\\\/\\\/www.meydan.tv\\\/az\\\/section\\\/menim-fikrimce\\\/\"},{\"@type\":\"ListItem\",\"position\":3,\"name\":\"M\u0259nim d\u00fc\u015f\u00fcnc\u0259l\u0259rim\"}]},{\"@type\":\"WebSite\",\"@id\":\"https:\\\/\\\/www.meydan.tv\\\/az\\\/#website\",\"url\":\"https:\\\/\\\/www.meydan.tv\\\/az\\\/\",\"name\":\"MEYDAN.TV\",\"description\":\"Meydan TV Az\u0259rbaycan\u0131n media m\u0259kan\u0131ndak\u0131 alternativ s\u0259sidir\",\"publisher\":{\"@id\":\"https:\\\/\\\/www.meydan.tv\\\/az\\\/#organization\"},\"potentialAction\":[{\"@type\":\"SearchAction\",\"target\":{\"@type\":\"EntryPoint\",\"urlTemplate\":\"https:\\\/\\\/www.meydan.tv\\\/az\\\/?s={search_term_string}\"},\"query-input\":{\"@type\":\"PropertyValueSpecification\",\"valueRequired\":true,\"valueName\":\"search_term_string\"}}],\"inLanguage\":\"az\"},{\"@type\":\"Organization\",\"@id\":\"https:\\\/\\\/www.meydan.tv\\\/az\\\/#organization\",\"name\":\"Meydan TV\",\"url\":\"https:\\\/\\\/www.meydan.tv\\\/az\\\/\",\"logo\":{\"@type\":\"ImageObject\",\"inLanguage\":\"az\",\"@id\":\"https:\\\/\\\/www.meydan.tv\\\/az\\\/#\\\/schema\\\/logo\\\/image\\\/\",\"url\":\"https:\\\/\\\/www.meydan.tv\\\/wp-content\\\/uploads\\\/2021\\\/07\\\/meydan-logo.svg\",\"contentUrl\":\"https:\\\/\\\/www.meydan.tv\\\/wp-content\\\/uploads\\\/2021\\\/07\\\/meydan-logo.svg\",\"width\":195,\"height\":46,\"caption\":\"Meydan TV\"},\"image\":{\"@id\":\"https:\\\/\\\/www.meydan.tv\\\/az\\\/#\\\/schema\\\/logo\\\/image\\\/\"}},{\"@type\":\"Person\",\"@id\":\"https:\\\/\\\/www.meydan.tv\\\/az\\\/#\\\/schema\\\/person\\\/10d11eccf6da3662cf5fdab9806ea91a\",\"name\":\"user-manager\"}]}<\/script>\n<!-- \/ Yoast SEO plugin. -->","yoast_head_json":{"title":"M\u0259nim d\u00fc\u015f\u00fcnc\u0259l\u0259rim - MEYDAN.TV","robots":{"index":"index","follow":"follow","max-snippet":"max-snippet:-1","max-image-preview":"max-image-preview:large","max-video-preview":"max-video-preview:-1"},"canonical":"https:\/\/www.meydan.tv\/az\/article\/menim-dusuncelerim\/","og_locale":"az_AZ","og_type":"article","og_title":"M\u0259nim d\u00fc\u015f\u00fcnc\u0259l\u0259rim - MEYDAN.TV","og_description":"Tez-tez qeyd edirik ki, k\u00f6hn\u0259 m\u00fcxalif\u0259t art\u0131q \u00f6z d\u00f6vr\u00fcn\u00fc ba\u015fa vurmu\u015fdur...","og_url":"https:\/\/www.meydan.tv\/az\/article\/menim-dusuncelerim\/","og_site_name":"MEYDAN.TV","article_published_time":"2014-02-15T20:36:18+00:00","og_image":[{"width":500,"height":500,"url":"https:\/\/www.meydan.tv\/wp-content\/uploads\/1272.png","type":"image\/png"}],"author":"user-manager","twitter_card":"summary_large_image","schema":{"@context":"https:\/\/schema.org","@graph":[{"@type":"Article","@id":"https:\/\/www.meydan.tv\/az\/article\/menim-dusuncelerim\/#article","isPartOf":{"@id":"https:\/\/www.meydan.tv\/az\/article\/menim-dusuncelerim\/"},"author":{"name":"user-manager","@id":"https:\/\/www.meydan.tv\/az\/#\/schema\/person\/10d11eccf6da3662cf5fdab9806ea91a"},"headline":"M\u0259nim d\u00fc\u015f\u00fcnc\u0259l\u0259rim","datePublished":"2014-02-15T20:36:18+00:00","mainEntityOfPage":{"@id":"https:\/\/www.meydan.tv\/az\/article\/menim-dusuncelerim\/"},"wordCount":1384,"publisher":{"@id":"https:\/\/www.meydan.tv\/az\/#organization"},"image":{"@id":"https:\/\/www.meydan.tv\/az\/article\/menim-dusuncelerim\/#primaryimage"},"thumbnailUrl":"https:\/\/www.meydan.tv\/wp-content\/uploads\/1272.png","articleSection":["M\u0259nim Fikrimc\u0259"],"inLanguage":"az"},{"@type":"WebPage","@id":"https:\/\/www.meydan.tv\/az\/article\/menim-dusuncelerim\/","url":"https:\/\/www.meydan.tv\/az\/article\/menim-dusuncelerim\/","name":"M\u0259nim d\u00fc\u015f\u00fcnc\u0259l\u0259rim - MEYDAN.TV","isPartOf":{"@id":"https:\/\/www.meydan.tv\/az\/#website"},"primaryImageOfPage":{"@id":"https:\/\/www.meydan.tv\/az\/article\/menim-dusuncelerim\/#primaryimage"},"image":{"@id":"https:\/\/www.meydan.tv\/az\/article\/menim-dusuncelerim\/#primaryimage"},"thumbnailUrl":"https:\/\/www.meydan.tv\/wp-content\/uploads\/1272.png","datePublished":"2014-02-15T20:36:18+00:00","breadcrumb":{"@id":"https:\/\/www.meydan.tv\/az\/article\/menim-dusuncelerim\/#breadcrumb"},"inLanguage":"az","potentialAction":[{"@type":"ReadAction","target":["https:\/\/www.meydan.tv\/az\/article\/menim-dusuncelerim\/"]}]},{"@type":"ImageObject","inLanguage":"az","@id":"https:\/\/www.meydan.tv\/az\/article\/menim-dusuncelerim\/#primaryimage","url":"https:\/\/www.meydan.tv\/wp-content\/uploads\/1272.png","contentUrl":"https:\/\/www.meydan.tv\/wp-content\/uploads\/1272.png","width":500,"height":500,"caption":"Source:"},{"@type":"BreadcrumbList","@id":"https:\/\/www.meydan.tv\/az\/article\/menim-dusuncelerim\/#breadcrumb","itemListElement":[{"@type":"ListItem","position":1,"name":"Ana s\u0259hif\u0259","item":"https:\/\/www.meydan.tv\/az\/"},{"@type":"ListItem","position":2,"name":"M\u0259nim Fikrimc\u0259","item":"https:\/\/www.meydan.tv\/az\/section\/menim-fikrimce\/"},{"@type":"ListItem","position":3,"name":"M\u0259nim d\u00fc\u015f\u00fcnc\u0259l\u0259rim"}]},{"@type":"WebSite","@id":"https:\/\/www.meydan.tv\/az\/#website","url":"https:\/\/www.meydan.tv\/az\/","name":"MEYDAN.TV","description":"Meydan TV Az\u0259rbaycan\u0131n media m\u0259kan\u0131ndak\u0131 alternativ s\u0259sidir","publisher":{"@id":"https:\/\/www.meydan.tv\/az\/#organization"},"potentialAction":[{"@type":"SearchAction","target":{"@type":"EntryPoint","urlTemplate":"https:\/\/www.meydan.tv\/az\/?s={search_term_string}"},"query-input":{"@type":"PropertyValueSpecification","valueRequired":true,"valueName":"search_term_string"}}],"inLanguage":"az"},{"@type":"Organization","@id":"https:\/\/www.meydan.tv\/az\/#organization","name":"Meydan TV","url":"https:\/\/www.meydan.tv\/az\/","logo":{"@type":"ImageObject","inLanguage":"az","@id":"https:\/\/www.meydan.tv\/az\/#\/schema\/logo\/image\/","url":"https:\/\/www.meydan.tv\/wp-content\/uploads\/2021\/07\/meydan-logo.svg","contentUrl":"https:\/\/www.meydan.tv\/wp-content\/uploads\/2021\/07\/meydan-logo.svg","width":195,"height":46,"caption":"Meydan TV"},"image":{"@id":"https:\/\/www.meydan.tv\/az\/#\/schema\/logo\/image\/"}},{"@type":"Person","@id":"https:\/\/www.meydan.tv\/az\/#\/schema\/person\/10d11eccf6da3662cf5fdab9806ea91a","name":"user-manager"}]}},"_links":{"self":[{"href":"https:\/\/www.meydan.tv\/az\/wp-json\/wp\/v2\/posts\/163245","targetHints":{"allow":["GET"]}}],"collection":[{"href":"https:\/\/www.meydan.tv\/az\/wp-json\/wp\/v2\/posts"}],"about":[{"href":"https:\/\/www.meydan.tv\/az\/wp-json\/wp\/v2\/types\/post"}],"author":[{"embeddable":true,"href":"https:\/\/www.meydan.tv\/az\/wp-json\/wp\/v2\/users\/11"}],"replies":[{"embeddable":true,"href":"https:\/\/www.meydan.tv\/az\/wp-json\/wp\/v2\/comments?post=163245"}],"version-history":[{"count":0,"href":"https:\/\/www.meydan.tv\/az\/wp-json\/wp\/v2\/posts\/163245\/revisions"}],"wp:featuredmedia":[{"embeddable":true,"href":"https:\/\/www.meydan.tv\/az\/wp-json\/wp\/v2\/media\/5672"}],"wp:attachment":[{"href":"https:\/\/www.meydan.tv\/az\/wp-json\/wp\/v2\/media?parent=163245"}],"wp:term":[{"taxonomy":"category","embeddable":true,"href":"https:\/\/www.meydan.tv\/az\/wp-json\/wp\/v2\/categories?post=163245"},{"taxonomy":"post_tag","embeddable":true,"href":"https:\/\/www.meydan.tv\/az\/wp-json\/wp\/v2\/tags?post=163245"}],"curies":[{"name":"wp","href":"https:\/\/api.w.org\/{rel}","templated":true}]}}