{"id":163237,"date":"2014-02-13T13:59:08","date_gmt":"2014-02-13T13:59:08","guid":{"rendered":"https:\/\/www.meydan.tv\/article\/azerbaycanda-mezlum-zumre-sahibkarlar\/"},"modified":"2014-02-13T13:59:08","modified_gmt":"2014-02-13T13:59:08","slug":"azerbaycanda-mezlum-zumre-sahibkarlar","status":"publish","type":"post","link":"https:\/\/www.meydan.tv\/az\/article\/azerbaycanda-mezlum-zumre-sahibkarlar\/","title":{"rendered":"Az\u0259rbaycanda m\u0259zlum z\u00fcmr\u0259 : sahibkarlar"},"content":{"rendered":"<figure class=\"wp-block-image size-large\">\n  <img decoding=\"async\" src=\"https:\/\/www.meydan.tv\/az\/4689\/\" alt=\"\" class=\"wp-image-4689\"\/><figcaption><\/figcaption><\/figure>\n<figure class=\"wp-block-image size-large\">\n  <img decoding=\"async\" src=\"https:\/\/www.meydan.tv\/az\/4692\/\" alt=\"\" class=\"wp-image-4692\"\/><figcaption><\/figcaption><\/figure>\n<p>\n  Bir ne\u00e7\u0259 g\u00fcn \u00f6nc\u0259 Az\u0259rbaycandak\u0131 bir yax\u0131n\u0131mla s\u00f6hb\u0259t edirdim. G\u0259nc sahibkard\u0131r. \u0130\u015fl\u0259ri il\u0259 maraqland\u0131m, biznesind\u0259n b\u0259hs etdi v\u0259 \u0259sas\u0259n \u00e7\u0259tinlikl\u0259rind\u0259n. Qorxu ssenarisi kimi idi. Bu m\u0259s\u0259l\u0259y\u0259 toxunma\u011f\u0131n faydal\u0131 olaca\u011f\u0131n\u0131 d\u00fc\u015f\u00fcn\u00fcr\u0259m.\n<\/p>\n<p>\n  D\u00fcnya \u00fczr\u0259 sahibkarl\u0131\u011f\u0131n detall\u0131 v\u0259ziyy\u0259ti il\u0259 ba\u011fl\u0131 bir ne\u00e7\u0259 tan\u0131nm\u0131\u015f b\u00fcrolar, t\u0259\u015fkilatlar v\u0259 t\u0259tqiqat\u00e7\u0131 qruplar vard\u0131r ki, illik hesabatlar yay\u0131nlay\u0131rlar. Bu m\u00f6vzuda \u00e7ox sayda m\u0259nb\u0259y\u0259 rast g\u0259lins\u0259 d\u0259 akademik keyfiyy\u0259tli hesabatlar\u0131 GEM-Global Entrepreneurship Monitor haz\u0131rlay\u0131r. D\u00fcnyan\u0131n bir \u00e7ox \u00f6lk\u0259l\u0259rind\u0259 sahibkarl\u0131\u011f\u0131n v\u0259ziyy\u0259ti il\u0259 ba\u011fl\u0131 \u0259trafl\u0131 m\u0259lumat verirl\u0259r. H\u0259m ayr\u0131-ayr\u0131 \u00f6lk\u0259l\u0259rd\u0259 v\u0259ziyy\u0259t detall\u0131 t\u0259svir edilir, h\u0259m d\u0259 qlobal indeks haz\u0131rlanmaqla m\u00fcqais\u0259li bax\u0131\u015f imkan\u0131 verirl\u0259r. Hesabatlar t\u0259r\u0259fda\u015f universitetl\u0259r t\u0259r\u0259find\u0259n haz\u0131rlan\u0131r, y\u0259ni hans\u0131sa QHT v\u0259 jurnalist qrupu t\u0259r\u0259find\u0259n deyil. Sahibkarl\u0131\u011f\u0131n v\u0259ziyy\u0259tini t\u0259yin etm\u0259kd\u0259 vacib olan \u00e7ox sayda parametr olsa da, a\u015fa\u011f\u0131dak\u0131lar\u0131 sadalamaq vacibdir:\n<\/p>\n<ul>\n<li>\n      F\u0259rdi sahibkarl\u0131q qabiliyy\u0259ti, idar\u0259\u00e7ilik, avtonomluq, risksev\u0259rlik\n    <\/li>\n<li>\n      Sosial m\u0259d\u0259ni amill\u0259r, \u0259n\u0259n\u0259l\u0259r, c\u0259miyy\u0259td\u0259 sahibkara bax\u0131\u015f\n    <\/li>\n<li>\n      Qanunvericilik\n    <\/li>\n<li>\n      D\u00f6vl\u0259tin rolu, d\u0259st\u0259k, mane\u0259, m\u00fcdaxil\u0259\u00e7ilik v\u0259 ya liberall\u0131q\n    <\/li>\n<li>\n      Fiziki v\u0259 elmi infrastruktura\n    <\/li>\n<li>\n      Kapitala \u00e7at\u0131m v\u0259 kreditl\u0259\u015fm\u0259\n    <\/li>\n<li>\n      Vergi v\u0259 r\u00fcsum sistemi\n    <\/li>\n<li>\n      Patent h\u00fcquqlar\u0131 v\u0259 intellektual m\u00fclkiyy\u0259tin qorunmas\u0131\n    <\/li>\n<li>\n      Sahibkarlar\u0131n t\u0259hsili, treyninqi v\u0259 ali savad d\u0259r\u0259c\u0259si\n    <\/li>\n<li>\n      \u018fm\u0259k bazar\u0131ndak\u0131 \u015f\u0259rtl\u0259r\n    <\/li>\n<\/ul>\n<p>\n  Yaz\u0131n\u0131n m\u0259qs\u0259di onsuz da ham\u0131ya b\u0259lli olan bir \u015feyd\u0259n, Avropan\u0131n h\u0259r sah\u0259d\u0259ki \u00fcst\u00fcnl\u00fcy\u00fcnd\u0259n b\u0259hs etm\u0259k deyildir. Ancaq, qeyd etm\u0259liy\u0259m ki, sahibkarl\u0131\u011fa yarad\u0131lan \u015f\u0259rait bax\u0131mdan Avropa \u00f6lk\u0259l\u0259ri liderdir. Y\u0259ni, \u201cd\u00f6vl\u0259tin rolu\u201d paramterin\u0259 g\u00f6r\u0259. \u00c7\u00fcnki, Amerika d\u00f6vl\u0259ti kimi \u015f\u0259rait yaratmaqla yetinm\u0259yib, sahibkarl\u0131\u011fa h\u0259m d\u0259 d\u0259st\u0259k olurlar. M\u0259s\u0259l\u0259n, Fransada bu y\u00f6nd\u0259 praktik m\u00fc\u015fahid\u0259 imkan\u0131m da olub. Detal\u0131na girm\u0259d\u0259n onu dey\u0259 bil\u0259r\u0259m ki, heyranedicidir. Sahibkarlar h\u0259tta layiq olmad\u0131\u011f\u0131 qay\u011f\u0131n\u0131 d\u00f6vl\u0259td\u0259n g\u00f6r\u00fcrl\u0259r.\n<\/p>\n<p>\n  N\u0259 is\u0259.\n<\/p>\n<p>\n  <b><br \/>\n    B\u0259s biz harday\u0131q?<br \/>\n  <\/b>\n<\/p>\n<p>\n  GEM hesabatlar\u0131nda Az\u0259rbaycan haqq\u0131nda m\u0259lumat yoxdur. S\u0259b\u0259b? Az\u0259rbaycanda bel\u0259 hesabat haz\u0131rlayacaq Universitet yoxdur. Bu ayr\u0131 d\u0259rddir.\n<\/p>\n<p>\n  Q\u0259r\u0259z, yuxar\u0131da b\u0259hs etdiyim adam parlaq bir sahibkard\u0131r. M\u0259n qar\u015f\u0131mdak\u0131 insan\u0131n sahibkarl\u0131q qabiliyy\u0259tini ald\u0131\u011f\u0131 n\u0259f\u0259sd\u0259n bilir\u0259m. \u00dcmumiyy\u0259tl\u0259, Az\u0259rbaycan sahibkarl\u0131q c\u0259h\u0259td\u0259n insan kapital\u0131 z\u0259ngin bir \u00f6lk\u0259dir. Bu \u0259ks\u0259r insanlar\u0131m\u0131z\u0131n avropal\u0131lardan \u015f\u0259xsi keyfiyy\u0259tc\u0259 \u00fcst\u00fcn oldu\u011fu az sayda kriterl\u0259rd\u0259ndir. Ali t\u0259hsillidir v\u0259 \u201cPush Entrepreneur\u201d, y\u0259ni f\u00fcrs\u0259t sahibkar\u0131d\u0131r. Avropada t\u0259hsilli sahibkar lap azd\u0131r. T\u0259hsil alan i\u015f qurmur, i\u015f quran is\u0259 t\u0259hsil\u0259 h\u0259v\u0259si yoxdur, bu k\u00fclt\u00fcr\u0259l m\u0259s\u0259l\u0259dir (GEM hesabat\u0131 bunu t\u0259sdiq edir). D\u00f6vl\u0259tin verdiyi bu q\u0259d\u0259r imkana r\u0259\u011fm\u0259n Avropa insan\u0131 sahibkarl\u0131q bax\u0131mdan z\u0259ifdir. Bazar iqtisadiyyat\u0131n\u0131n v\u0259t\u0259ni Avropa sahibkar q\u0131tl\u0131\u011f\u0131na r\u0259\u011fm\u0259n bu q\u0259d\u0259r ir\u0259lil\u0259yibs\u0259, normal \u015f\u0259rait yarad\u0131lsa biz n\u0259l\u0259r ed\u0259rdik?! Ax\u0131, iqtisadi inki\u015faf\u0131n lokomotivi sahibkarlar z\u00fcmr\u0259sidir.\n<\/p>\n<p>\n  Bizd\u0259 sahibkarl\u0131\u011f\u0131n m\u0259nz\u0259r\u0259sini bel\u0259 t\u0259svir etm\u0259k olar:\n<\/p>\n<ul>\n<li>\n      D\u00f6vl\u0259tin rolu meyar\u0131 &#8211; \u201cD\u00f6vl\u0259t biz\u0259 d\u0259ym\u0259sin, Allah x\u0259trin\u0259 d\u0259st\u0259yini filan ist\u0259mirik. \u0130\u015fl\u0259rin\u0259 g\u0259l\u0259nd\u0259 ba\u015f\u0131m\u0131za d\u00f6vl\u0259t k\u0259silirl\u0259r, d\u0259st\u0259yin\u0259 ehtiyac duyanda is\u0259 \u201ch\u0259r \u015feyi d\u0259 d\u00f6vl\u0259tmi etm\u0259lidir?\u201d deyirl\u0259r\u201d.\n    <\/li>\n<li>\n      Kapitala \u00e7at\u0131m meyar\u0131 &#8211; Banklar\u0131n verdiyi kredit sad\u0259c\u0259 soy\u011fun\u00e7uluqdur. Fransada h\u0259r hans\u0131 bir bank Az\u0259rbaycandak\u0131 faizi t\u0259tbiq ets\u0259 ba\u011flan\u0131b r\u0259hb\u0259rliyi h\u0259bs\u0259 at\u0131lar, \u00e7\u00fcnki h\u0259r il maksimal faiz h\u0259ddi qanunla qoyulur ki, bundan art\u0131q faiz cinay\u0259tdir (taux d`usure, s\u0259l\u0259m\u00e7i faiz deyirl\u0259r). Kredit\u0259 \u00e7at\u0131m\u0131n is\u0259 sahibkarl\u0131qda motor rolunu oynad\u0131\u011f\u0131n\u0131 bilirik. Fransada firmalar\u0131n 80%-i kreditl\u0259 maliyy\u0259l\u0259\u015fir. Bizd\u0259 banklar\u0131n bel\u0259 soy\u011fun\u00e7ulu\u011funa d\u00f6vl\u0259tin g\u00f6z yummas\u0131 iki s\u0259b\u0259bl\u0259 ola bil\u0259r : 1. Banklar d\u00f6vl\u0259ti idar\u0259 ed\u0259nl\u0259r\u0259 aiddir; 2. Ya da, \u201cbanan\u201d respublikalar\u0131nda oldu\u011fu kimi, d\u00f6vl\u0259tin banklara g\u00fcc\u00fc \u00e7atm\u0131r ki, onlar\u0131 m\u0259cbur etsin s\u0259l\u0259m\u00e7ilikd\u0259n vaz ke\u00e7m\u0259y\u0259. Banklarda \u201c\u015fapka\u201d praktikas\u0131 is\u0259 d\u0259h\u015f\u0259t vericidir. Avropada adam\u0131 \u201cda\u015fqalaq\u201d ed\u0259rl\u0259r, kreditd\u0259n \u201c\u015fapka\u201d al\u0131nsa. Dey\u0259k ki, bank servisl\u0259rinin keyfiyy\u0259ti a\u015fa\u011f\u0131d\u0131r, ba\u015fa d\u00fc\u015f\u00fcl\u0259ndir, elektron sistem formala\u015fmay\u0131b, anlar\u0131q. Risk\u0259 g\u00f6r\u0259 girov ist\u0259nilir, bunu da xo\u015f g\u00f6r\u0259 bil\u0259rik. Ancaq, \u015fapka v\u0259 s\u0259l\u0259m\u00e7i faizinin t\u0259tbiq edilm\u0259si sahibkarlara qar\u015f\u0131 \u201cq\u0259tliam\u201dd\u0131r. Sahibkarlar sanki banklara i\u015fl\u0259yirl\u0259r.\n    <\/li>\n<li>\n      T\u0259nziml\u0259m\u0259 meyar\u0131 &#8211; G\u00f6mr\u00fckd\u0259n ara-xammal\u0131n ( intermediary goods) ke\u00e7m\u0259si m\u00fcmk\u00fcns\u00fczd\u00fcr. Halbuki, Avropada s\u0259rh\u0259dl\u0259rin a\u00e7\u0131q olmas\u0131n\u0131n \u0259sas s\u0259b\u0259bi ara-xammala \u00e7at\u0131m\u0131n asanla\u015fmas\u0131d\u0131r. Sahibkarlar\u0131m\u0131z ara-xammal\u0131 m\u0259cbur yerli bazardan al\u0131r ki, bu da istehsal x\u0259rcl\u0259rini art\u0131r\u0131b, rentabelliyi sal\u0131r. \u00dcst\u0259lik, daxili bazardak\u0131 ara-xammal keyfiyy\u0259tsizdir v\u0259 monopoliyadad\u0131r. Bir dig\u0259r t\u0259nziml\u0259yici q\u00fcvv\u0259 olan Vergil\u0259r idar\u0259sinin \u0259m\u0259ll\u0259ri is\u0259 h\u0259r k\u0259s\u0259 m\u0259lumdur&#8230;\n    <\/li>\n<li>\n      Daxili bazar dinamikas\u0131 meyar\u0131 &#8211; R\u0259qab\u0259t t\u0259min olunmur. D\u00f6vl\u0259t qurumlar\u0131 iki eyni sah\u0259d\u0259ki sahibkara eyni \u015f\u0259rtl\u0259ri t\u0259tbiq etmir. \u00c7\u00fcnki, birinin \u201carxa\u201ds\u0131 yoxdur. Bu da yax\u015f\u0131lar\u0131n bazardan silinm\u0259si il\u0259 n\u0259tic\u0259l\u0259nir. \u00dcmum\u00f6lk\u0259 bazar\u0131nda m\u0259hsul keyfiyy\u0259ti d\u00fc\u015f\u00fcr v\u0259 qiym\u0259t qalx\u0131r. N\u0259tic\u0259d\u0259 d\u0259 is\u0259 istehlak\u00e7\u0131, y\u0259ni mill\u0259t \u00e7\u0259kir \u0259ziyy\u0259tini.\n    <\/li>\n<li>\n      B\u00fcrokratik bariyerl\u0259r meyar\u0131 &#8211; S\u0259n\u0259dl\u0259\u015fm\u0259 i\u015fi s\u00fcr\u00fcnd\u00fcr\u00fcc\u00fcd\u00fcr. Adi etibarnam\u0259 \u00fc\u00e7\u00fcn notarial t\u0259sdiq t\u0259l\u0259b olunur, notariuslar is\u0259 timsah kimi a\u011fz\u0131n\u0131 a\u00e7m\u0131\u015f dayan\u0131r. D\u00fcnya elektron s\u0259n\u0259dl\u0259\u015fm\u0259y\u0259 u\u00e7araq ke\u00e7\u0259rk\u0259n, bizd\u0259 bir s\u0259n\u0259di \u0259ld\u0259 etm\u0259k \u00fc\u00e7\u00fcn \u0259n az\u0131 bir g\u00fcn i\u015fini buraxmal\u0131san. Sahibkar \u00fc\u00e7\u00fcn bir b\u00fct\u00f6v g\u00fcn b\u00f6y\u00fck ziyand\u0131r.\n    <\/li>\n<li>\n      M\u00fclkiyy\u0259t h\u00fcququ v\u0259 qorunmas\u0131 meyar\u0131 M\u00fclkiyy\u0259t toxunulmazl\u0131\u011f\u0131ndan dan\u0131\u015fma\u011fa d\u0259ymir. Adam m\u0259n\u0259 deyir ki, n\u0259 vaxt g\u0259lib biznesimi \u0259limd\u0259n alacaqlar\u0131n\u0131 g\u00f6zl\u0259yir\u0259m. Bu sabah da ola bil\u0259r&#8230; Biznes m\u00fcbahis\u0259l\u0259ri m\u0259hk\u0259m\u0259d\u0259 deyil, \u201cvor\u201dlar t\u0259r\u0259find\u0259n h\u0259ll edilir. Borcunu \u00f6d\u0259m\u0259y\u0259nin \u00fcst\u00fcn\u0259 reket g\u00f6nd\u0259rirl\u0259r. \u00c7\u00fcnki, m\u0259hk\u0259m\u0259l\u0259r q\u0259rarlar\u0131 pul il\u0259 sat\u0131rlar. Onlar\u0131n \u0259dal\u0259tin\u0259 inam 20 il h\u0259bs yatm\u0131\u015f, \u0259li b\u0131\u00e7aqdan ba\u015fqa he\u00e7 n\u0259 tutmayan adamlara olandan azd\u0131r.\n    <\/li>\n<li>\n      \u0130qtisadiyyatda g\u00fcv\u0259n meyar\u0131 &#8211; \u0130qtisadiyyat n\u0259 q\u0259d\u0259r qanunla t\u0259nziml\u0259ns\u0259 d\u0259 etibar amili h\u0259l\u0259 d\u0259 kilid \u0259h\u0259miyy\u0259t\u0259 sahibdir, Avropada bel\u0259 biznesin ciddi bir hiss\u0259si s\u0259n\u0259dl\u0259 deyil, g\u00fcv\u0259nl\u0259 apar\u0131l\u0131r. \u00c7\u00fcnki, biznes h\u0259r \u015fey bir yana \u201cbehavioural\u201d (davran\u0131\u015f\u00e7\u0131) f\u0259aliyy\u0259tdir. Bizd\u0259 etibar hissinin bu q\u0259d\u0259r z\u0259if olmas\u0131 sahibkarl\u0131\u011f\u0131 t\u0259hl\u00fck\u0259li bir f\u0259aliyy\u0259t hal\u0131na g\u0259tirir. \u00d6lk\u0259d\u0259 inam m\u00fchitini qorumaq is\u0259 d\u00f6vl\u0259tin \u00f6hd\u0259sin\u0259 d\u00fc\u015f\u00fcr, bu h\u0259r yerd\u0259 bel\u0259dir. H\u0259r k\u0259s h\u0259r k\u0259si aldad\u0131r v\u0259 he\u00e7 kim c\u0259zalanm\u0131r. C\u0259zas\u0131zl\u0131q haqs\u0131zl\u0131\u011f\u0131n davaml\u0131 hala g\u0259lm\u0259sin\u0259 s\u0259b\u0259b olur. Ekonomimiz \u201cvampirl\u0259r \u015f\u0259h\u0259rini\u201d xat\u0131rlad\u0131r. H\u0259r k\u0259s di\u015fin\u0259 ke\u00e7ir\u0259c\u0259k adam axtar\u0131r. Biznesd\u0259 etibars\u0131zl\u0131q f\u0259lak\u0259tdir. H\u0259m m\u00fc\u015ft\u0259ril\u0259r, h\u0259m biznes-partnerl\u0259rl\u0259 m\u00fcnasib\u0259tl\u0259r \u201cAllah\u0131n \u00fcmidin\u0259, adam\u0131n insaf\u0131na\u201d qal\u0131r.\n    <\/li>\n<li>\n      Dig\u0259r \u0259sas elementl\u0259r\u00a0&#8211; Sahibkarl\u0131q \u00fc\u00e7\u00fcn vacib olan dig\u0259r ehtiyaclar, elm\u0259 v\u0259 innovasiyaya \u00e7at\u0131m, fiziki infrastruktur, yollar, t\u0259hl\u00fck\u0259sizlik, \u015f\u0259ffafl\u0131q, s\u0131\u011forta, m\u00fct\u0259x\u0259ssisl\u0259r, biznes t\u0259\u015fkilatlanmas\u0131, d\u00f6vl\u0259tin m\u00fcxt\u0259lif t\u0259\u015fviq siyas\u0259tl\u0259ri, vergi, qanunvericilik, intellektual m\u00fclkiyy\u0259tin m\u00fcdafi\u0259si, patent h\u00fcquqlar\u0131 v\u0259 s. kimi m\u0259s\u0259l\u0259l\u0259rd\u0259n dan\u0131\u015fmaq ist\u0259mir\u0259m, \u00e7\u00fcnki daha b\u00f6y\u00fck v\u0259 d\u0259rin probleml\u0259rdir.\n    <\/li>\n<\/ul>\n<p>\n  B\u00fct\u00fcn bunlara r\u0259\u011fm\u0259n adam m\u0259n\u0259 deyir ki, i\u015fini davam etdirir, etdir\u0259 bilir! Fransada yeni yaranan firmalar\u0131n 60%-i ilk 42 ayda m\u0259hv olur. Bu q\u0259d\u0259r \u015f\u0259rait\u0259 baxmayaraq saxlaya bilmirl\u0259r. \u0130ki xarici dil bil\u0259n, m\u00fchasibat\u0131, marketinqi, biznes idar\u0259\u00e7iliyini yax\u015f\u0131 bil\u0259n, \u00f6z hesab\u0131na firma qurmu\u015f sahibkar, h\u0259l\u0259 g\u0259ncdirs\u0259 onu Fransada ba\u015f tac\u0131 edirl\u0259r, \u00e7\u00fcnki az tap\u0131l\u0131r bel\u0259si. Bel\u0259 sahibkarlar bizd\u0259 minl\u0259rl\u0259dir. Normal \u015f\u0259rait yarad\u0131lsa, asan kredit, t\u0259r\u0259fsiz d\u00f6vl\u0259t\u00e7ilik, insafl\u0131 r\u0259qab\u0259t t\u0259\u015fkil olunsa \u00f6lk\u0259 10 ild\u0259 \u00e7\u0131l\u00e7\u0131raq olar.\n<\/p>\n<p>\n  \u00dcst\u0259lik, sahibkarlar i\u015fl\u0259ri d\u00fcz gedirs\u0259 siyasi prosesl\u0259rd\u0259 status-kvodan yana olurlar. Ancaq, sadalanan probleml\u0259r \u00fcz\u00fcnd\u0259n sahibkarlar \u00fc\u00e7\u00fcn se\u00e7im daral\u0131r. Ya \u00f6lk\u0259ni t\u0259rk edib, \u00f6z talantlar\u0131n\u0131 xaricd\u0259 realla\u015fd\u0131r\u0131rlar, ya da \u00f6lk\u0259d\u0259 siyasi d\u0259yi\u015fiklik arzusuna qap\u0131l\u0131rlar (B\u00f6y\u00fck Frans\u0131z inqilab\u0131n\u0131n arxas\u0131nda sahibkarlar dururdu). \u0130\u015fl\u0259ri h\u0259l\u0259ki d\u00fcz olan sahibkarlar is\u0259 yax\u015f\u0131 bilirl\u0259r ki, bir g\u00fcn s\u0131ra onlara da g\u0259l\u0259c\u0259k&#8230;\n<\/p>\n<p>\n  Q\u0259r\u0259z, bu yax\u0131n\u0131ma dedim ki, sizinki sahibkarl\u0131q deyil, gerillad\u0131r&#8230;<\/p>\n","protected":false},"excerpt":{"rendered":"<p>Bizd\u0259ki sahibkarl\u0131q deyil, gerillad\u0131r<\/p>\n","protected":false},"author":11,"featured_media":4689,"comment_status":"closed","ping_status":"open","sticky":false,"template":"","format":"standard","meta":{"_acf_changed":false,"_sitemap_exclude":false,"_sitemap_priority":"","_sitemap_frequency":"","footnotes":""},"categories":[57],"tags":[],"class_list":["post-163237","post","type-post","status-publish","format-standard","has-post-thumbnail","hentry","category-menim-fikrimce","infinite-scroll-item","generate-columns","tablet-grid-50","mobile-grid-100","grid-parent","grid-33","no-featured-image-padding"],"acf":[],"yoast_head":"<!-- This site is optimized with the Yoast SEO plugin v27.4 - https:\/\/yoast.com\/product\/yoast-seo-wordpress\/ -->\n<title>Az\u0259rbaycanda m\u0259zlum z\u00fcmr\u0259 : sahibkarlar - MEYDAN.TV<\/title>\n<meta name=\"robots\" content=\"index, follow, max-snippet:-1, max-image-preview:large, max-video-preview:-1\" \/>\n<link rel=\"canonical\" href=\"https:\/\/www.meydan.tv\/az\/article\/azerbaycanda-mezlum-zumre-sahibkarlar\/\" \/>\n<meta property=\"og:locale\" content=\"az_AZ\" \/>\n<meta property=\"og:type\" content=\"article\" \/>\n<meta property=\"og:title\" content=\"Az\u0259rbaycanda m\u0259zlum z\u00fcmr\u0259 : sahibkarlar - MEYDAN.TV\" \/>\n<meta property=\"og:description\" content=\"Bizd\u0259ki sahibkarl\u0131q deyil, gerillad\u0131r\" \/>\n<meta property=\"og:url\" content=\"https:\/\/www.meydan.tv\/az\/article\/azerbaycanda-mezlum-zumre-sahibkarlar\/\" \/>\n<meta property=\"og:site_name\" content=\"MEYDAN.TV\" \/>\n<meta property=\"article:published_time\" content=\"2014-02-13T13:59:08+00:00\" \/>\n<meta property=\"og:image\" content=\"https:\/\/www.meydan.tv\/wp-content\/uploads\/833.jpg\" \/>\n\t<meta property=\"og:image:width\" content=\"500\" \/>\n\t<meta property=\"og:image:height\" content=\"500\" \/>\n\t<meta property=\"og:image:type\" content=\"image\/jpeg\" \/>\n<meta name=\"author\" content=\"user-manager\" \/>\n<meta name=\"twitter:card\" content=\"summary_large_image\" \/>\n<script type=\"application\/ld+json\" class=\"yoast-schema-graph\">{\"@context\":\"https:\\\/\\\/schema.org\",\"@graph\":[{\"@type\":\"Article\",\"@id\":\"https:\\\/\\\/www.meydan.tv\\\/az\\\/article\\\/azerbaycanda-mezlum-zumre-sahibkarlar\\\/#article\",\"isPartOf\":{\"@id\":\"https:\\\/\\\/www.meydan.tv\\\/az\\\/article\\\/azerbaycanda-mezlum-zumre-sahibkarlar\\\/\"},\"author\":{\"name\":\"user-manager\",\"@id\":\"https:\\\/\\\/www.meydan.tv\\\/az\\\/#\\\/schema\\\/person\\\/10d11eccf6da3662cf5fdab9806ea91a\"},\"headline\":\"Az\u0259rbaycanda m\u0259zlum z\u00fcmr\u0259 : sahibkarlar\",\"datePublished\":\"2014-02-13T13:59:08+00:00\",\"mainEntityOfPage\":{\"@id\":\"https:\\\/\\\/www.meydan.tv\\\/az\\\/article\\\/azerbaycanda-mezlum-zumre-sahibkarlar\\\/\"},\"wordCount\":1760,\"publisher\":{\"@id\":\"https:\\\/\\\/www.meydan.tv\\\/az\\\/#organization\"},\"image\":{\"@id\":\"https:\\\/\\\/www.meydan.tv\\\/az\\\/article\\\/azerbaycanda-mezlum-zumre-sahibkarlar\\\/#primaryimage\"},\"thumbnailUrl\":\"https:\\\/\\\/www.meydan.tv\\\/wp-content\\\/uploads\\\/833.jpg\",\"articleSection\":[\"M\u0259nim Fikrimc\u0259\"],\"inLanguage\":\"az\"},{\"@type\":\"WebPage\",\"@id\":\"https:\\\/\\\/www.meydan.tv\\\/az\\\/article\\\/azerbaycanda-mezlum-zumre-sahibkarlar\\\/\",\"url\":\"https:\\\/\\\/www.meydan.tv\\\/az\\\/article\\\/azerbaycanda-mezlum-zumre-sahibkarlar\\\/\",\"name\":\"Az\u0259rbaycanda m\u0259zlum z\u00fcmr\u0259 : sahibkarlar - MEYDAN.TV\",\"isPartOf\":{\"@id\":\"https:\\\/\\\/www.meydan.tv\\\/az\\\/#website\"},\"primaryImageOfPage\":{\"@id\":\"https:\\\/\\\/www.meydan.tv\\\/az\\\/article\\\/azerbaycanda-mezlum-zumre-sahibkarlar\\\/#primaryimage\"},\"image\":{\"@id\":\"https:\\\/\\\/www.meydan.tv\\\/az\\\/article\\\/azerbaycanda-mezlum-zumre-sahibkarlar\\\/#primaryimage\"},\"thumbnailUrl\":\"https:\\\/\\\/www.meydan.tv\\\/wp-content\\\/uploads\\\/833.jpg\",\"datePublished\":\"2014-02-13T13:59:08+00:00\",\"breadcrumb\":{\"@id\":\"https:\\\/\\\/www.meydan.tv\\\/az\\\/article\\\/azerbaycanda-mezlum-zumre-sahibkarlar\\\/#breadcrumb\"},\"inLanguage\":\"az\",\"potentialAction\":[{\"@type\":\"ReadAction\",\"target\":[\"https:\\\/\\\/www.meydan.tv\\\/az\\\/article\\\/azerbaycanda-mezlum-zumre-sahibkarlar\\\/\"]}]},{\"@type\":\"ImageObject\",\"inLanguage\":\"az\",\"@id\":\"https:\\\/\\\/www.meydan.tv\\\/az\\\/article\\\/azerbaycanda-mezlum-zumre-sahibkarlar\\\/#primaryimage\",\"url\":\"https:\\\/\\\/www.meydan.tv\\\/wp-content\\\/uploads\\\/833.jpg\",\"contentUrl\":\"https:\\\/\\\/www.meydan.tv\\\/wp-content\\\/uploads\\\/833.jpg\",\"width\":500,\"height\":500,\"caption\":\"Source:\"},{\"@type\":\"BreadcrumbList\",\"@id\":\"https:\\\/\\\/www.meydan.tv\\\/az\\\/article\\\/azerbaycanda-mezlum-zumre-sahibkarlar\\\/#breadcrumb\",\"itemListElement\":[{\"@type\":\"ListItem\",\"position\":1,\"name\":\"Ana s\u0259hif\u0259\",\"item\":\"https:\\\/\\\/www.meydan.tv\\\/az\\\/\"},{\"@type\":\"ListItem\",\"position\":2,\"name\":\"M\u0259nim Fikrimc\u0259\",\"item\":\"https:\\\/\\\/www.meydan.tv\\\/az\\\/section\\\/menim-fikrimce\\\/\"},{\"@type\":\"ListItem\",\"position\":3,\"name\":\"Az\u0259rbaycanda m\u0259zlum z\u00fcmr\u0259 : sahibkarlar\"}]},{\"@type\":\"WebSite\",\"@id\":\"https:\\\/\\\/www.meydan.tv\\\/az\\\/#website\",\"url\":\"https:\\\/\\\/www.meydan.tv\\\/az\\\/\",\"name\":\"MEYDAN.TV\",\"description\":\"Meydan TV Az\u0259rbaycan\u0131n media m\u0259kan\u0131ndak\u0131 alternativ s\u0259sidir\",\"publisher\":{\"@id\":\"https:\\\/\\\/www.meydan.tv\\\/az\\\/#organization\"},\"potentialAction\":[{\"@type\":\"SearchAction\",\"target\":{\"@type\":\"EntryPoint\",\"urlTemplate\":\"https:\\\/\\\/www.meydan.tv\\\/az\\\/?s={search_term_string}\"},\"query-input\":{\"@type\":\"PropertyValueSpecification\",\"valueRequired\":true,\"valueName\":\"search_term_string\"}}],\"inLanguage\":\"az\"},{\"@type\":\"Organization\",\"@id\":\"https:\\\/\\\/www.meydan.tv\\\/az\\\/#organization\",\"name\":\"Meydan TV\",\"url\":\"https:\\\/\\\/www.meydan.tv\\\/az\\\/\",\"logo\":{\"@type\":\"ImageObject\",\"inLanguage\":\"az\",\"@id\":\"https:\\\/\\\/www.meydan.tv\\\/az\\\/#\\\/schema\\\/logo\\\/image\\\/\",\"url\":\"https:\\\/\\\/www.meydan.tv\\\/wp-content\\\/uploads\\\/2021\\\/07\\\/meydan-logo.svg\",\"contentUrl\":\"https:\\\/\\\/www.meydan.tv\\\/wp-content\\\/uploads\\\/2021\\\/07\\\/meydan-logo.svg\",\"width\":195,\"height\":46,\"caption\":\"Meydan TV\"},\"image\":{\"@id\":\"https:\\\/\\\/www.meydan.tv\\\/az\\\/#\\\/schema\\\/logo\\\/image\\\/\"}},{\"@type\":\"Person\",\"@id\":\"https:\\\/\\\/www.meydan.tv\\\/az\\\/#\\\/schema\\\/person\\\/10d11eccf6da3662cf5fdab9806ea91a\",\"name\":\"user-manager\"}]}<\/script>\n<!-- \/ Yoast SEO plugin. -->","yoast_head_json":{"title":"Az\u0259rbaycanda m\u0259zlum z\u00fcmr\u0259 : sahibkarlar - MEYDAN.TV","robots":{"index":"index","follow":"follow","max-snippet":"max-snippet:-1","max-image-preview":"max-image-preview:large","max-video-preview":"max-video-preview:-1"},"canonical":"https:\/\/www.meydan.tv\/az\/article\/azerbaycanda-mezlum-zumre-sahibkarlar\/","og_locale":"az_AZ","og_type":"article","og_title":"Az\u0259rbaycanda m\u0259zlum z\u00fcmr\u0259 : sahibkarlar - MEYDAN.TV","og_description":"Bizd\u0259ki sahibkarl\u0131q deyil, gerillad\u0131r","og_url":"https:\/\/www.meydan.tv\/az\/article\/azerbaycanda-mezlum-zumre-sahibkarlar\/","og_site_name":"MEYDAN.TV","article_published_time":"2014-02-13T13:59:08+00:00","og_image":[{"width":500,"height":500,"url":"https:\/\/www.meydan.tv\/wp-content\/uploads\/833.jpg","type":"image\/jpeg"}],"author":"user-manager","twitter_card":"summary_large_image","schema":{"@context":"https:\/\/schema.org","@graph":[{"@type":"Article","@id":"https:\/\/www.meydan.tv\/az\/article\/azerbaycanda-mezlum-zumre-sahibkarlar\/#article","isPartOf":{"@id":"https:\/\/www.meydan.tv\/az\/article\/azerbaycanda-mezlum-zumre-sahibkarlar\/"},"author":{"name":"user-manager","@id":"https:\/\/www.meydan.tv\/az\/#\/schema\/person\/10d11eccf6da3662cf5fdab9806ea91a"},"headline":"Az\u0259rbaycanda m\u0259zlum z\u00fcmr\u0259 : sahibkarlar","datePublished":"2014-02-13T13:59:08+00:00","mainEntityOfPage":{"@id":"https:\/\/www.meydan.tv\/az\/article\/azerbaycanda-mezlum-zumre-sahibkarlar\/"},"wordCount":1760,"publisher":{"@id":"https:\/\/www.meydan.tv\/az\/#organization"},"image":{"@id":"https:\/\/www.meydan.tv\/az\/article\/azerbaycanda-mezlum-zumre-sahibkarlar\/#primaryimage"},"thumbnailUrl":"https:\/\/www.meydan.tv\/wp-content\/uploads\/833.jpg","articleSection":["M\u0259nim Fikrimc\u0259"],"inLanguage":"az"},{"@type":"WebPage","@id":"https:\/\/www.meydan.tv\/az\/article\/azerbaycanda-mezlum-zumre-sahibkarlar\/","url":"https:\/\/www.meydan.tv\/az\/article\/azerbaycanda-mezlum-zumre-sahibkarlar\/","name":"Az\u0259rbaycanda m\u0259zlum z\u00fcmr\u0259 : sahibkarlar - MEYDAN.TV","isPartOf":{"@id":"https:\/\/www.meydan.tv\/az\/#website"},"primaryImageOfPage":{"@id":"https:\/\/www.meydan.tv\/az\/article\/azerbaycanda-mezlum-zumre-sahibkarlar\/#primaryimage"},"image":{"@id":"https:\/\/www.meydan.tv\/az\/article\/azerbaycanda-mezlum-zumre-sahibkarlar\/#primaryimage"},"thumbnailUrl":"https:\/\/www.meydan.tv\/wp-content\/uploads\/833.jpg","datePublished":"2014-02-13T13:59:08+00:00","breadcrumb":{"@id":"https:\/\/www.meydan.tv\/az\/article\/azerbaycanda-mezlum-zumre-sahibkarlar\/#breadcrumb"},"inLanguage":"az","potentialAction":[{"@type":"ReadAction","target":["https:\/\/www.meydan.tv\/az\/article\/azerbaycanda-mezlum-zumre-sahibkarlar\/"]}]},{"@type":"ImageObject","inLanguage":"az","@id":"https:\/\/www.meydan.tv\/az\/article\/azerbaycanda-mezlum-zumre-sahibkarlar\/#primaryimage","url":"https:\/\/www.meydan.tv\/wp-content\/uploads\/833.jpg","contentUrl":"https:\/\/www.meydan.tv\/wp-content\/uploads\/833.jpg","width":500,"height":500,"caption":"Source:"},{"@type":"BreadcrumbList","@id":"https:\/\/www.meydan.tv\/az\/article\/azerbaycanda-mezlum-zumre-sahibkarlar\/#breadcrumb","itemListElement":[{"@type":"ListItem","position":1,"name":"Ana s\u0259hif\u0259","item":"https:\/\/www.meydan.tv\/az\/"},{"@type":"ListItem","position":2,"name":"M\u0259nim Fikrimc\u0259","item":"https:\/\/www.meydan.tv\/az\/section\/menim-fikrimce\/"},{"@type":"ListItem","position":3,"name":"Az\u0259rbaycanda m\u0259zlum z\u00fcmr\u0259 : sahibkarlar"}]},{"@type":"WebSite","@id":"https:\/\/www.meydan.tv\/az\/#website","url":"https:\/\/www.meydan.tv\/az\/","name":"MEYDAN.TV","description":"Meydan TV Az\u0259rbaycan\u0131n media m\u0259kan\u0131ndak\u0131 alternativ s\u0259sidir","publisher":{"@id":"https:\/\/www.meydan.tv\/az\/#organization"},"potentialAction":[{"@type":"SearchAction","target":{"@type":"EntryPoint","urlTemplate":"https:\/\/www.meydan.tv\/az\/?s={search_term_string}"},"query-input":{"@type":"PropertyValueSpecification","valueRequired":true,"valueName":"search_term_string"}}],"inLanguage":"az"},{"@type":"Organization","@id":"https:\/\/www.meydan.tv\/az\/#organization","name":"Meydan TV","url":"https:\/\/www.meydan.tv\/az\/","logo":{"@type":"ImageObject","inLanguage":"az","@id":"https:\/\/www.meydan.tv\/az\/#\/schema\/logo\/image\/","url":"https:\/\/www.meydan.tv\/wp-content\/uploads\/2021\/07\/meydan-logo.svg","contentUrl":"https:\/\/www.meydan.tv\/wp-content\/uploads\/2021\/07\/meydan-logo.svg","width":195,"height":46,"caption":"Meydan TV"},"image":{"@id":"https:\/\/www.meydan.tv\/az\/#\/schema\/logo\/image\/"}},{"@type":"Person","@id":"https:\/\/www.meydan.tv\/az\/#\/schema\/person\/10d11eccf6da3662cf5fdab9806ea91a","name":"user-manager"}]}},"_links":{"self":[{"href":"https:\/\/www.meydan.tv\/az\/wp-json\/wp\/v2\/posts\/163237","targetHints":{"allow":["GET"]}}],"collection":[{"href":"https:\/\/www.meydan.tv\/az\/wp-json\/wp\/v2\/posts"}],"about":[{"href":"https:\/\/www.meydan.tv\/az\/wp-json\/wp\/v2\/types\/post"}],"author":[{"embeddable":true,"href":"https:\/\/www.meydan.tv\/az\/wp-json\/wp\/v2\/users\/11"}],"replies":[{"embeddable":true,"href":"https:\/\/www.meydan.tv\/az\/wp-json\/wp\/v2\/comments?post=163237"}],"version-history":[{"count":0,"href":"https:\/\/www.meydan.tv\/az\/wp-json\/wp\/v2\/posts\/163237\/revisions"}],"wp:featuredmedia":[{"embeddable":true,"href":"https:\/\/www.meydan.tv\/az\/wp-json\/wp\/v2\/media\/4689"}],"wp:attachment":[{"href":"https:\/\/www.meydan.tv\/az\/wp-json\/wp\/v2\/media?parent=163237"}],"wp:term":[{"taxonomy":"category","embeddable":true,"href":"https:\/\/www.meydan.tv\/az\/wp-json\/wp\/v2\/categories?post=163237"},{"taxonomy":"post_tag","embeddable":true,"href":"https:\/\/www.meydan.tv\/az\/wp-json\/wp\/v2\/tags?post=163237"}],"curies":[{"name":"wp","href":"https:\/\/api.w.org\/{rel}","templated":true}]}}