{"id":163233,"date":"2014-02-12T14:39:00","date_gmt":"2014-02-12T14:39:00","guid":{"rendered":"https:\/\/www.meydan.tv\/article\/amea-prezidenti-akademik-akif-elizadeye-aciq-mektub\/"},"modified":"2014-02-12T14:39:00","modified_gmt":"2014-02-12T14:39:00","slug":"amea-prezidenti-akademik-akif-elizadeye-aciq-mektub","status":"publish","type":"post","link":"https:\/\/www.meydan.tv\/az\/article\/amea-prezidenti-akademik-akif-elizadeye-aciq-mektub\/","title":{"rendered":"AMEA prezidenti, akademik Akif \u018flizad\u0259y\u0259 a\u00e7\u0131q m\u0259ktub"},"content":{"rendered":"<figure class=\"wp-block-image size-large\">\n  <img decoding=\"async\" src=\"https:\/\/www.meydan.tv\/az\/5351\/\" alt=\"\" class=\"wp-image-5351\"\/><figcaption><\/figcaption><\/figure>\n<\/p>\n<figure class=\"wp-block-image size-large\">\n  <img decoding=\"async\" src=\"https:\/\/www.meydan.tv\/az\/5348\/\" alt=\"\" class=\"wp-image-5348\"\/><figcaption><\/figcaption><\/figure>\n<p>\n  C\u0259nab prezident, siz\u0259 a\u00e7\u0131q m\u0259ktubla m\u00fcraci\u0259t etm\u0259yimin s\u0259b\u0259bi bir \u00e7oxlar\u0131na q\u0259rib\u0259 g\u00f6r\u00fcn\u0259 bil\u0259r. Lakin bu, v\u0259ziyy\u0259ti d\u0259yi\u015fmir. Bu yax\u0131nlarda m\u0259n\u0259 \u0259yan olub ki, Az\u0259rbaycanda ya\u015fayan qar\u0131\u015fqalar\u0131n n\u00f6vl\u0259ri h\u0259l\u0259 d\u0259 m\u00fc\u0259yy\u0259n edilm\u0259yib. Siz v\u0259 ba\u015fqalar\u0131 d\u00fc\u015f\u00fcn\u0259 bil\u0259r: \u201c\u00f6lk\u0259d\u0259 bu q\u0259d\u0259r problemin oldu\u011fu halda qar\u0131\u015fqalar\u0131n n\u00f6v\u00fcn\u00fcn h\u0259l\u0259 d\u0259 m\u00fc\u0259yy\u0259n edilm\u0259m\u0259si bir problem kimi hesaba al\u0131nmamal\u0131d\u0131r\u201d. \u018flb\u0259tt\u0259, Az\u0259rbaycan elminin, Az\u0259rbycan aliminin v\u0259ziyy\u0259ti \u00e7ox adama b\u0259llidir. Bu haqda \u201c<br \/>\n  <a href=\"http:\/\/kultura.az\/articles.php?item_id=20120509072605155&amp;sec_id=25\" target=\"_blank\" rel=\"noopener\"><br \/>\n    Bizim Professorlar<br \/>\n  <\/a><br \/>\n  \u201d adl\u0131 yaz\u0131mda geni\u015f yazm\u0131\u015fam. Az\u0259rbaycan alimi elm\u0259 t\u00f6hf\u0259 verm\u0259k \u0259v\u0259zin\u0259 elmi ve t\u0259r\u0259qqini g\u00f6zd\u0259n salmaqla m\u0259\u015f\u011fuldur. Y\u0259ni Az\u0259rbaycan aliminin elm\u0259 d\u0259xli yoxdur. Guya bir balaca ciddisi professor Rafiq \u018fliyev idi. Hazirda Rafiq m\u00fc\u0259llim elmd\u0259n daha \u00e7ox mollal\u0131q etm\u0259kl\u0259 m\u0259\u015f\u011fuldur. Biz onu Professor Rafiq \u018fliyev deyil, molla Rafiq \u018fliyev adland\u0131rsaq daha \u0259dal\u0259tli olar\u0131q. Molla s\u00f6z\u00fcn\u00fcn is\u0259 nec\u0259 q\u0259bul edilm\u0259si h\u0259r k\u0259sin \u00f6z se\u00e7imidir. Bir \u00e7oxlar\u0131 mollan\u0131n da \u00f6z n\u00f6vb\u0259sind\u0259 alim oldu\u011funu iddia ed\u0259 bil\u0259rl\u0259r. Bizim elml\u0259r akademiyas\u0131nda professorlar\u0131n, elm adamlar\u0131nin i\u015f g\u00fcn\u00fc m\u00fctl\u0259q elektrik samovar\u0131n\u0131n, elektrik \u00e7aynikinin i\u015f\u0259 sal\u0131nmasi il\u0259 ba\u015flay\u0131r. \u00d6t\u0259n il bir konfransda i\u015ftirak etdim. Bizim elm adamlar\u0131n\u0131n davran\u0131\u015flar\u0131n\u0131 g\u00f6r\u0259nd\u0259 v\u0259 m\u0259ruz\u0259l\u0259rini dinl\u0259y\u0259nd\u0259 \u00f6l\u00fcb yer\u0259 girm\u0259k, bu a\u011f\u0131r x\u0259cal\u0259td\u0259n azad olmaq ist\u0259yirdim. Bel\u0259 bir elml\u0259r akademiyas\u0131nda m\u0259l\u0259yin u\u00e7ma sur\u0259tinin m\u00fc\u0259yy\u0259n edilm\u0259si, amma qar\u0131\u015fqalar\u0131n n\u00f6v\u00fcn\u00fcn h\u0259l\u0259 d\u0259 m\u00fc\u0259yy\u0259n edilm\u0259m\u0259si bel\u0259 baxanda t\u0259biidir. Siz \u00f6z m\u0259qs\u0259dinizi v\u0259 istiqam\u0259tinizi a\u00e7\u0131q b\u0259yan ets\u0259ydiniz adamlar\u0131n da i\u015fi bir az y\u00fcng\u00fcll\u0259\u015f\u0259rdi. Bil\u0259rdik ki, o binadan elm ad\u0131na n\u0259s\u0259 g\u00f6zl\u0259m\u0259k qozu divara yap\u0131\u015fd\u0131rmaq q\u0259d\u0259r yersizdi. H\u0259r\u00e7\u0259nd bir \u00e7ox sivil insanlar bu ac\u0131 h\u0259qiq\u0259tl\u0259 art\u0131q bar\u0131\u015f\u0131blar. Elml\u0259r akademiyas\u0131nda ba\u015f ver\u0259nl\u0259r adama Conatan Sviftin \u201cQulliverin S\u0259yah\u0259ti\u201d \u0259s\u0259rin xat\u0131rlad\u0131r.\n<\/p>\n<p>\n  Bu yax\u0131nlarda bir imkanl\u0131 \u015f\u0259xs bir m\u0259clis\u0259 araq g\u0259tirmi\u015fdi. M\u0259n i\u00e7m\u0259dim. Ara\u011f\u0131 g\u0259tir\u0259n adam dedi ki, s\u0259n m\u00fctl\u0259q bu araqdan i\u00e7m\u0259lis\u0259n, bu araq ba\u015fqa araqd\u0131r. Daha sonra m\u0259lum oldu ki, hans\u0131sa elmi ara\u015fd\u0131rma aparmaq \u00fc\u00e7\u00fcn bizim elml\u0259r akademiyas\u0131 xaricd\u0259n bahal\u0131 bir aparat al\u0131bd\u0131r. H\u0259min aparatda elmi ara\u015fd\u0131rma aparmaq \u0259v\u0259zind\u0259 bizim porofessorlar, elm adamlar\u0131 araq \u00e7\u0259km\u0259y\u0259 \u00fcst\u00fcnl\u00fck veribl\u0259r. Bel\u0259likl\u0259 m\u00fck\u0259mm\u0259l bir araq \u00e7\u0259k\u0259r\u0259k hal-haz\u0131rda \u0259n m\u00fcnasib adamlar\u0131 bu g\u00f6z\u0259l araqla t\u0259min etm\u0259kd\u0259dirl\u0259r. Do\u011furdan da bu s\u00f6zl\u0259rd\u0259n sonra bizim elm adamlar\u0131n\u0131n yarad\u0131c\u0131l\u0131\u011f\u0131 il\u0259 tan\u0131\u015f olmaq q\u0259rar\u0131na g\u0259ldim. Etiraf edim ki, bizim elm adamlar\u0131 b\u00f6y\u00fck nailiyy\u0259t \u0259ld\u0259 etmi\u015fdil\u0259r. \u0130kinci s\u00f6hb\u0259t daha d\u0259h\u015f\u0259tlidir. Bizim elml\u0259r akademiyas\u0131nda bir qrup alim harda, n\u0259 \u0259km\u0259yin faydalar\u0131 haqq\u0131nda elmi ara\u015fd\u0131rmalar apar\u0131rlar. Tutaq ki, filan torpa\u011fa \u00e7ovdar \u0259ks\u0259k yax\u015f\u0131 olar, yoxsa qar\u011f\u0131dal\u0131, yaxud yonca. Amma m\u0259s\u0259l\u0259 ondad\u0131r ki, h\u0259min torpaqlar indi, hal-haz\u0131rda yoxdur. Y\u0259ni h\u0259min torpaqlarda villa, restoran, istirah\u0259t m\u0259rk\u0259zl\u0259ri tikibl\u0259r. Torpaq yoxdu, amma aliml\u0259r bu torpaqlar\u0131n yoxlu\u011fundan x\u0259b\u0259rsizdirl\u0259r. Ola bil\u0259r ki, x\u0259b\u0259rl\u0259ri var. B\u0259s o zaman bu ara\u015fd\u0131rmalar\u0131n m\u0259nas\u0131 n\u0259dir? Bu qoca aliml\u0259rin apard\u0131qlar\u0131 ara\u015fd\u0131rmalar kim\u0259 laz\u0131md\u0131r? Niy\u0259 bu qoca aliml\u0259r daha m\u00fcnasib bir i\u015fl\u0259 m\u0259\u015f\u011ful olmurlar. El\u0259 birba\u015fa gedib h\u0259min villalarda, istirah\u0259t m\u0259rk\u0259zl\u0259rind\u0259 ba\u011fbanl\u0131q ets\u0259l\u0259r daha yax\u015f\u0131 olmazm\u0131? Soru\u015furam niy\u0259 bu aliml\u0259ri i\u015fd\u0259n \u00e7\u0131xarm\u0131rlar. Deyirl\u0259r ki, onlar\u0131n i\u015fd\u0259n \u00e7\u0131xar\u0131lmas\u0131 s\u0259rf etmir. H\u0259r\u0259sini bir otaqla v\u0259 elektrik \u00e7ayniki il\u0259 t\u0259min etm\u0259k daha rahatd\u0131r. E\u015fitdiyim\u0259 g\u00f6r\u0259 kibernetika institunun r\u0259hb\u0259rliyind\u0259kil\u0259r kibernetika elmind\u0259n daha qocad\u0131rlar.\n<\/p>\n<p>\n  C\u0259nab prezident, bizim elml\u0259r akademiyas\u0131 \u0259cn\u0259bi aliml\u0259rin elmi i\u015fl\u0259rini, \u0259s\u0259rl\u0259rini t\u0259rc\u00fcm\u0259 etm\u0259kl\u0259 m\u0259\u015f\u011fuldur. B\u0259db\u0259xt\u00e7iliyi onadad\u0131r ki, onlar h\u0259m d\u0259 pis t\u0259rc\u00fcm\u0259\u00e7idirl\u0259r. \u018fg\u0259r siz elmi v\u0259 t\u0259r\u0259qqini ba\u015fqas\u0131n\u0131n elmi i\u015fini, \u0259s\u0259rini t\u0259rc\u00fcm\u0259 edib bizim alim olmaq ist\u0259y\u0259n pullular\u0131m\u0131za, v\u0259zif\u0259lil\u0259rimiz\u0259, deputatlar\u0131m\u0131za satmaq kimi t\u0259s\u0259vv\u00fcr edirsinizs\u0259, o zaman bu a\u00e7\u0131q m\u0259ktubla sizi narahat etdiyim \u00fc\u00e7\u00fcn \u00fczr ist\u0259yir\u0259m.\n<\/p>\n<p>\n  <i><br \/>\n    Yaz\u0131\u00e7\u0131, publisist, maarif\u00e7i, ictimai-siyasi xadim,<br \/>\n  <\/i>\n<\/p>\n<p>\n  <i><br \/>\n    m\u00fct\u0259f\u0259kkir, Nyu-York Elml\u0259r Akademiyas\u0131n\u0131n \u00fczv\u00fc.<br \/>\n  <\/i>\n<\/p><\/p>\n","protected":false},"excerpt":{"rendered":"<p>Kibernetika institunun r\u0259hb\u0259rliyind\u0259kil\u0259r kibernetika elmind\u0259n daha qocad\u0131rlar.<\/p>\n","protected":false},"author":11,"featured_media":5351,"comment_status":"closed","ping_status":"open","sticky":false,"template":"","format":"standard","meta":{"_acf_changed":false,"_sitemap_exclude":false,"_sitemap_priority":"","_sitemap_frequency":"","footnotes":""},"categories":[57],"tags":[],"class_list":["post-163233","post","type-post","status-publish","format-standard","has-post-thumbnail","hentry","category-menim-fikrimce","infinite-scroll-item","generate-columns","tablet-grid-50","mobile-grid-100","grid-parent","grid-33","no-featured-image-padding"],"acf":[],"yoast_head":"<!-- This site is optimized with the Yoast SEO plugin v27.4 - https:\/\/yoast.com\/product\/yoast-seo-wordpress\/ -->\n<title>AMEA prezidenti, akademik Akif \u018flizad\u0259y\u0259 a\u00e7\u0131q m\u0259ktub - MEYDAN.TV<\/title>\n<meta name=\"robots\" content=\"index, follow, max-snippet:-1, max-image-preview:large, max-video-preview:-1\" \/>\n<link rel=\"canonical\" href=\"https:\/\/www.meydan.tv\/az\/article\/amea-prezidenti-akademik-akif-elizadeye-aciq-mektub\/\" \/>\n<meta property=\"og:locale\" content=\"az_AZ\" \/>\n<meta property=\"og:type\" content=\"article\" \/>\n<meta property=\"og:title\" content=\"AMEA prezidenti, akademik Akif \u018flizad\u0259y\u0259 a\u00e7\u0131q m\u0259ktub - MEYDAN.TV\" \/>\n<meta property=\"og:description\" content=\"Kibernetika institunun r\u0259hb\u0259rliyind\u0259kil\u0259r kibernetika elmind\u0259n daha qocad\u0131rlar.\" \/>\n<meta property=\"og:url\" content=\"https:\/\/www.meydan.tv\/az\/article\/amea-prezidenti-akademik-akif-elizadeye-aciq-mektub\/\" \/>\n<meta property=\"og:site_name\" content=\"MEYDAN.TV\" \/>\n<meta property=\"article:published_time\" content=\"2014-02-12T14:39:00+00:00\" \/>\n<meta property=\"og:image\" content=\"https:\/\/www.meydan.tv\/wp-content\/uploads\/1169.png\" \/>\n\t<meta property=\"og:image:width\" content=\"500\" \/>\n\t<meta property=\"og:image:height\" content=\"500\" \/>\n\t<meta property=\"og:image:type\" content=\"image\/png\" \/>\n<meta name=\"author\" content=\"user-manager\" \/>\n<meta name=\"twitter:card\" content=\"summary_large_image\" \/>\n<script type=\"application\/ld+json\" class=\"yoast-schema-graph\">{\"@context\":\"https:\\\/\\\/schema.org\",\"@graph\":[{\"@type\":\"Article\",\"@id\":\"https:\\\/\\\/www.meydan.tv\\\/az\\\/article\\\/amea-prezidenti-akademik-akif-elizadeye-aciq-mektub\\\/#article\",\"isPartOf\":{\"@id\":\"https:\\\/\\\/www.meydan.tv\\\/az\\\/article\\\/amea-prezidenti-akademik-akif-elizadeye-aciq-mektub\\\/\"},\"author\":{\"name\":\"user-manager\",\"@id\":\"https:\\\/\\\/www.meydan.tv\\\/az\\\/#\\\/schema\\\/person\\\/10d11eccf6da3662cf5fdab9806ea91a\"},\"headline\":\"AMEA prezidenti, akademik Akif \u018flizad\u0259y\u0259 a\u00e7\u0131q m\u0259ktub\",\"datePublished\":\"2014-02-12T14:39:00+00:00\",\"mainEntityOfPage\":{\"@id\":\"https:\\\/\\\/www.meydan.tv\\\/az\\\/article\\\/amea-prezidenti-akademik-akif-elizadeye-aciq-mektub\\\/\"},\"wordCount\":926,\"publisher\":{\"@id\":\"https:\\\/\\\/www.meydan.tv\\\/az\\\/#organization\"},\"image\":{\"@id\":\"https:\\\/\\\/www.meydan.tv\\\/az\\\/article\\\/amea-prezidenti-akademik-akif-elizadeye-aciq-mektub\\\/#primaryimage\"},\"thumbnailUrl\":\"https:\\\/\\\/www.meydan.tv\\\/wp-content\\\/uploads\\\/1169.png\",\"articleSection\":[\"M\u0259nim Fikrimc\u0259\"],\"inLanguage\":\"az\"},{\"@type\":\"WebPage\",\"@id\":\"https:\\\/\\\/www.meydan.tv\\\/az\\\/article\\\/amea-prezidenti-akademik-akif-elizadeye-aciq-mektub\\\/\",\"url\":\"https:\\\/\\\/www.meydan.tv\\\/az\\\/article\\\/amea-prezidenti-akademik-akif-elizadeye-aciq-mektub\\\/\",\"name\":\"AMEA prezidenti, akademik Akif \u018flizad\u0259y\u0259 a\u00e7\u0131q m\u0259ktub - MEYDAN.TV\",\"isPartOf\":{\"@id\":\"https:\\\/\\\/www.meydan.tv\\\/az\\\/#website\"},\"primaryImageOfPage\":{\"@id\":\"https:\\\/\\\/www.meydan.tv\\\/az\\\/article\\\/amea-prezidenti-akademik-akif-elizadeye-aciq-mektub\\\/#primaryimage\"},\"image\":{\"@id\":\"https:\\\/\\\/www.meydan.tv\\\/az\\\/article\\\/amea-prezidenti-akademik-akif-elizadeye-aciq-mektub\\\/#primaryimage\"},\"thumbnailUrl\":\"https:\\\/\\\/www.meydan.tv\\\/wp-content\\\/uploads\\\/1169.png\",\"datePublished\":\"2014-02-12T14:39:00+00:00\",\"breadcrumb\":{\"@id\":\"https:\\\/\\\/www.meydan.tv\\\/az\\\/article\\\/amea-prezidenti-akademik-akif-elizadeye-aciq-mektub\\\/#breadcrumb\"},\"inLanguage\":\"az\",\"potentialAction\":[{\"@type\":\"ReadAction\",\"target\":[\"https:\\\/\\\/www.meydan.tv\\\/az\\\/article\\\/amea-prezidenti-akademik-akif-elizadeye-aciq-mektub\\\/\"]}]},{\"@type\":\"ImageObject\",\"inLanguage\":\"az\",\"@id\":\"https:\\\/\\\/www.meydan.tv\\\/az\\\/article\\\/amea-prezidenti-akademik-akif-elizadeye-aciq-mektub\\\/#primaryimage\",\"url\":\"https:\\\/\\\/www.meydan.tv\\\/wp-content\\\/uploads\\\/1169.png\",\"contentUrl\":\"https:\\\/\\\/www.meydan.tv\\\/wp-content\\\/uploads\\\/1169.png\",\"width\":500,\"height\":500,\"caption\":\"Source:\"},{\"@type\":\"BreadcrumbList\",\"@id\":\"https:\\\/\\\/www.meydan.tv\\\/az\\\/article\\\/amea-prezidenti-akademik-akif-elizadeye-aciq-mektub\\\/#breadcrumb\",\"itemListElement\":[{\"@type\":\"ListItem\",\"position\":1,\"name\":\"Ana s\u0259hif\u0259\",\"item\":\"https:\\\/\\\/www.meydan.tv\\\/az\\\/\"},{\"@type\":\"ListItem\",\"position\":2,\"name\":\"M\u0259nim Fikrimc\u0259\",\"item\":\"https:\\\/\\\/www.meydan.tv\\\/az\\\/section\\\/menim-fikrimce\\\/\"},{\"@type\":\"ListItem\",\"position\":3,\"name\":\"AMEA prezidenti, akademik Akif \u018flizad\u0259y\u0259 a\u00e7\u0131q m\u0259ktub\"}]},{\"@type\":\"WebSite\",\"@id\":\"https:\\\/\\\/www.meydan.tv\\\/az\\\/#website\",\"url\":\"https:\\\/\\\/www.meydan.tv\\\/az\\\/\",\"name\":\"MEYDAN.TV\",\"description\":\"Meydan TV Az\u0259rbaycan\u0131n media m\u0259kan\u0131ndak\u0131 alternativ s\u0259sidir\",\"publisher\":{\"@id\":\"https:\\\/\\\/www.meydan.tv\\\/az\\\/#organization\"},\"potentialAction\":[{\"@type\":\"SearchAction\",\"target\":{\"@type\":\"EntryPoint\",\"urlTemplate\":\"https:\\\/\\\/www.meydan.tv\\\/az\\\/?s={search_term_string}\"},\"query-input\":{\"@type\":\"PropertyValueSpecification\",\"valueRequired\":true,\"valueName\":\"search_term_string\"}}],\"inLanguage\":\"az\"},{\"@type\":\"Organization\",\"@id\":\"https:\\\/\\\/www.meydan.tv\\\/az\\\/#organization\",\"name\":\"Meydan TV\",\"url\":\"https:\\\/\\\/www.meydan.tv\\\/az\\\/\",\"logo\":{\"@type\":\"ImageObject\",\"inLanguage\":\"az\",\"@id\":\"https:\\\/\\\/www.meydan.tv\\\/az\\\/#\\\/schema\\\/logo\\\/image\\\/\",\"url\":\"https:\\\/\\\/www.meydan.tv\\\/wp-content\\\/uploads\\\/2021\\\/07\\\/meydan-logo.svg\",\"contentUrl\":\"https:\\\/\\\/www.meydan.tv\\\/wp-content\\\/uploads\\\/2021\\\/07\\\/meydan-logo.svg\",\"width\":195,\"height\":46,\"caption\":\"Meydan TV\"},\"image\":{\"@id\":\"https:\\\/\\\/www.meydan.tv\\\/az\\\/#\\\/schema\\\/logo\\\/image\\\/\"}},{\"@type\":\"Person\",\"@id\":\"https:\\\/\\\/www.meydan.tv\\\/az\\\/#\\\/schema\\\/person\\\/10d11eccf6da3662cf5fdab9806ea91a\",\"name\":\"user-manager\"}]}<\/script>\n<!-- \/ Yoast SEO plugin. -->","yoast_head_json":{"title":"AMEA prezidenti, akademik Akif \u018flizad\u0259y\u0259 a\u00e7\u0131q m\u0259ktub - MEYDAN.TV","robots":{"index":"index","follow":"follow","max-snippet":"max-snippet:-1","max-image-preview":"max-image-preview:large","max-video-preview":"max-video-preview:-1"},"canonical":"https:\/\/www.meydan.tv\/az\/article\/amea-prezidenti-akademik-akif-elizadeye-aciq-mektub\/","og_locale":"az_AZ","og_type":"article","og_title":"AMEA prezidenti, akademik Akif \u018flizad\u0259y\u0259 a\u00e7\u0131q m\u0259ktub - MEYDAN.TV","og_description":"Kibernetika institunun r\u0259hb\u0259rliyind\u0259kil\u0259r kibernetika elmind\u0259n daha qocad\u0131rlar.","og_url":"https:\/\/www.meydan.tv\/az\/article\/amea-prezidenti-akademik-akif-elizadeye-aciq-mektub\/","og_site_name":"MEYDAN.TV","article_published_time":"2014-02-12T14:39:00+00:00","og_image":[{"width":500,"height":500,"url":"https:\/\/www.meydan.tv\/wp-content\/uploads\/1169.png","type":"image\/png"}],"author":"user-manager","twitter_card":"summary_large_image","schema":{"@context":"https:\/\/schema.org","@graph":[{"@type":"Article","@id":"https:\/\/www.meydan.tv\/az\/article\/amea-prezidenti-akademik-akif-elizadeye-aciq-mektub\/#article","isPartOf":{"@id":"https:\/\/www.meydan.tv\/az\/article\/amea-prezidenti-akademik-akif-elizadeye-aciq-mektub\/"},"author":{"name":"user-manager","@id":"https:\/\/www.meydan.tv\/az\/#\/schema\/person\/10d11eccf6da3662cf5fdab9806ea91a"},"headline":"AMEA prezidenti, akademik Akif \u018flizad\u0259y\u0259 a\u00e7\u0131q m\u0259ktub","datePublished":"2014-02-12T14:39:00+00:00","mainEntityOfPage":{"@id":"https:\/\/www.meydan.tv\/az\/article\/amea-prezidenti-akademik-akif-elizadeye-aciq-mektub\/"},"wordCount":926,"publisher":{"@id":"https:\/\/www.meydan.tv\/az\/#organization"},"image":{"@id":"https:\/\/www.meydan.tv\/az\/article\/amea-prezidenti-akademik-akif-elizadeye-aciq-mektub\/#primaryimage"},"thumbnailUrl":"https:\/\/www.meydan.tv\/wp-content\/uploads\/1169.png","articleSection":["M\u0259nim Fikrimc\u0259"],"inLanguage":"az"},{"@type":"WebPage","@id":"https:\/\/www.meydan.tv\/az\/article\/amea-prezidenti-akademik-akif-elizadeye-aciq-mektub\/","url":"https:\/\/www.meydan.tv\/az\/article\/amea-prezidenti-akademik-akif-elizadeye-aciq-mektub\/","name":"AMEA prezidenti, akademik Akif \u018flizad\u0259y\u0259 a\u00e7\u0131q m\u0259ktub - MEYDAN.TV","isPartOf":{"@id":"https:\/\/www.meydan.tv\/az\/#website"},"primaryImageOfPage":{"@id":"https:\/\/www.meydan.tv\/az\/article\/amea-prezidenti-akademik-akif-elizadeye-aciq-mektub\/#primaryimage"},"image":{"@id":"https:\/\/www.meydan.tv\/az\/article\/amea-prezidenti-akademik-akif-elizadeye-aciq-mektub\/#primaryimage"},"thumbnailUrl":"https:\/\/www.meydan.tv\/wp-content\/uploads\/1169.png","datePublished":"2014-02-12T14:39:00+00:00","breadcrumb":{"@id":"https:\/\/www.meydan.tv\/az\/article\/amea-prezidenti-akademik-akif-elizadeye-aciq-mektub\/#breadcrumb"},"inLanguage":"az","potentialAction":[{"@type":"ReadAction","target":["https:\/\/www.meydan.tv\/az\/article\/amea-prezidenti-akademik-akif-elizadeye-aciq-mektub\/"]}]},{"@type":"ImageObject","inLanguage":"az","@id":"https:\/\/www.meydan.tv\/az\/article\/amea-prezidenti-akademik-akif-elizadeye-aciq-mektub\/#primaryimage","url":"https:\/\/www.meydan.tv\/wp-content\/uploads\/1169.png","contentUrl":"https:\/\/www.meydan.tv\/wp-content\/uploads\/1169.png","width":500,"height":500,"caption":"Source:"},{"@type":"BreadcrumbList","@id":"https:\/\/www.meydan.tv\/az\/article\/amea-prezidenti-akademik-akif-elizadeye-aciq-mektub\/#breadcrumb","itemListElement":[{"@type":"ListItem","position":1,"name":"Ana s\u0259hif\u0259","item":"https:\/\/www.meydan.tv\/az\/"},{"@type":"ListItem","position":2,"name":"M\u0259nim Fikrimc\u0259","item":"https:\/\/www.meydan.tv\/az\/section\/menim-fikrimce\/"},{"@type":"ListItem","position":3,"name":"AMEA prezidenti, akademik Akif \u018flizad\u0259y\u0259 a\u00e7\u0131q m\u0259ktub"}]},{"@type":"WebSite","@id":"https:\/\/www.meydan.tv\/az\/#website","url":"https:\/\/www.meydan.tv\/az\/","name":"MEYDAN.TV","description":"Meydan TV Az\u0259rbaycan\u0131n media m\u0259kan\u0131ndak\u0131 alternativ s\u0259sidir","publisher":{"@id":"https:\/\/www.meydan.tv\/az\/#organization"},"potentialAction":[{"@type":"SearchAction","target":{"@type":"EntryPoint","urlTemplate":"https:\/\/www.meydan.tv\/az\/?s={search_term_string}"},"query-input":{"@type":"PropertyValueSpecification","valueRequired":true,"valueName":"search_term_string"}}],"inLanguage":"az"},{"@type":"Organization","@id":"https:\/\/www.meydan.tv\/az\/#organization","name":"Meydan TV","url":"https:\/\/www.meydan.tv\/az\/","logo":{"@type":"ImageObject","inLanguage":"az","@id":"https:\/\/www.meydan.tv\/az\/#\/schema\/logo\/image\/","url":"https:\/\/www.meydan.tv\/wp-content\/uploads\/2021\/07\/meydan-logo.svg","contentUrl":"https:\/\/www.meydan.tv\/wp-content\/uploads\/2021\/07\/meydan-logo.svg","width":195,"height":46,"caption":"Meydan TV"},"image":{"@id":"https:\/\/www.meydan.tv\/az\/#\/schema\/logo\/image\/"}},{"@type":"Person","@id":"https:\/\/www.meydan.tv\/az\/#\/schema\/person\/10d11eccf6da3662cf5fdab9806ea91a","name":"user-manager"}]}},"_links":{"self":[{"href":"https:\/\/www.meydan.tv\/az\/wp-json\/wp\/v2\/posts\/163233","targetHints":{"allow":["GET"]}}],"collection":[{"href":"https:\/\/www.meydan.tv\/az\/wp-json\/wp\/v2\/posts"}],"about":[{"href":"https:\/\/www.meydan.tv\/az\/wp-json\/wp\/v2\/types\/post"}],"author":[{"embeddable":true,"href":"https:\/\/www.meydan.tv\/az\/wp-json\/wp\/v2\/users\/11"}],"replies":[{"embeddable":true,"href":"https:\/\/www.meydan.tv\/az\/wp-json\/wp\/v2\/comments?post=163233"}],"version-history":[{"count":0,"href":"https:\/\/www.meydan.tv\/az\/wp-json\/wp\/v2\/posts\/163233\/revisions"}],"wp:featuredmedia":[{"embeddable":true,"href":"https:\/\/www.meydan.tv\/az\/wp-json\/wp\/v2\/media\/5351"}],"wp:attachment":[{"href":"https:\/\/www.meydan.tv\/az\/wp-json\/wp\/v2\/media?parent=163233"}],"wp:term":[{"taxonomy":"category","embeddable":true,"href":"https:\/\/www.meydan.tv\/az\/wp-json\/wp\/v2\/categories?post=163233"},{"taxonomy":"post_tag","embeddable":true,"href":"https:\/\/www.meydan.tv\/az\/wp-json\/wp\/v2\/tags?post=163233"}],"curies":[{"name":"wp","href":"https:\/\/api.w.org\/{rel}","templated":true}]}}