{"id":163230,"date":"2014-02-12T12:27:43","date_gmt":"2014-02-12T12:27:43","guid":{"rendered":"https:\/\/www.meydan.tv\/article\/asan-in-boyukluyu\/"},"modified":"2014-02-12T12:27:43","modified_gmt":"2014-02-12T12:27:43","slug":"asan-in-boyukluyu","status":"publish","type":"post","link":"https:\/\/www.meydan.tv\/az\/article\/asan-in-boyukluyu\/","title":{"rendered":"ASAN-\u0131n b\u00f6y\u00fckl\u00fcy\u00fc"},"content":{"rendered":"<figure class=\"wp-block-image size-large\">\n  <img decoding=\"async\" src=\"https:\/\/www.meydan.tv\/az\/5480\/\" alt=\"\" class=\"wp-image-5480\"\/><figcaption><\/figcaption><\/figure>\n<figure class=\"wp-block-image size-large\">\n  <img decoding=\"async\" src=\"https:\/\/www.meydan.tv\/az\/5483\/\" alt=\"\" class=\"wp-image-5483\"\/><figcaption><\/figcaption><\/figure>\n<p>\n  \u00a0Ne\u00e7\u0259 n\u0259f\u0259r individdir, \u015f\u0259sxdir, \u00f6z\u00fcd\u00fcr, \u00f6z\u00fcn\u0259 cavabdehdir? He\u00e7 k\u0259s, he\u00e7 n\u0259y\u0259 g\u00f6r\u0259 cavabdeh deyil. H\u0259r k\u0259s \u00f6z\u00fcn\u00fcn atas\u0131, day\u0131s\u0131, yezn\u0259si, xalas\u0131n\u0131n \u0259ridir amma \u00f6z\u00fc deyil. \u0130btidai m\u00fcnasib\u0259tl\u0259r sisteminin cilv\u0259l\u0259rind\u0259n biridir. \u201cGet, b\u00f6y\u00fcy\u00fcn g\u0259lsin\u201d is\u0259, ayinin mantras\u0131.\n<\/p>\n<p>\n  N\u0259 m\u0259nada \u201cb\u00f6y\u00fcy\u00fcn\u201d? M\u00fc\u0259llim \u015fagird\u0259 deyir \u201catan\u0131 m\u0259kt\u0259b\u0259 \u00e7a\u011f\u0131r\u201d? Yox, qosqoca iki adam bir-birl\u0259rin\u0259 deyirl\u0259r ki, \u201cget b\u00f6y\u00fcy\u00fcn g\u0259lsin\u201d. Kimin b\u00f6y\u00fcy\u00fc daha b\u00f6y\u00fckd\u00fcr yar\u0131\u015f\u0131 gedir. Ona g\u00f6r\u0259 d\u0259 cavabdeh tapmaq m\u00fcmk\u00fcn deyil Az\u0259rbaycanda. B\u00fct\u00fcn b\u00f6y\u00fckl\u0259rin d\u0259 \u00f6z b\u00f6y\u00fckl\u0259ri var.\n<\/p>\n<p>\n  He\u00e7 k\u0259s \u00f6z yerind\u0259 deyil. Ham\u0131n\u0131n b\u00f6y\u00fcy\u00fc var. El\u0259 bil q\u0259bil\u0259dir n\u0259dir. Ham\u0131n\u0131n kimis\u0259 varsa, b\u0259s he\u00e7 kimi olmayanlar kiml\u0259rdir? \u018flb\u0259tt\u0259 el\u0259l\u0259ri d\u0259 var. Onlar lap b\u0259db\u0259xtdirl\u0259r. Onlar\u0131n b\u00f6y\u00fcy\u00fc yoxdur. \u0130nsan kimi he\u00e7 n\u0259 ifad\u0259 etmirl\u0259r. Getsin g\u0259r\u0259k b\u00f6y\u00fcy\u00fcn\u00fc g\u0259tirsin, amma yoxudur. \u0130nsan\u0131n insan olmas\u0131 b\u0259s el\u0259mir.\n<\/p>\n<p>\n  \u201cAvropa standartlar\u0131\u201d adl\u0131 sehrli bir al\u0259m var. Ham\u0131n\u0131n dilind\u0259dir. N\u0259 q\u0259d\u0259r nazlansaq da, bu standartlar\u0131 yava\u015f-yava\u015f h\u0259yat\u0131m\u0131za daxil edirik, bir toplum olaraq. Odur ki, m\u00fcqayis\u0259l\u0259r qa\u00e7\u0131lmazd\u0131r. Onsuz da ham\u0131 soru\u015fur, maraqlan\u0131r ki, \u201c\u018fn b\u00f6y\u00fck f\u0259rq n\u0259d\u0259 g\u00f6r\u00fcn\u00fcr?\u201d H\u0259r k\u0259sin buna \u00f6z cavab\u0131 var. B\u0259lli \u015feyl\u0259rd\u0259n &#8211; k\u00fc\u00e7\u0259l\u0259rin t\u0259mizliyi, m\u0259d\u0259ni insanlar, i\u015fl\u0259y\u0259n qanunlar, arxitektura, inc\u0259s\u0259n\u0259t &#8211; dan\u0131\u015fmayacam. Bunlar bilin\u0259n \u015feyl\u0259rdir v\u0259 \u0259lb\u0259tt\u0259 m\u00fcqayis\u0259d\u0259 uduzdu\u011fumuz \u015feyl\u0259rdir. \u018fsas odur ki, Avropa v\u0259 onun standartlar\u0131 il\u0259 ya\u015fayan Anqlosaks m\u0259kanda ham\u0131 \u00f6z yerind\u0259dir.\n<\/p>\n<p>\n  \u018fn b\u00f6y\u00fck s\u0259ad\u0259t budur. Ham\u0131 \u00f6z yerind\u0259dir. H\u0259yat\u0131n \u00f6z ritmi var v\u0259 bu ritm i\u00e7\u0259risind\u0259 b\u00fct\u00fcn i\u015fl\u0259r h\u0259llini asanl\u0131qla tap\u0131r. M\u0259sul \u015f\u0259xsl\u0259rin ham\u0131s\u0131 kompetentdir, onlarla \u00fcnsiyy\u0259t insana z\u00f6vq verir v\u0259 \u0259n pisi odur ki, h\u0259l\u0259 d\u0259 bu xo\u015f r\u0259ftar\u0131n pulsuz ola bil\u0259c\u0259yin\u0259 inana bilmir\u0259m. Bir insan, cavabdehi oldu\u011fu sah\u0259ni m\u00fck\u0259mm\u0259l bilir. Sovet insan\u0131 tez-tez \u00f6y\u00fcn\u00fcr ki, \u201cBiz sovet v\u0259t\u0259nda\u015flar\u0131 Q\u0259rb insanlar\u0131ndan intellektual c\u0259h\u0259td\u0259n ir\u0259lid\u0259yik\u201d. N\u0259 imi\u015f? Q\u0259rbd\u0259 ham\u0131 \u00f6z ixtisas\u0131n\u0131n dar \u00e7\u0259r\u00e7iv\u0259sind\u0259 qal\u0131rm\u0131\u015f, \u00f6z sah\u0259sind\u0259n ba\u015fqa he\u00e7 n\u0259yi qanm\u0131rm\u0131\u015f.\n<\/p>\n<p>\n  Sovet m\u0259kan\u0131n\u0131n n\u0259 v\u0259ziyy\u0259td\u0259 olma\u011f\u0131ndan b\u0259lli olur sizin intellektiniz. Homo-sovetikus`un h\u0259r \u015fey\u0259 dair \u00f6z fikri var, \u00e7\u0259n\u0259d\u0259n yax\u015f\u0131d\u0131r, a\u011f\u0131l \u00f6yr\u0259tm\u0259kd\u0259 r\u0259qibi yoxdur.\n<\/p>\n<p>\n  Avropada ASAN xidm\u0259ti yoxdur. Sa\u011fdan-soldan e\u015fidir\u0259m ki, ASAN xidm\u0259tini b\u00fct\u00fcn Q\u0259rb d\u00fcnyas\u0131 ayaqda alq\u0131\u015flay\u0131rm\u0131\u015f. Deyil\u0259n\u0259 g\u00f6r\u0259 bu innovasiyaya g\u00f6r\u0259 \u0130lham \u018fliyev\u0259 x\u00fcsusi minn\u0259tdarl\u0131q edirl\u0259rmi\u015f. Bu, \u201cAvropal\u0131lar \u00e7ox gedirdi yuxar\u0131dan, d\u0259ydi t\u0259pik onlara daldan\u201d s\u00f6hb\u0259tin\u0259 ox\u015fad\u0131. Adamlar haql\u0131d\u0131rlar, heyr\u0259t edibl\u0259r ASAN xidm\u0259tin\u0259, \u00e7\u00fcnki \u00f6zl\u0259rind\u0259 bel\u0259 \u015fey yoxdur. Ona g\u00f6r\u0259 yoxdur ki, bel\u0259 bir xidm\u0259t\u0259 ehtiyac yoxdur.\n<\/p>\n<p>\n  B\u00fct\u00fcn s\u0259n\u0259dl\u0259r aidiyyat\u0131 \u00fczr\u0259 qurumlar t\u0259r\u0259find\u0259n problemsiz, vaxt\u0131nda, g\u00fcl\u0259r\u00fczl\u0259 verilir. Ona g\u00f6r\u0259 ehtiyac yoxdur. A\u011fla g\u0259l\u0259n b\u00fct\u00fcn s\u0259n\u0259dl\u0259rin bir p\u0259nc\u0259r\u0259d\u0259n verilm\u0259si bir ideya kimi maraql\u0131 ola bil\u0259r, amma bel\u0259 bir sistemin qurulmas\u0131na y\u00fcz milyonlar x\u0259rcl\u0259m\u0259k (h\u0259l\u0259 Allah bilir b\u00fct\u00fcn \u00f6lk\u0259ni n\u0259 zaman \u0259hat\u0259 ed\u0259c\u0259k) hans\u0131 z\u0259rur\u0259td\u0259n do\u011fdu? \u00c7\u00fcnki idar\u0259l\u0259rd\u0259 r\u00fc\u015fv\u0259t al\u0131\u015f-veri\u015fi gedir, ham\u0131 \u201cget, b\u00f6y\u00fcy\u00fcn g\u0259lsin\u201d dal\u011fas\u0131na k\u00f6kl\u0259nib. Bu biab\u0131r\u00e7\u0131l\u0131\u011f\u0131 y\u0131\u011f\u0131\u015fd\u0131rmaq \u00fc\u00e7\u00fcn innovativ prezident \u0130lham \u018fliyev \u00f6z brendini yarad\u0131r. Ham\u0131n\u0131z\u0131n b\u00f6y\u00fcy\u00fc m\u0259n\u0259m, bundan sonra ham\u0131 bir p\u0259nc\u0259r\u0259y\u0259.\n<\/p>\n<p>\n  \u201cB\u00fct\u00fcn r\u0259ngl\u0259ri qara g\u00f6r\u00fcrs\u00fcn\u00fcz\u201d. Xeyr, qara g\u00f6rm\u00fcr\u0259m. \u0130lham \u018fliyev i\u015fl\u0259ri asanla\u015fd\u0131rmaq yerin\u0259, q\u0259lizl\u0259\u015fdirmi\u015f oldu. Sistemin qurulmas\u0131na y\u00fcz milyonlar x\u0259rcl\u0259nir, amma \u0130lham \u018fliyev problemin k\u00f6k\u00fcn\u00fc g\u00f6rm\u0259k ist\u0259mir. ASAN xidm\u0259ti ibtidailiyimizi d\u0259rinl\u0259\u015fdirir. El\u0259 bir \u00f6lk\u0259 qurulsa, h\u0259r \u015fey qaydas\u0131nda olsa, mexanizml\u0259r i\u015fl\u0259s\u0259?\n<\/p>\n<p>\n  \u201cBu xalqla bel\u0259 bir \u00f6lk\u0259 qurula bilm\u0259z\u201d. \u0130lham \u018fliyev v\u0259 hakim ail\u0259 bu d\u00fc\u015f\u00fcnc\u0259d\u0259dirl\u0259r. M\u0259nim bar\u0131\u015fa bilm\u0259diyim budur. Sizi \u0259min edir\u0259m ki, Az\u0259rbaycanda v\u0259 \u00f6lk\u0259d\u0259n k\u0259narda d\u00f6vl\u0259t qurumlar\u0131n\u0131 idar\u0259 ed\u0259 bil\u0259c\u0259k savadl\u0131, bacar\u0131ql\u0131 m\u00fct\u0259x\u0259ssisl\u0259r, menecerl\u0259r var. \u00d6z resurlar\u0131m\u0131zla, k\u0259nardan ekspertl\u0259r c\u0259lb ed\u0259r\u0259k insan yeti\u015fdirm\u0259k laz\u0131md\u0131r. \u0130nsan qaynaqlar\u0131 s\u0131xnt\u0131s\u0131 \u00e7\u0259kir \u00f6lk\u0259. He\u00e7 k\u0259s yerind\u0259 deyil. \u201cHam\u0131n\u0131z\u0131n b\u00f6y\u00fcy\u00fc m\u0259n\u0259m\u201d deyib ASAN xidm\u0259tini yaratmaq m\u00fcv\u0259qq\u0259ti \u00e7ar\u0259dir. El\u0259 bir insan yeti\u015firilm\u0259lidir ki, m\u0259suliyy\u0259t y\u00fckl\u0259nsin, n\u0259tic\u0259 g\u00f6st\u0259rsin. El\u0259 bir insan yeti\u015fsin ki, b\u00f6y\u00fcy\u00fc olmas\u0131n, \u00f6z\u00fcn\u0259 b\u00f6y\u00fck axtarmas\u0131n.\n<\/p>\n<p>\n  B\u00f6y\u00fcy\u00fc olmayan insan da insan olsun.<\/p>\n","protected":false},"excerpt":{"rendered":"<p>Sovet m\u0259kan\u0131n\u0131n n\u0259 v\u0259ziyy\u0259td\u0259 olma\u011f\u0131ndan b\u0259lli olur sizin intellektiniz&#8230;<\/p>\n","protected":false},"author":11,"featured_media":5480,"comment_status":"closed","ping_status":"open","sticky":false,"template":"","format":"standard","meta":{"_acf_changed":false,"_sitemap_exclude":false,"_sitemap_priority":"","_sitemap_frequency":"","footnotes":""},"categories":[57],"tags":[],"class_list":["post-163230","post","type-post","status-publish","format-standard","has-post-thumbnail","hentry","category-menim-fikrimce","infinite-scroll-item","generate-columns","tablet-grid-50","mobile-grid-100","grid-parent","grid-33","no-featured-image-padding"],"acf":[],"yoast_head":"<!-- This site is optimized with the Yoast SEO plugin v27.4 - https:\/\/yoast.com\/product\/yoast-seo-wordpress\/ -->\n<title>ASAN-\u0131n b\u00f6y\u00fckl\u00fcy\u00fc - MEYDAN.TV<\/title>\n<meta name=\"robots\" content=\"index, follow, max-snippet:-1, max-image-preview:large, max-video-preview:-1\" \/>\n<link rel=\"canonical\" href=\"https:\/\/www.meydan.tv\/az\/article\/asan-in-boyukluyu\/\" \/>\n<meta property=\"og:locale\" content=\"az_AZ\" \/>\n<meta property=\"og:type\" content=\"article\" \/>\n<meta property=\"og:title\" content=\"ASAN-\u0131n b\u00f6y\u00fckl\u00fcy\u00fc - MEYDAN.TV\" \/>\n<meta property=\"og:description\" content=\"Sovet m\u0259kan\u0131n\u0131n n\u0259 v\u0259ziyy\u0259td\u0259 olma\u011f\u0131ndan b\u0259lli olur sizin intellektiniz...\" \/>\n<meta property=\"og:url\" content=\"https:\/\/www.meydan.tv\/az\/article\/asan-in-boyukluyu\/\" \/>\n<meta property=\"og:site_name\" content=\"MEYDAN.TV\" \/>\n<meta property=\"article:published_time\" content=\"2014-02-12T12:27:43+00:00\" \/>\n<meta property=\"og:image\" content=\"https:\/\/www.meydan.tv\/wp-content\/uploads\/1243.png\" \/>\n\t<meta property=\"og:image:width\" content=\"500\" \/>\n\t<meta property=\"og:image:height\" content=\"500\" \/>\n\t<meta property=\"og:image:type\" content=\"image\/png\" \/>\n<meta name=\"author\" content=\"user-manager\" \/>\n<meta name=\"twitter:card\" content=\"summary_large_image\" \/>\n<script type=\"application\/ld+json\" class=\"yoast-schema-graph\">{\"@context\":\"https:\\\/\\\/schema.org\",\"@graph\":[{\"@type\":\"Article\",\"@id\":\"https:\\\/\\\/www.meydan.tv\\\/az\\\/article\\\/asan-in-boyukluyu\\\/#article\",\"isPartOf\":{\"@id\":\"https:\\\/\\\/www.meydan.tv\\\/az\\\/article\\\/asan-in-boyukluyu\\\/\"},\"author\":{\"name\":\"user-manager\",\"@id\":\"https:\\\/\\\/www.meydan.tv\\\/az\\\/#\\\/schema\\\/person\\\/10d11eccf6da3662cf5fdab9806ea91a\"},\"headline\":\"ASAN-\u0131n b\u00f6y\u00fckl\u00fcy\u00fc\",\"datePublished\":\"2014-02-12T12:27:43+00:00\",\"mainEntityOfPage\":{\"@id\":\"https:\\\/\\\/www.meydan.tv\\\/az\\\/article\\\/asan-in-boyukluyu\\\/\"},\"wordCount\":984,\"publisher\":{\"@id\":\"https:\\\/\\\/www.meydan.tv\\\/az\\\/#organization\"},\"image\":{\"@id\":\"https:\\\/\\\/www.meydan.tv\\\/az\\\/article\\\/asan-in-boyukluyu\\\/#primaryimage\"},\"thumbnailUrl\":\"https:\\\/\\\/www.meydan.tv\\\/wp-content\\\/uploads\\\/1243.png\",\"articleSection\":[\"M\u0259nim Fikrimc\u0259\"],\"inLanguage\":\"az\"},{\"@type\":\"WebPage\",\"@id\":\"https:\\\/\\\/www.meydan.tv\\\/az\\\/article\\\/asan-in-boyukluyu\\\/\",\"url\":\"https:\\\/\\\/www.meydan.tv\\\/az\\\/article\\\/asan-in-boyukluyu\\\/\",\"name\":\"ASAN-\u0131n b\u00f6y\u00fckl\u00fcy\u00fc - MEYDAN.TV\",\"isPartOf\":{\"@id\":\"https:\\\/\\\/www.meydan.tv\\\/az\\\/#website\"},\"primaryImageOfPage\":{\"@id\":\"https:\\\/\\\/www.meydan.tv\\\/az\\\/article\\\/asan-in-boyukluyu\\\/#primaryimage\"},\"image\":{\"@id\":\"https:\\\/\\\/www.meydan.tv\\\/az\\\/article\\\/asan-in-boyukluyu\\\/#primaryimage\"},\"thumbnailUrl\":\"https:\\\/\\\/www.meydan.tv\\\/wp-content\\\/uploads\\\/1243.png\",\"datePublished\":\"2014-02-12T12:27:43+00:00\",\"breadcrumb\":{\"@id\":\"https:\\\/\\\/www.meydan.tv\\\/az\\\/article\\\/asan-in-boyukluyu\\\/#breadcrumb\"},\"inLanguage\":\"az\",\"potentialAction\":[{\"@type\":\"ReadAction\",\"target\":[\"https:\\\/\\\/www.meydan.tv\\\/az\\\/article\\\/asan-in-boyukluyu\\\/\"]}]},{\"@type\":\"ImageObject\",\"inLanguage\":\"az\",\"@id\":\"https:\\\/\\\/www.meydan.tv\\\/az\\\/article\\\/asan-in-boyukluyu\\\/#primaryimage\",\"url\":\"https:\\\/\\\/www.meydan.tv\\\/wp-content\\\/uploads\\\/1243.png\",\"contentUrl\":\"https:\\\/\\\/www.meydan.tv\\\/wp-content\\\/uploads\\\/1243.png\",\"width\":500,\"height\":500,\"caption\":\"Source:\"},{\"@type\":\"BreadcrumbList\",\"@id\":\"https:\\\/\\\/www.meydan.tv\\\/az\\\/article\\\/asan-in-boyukluyu\\\/#breadcrumb\",\"itemListElement\":[{\"@type\":\"ListItem\",\"position\":1,\"name\":\"Ana s\u0259hif\u0259\",\"item\":\"https:\\\/\\\/www.meydan.tv\\\/az\\\/\"},{\"@type\":\"ListItem\",\"position\":2,\"name\":\"M\u0259nim Fikrimc\u0259\",\"item\":\"https:\\\/\\\/www.meydan.tv\\\/az\\\/section\\\/menim-fikrimce\\\/\"},{\"@type\":\"ListItem\",\"position\":3,\"name\":\"ASAN-\u0131n b\u00f6y\u00fckl\u00fcy\u00fc\"}]},{\"@type\":\"WebSite\",\"@id\":\"https:\\\/\\\/www.meydan.tv\\\/az\\\/#website\",\"url\":\"https:\\\/\\\/www.meydan.tv\\\/az\\\/\",\"name\":\"MEYDAN.TV\",\"description\":\"Meydan TV Az\u0259rbaycan\u0131n media m\u0259kan\u0131ndak\u0131 alternativ s\u0259sidir\",\"publisher\":{\"@id\":\"https:\\\/\\\/www.meydan.tv\\\/az\\\/#organization\"},\"potentialAction\":[{\"@type\":\"SearchAction\",\"target\":{\"@type\":\"EntryPoint\",\"urlTemplate\":\"https:\\\/\\\/www.meydan.tv\\\/az\\\/?s={search_term_string}\"},\"query-input\":{\"@type\":\"PropertyValueSpecification\",\"valueRequired\":true,\"valueName\":\"search_term_string\"}}],\"inLanguage\":\"az\"},{\"@type\":\"Organization\",\"@id\":\"https:\\\/\\\/www.meydan.tv\\\/az\\\/#organization\",\"name\":\"Meydan TV\",\"url\":\"https:\\\/\\\/www.meydan.tv\\\/az\\\/\",\"logo\":{\"@type\":\"ImageObject\",\"inLanguage\":\"az\",\"@id\":\"https:\\\/\\\/www.meydan.tv\\\/az\\\/#\\\/schema\\\/logo\\\/image\\\/\",\"url\":\"https:\\\/\\\/www.meydan.tv\\\/wp-content\\\/uploads\\\/2021\\\/07\\\/meydan-logo.svg\",\"contentUrl\":\"https:\\\/\\\/www.meydan.tv\\\/wp-content\\\/uploads\\\/2021\\\/07\\\/meydan-logo.svg\",\"width\":195,\"height\":46,\"caption\":\"Meydan TV\"},\"image\":{\"@id\":\"https:\\\/\\\/www.meydan.tv\\\/az\\\/#\\\/schema\\\/logo\\\/image\\\/\"}},{\"@type\":\"Person\",\"@id\":\"https:\\\/\\\/www.meydan.tv\\\/az\\\/#\\\/schema\\\/person\\\/10d11eccf6da3662cf5fdab9806ea91a\",\"name\":\"user-manager\"}]}<\/script>\n<!-- \/ Yoast SEO plugin. -->","yoast_head_json":{"title":"ASAN-\u0131n b\u00f6y\u00fckl\u00fcy\u00fc - MEYDAN.TV","robots":{"index":"index","follow":"follow","max-snippet":"max-snippet:-1","max-image-preview":"max-image-preview:large","max-video-preview":"max-video-preview:-1"},"canonical":"https:\/\/www.meydan.tv\/az\/article\/asan-in-boyukluyu\/","og_locale":"az_AZ","og_type":"article","og_title":"ASAN-\u0131n b\u00f6y\u00fckl\u00fcy\u00fc - MEYDAN.TV","og_description":"Sovet m\u0259kan\u0131n\u0131n n\u0259 v\u0259ziyy\u0259td\u0259 olma\u011f\u0131ndan b\u0259lli olur sizin intellektiniz...","og_url":"https:\/\/www.meydan.tv\/az\/article\/asan-in-boyukluyu\/","og_site_name":"MEYDAN.TV","article_published_time":"2014-02-12T12:27:43+00:00","og_image":[{"width":500,"height":500,"url":"https:\/\/www.meydan.tv\/wp-content\/uploads\/1243.png","type":"image\/png"}],"author":"user-manager","twitter_card":"summary_large_image","schema":{"@context":"https:\/\/schema.org","@graph":[{"@type":"Article","@id":"https:\/\/www.meydan.tv\/az\/article\/asan-in-boyukluyu\/#article","isPartOf":{"@id":"https:\/\/www.meydan.tv\/az\/article\/asan-in-boyukluyu\/"},"author":{"name":"user-manager","@id":"https:\/\/www.meydan.tv\/az\/#\/schema\/person\/10d11eccf6da3662cf5fdab9806ea91a"},"headline":"ASAN-\u0131n b\u00f6y\u00fckl\u00fcy\u00fc","datePublished":"2014-02-12T12:27:43+00:00","mainEntityOfPage":{"@id":"https:\/\/www.meydan.tv\/az\/article\/asan-in-boyukluyu\/"},"wordCount":984,"publisher":{"@id":"https:\/\/www.meydan.tv\/az\/#organization"},"image":{"@id":"https:\/\/www.meydan.tv\/az\/article\/asan-in-boyukluyu\/#primaryimage"},"thumbnailUrl":"https:\/\/www.meydan.tv\/wp-content\/uploads\/1243.png","articleSection":["M\u0259nim Fikrimc\u0259"],"inLanguage":"az"},{"@type":"WebPage","@id":"https:\/\/www.meydan.tv\/az\/article\/asan-in-boyukluyu\/","url":"https:\/\/www.meydan.tv\/az\/article\/asan-in-boyukluyu\/","name":"ASAN-\u0131n b\u00f6y\u00fckl\u00fcy\u00fc - MEYDAN.TV","isPartOf":{"@id":"https:\/\/www.meydan.tv\/az\/#website"},"primaryImageOfPage":{"@id":"https:\/\/www.meydan.tv\/az\/article\/asan-in-boyukluyu\/#primaryimage"},"image":{"@id":"https:\/\/www.meydan.tv\/az\/article\/asan-in-boyukluyu\/#primaryimage"},"thumbnailUrl":"https:\/\/www.meydan.tv\/wp-content\/uploads\/1243.png","datePublished":"2014-02-12T12:27:43+00:00","breadcrumb":{"@id":"https:\/\/www.meydan.tv\/az\/article\/asan-in-boyukluyu\/#breadcrumb"},"inLanguage":"az","potentialAction":[{"@type":"ReadAction","target":["https:\/\/www.meydan.tv\/az\/article\/asan-in-boyukluyu\/"]}]},{"@type":"ImageObject","inLanguage":"az","@id":"https:\/\/www.meydan.tv\/az\/article\/asan-in-boyukluyu\/#primaryimage","url":"https:\/\/www.meydan.tv\/wp-content\/uploads\/1243.png","contentUrl":"https:\/\/www.meydan.tv\/wp-content\/uploads\/1243.png","width":500,"height":500,"caption":"Source:"},{"@type":"BreadcrumbList","@id":"https:\/\/www.meydan.tv\/az\/article\/asan-in-boyukluyu\/#breadcrumb","itemListElement":[{"@type":"ListItem","position":1,"name":"Ana s\u0259hif\u0259","item":"https:\/\/www.meydan.tv\/az\/"},{"@type":"ListItem","position":2,"name":"M\u0259nim Fikrimc\u0259","item":"https:\/\/www.meydan.tv\/az\/section\/menim-fikrimce\/"},{"@type":"ListItem","position":3,"name":"ASAN-\u0131n b\u00f6y\u00fckl\u00fcy\u00fc"}]},{"@type":"WebSite","@id":"https:\/\/www.meydan.tv\/az\/#website","url":"https:\/\/www.meydan.tv\/az\/","name":"MEYDAN.TV","description":"Meydan TV Az\u0259rbaycan\u0131n media m\u0259kan\u0131ndak\u0131 alternativ s\u0259sidir","publisher":{"@id":"https:\/\/www.meydan.tv\/az\/#organization"},"potentialAction":[{"@type":"SearchAction","target":{"@type":"EntryPoint","urlTemplate":"https:\/\/www.meydan.tv\/az\/?s={search_term_string}"},"query-input":{"@type":"PropertyValueSpecification","valueRequired":true,"valueName":"search_term_string"}}],"inLanguage":"az"},{"@type":"Organization","@id":"https:\/\/www.meydan.tv\/az\/#organization","name":"Meydan TV","url":"https:\/\/www.meydan.tv\/az\/","logo":{"@type":"ImageObject","inLanguage":"az","@id":"https:\/\/www.meydan.tv\/az\/#\/schema\/logo\/image\/","url":"https:\/\/www.meydan.tv\/wp-content\/uploads\/2021\/07\/meydan-logo.svg","contentUrl":"https:\/\/www.meydan.tv\/wp-content\/uploads\/2021\/07\/meydan-logo.svg","width":195,"height":46,"caption":"Meydan TV"},"image":{"@id":"https:\/\/www.meydan.tv\/az\/#\/schema\/logo\/image\/"}},{"@type":"Person","@id":"https:\/\/www.meydan.tv\/az\/#\/schema\/person\/10d11eccf6da3662cf5fdab9806ea91a","name":"user-manager"}]}},"_links":{"self":[{"href":"https:\/\/www.meydan.tv\/az\/wp-json\/wp\/v2\/posts\/163230","targetHints":{"allow":["GET"]}}],"collection":[{"href":"https:\/\/www.meydan.tv\/az\/wp-json\/wp\/v2\/posts"}],"about":[{"href":"https:\/\/www.meydan.tv\/az\/wp-json\/wp\/v2\/types\/post"}],"author":[{"embeddable":true,"href":"https:\/\/www.meydan.tv\/az\/wp-json\/wp\/v2\/users\/11"}],"replies":[{"embeddable":true,"href":"https:\/\/www.meydan.tv\/az\/wp-json\/wp\/v2\/comments?post=163230"}],"version-history":[{"count":0,"href":"https:\/\/www.meydan.tv\/az\/wp-json\/wp\/v2\/posts\/163230\/revisions"}],"wp:featuredmedia":[{"embeddable":true,"href":"https:\/\/www.meydan.tv\/az\/wp-json\/wp\/v2\/media\/5480"}],"wp:attachment":[{"href":"https:\/\/www.meydan.tv\/az\/wp-json\/wp\/v2\/media?parent=163230"}],"wp:term":[{"taxonomy":"category","embeddable":true,"href":"https:\/\/www.meydan.tv\/az\/wp-json\/wp\/v2\/categories?post=163230"},{"taxonomy":"post_tag","embeddable":true,"href":"https:\/\/www.meydan.tv\/az\/wp-json\/wp\/v2\/tags?post=163230"}],"curies":[{"name":"wp","href":"https:\/\/api.w.org\/{rel}","templated":true}]}}