{"id":163224,"date":"2014-02-10T20:33:15","date_gmt":"2014-02-10T20:33:15","guid":{"rendered":"https:\/\/www.meydan.tv\/article\/mocuze-gozleyen-elil\/"},"modified":"2014-02-10T20:33:15","modified_gmt":"2014-02-10T20:33:15","slug":"mocuze-gozleyen-elil","status":"publish","type":"post","link":"https:\/\/www.meydan.tv\/az\/article\/mocuze-gozleyen-elil\/","title":{"rendered":"M\u00f6c\u00fcz\u0259 g\u00f6zl\u0259y\u0259n \u0259lil"},"content":{"rendered":"<figure class=\"wp-block-image size-large\">\n  <img decoding=\"async\" src=\"https:\/\/www.meydan.tv\/az\/4887\/\" alt=\"\" class=\"wp-image-4887\"\/><figcaption><\/figcaption><\/figure>\n<figure class=\"wp-block-image size-large\">\n  <img decoding=\"async\" src=\"https:\/\/www.meydan.tv\/az\/4773\/\" alt=\"\" class=\"wp-image-4773\"\/><figcaption><\/figcaption><\/figure>\n<p>\n  M\u0259n \u0259lil arabas\u0131nda oturma\u011fa m\u0259cburam. Ot\u0259n d\u0259f\u0259 d\u0259 yazm\u0131\u015fdim \u2013 s\u0259hh\u0259tim\u0259 g\u00f6r\u0259 q\u0131\u015f aylar\u0131nda evd\u0259 oturmal\u0131 oluram. Amma havalar bir az isin\u0259n kimi evd\u0259 tap\u0131lm\u0131ram. G\u00fcn\u00fcm\u00fc a\u00e7\u0131q havada ke\u00e7irir\u0259m, imkan\u0131m olduqca h\u0259r yeri g\u0259zir\u0259m. Q\u0131\u015fda daha \u00e7ox kitab oxuyur, kinolara bax\u0131ram. Kitablar, filml\u0259r m\u0259n\u0259 he\u00e7 vaxt g\u00f6rm\u0259diyim yerl\u0259ri g\u00f6st\u0259rir, bilm\u0259diyim \u015feyl\u0259ri \u00f6yr\u0259dir&#8230;\n<\/p>\n<p>\n  \u018flill olmam\u0131\u015fdan qabaq, 19 ya\u015f\u0131ma q\u0259d\u0259r aktiv h\u0259yat t\u0259rzi ke\u00e7irtmi\u015f\u0259m. U\u015faql\u0131qdan karate v\u0259 s\u0259rb\u0259st g\u00fcl\u0259\u015f\u0259 b\u00f6y\u00fck maraq g\u00f6st\u0259rmi\u015f\u0259m. 6 il futbola getmi\u015f\u0259m. 17 ya\u015f\u0131mda Kapoeyra d\u00f6y\u00fc\u015f n\u00f6v\u00fc il\u0259 tan\u0131\u015f olmu\u015fam v\u0259 Az\u0259rbyacan Kapoeyra Fedarasiyas\u0131nda t\u0259limat\u00e7\u0131 v\u0259zif\u0259sin\u0259 q\u0259d\u0259r y\u00fcks\u0259lmi\u015f\u0259m.\n<\/p>\n<p>\n  19 ya\u015f\u0131mda q\u0259zaya d\u00fc\u015fd\u00fcm v\u0259 \u0259lil arabas\u0131nda oturma\u011fa m\u0259hkum oldum.<br \/>\n  <br \/>\n  Fiziki m\u0259hdudiyy\u0259tl\u0259rim\u0259 baxmayaraq, m\u0259\u015fqsiz v\u0259 h\u0259r\u0259k\u0259tsiz h\u0259yat t\u0259rzini q\u0259bul ed\u0259 bilmir\u0259m. \u0130tirdiyim sa\u011flaml\u0131\u011f\u0131 \u0259ld\u0259 etm\u0259k \u00fc\u00e7\u00fcn h\u0259r g\u00fcn fiziki h\u0259r\u0259k\u0259tl\u0259r edir\u0259m. \u018flill\u0259r \u00fc\u00e7\u00fcn ayr\u0131lm\u0131\u015f b\u0259rpa v\u0259 reabilitasiya m\u0259rk\u0259zl\u0259rin\u0259 gedir\u0259m. D\u00fczd\u00fcr orda b\u0259d\u0259n t\u0259rbiy\u0259si v\u0259 dig\u0259r m\u00fcalic\u0259 terapiyalar\u0131 \u00fcr\u0259yimc\u0259 deyil. Personal\u0131n v\u0259 instruktorlar\u0131n na\u015f\u0131l\u0131\u011f\u0131 ucbat\u0131ndan.\n<\/p>\n<p>\n  Bizim insanlar\u0131n \u0259ks\u0259riyy\u0259ti nec\u0259 t\u0259nb\u0259ldirs\u0259, \u0259lill\u0259rin \u00e7oxu da el\u0259 onlar kimidir. B\u0259rpa m\u0259rk\u0259zl\u0259rind\u0259 tez-tez q\u0259rib\u0259 bir hal\u0131n \u015fahidi oluram. Ora m\u00fcalic\u0259y\u0259 g\u0259l\u0259nl\u0259rin \u00e7oxu na\u015f\u0131 instruktorlar\u0131n g\u00f6z\u00fcnd\u0259n p\u0259rd\u0259 asmaq \u00fc\u00e7\u00fcn m\u0259\u015fq g\u00f6r\u00fcnt\u00fcs\u00fc yarad\u0131r, \u0259slind\u0259 is\u0259 he\u00e7 n\u0259 el\u0259mirl\u0259r. Onlar reabilitasiya m\u0259rk\u0259zl\u0259rin\u0259 ba\u015f qatmaq v\u0259 vaxt \u00f6ld\u00fcrm\u0259k niyy\u0259ti il\u0259 g\u0259lirl\u0259r. G\u00f6r\u00fcn, bu insanlar \u00f6zl\u0259rin\u0259 qar\u015f\u0131 nec\u0259 laqeyddirl\u0259r.<br \/>\n  <br \/>\n  B\u0259zil\u0259ri i\u00e7ki v\u0259 siqaret kimi pis v\u0259rdi\u015fl\u0259r\u0259 alud\u0259 olur. Bununla da fiziki m\u0259hdudiyy\u0259tl\u0259rini daha da \u00e7oxald\u0131r. Toplum \u00fc\u00e7\u00fcn, \u0259n az\u0131ndan, \u00f6zl\u0259ri \u00fc\u00e7\u00fcn daima yaras\u0131z olacaqlar\u0131 il\u0259 bar\u0131\u015f\u0131rlar.\n<\/p>\n<p>\n  H\u0259r\u015fey\u015f\u00fcnanslar bu fikirl\u0259rim\u0259 d\u0259 bir qulp ba\u011flay\u0131b, yen\u0259 h\u0259r \u015feyi \u00e7at\u0131\u015fmazl\u0131qlar\u0131n \u00fcst\u00fcn\u0259 atacaq. Halbuki el\u0259 \u0259lill\u0259r tan\u0131y\u0131ram, maddi imkanlar\u0131 \u00e7ox yax\u015f\u0131d\u0131r. Yax\u0131nlar\u0131 ev \u015f\u0259raitind\u0259 onlar\u0131n b\u0259rpa olmas\u0131 \u00fc\u00e7\u00fcn unikal \u015f\u0259rait yarad\u0131b. Evl\u0259rinin bir k\u00fcnc\u00fcn\u00fc \u0259lill\u0259r \u00fc\u00e7\u00fcn \u00e7ox faydal\u0131 idman qur\u011fu v\u0259 avadanl\u0131qlar\u0131 il\u0259 t\u0259min edib. Ev\u0259 x\u00fcsusi terapiyalar \u00fc\u00e7\u00fcn instruktorlar \u00e7a\u011f\u0131r\u0131rlar, xarici \u00f6lk\u0259l\u0259r\u0259 m\u00fcalic\u0259l\u0259r\u0259 yollay\u0131rlar, amma bu \u0259lill\u0259r ip\u0259-sapa yatm\u0131r ki, yatm\u0131r.\n<\/p>\n<p>\n  Ukraynada sanatoriyada m\u00fclic\u0259 ald\u0131\u011f\u0131m vaxtlarda ordak\u0131 \u0259lill\u0259rin ruh\u0259n nec\u0259 sa\u011flam, fiziki aktivliyinin nec\u0259 y\u00fcks\u0259k oldu\u011funu g\u00f6rd\u00fcm. Ukraynada mill\u0259t nec\u0259 m\u00fcbarizdirs\u0259, \u0259lill\u0259ri d\u0259 el\u0259dir. Orda m\u00fcalic\u0259 ald\u0131\u011f\u0131m sanatoriyada bizim \u0259lill\u0259rin bir \u00e7oxu \u00f6zl\u0259rini \u00f6lk\u0259mizd\u0259 oldu\u011fundan da pis apar\u0131r, sanatoruyan\u0131n qaydalar\u0131na riay\u0259t etmir, m\u00fcalic\u0259l\u0259r\u0259 vaxt\u0131-vaxt\u0131nda girm\u0259k \u0259v\u0259zin\u0259, g\u00fcnl\u0259rini avara\u00e7\u0131l\u0131qla ke\u00e7irdirl\u0259r.\n<\/p>\n<p>\n  Aliml\u0259rin ara\u015fd\u0131rmas\u0131na g\u00f6r\u0259, t\u0259nb\u0259llik genetik fenomendir. \u00dcm\u00fcd edir\u0259m ki, yax\u0131n g\u0259l\u0259c\u0259kd\u0259 b\u00fct\u00fcn toplumumuz, bu m\u0259nfi fenomeni tarixin u\u00e7qun dalanlar\u0131nda burax\u0131b, \u0259zm\u0259-m\u00fcbariz\u0259y\u0259 ba\u015flayacaqlar.\n<\/p>\n<p>\n  Unutmay\u0131n ki, \u0259n b\u00f6y\u00fck itki &#8211; vaxt itkisidir. Mill\u0259timiz bunun f\u0259rqind\u0259 deyil. Bir \u0130ran \u015fairi deyib ki: \u201dT\u0259nb\u0259llik azad adam\u0131 k\u00f6l\u0259 ed\u0259r\u201d. Bizim toplum h\u0259r sah\u0259d\u0259 t\u0259nb\u0259ldir, amma yatmaq m\u0259s\u0259l\u0259sind\u0259 \u00e7ox f\u0259ald\u0131r. Mill\u0259t olaraq, onsuz da b\u00f6y\u00fck q\u0259fl\u0259t yuxusunday\u0131q, bir d\u0259 burda insan \u00fc\u00e7\u00fcn g\u00fcnd\u0259lik 7-8 saatl\u0131q, normativ yuxunun h\u0259ddini a\u015f\u0131r\u0131qsa, h\u0259qiq\u0259t\u0259n v\u0259ziyy\u0259timiz \u00e7ox ac\u0131nacaql\u0131d\u0131r.\n<\/p>\n<p>\n  C\u0259nubi Koreya, inki\u015faf etmi\u015f s\u0259naye v\u0259 iqtisadiyyata malikdir. D\u00fcnyada g\u0259miqay\u0131rma, polad emal\u0131, avtomobil, eloktron v\u0259 eloktrotexnika istehsal\u0131na g\u00f6r\u0259 \u0259sas yerl\u0259rd\u0259n birini tutur. Bu \u00f6lk\u0259nin v\u0259t\u0259nda\u015flar\u0131n\u0131n b\u00f6y\u00fck \u0259ks\u0259riyy\u0259ti sutkada 4 saat yat\u0131r. Art\u0131q yatma\u011f\u0131 vaxt itkisi hesab edirl\u0259r. \u00d6m\u00fcrl\u0259rini elm-texnologiyaya, xalq\u0131n\u0131n sosial-iqtisadi inki\u015faf\u0131na s\u0259rf edirl\u0259r. D\u00fcnyada \u0259n s\u00fcr\u0259tli internet C\u0259nubi Koreyadad\u0131r. Amma bizim mill\u0259t internet\u0259 vaxt \u00f6ld\u00fcrm\u0259k \u00fc\u00e7\u00fcn girir, orda faydas\u0131z \u015feyl\u0259rl\u0259 m\u0259\u015f\u011ful olur. M\u00fctali\u0259 etm\u0259y\u0259 guya s\u0259bri olmayan v\u0259t\u0259nda\u015f\u0131m\u0131z sosial \u015f\u0259b\u0259k\u0259l\u0259rd\u0259n as\u0131l\u0131 v\u0259ziyy\u0259t\u0259 d\u00fc\u015f\u00fcb. \u00d6m\u00fcrl\u0259rini virtual olaraq sosial \u015f\u0259b\u0259k\u0259l\u0259rd\u0259 ke\u00e7irdirl\u0259r.\n<\/p>\n<p>\n  T\u0259bii ki, yazdi\u011f\u0131m\u0131 oxuyan insanlar\u0131n b\u0259zil\u0259ri Az\u0259rbaycanda C\u0259nubi Koreya v\u0259t\u0259nda\u015f\u0131 \u00fc\u00e7\u00fcn yarad\u0131lm\u0131\u015f m\u00fcnbit \u015f\u0259raitin v\u0259 resurslar\u0131n olmad\u0131\u011f\u0131n\u0131 dey\u0259c\u0259k. Amma insan\u0131n u\u011fur \u0259ld\u0259 etm\u0259si \u00fc\u00e7\u00fcn, elm \u0259ld\u0259 etm\u0259si \u00fc\u00e7\u00fcn, bir s\u00f6zl\u0259, h\u0259r t\u0259r\u0259fli inki\u015faf\u0131 \u00fc\u00e7\u00fcn sehrli d\u00fcnya olan kitablar var. \u0130nsan h\u0259r g\u00fcn m\u00fctail\u0259 etm\u0259kl\u0259 oxudu\u011fu kitablar\u0131n sirrl\u0259rin\u0259 yiy\u0259l\u0259nir v\u0259 n\u0259tic\u0259 olaraq, beynin h\u0259r\u0259k\u0259ti il\u0259 insan kamilliy\u0259 do\u011fru gedir.\n<\/p>\n<p>\n  Bu, bizim h\u0259r\u015fey\u015f\u00fcnaslara \u00e7ox pirimitiv g\u00f6r\u00fcn\u0259 bil\u0259r. Misal \u00fc\u00e7\u00fcn, dey\u0259 bil\u0259r\u0259m ki, m\u0259nim \u00e7ox h\u00f6rm\u0259t etdiyim Harvard Universitetinin v\u0259 Massa\u00e7usets Texnologiya \u0130nstitutunun professoru, \u00e7in \u0259silli amerikal\u0131 Nelson Kianqa 5 ya\u015f\u0131ndan etibar\u0259n g\u00fcnd\u0259 ancaq 3 saat yatar v\u0259 gec\u0259l\u0259r 2-3 kitab bitirir. Ona 3 d\u0259f\u0259 Nobel m\u00fckafat\u0131 t\u0259klif edils\u0259 d\u0259, siyasi xarakterli m\u00fckafatdan imtina edib.\n<\/p>\n<p>\n  Bu u\u011furlara o, ancaq oxudu\u011fu kitablar, \u00e7al\u0131\u015fqanl\u0131\u011f\u0131, z\u0259hm\u0259ti say\u0259sind\u0259 y\u00fcks\u0259lib.\n<\/p>\n<p>\n  <b><br \/>\n    <i><br \/>\n      P.S. \u018flill\u0259rin \u00e7oxu deyir, niy\u0259 m\u0259\u015fq ed\u0259k? Onsuz da aya\u011fa durmayaca\u011f\u0131q, \u0259vv\u0259lki kimi g\u0259z\u0259 bilm\u0259yc\u0259yik. Amma unudurlar ki, h\u0259r\u0259k\u0259t etm\u0259m\u0259k sidik kis\u0259sind\u0259 v\u0259 b\u00f6yr\u0259kl\u0259rd\u0259 da\u015f \u0259m\u0259l\u0259 g\u0259tirir. \u00dcr\u0259k v\u0259 qan- damar sistemin\u0259 m\u0259nfi t\u0259sir edir. \u018fz\u0259l\u0259l\u0259rd\u0259 atrofiya \u0259m\u0259l\u0259 g\u0259tirir. N\u0259tic\u0259d\u0259 \u0259lilin fiziki m\u0259hdudiyy\u0259tl\u0259ri daha da artir.<br \/>\n    <\/i><br \/>\n  <\/b>\n<\/p>\n<p>\n  <b><br \/>\n    <i><br \/>\n      B\u0259zi \u0259llill\u0259r d\u0259 var ki, oturub, dua edir, m\u00f6c\u00fcz\u0259 g\u00f6zl\u0259yirl\u0259r. M\u00fcbariz\u0259 aparm\u0131rlar.<br \/>\n    <\/i><br \/>\n  <\/b><\/p>\n","protected":false},"excerpt":{"rendered":"<p>Ukraynada mill\u0259t nec\u0259 m\u00fcbarizdirs\u0259, \u0259lill\u0259ri d\u0259 el\u0259dir.<\/p>\n","protected":false},"author":11,"featured_media":4887,"comment_status":"closed","ping_status":"open","sticky":false,"template":"","format":"standard","meta":{"_acf_changed":false,"_sitemap_exclude":false,"_sitemap_priority":"","_sitemap_frequency":"","footnotes":""},"categories":[57],"tags":[],"class_list":["post-163224","post","type-post","status-publish","format-standard","has-post-thumbnail","hentry","category-menim-fikrimce","infinite-scroll-item","generate-columns","tablet-grid-50","mobile-grid-100","grid-parent","grid-33","no-featured-image-padding"],"acf":[],"yoast_head":"<!-- This site is optimized with the Yoast SEO plugin v27.4 - https:\/\/yoast.com\/product\/yoast-seo-wordpress\/ -->\n<title>M\u00f6c\u00fcz\u0259 g\u00f6zl\u0259y\u0259n \u0259lil - MEYDAN.TV<\/title>\n<meta name=\"robots\" content=\"index, follow, max-snippet:-1, max-image-preview:large, max-video-preview:-1\" \/>\n<link rel=\"canonical\" href=\"https:\/\/www.meydan.tv\/az\/article\/mocuze-gozleyen-elil\/\" \/>\n<meta property=\"og:locale\" content=\"az_AZ\" \/>\n<meta property=\"og:type\" content=\"article\" \/>\n<meta property=\"og:title\" content=\"M\u00f6c\u00fcz\u0259 g\u00f6zl\u0259y\u0259n \u0259lil - MEYDAN.TV\" \/>\n<meta property=\"og:description\" content=\"Ukraynada mill\u0259t nec\u0259 m\u00fcbarizdirs\u0259, \u0259lill\u0259ri d\u0259 el\u0259dir.\" \/>\n<meta property=\"og:url\" content=\"https:\/\/www.meydan.tv\/az\/article\/mocuze-gozleyen-elil\/\" \/>\n<meta property=\"og:site_name\" content=\"MEYDAN.TV\" \/>\n<meta property=\"article:published_time\" content=\"2014-02-10T20:33:15+00:00\" \/>\n<meta property=\"og:image\" content=\"https:\/\/www.meydan.tv\/wp-content\/uploads\/871.png\" \/>\n\t<meta property=\"og:image:width\" content=\"500\" \/>\n\t<meta property=\"og:image:height\" content=\"500\" \/>\n\t<meta property=\"og:image:type\" content=\"image\/png\" \/>\n<meta name=\"author\" content=\"user-manager\" \/>\n<meta name=\"twitter:card\" content=\"summary_large_image\" \/>\n<script type=\"application\/ld+json\" class=\"yoast-schema-graph\">{\"@context\":\"https:\\\/\\\/schema.org\",\"@graph\":[{\"@type\":\"Article\",\"@id\":\"https:\\\/\\\/www.meydan.tv\\\/az\\\/article\\\/mocuze-gozleyen-elil\\\/#article\",\"isPartOf\":{\"@id\":\"https:\\\/\\\/www.meydan.tv\\\/az\\\/article\\\/mocuze-gozleyen-elil\\\/\"},\"author\":{\"name\":\"user-manager\",\"@id\":\"https:\\\/\\\/www.meydan.tv\\\/az\\\/#\\\/schema\\\/person\\\/10d11eccf6da3662cf5fdab9806ea91a\"},\"headline\":\"M\u00f6c\u00fcz\u0259 g\u00f6zl\u0259y\u0259n \u0259lil\",\"datePublished\":\"2014-02-10T20:33:15+00:00\",\"mainEntityOfPage\":{\"@id\":\"https:\\\/\\\/www.meydan.tv\\\/az\\\/article\\\/mocuze-gozleyen-elil\\\/\"},\"wordCount\":1155,\"publisher\":{\"@id\":\"https:\\\/\\\/www.meydan.tv\\\/az\\\/#organization\"},\"image\":{\"@id\":\"https:\\\/\\\/www.meydan.tv\\\/az\\\/article\\\/mocuze-gozleyen-elil\\\/#primaryimage\"},\"thumbnailUrl\":\"https:\\\/\\\/www.meydan.tv\\\/wp-content\\\/uploads\\\/871.png\",\"articleSection\":[\"M\u0259nim Fikrimc\u0259\"],\"inLanguage\":\"az\"},{\"@type\":\"WebPage\",\"@id\":\"https:\\\/\\\/www.meydan.tv\\\/az\\\/article\\\/mocuze-gozleyen-elil\\\/\",\"url\":\"https:\\\/\\\/www.meydan.tv\\\/az\\\/article\\\/mocuze-gozleyen-elil\\\/\",\"name\":\"M\u00f6c\u00fcz\u0259 g\u00f6zl\u0259y\u0259n \u0259lil - MEYDAN.TV\",\"isPartOf\":{\"@id\":\"https:\\\/\\\/www.meydan.tv\\\/az\\\/#website\"},\"primaryImageOfPage\":{\"@id\":\"https:\\\/\\\/www.meydan.tv\\\/az\\\/article\\\/mocuze-gozleyen-elil\\\/#primaryimage\"},\"image\":{\"@id\":\"https:\\\/\\\/www.meydan.tv\\\/az\\\/article\\\/mocuze-gozleyen-elil\\\/#primaryimage\"},\"thumbnailUrl\":\"https:\\\/\\\/www.meydan.tv\\\/wp-content\\\/uploads\\\/871.png\",\"datePublished\":\"2014-02-10T20:33:15+00:00\",\"breadcrumb\":{\"@id\":\"https:\\\/\\\/www.meydan.tv\\\/az\\\/article\\\/mocuze-gozleyen-elil\\\/#breadcrumb\"},\"inLanguage\":\"az\",\"potentialAction\":[{\"@type\":\"ReadAction\",\"target\":[\"https:\\\/\\\/www.meydan.tv\\\/az\\\/article\\\/mocuze-gozleyen-elil\\\/\"]}]},{\"@type\":\"ImageObject\",\"inLanguage\":\"az\",\"@id\":\"https:\\\/\\\/www.meydan.tv\\\/az\\\/article\\\/mocuze-gozleyen-elil\\\/#primaryimage\",\"url\":\"https:\\\/\\\/www.meydan.tv\\\/wp-content\\\/uploads\\\/871.png\",\"contentUrl\":\"https:\\\/\\\/www.meydan.tv\\\/wp-content\\\/uploads\\\/871.png\",\"width\":500,\"height\":500,\"caption\":\"Source:\"},{\"@type\":\"BreadcrumbList\",\"@id\":\"https:\\\/\\\/www.meydan.tv\\\/az\\\/article\\\/mocuze-gozleyen-elil\\\/#breadcrumb\",\"itemListElement\":[{\"@type\":\"ListItem\",\"position\":1,\"name\":\"Ana s\u0259hif\u0259\",\"item\":\"https:\\\/\\\/www.meydan.tv\\\/az\\\/\"},{\"@type\":\"ListItem\",\"position\":2,\"name\":\"M\u0259nim Fikrimc\u0259\",\"item\":\"https:\\\/\\\/www.meydan.tv\\\/az\\\/section\\\/menim-fikrimce\\\/\"},{\"@type\":\"ListItem\",\"position\":3,\"name\":\"M\u00f6c\u00fcz\u0259 g\u00f6zl\u0259y\u0259n \u0259lil\"}]},{\"@type\":\"WebSite\",\"@id\":\"https:\\\/\\\/www.meydan.tv\\\/az\\\/#website\",\"url\":\"https:\\\/\\\/www.meydan.tv\\\/az\\\/\",\"name\":\"MEYDAN.TV\",\"description\":\"Meydan TV Az\u0259rbaycan\u0131n media m\u0259kan\u0131ndak\u0131 alternativ s\u0259sidir\",\"publisher\":{\"@id\":\"https:\\\/\\\/www.meydan.tv\\\/az\\\/#organization\"},\"potentialAction\":[{\"@type\":\"SearchAction\",\"target\":{\"@type\":\"EntryPoint\",\"urlTemplate\":\"https:\\\/\\\/www.meydan.tv\\\/az\\\/?s={search_term_string}\"},\"query-input\":{\"@type\":\"PropertyValueSpecification\",\"valueRequired\":true,\"valueName\":\"search_term_string\"}}],\"inLanguage\":\"az\"},{\"@type\":\"Organization\",\"@id\":\"https:\\\/\\\/www.meydan.tv\\\/az\\\/#organization\",\"name\":\"Meydan TV\",\"url\":\"https:\\\/\\\/www.meydan.tv\\\/az\\\/\",\"logo\":{\"@type\":\"ImageObject\",\"inLanguage\":\"az\",\"@id\":\"https:\\\/\\\/www.meydan.tv\\\/az\\\/#\\\/schema\\\/logo\\\/image\\\/\",\"url\":\"https:\\\/\\\/www.meydan.tv\\\/wp-content\\\/uploads\\\/2021\\\/07\\\/meydan-logo.svg\",\"contentUrl\":\"https:\\\/\\\/www.meydan.tv\\\/wp-content\\\/uploads\\\/2021\\\/07\\\/meydan-logo.svg\",\"width\":195,\"height\":46,\"caption\":\"Meydan TV\"},\"image\":{\"@id\":\"https:\\\/\\\/www.meydan.tv\\\/az\\\/#\\\/schema\\\/logo\\\/image\\\/\"}},{\"@type\":\"Person\",\"@id\":\"https:\\\/\\\/www.meydan.tv\\\/az\\\/#\\\/schema\\\/person\\\/10d11eccf6da3662cf5fdab9806ea91a\",\"name\":\"user-manager\"}]}<\/script>\n<!-- \/ Yoast SEO plugin. -->","yoast_head_json":{"title":"M\u00f6c\u00fcz\u0259 g\u00f6zl\u0259y\u0259n \u0259lil - MEYDAN.TV","robots":{"index":"index","follow":"follow","max-snippet":"max-snippet:-1","max-image-preview":"max-image-preview:large","max-video-preview":"max-video-preview:-1"},"canonical":"https:\/\/www.meydan.tv\/az\/article\/mocuze-gozleyen-elil\/","og_locale":"az_AZ","og_type":"article","og_title":"M\u00f6c\u00fcz\u0259 g\u00f6zl\u0259y\u0259n \u0259lil - MEYDAN.TV","og_description":"Ukraynada mill\u0259t nec\u0259 m\u00fcbarizdirs\u0259, \u0259lill\u0259ri d\u0259 el\u0259dir.","og_url":"https:\/\/www.meydan.tv\/az\/article\/mocuze-gozleyen-elil\/","og_site_name":"MEYDAN.TV","article_published_time":"2014-02-10T20:33:15+00:00","og_image":[{"width":500,"height":500,"url":"https:\/\/www.meydan.tv\/wp-content\/uploads\/871.png","type":"image\/png"}],"author":"user-manager","twitter_card":"summary_large_image","schema":{"@context":"https:\/\/schema.org","@graph":[{"@type":"Article","@id":"https:\/\/www.meydan.tv\/az\/article\/mocuze-gozleyen-elil\/#article","isPartOf":{"@id":"https:\/\/www.meydan.tv\/az\/article\/mocuze-gozleyen-elil\/"},"author":{"name":"user-manager","@id":"https:\/\/www.meydan.tv\/az\/#\/schema\/person\/10d11eccf6da3662cf5fdab9806ea91a"},"headline":"M\u00f6c\u00fcz\u0259 g\u00f6zl\u0259y\u0259n \u0259lil","datePublished":"2014-02-10T20:33:15+00:00","mainEntityOfPage":{"@id":"https:\/\/www.meydan.tv\/az\/article\/mocuze-gozleyen-elil\/"},"wordCount":1155,"publisher":{"@id":"https:\/\/www.meydan.tv\/az\/#organization"},"image":{"@id":"https:\/\/www.meydan.tv\/az\/article\/mocuze-gozleyen-elil\/#primaryimage"},"thumbnailUrl":"https:\/\/www.meydan.tv\/wp-content\/uploads\/871.png","articleSection":["M\u0259nim Fikrimc\u0259"],"inLanguage":"az"},{"@type":"WebPage","@id":"https:\/\/www.meydan.tv\/az\/article\/mocuze-gozleyen-elil\/","url":"https:\/\/www.meydan.tv\/az\/article\/mocuze-gozleyen-elil\/","name":"M\u00f6c\u00fcz\u0259 g\u00f6zl\u0259y\u0259n \u0259lil - MEYDAN.TV","isPartOf":{"@id":"https:\/\/www.meydan.tv\/az\/#website"},"primaryImageOfPage":{"@id":"https:\/\/www.meydan.tv\/az\/article\/mocuze-gozleyen-elil\/#primaryimage"},"image":{"@id":"https:\/\/www.meydan.tv\/az\/article\/mocuze-gozleyen-elil\/#primaryimage"},"thumbnailUrl":"https:\/\/www.meydan.tv\/wp-content\/uploads\/871.png","datePublished":"2014-02-10T20:33:15+00:00","breadcrumb":{"@id":"https:\/\/www.meydan.tv\/az\/article\/mocuze-gozleyen-elil\/#breadcrumb"},"inLanguage":"az","potentialAction":[{"@type":"ReadAction","target":["https:\/\/www.meydan.tv\/az\/article\/mocuze-gozleyen-elil\/"]}]},{"@type":"ImageObject","inLanguage":"az","@id":"https:\/\/www.meydan.tv\/az\/article\/mocuze-gozleyen-elil\/#primaryimage","url":"https:\/\/www.meydan.tv\/wp-content\/uploads\/871.png","contentUrl":"https:\/\/www.meydan.tv\/wp-content\/uploads\/871.png","width":500,"height":500,"caption":"Source:"},{"@type":"BreadcrumbList","@id":"https:\/\/www.meydan.tv\/az\/article\/mocuze-gozleyen-elil\/#breadcrumb","itemListElement":[{"@type":"ListItem","position":1,"name":"Ana s\u0259hif\u0259","item":"https:\/\/www.meydan.tv\/az\/"},{"@type":"ListItem","position":2,"name":"M\u0259nim Fikrimc\u0259","item":"https:\/\/www.meydan.tv\/az\/section\/menim-fikrimce\/"},{"@type":"ListItem","position":3,"name":"M\u00f6c\u00fcz\u0259 g\u00f6zl\u0259y\u0259n \u0259lil"}]},{"@type":"WebSite","@id":"https:\/\/www.meydan.tv\/az\/#website","url":"https:\/\/www.meydan.tv\/az\/","name":"MEYDAN.TV","description":"Meydan TV Az\u0259rbaycan\u0131n media m\u0259kan\u0131ndak\u0131 alternativ s\u0259sidir","publisher":{"@id":"https:\/\/www.meydan.tv\/az\/#organization"},"potentialAction":[{"@type":"SearchAction","target":{"@type":"EntryPoint","urlTemplate":"https:\/\/www.meydan.tv\/az\/?s={search_term_string}"},"query-input":{"@type":"PropertyValueSpecification","valueRequired":true,"valueName":"search_term_string"}}],"inLanguage":"az"},{"@type":"Organization","@id":"https:\/\/www.meydan.tv\/az\/#organization","name":"Meydan TV","url":"https:\/\/www.meydan.tv\/az\/","logo":{"@type":"ImageObject","inLanguage":"az","@id":"https:\/\/www.meydan.tv\/az\/#\/schema\/logo\/image\/","url":"https:\/\/www.meydan.tv\/wp-content\/uploads\/2021\/07\/meydan-logo.svg","contentUrl":"https:\/\/www.meydan.tv\/wp-content\/uploads\/2021\/07\/meydan-logo.svg","width":195,"height":46,"caption":"Meydan TV"},"image":{"@id":"https:\/\/www.meydan.tv\/az\/#\/schema\/logo\/image\/"}},{"@type":"Person","@id":"https:\/\/www.meydan.tv\/az\/#\/schema\/person\/10d11eccf6da3662cf5fdab9806ea91a","name":"user-manager"}]}},"_links":{"self":[{"href":"https:\/\/www.meydan.tv\/az\/wp-json\/wp\/v2\/posts\/163224","targetHints":{"allow":["GET"]}}],"collection":[{"href":"https:\/\/www.meydan.tv\/az\/wp-json\/wp\/v2\/posts"}],"about":[{"href":"https:\/\/www.meydan.tv\/az\/wp-json\/wp\/v2\/types\/post"}],"author":[{"embeddable":true,"href":"https:\/\/www.meydan.tv\/az\/wp-json\/wp\/v2\/users\/11"}],"replies":[{"embeddable":true,"href":"https:\/\/www.meydan.tv\/az\/wp-json\/wp\/v2\/comments?post=163224"}],"version-history":[{"count":0,"href":"https:\/\/www.meydan.tv\/az\/wp-json\/wp\/v2\/posts\/163224\/revisions"}],"wp:featuredmedia":[{"embeddable":true,"href":"https:\/\/www.meydan.tv\/az\/wp-json\/wp\/v2\/media\/4887"}],"wp:attachment":[{"href":"https:\/\/www.meydan.tv\/az\/wp-json\/wp\/v2\/media?parent=163224"}],"wp:term":[{"taxonomy":"category","embeddable":true,"href":"https:\/\/www.meydan.tv\/az\/wp-json\/wp\/v2\/categories?post=163224"},{"taxonomy":"post_tag","embeddable":true,"href":"https:\/\/www.meydan.tv\/az\/wp-json\/wp\/v2\/tags?post=163224"}],"curies":[{"name":"wp","href":"https:\/\/api.w.org\/{rel}","templated":true}]}}