{"id":163220,"date":"2014-02-08T19:15:02","date_gmt":"2014-02-08T19:15:02","guid":{"rendered":"https:\/\/www.meydan.tv\/article\/sebeb-ve-netice-arasinda-qalan-siyaset\/"},"modified":"2014-02-08T19:15:02","modified_gmt":"2014-02-08T19:15:02","slug":"sebeb-ve-netice-arasinda-qalan-siyaset","status":"publish","type":"post","link":"https:\/\/www.meydan.tv\/az\/article\/sebeb-ve-netice-arasinda-qalan-siyaset\/","title":{"rendered":"S\u0259b\u0259b v\u0259 N\u0259tic\u0259 aras\u0131nda qalan Siyas\u0259t"},"content":{"rendered":"<figure class=\"wp-block-image size-large\">\n  <img decoding=\"async\" src=\"https:\/\/www.meydan.tv\/az\/3946\/\" alt=\"\" class=\"wp-image-3946\"\/><figcaption><\/figcaption><\/figure>\n<\/p>\n<figure class=\"wp-block-image size-large\">\n  <img decoding=\"async\" src=\"https:\/\/www.meydan.tv\/az\/4175\/\" alt=\"\" class=\"wp-image-4175\"\/><figcaption><\/figcaption><\/figure>\n<p>\n  Elmin \u0259n \u0259sas kateqoriyalar\u0131ndan biri s\u0259b\u0259b n\u0259tic\u0259 \u0259laq\u0259sinin qurulmas\u0131 prosesidir. Bu proses ingilis dilind\u0259<br \/>\n  <i><br \/>\n    \u201ccausality\u201d<br \/>\n  <\/i><br \/>\n  olaraq ke\u00e7ir. Sosial v\u0259 iqtisad elml\u0259rind\u0259 m\u00fct\u0259x\u0259ssisl\u0259r \u0259sas\u0259n iki formatda elmi ara\u015fd\u0131rmalar apar\u0131rlar. Etdikl\u0259ri t\u0259dqiqatlar n\u0259tic\u0259sind\u0259 empirik m\u0259lumatlar toplay\u0131b, daha sonra bu m\u0259lumatlar \u0259sas\u0131nda n\u0259z\u0259riyy\u0259 ir\u0259li s\u00fcr\u0259 v\u0259 ya ilk olaraq n\u0259z\u0259riyy\u0259 ir\u0259li s\u00fcr\u00fcb daha sonra z\u0259minl\u0259ri keyfiyy\u0259t<br \/>\n  <i><br \/>\n    (qualitative research methods)<br \/>\n  <\/i><br \/>\n  v\u0259 k\u0259miyy\u0259t<br \/>\n  <i><br \/>\n    (quantitative research methods)<br \/>\n  <\/i><br \/>\n  t\u0259dqiqat metodlar\u0131 il\u0259 test ed\u0259 bil\u0259rl\u0259r.\n<\/p>\n<p>\n  Hipotezalar<br \/>\n  <i><br \/>\n    (s\u0259b\u0259b-n\u0259tic\u0259 ehtimallar\u0131)<br \/>\n  <\/i><br \/>\n  siyasi v\u0259 sosial h\u0259yat\u0131n b\u00fct\u00fcn sah\u0259l\u0259rini \u0259hat\u0259 ed\u0259 bil\u0259r. M\u0259s\u0259l\u0259n biz ilk bax\u0131\u015fdan test olunmas\u0131 m\u00fcmk\u00fcns\u00fcz g\u00f6r\u00fcn\u0259n bir hipoteza ir\u0259li s\u00fcr\u0259 bil\u0259rik:\n<\/p>\n<\/p>\n<p>\n  <b><br \/>\n    \u201cM\u0259rk\u0259zi Bank\u0131n m\u00fcst\u0259qil olmamas\u0131 n\u0259tic\u0259sind\u0259 Qaraba\u011f \u0259lili Zaur H\u0259s\u0259nov \u00f6z\u00fcn\u00fc yand\u0131rmaq m\u0259cburiyy\u0259tind\u0259 qald\u0131.\u201d<br \/>\n  <\/b>\n<\/p>\n<\/p>\n<p>\n  Bizim y\u00fcks\u0259k d\u0259r\u0259c\u0259d\u0259 m\u0259cazil\u0259\u015fdirilmi\u015f hipotezam\u0131z\u0131n iki z\u0259mni var. Birinci z\u0259min \u2013 s\u0259b\u0259b: M\u0259rk\u0259zi Bank\u0131n m\u00fcst\u0259qil olmamas\u0131, ikinci z\u0259min \u2013 n\u0259tic\u0259: Zaur H\u0259s\u0259novun \u00f6z\u00fcn\u00fc yand\u0131rmas\u0131. S\u0259b\u0259b v\u0259 n\u0259tic\u0259 aras\u0131ndak\u0131 ba\u011fl\u0131l\u0131\u011f\u0131 v\u0259 ehtimal d\u0259r\u0259cisini m\u00fc\u0259yy\u0259n etm\u0259k \u00fc\u00e7\u00fcn biz bu iki z\u0259min aras\u0131ndak\u0131 korrelasiyan\u0131 hesablama\u011f\u0131 bacarmal\u0131y\u0131q. Y\u0259ni m\u00fc\u0259yy\u0259n etm\u0259liyik ki, h\u0259qiq\u0259t\u0259n d\u0259 M\u0259rk\u0259zi Bank\u0131n m\u00fcst\u0259qil olmamas\u0131 Zaur H\u0259s\u0259novun \u00f6z\u00fcn\u0259 q\u0259sd etm\u0259si \u00fc\u00e7\u00fcn statistik bax\u0131mdan vacib t\u0259sir\u0259 malikdir<br \/>\n  <i><br \/>\n    (statistically significant)<br \/>\n  <\/i><br \/>\n  . M\u00fcxt\u0259lif n\u00f6v regressiya modell\u0259ri il\u0259 bu ba\u011fl\u0131l\u0131\u011f\u0131n statistik \u0259laq\u0259sini t\u0259xmin etm\u0259k m\u00fcmk\u00fcnd\u00fcr. Ancaq q\u0131sa k\u00f6\u015f\u0259 yaz\u0131s\u0131 il\u0259 b\u00fct\u00fcn bunlar\u0131 etm\u0259k kapasitesin\u0259 sahib deyilik.\n<\/p>\n<p>\n  Bu hipotezan\u0131 qeyd etm\u0259kd\u0259 m\u0259qs\u0259d makro m\u00fcst\u0259vid\u0259 iki f\u0259rqli hadis\u0259nin bir-birin\u0259 t\u0259sir etm\u0259 \u015fans\u0131n\u0131n ola bil\u0259c\u0259yi ehtimal\u0131n\u0131 g\u00f6st\u0259rm\u0259kdir. Daron Acemo\u011flu v\u0259 James Robinson \u00f6z<br \/>\n  <i><br \/>\n    \u201cHans\u0131 s\u0259b\u0259b\u0259 g\u00f6r\u0259 Xalqlar iflasa u\u011fray\u0131r?: G\u00fcc\u00fcn, \u0130nki\u015faf\u0131n v\u0259 Yoxsullu\u011fun m\u0259n\u015f\u0259yi\u201d<br \/>\n  <\/i><br \/>\n  adl\u0131 kitablar\u0131nda* xalqlar\u0131n u\u011fursuzlu\u011funun s\u0259b\u0259bl\u0259rini ara\u015fd\u0131r\u0131rlar. Onlara g\u00f6r\u0259 xalqlar\u0131n u\u011fursuzlu\u011funun \u0259sas s\u0259b\u0259bi qeyri-effektiv, qeyri-pe\u015f\u0259kar v\u0259 yaln\u0131z f\u0259rdi-siyasi maraqlar\u0131 n\u0259z\u0259r\u0259 alan, idar\u0259\u00e7iliy\u0259 cavabdeh institutlard\u0131r. Y\u0259ni institutlar d\u00f6vl\u0259tin daha da effektiv idar\u0259sini yox, bir \u015f\u0259xsin v\u0259 ya bir qrup insan\u0131n maraqlar\u0131n\u0131 n\u0259z\u0259r\u0259 al\u0131r. Bu hipotez\u0259 \u0259sas\u0259n M\u0259rk\u0259zi Bank da bir institutdur v\u0259 onun m\u00fcst\u0259qil olmamas\u0131, siyasi irad\u0259d\u0259n as\u0131l\u0131l\u0131\u011f\u0131 Az\u0259rbaycan xalq\u0131n\u0131n m\u00f6vcud v\u0259 ola bil\u0259c\u0259k u\u011fursuzlu\u011fun \u0259sas s\u0259b\u0259bl\u0259rind\u0259n biri kimi q\u0259bul edilir.\n<\/p>\n<p>\n  G\u0259lin \u0259vv\u0259lki ehtimal\u0131m\u0131z\u0131n birinci z\u0259mnini saxlayaq<br \/>\n  <i><br \/>\n    (M\u0259rk\u0259zi Bank\u0131n m\u00fcst\u0259qil olmamas\u0131)<br \/>\n  <\/i><br \/>\n  dig\u0259r z\u0259mni, y\u0259ni n\u0259tic\u0259ni is\u0259 d\u0259yi\u015f\u0259k:\n<\/p>\n<\/p>\n<p><div><\/div>\n<\/p>\n<table>\n<colgroup><\/colgroup>\n<tbody>\n<tr>\n<td>\n<p>\n            <b><br \/>\n              S\u0259b\u0259b<br \/>\n            <\/b>\n          <\/p>\n<\/td>\n<td>\n<p>\n            <b><br \/>\n              N\u0259tic\u0259<br \/>\n            <\/b>\n          <\/p>\n<\/td>\n<td>\n<p>\n            <b><br \/>\n              M\u00f6vcud Elmi \u018fd\u0259biyyatda Izah\u0131<br \/>\n            <\/b>\n          <\/p>\n<\/td>\n<\/tr>\n<\/tbody>\n<tbody>\n<tr>\n<td>\n<\/td>\n<td>\n<\/td>\n<\/tr>\n<tr>\n<td>\n<p>\n            <b><br \/>\n              M\u0259rk\u0259zi Bank\u0131n m\u00fcst\u0259qil olmamas\u0131<br \/>\n            <\/b>\n          <\/p>\n<\/td>\n<td>\n<p>\n            A\u015fa\u011f\u0131 Demokratik Hesabatl\u0131l\u0131q\n          <\/p>\n<\/td>\n<td>\n<p>\n            Cukierman, et.al. 1992. \u201cMeasuring the Independence of Central Banks and Its Effect on Policy Outcomes\u201d, Oxford Journals, Volume 6, Issue 3, pp. 353-398\n          <\/p>\n<\/td>\n<\/tr>\n<tr>\n<td>\n<p>\n            Y\u00fcks\u0259k \u0130nfilyasiya G\u00f6st\u0259ricil\u0259ri\n          <\/p>\n<\/td>\n<td>\n<p>\n            Loungani and Sheets, 1997. \u201cCentral Bank Independence, Inflation, and Growth in Transition Economies\u201d Journal of Money, Credit and Banking. Vol. 29. No. 3. pp. 381-399\n          <\/p>\n<\/td>\n<\/tr>\n<tr>\n<td>\n<\/td>\n<\/tr>\n<tr>\n<td>\n<p>\n            Qeyri &#8211; \u015e\u0259ffafl\u0131q\n          <\/p>\n<\/td>\n<td>\n<p>\n            Eijffinger and Geraats, 2002, \u201cHow Transparent are central banks?\u201d, Center for Economic Research, Tilburg University\n          <\/p>\n<\/td>\n<\/tr>\n<tr>\n<td>\n<p>\n            \u0130stismar edil\u0259n Siyasi Biznes D\u00f6vriyy\u0259l\u0259ri\n          <\/p>\n<\/td>\n<td>\n<p>\n            Alesina, et. al., 1993. \u201cCentral Bank performance and Macroeconomic Performance: some comparative evidence\u201d, Journal of Money, Credit and Banking, Vol. 25, No. 2, pp. 151-162\n          <\/p>\n<\/td>\n<\/tr>\n<\/tbody>\n<\/table>\n<p>\n  C\u0259dv\u0259lin birinci s\u00fctunu s\u0259b\u0259bi, ikinci s\u00fctunu n\u0259tic\u0259ni v\u0259 \u00fc\u00e7\u00fcnc\u00fc s\u00fctunu bu hipotezan\u0131 ir\u0259li s\u00fcr\u0259n elmi m\u0259qal\u0259ni g\u00f6st\u0259rir. \u018fks\u0259riyy\u0259t q\u0259bul edir ki, M\u0259rk\u0259zi Bank\u0131n m\u00fcst\u0259qil olmamas\u0131 \u00e7ox ciddi idar\u0259\u00e7ilik f\u0259sadlar\u0131na g\u0259tirib \u00e7\u0131xard\u0131r. C\u0259dv\u0259ld\u0259 sizin \u00fc\u00e7\u00fcn tan\u0131\u015f olmaya bil\u0259c\u0259k m\u00fcdd\u0259a ola bilsin ki, \u201cSiyasi Biznes D\u00f6vriyy\u0259l\u0259ri\u201d anlay\u0131\u015f\u0131d\u0131r. Sad\u0259 dild\u0259 izah ets\u0259k, Siyasi Biznes D\u00f6vriyy\u0259si h\u00f6kum\u0259tin v\u0259 ya iqtidarda olan partiyan\u0131n se\u00e7ki qaba\u011f\u0131 manipulyasiyalar etm\u0259kl\u0259 \u0259halini aldatma\u011fa \u00e7al\u0131\u015fmas\u0131d\u0131r. Bu manipulyasiya is\u0259 i\u015fsizlik v\u0259 infilyasiya aras\u0131nda apar\u0131l\u0131r. Bu proses ona g\u00f6r\u0259 d\u00f6vriyy\u0259 adlan\u0131r ki, manipulyasiya h\u0259r se\u00e7ki zaman\u0131 davam edir. Zamanla d\u00f6vriyy\u0259 el\u0259 bir h\u0259dd\u0259 g\u0259lib \u00e7at\u0131r ki, art\u0131q b\u00fcdc\u0259nin idar\u0259\u00e7iliyi n\u0259zar\u0259td\u0259n \u00e7\u0131x\u0131r. M\u0259s\u0259l\u0259n son d\u0259f\u0259, benzinin qiym\u0259tinin gec\u0259 saat 12-d\u0259 ani halda, he\u00e7 bir ictimai m\u00fczakir\u0259 olmadan qald\u0131r\u0131lmas\u0131 m\u0259hz prezident se\u00e7kil\u0259ri \u00f6nc\u0259si ekzessiv x\u0259rcl\u0259ri (b\u00fcdc\u0259 g\u0259lirl\u0259rinin azalmas\u0131 fonunda) \u00f6rt-basd\u0131r etm\u0259k idi. Se\u00e7ki \u00f6nc\u0259si iqtisadiyyat\u0131n canlanmas\u0131, i\u015fsizliyin azald\u0131lmas\u0131, m\u0259vacibl\u0259rin art\u0131r\u0131lmas\u0131 se\u00e7icil\u0259ri q\u0131sam\u00fcdd\u0259tli m\u0259mnun edir. Ancaq uzun m\u00fcdd\u0259tli vaded\u0259, se\u00e7ici infilyasiya haqq\u0131nda he\u00e7 n\u0259 fikirl\u0259\u015fmir \u2013 \u201cNa\u011fd\u0131 olsun, so\u011fan olsun\u201d m\u0259ntiqi il\u0259 siyasi rejim t\u0259r\u0259find\u0259n asanl\u0131qla aldad\u0131l\u0131r. N\u00f6vb\u0259ti se\u00e7kid\u0259 is\u0259 se\u00e7ici art\u0131q h\u0259r \u015feyi unudur, \u00e7\u00fcnki se\u00e7ici unutqand\u0131r \u2013 myopia x\u0259st\u0259liyind\u0259n \u0259ziyy\u0259t \u00e7\u0259kir. Siyasi Biznes D\u00f6vriyy\u0259si M\u0259rk\u0259zi Banklar\u0131n m\u00fcst\u0259qil oldu\u011fu \u00f6lk\u0259l\u0259rd\u0259 dem\u0259k olar ki, yox d\u0259r\u0259c\u0259sind\u0259dir.\n<\/p>\n<p>\n  Yuxar\u0131da d\u0259f\u0259l\u0259rl\u0259 M\u0259rk\u0259zi Bank\u0131n m\u00fcst\u0259qilliyi anlay\u0131\u015f\u0131n\u0131 vur\u011fulad\u0131q. M\u00fcst\u0259qillik anlay\u0131\u015f\u0131 ad\u0131 alt\u0131nda d\u00f6rd \u0259sas yana\u015fma n\u0259z\u0259rd\u0259 tutulur:\n<\/p>\n<p>\n  1. M\u0259rk\u0259zi Bank\u0131n h\u00fcquqi m\u00fcst\u0259qilliyi<br \/>\n  <br \/>\n  2. \u00d6z uzun v\u0259 q\u0131samm\u00fcdd\u0259tli m\u0259qds\u0259dinin m\u00fcst\u0259qil \u015f\u0259kild\u0259 m\u00fc\u0259yy\u0259n ed\u0259 bilm\u0259si<br \/>\n  <br \/>\n  3. \u018fm\u0259liyyat m\u00fcst\u0259qilliyi<br \/>\n  <br \/>\n  4. \u0130dar\u0259\u00e7ilik m\u00fcst\u0259qilliyi\n<\/p>\n<p>\n  Az\u0259rbaycanda M\u0259rk\u0259zi Bank\u0131n m\u00fcst\u0259qil olmamas\u0131 m\u00f6vzusunda y\u0259qin ki, ham\u0131 h\u0259mr\u0259ydir. M\u0259hz bu s\u0259b\u0259bd\u0259ndir ki, milli valyuta m\u0259z\u0259nn\u0259si daimi t\u0259zyiq alt\u0131ndad\u0131r. Xarici valyutaya olan etibar d\u0259f\u0259l\u0259rl\u0259 y\u00fcks\u0259kdir. Yanl\u0131\u015f idar\u0259\u00e7iliyin n\u0259tic\u0259sidir ki, Az\u0259rbaycanda h\u0259r hans\u0131sa bir m\u0259hsulu ail\u0259 t\u0259s\u0259rr\u00fcfat\u0131 s\u0259viyy\u0259sind\u0259 istehsal edib Avropa bazarlar\u0131na \u00e7\u0131xartmaq fantastikad\u0131r.\n<\/p>\n<p>\n  B\u00fct\u00fcn bunlar\u0131 yazmaqda m\u0259qs\u0259d, s\u0259b\u0259b n\u0259tic\u0259 \u0259laq\u0259sini quranda diqq\u0259tli olma\u011f\u0131n\u0131za s\u00f6vq etm\u0259kdir. V\u0259t\u0259nda\u015f yet\u0259rinc\u0259 savadl\u0131 olmal\u0131d\u0131r ki, manipulyasiyalara tab g\u0259tir\u0259 bilsin. Yaln\u0131z bu halda rifah c\u0259miyy\u0259ti qurmaq m\u00fcmk\u00fcn olacaq.\n<\/p>\n<p>\n  P.S. B\u0259lk\u0259 d\u0259 bu tipli m\u0259qal\u0259l\u0259r, oxucu k\u00fctl\u0259sinin maraq dair\u0259sind\u0259 deyil. \u00c7\u00fcnki bu maraq dair\u0259si el\u0259 dizayn edilib ki, sad\u0259 v\u0259t\u0259nda\u015f \u00fcmumiyy\u0259tl\u0259 n\u0259 siyas\u0259td\u0259n, n\u0259 d\u0259 iqtisadiyyatdan ba\u015f \u00e7\u0131xara bilsin. Ununtmay\u0131n ki, \u00f6z v\u0259t\u0259nda\u015flar\u0131n\u0131n siyasi savads\u0131zl\u0131\u011f\u0131 b\u00fct\u00fcn qeyri-demokratik rejiml\u0259rin \u0259ld\u0259 ed\u0259 bil\u0259c\u0259yi \u0259n \u0259v\u0259zedilm\u0259z cah-c\u0259lald\u0131r&#8230;\n<\/p>\n<p>\n  P.S.S. Elm yanl\u0131\u015fl\u0131qlar v\u0259 bo\u015fluqlar \u00fcz\u0259rind\u0259n inki\u015faf edir. Raz\u0131la\u015fmad\u0131\u011f\u0131n\u0131z m\u0259qamlar olanda fikirl\u0259rinizi b\u00f6l\u00fc\u015f\u00fcn, \u0259sasland\u0131r\u0131n. Siyasil\u0259\u015f\u0259k v\u0259 aldanmayaq&#8230;\n<\/p>\n<p>\n  *Why Nations Fail: The Origins of Power, Prosperity, and Poverty<\/p>\n","protected":false},"excerpt":{"rendered":"<p>V\u0259t\u0259nda\u015f yet\u0259rinc\u0259 savadl\u0131 olmal\u0131d\u0131r ki, manipulyasiyalara tab g\u0259tir\u0259 bilsin.<\/p>\n","protected":false},"author":11,"featured_media":3946,"comment_status":"closed","ping_status":"open","sticky":false,"template":"","format":"standard","meta":{"_acf_changed":false,"_sitemap_exclude":false,"_sitemap_priority":"","_sitemap_frequency":"","footnotes":""},"categories":[57],"tags":[],"class_list":["post-163220","post","type-post","status-publish","format-standard","has-post-thumbnail","hentry","category-menim-fikrimce","infinite-scroll-item","generate-columns","tablet-grid-50","mobile-grid-100","grid-parent","grid-33","no-featured-image-padding"],"acf":[],"yoast_head":"<!-- This site is optimized with the Yoast SEO plugin v27.4 - https:\/\/yoast.com\/product\/yoast-seo-wordpress\/ -->\n<title>S\u0259b\u0259b v\u0259 N\u0259tic\u0259 aras\u0131nda qalan Siyas\u0259t - MEYDAN.TV<\/title>\n<meta name=\"robots\" content=\"index, follow, max-snippet:-1, max-image-preview:large, max-video-preview:-1\" \/>\n<link rel=\"canonical\" href=\"https:\/\/www.meydan.tv\/az\/article\/sebeb-ve-netice-arasinda-qalan-siyaset\/\" \/>\n<meta property=\"og:locale\" content=\"az_AZ\" \/>\n<meta property=\"og:type\" content=\"article\" \/>\n<meta property=\"og:title\" content=\"S\u0259b\u0259b v\u0259 N\u0259tic\u0259 aras\u0131nda qalan Siyas\u0259t - MEYDAN.TV\" \/>\n<meta property=\"og:description\" content=\"V\u0259t\u0259nda\u015f yet\u0259rinc\u0259 savadl\u0131 olmal\u0131d\u0131r ki, manipulyasiyalara tab g\u0259tir\u0259 bilsin.\" \/>\n<meta property=\"og:url\" content=\"https:\/\/www.meydan.tv\/az\/article\/sebeb-ve-netice-arasinda-qalan-siyaset\/\" \/>\n<meta property=\"og:site_name\" content=\"MEYDAN.TV\" \/>\n<meta property=\"article:published_time\" content=\"2014-02-08T19:15:02+00:00\" \/>\n<meta property=\"og:image\" content=\"https:\/\/www.meydan.tv\/wp-content\/uploads\/558.png\" \/>\n\t<meta property=\"og:image:width\" content=\"400\" \/>\n\t<meta property=\"og:image:height\" content=\"400\" \/>\n\t<meta property=\"og:image:type\" content=\"image\/png\" \/>\n<meta name=\"author\" content=\"user-manager\" \/>\n<meta name=\"twitter:card\" content=\"summary_large_image\" \/>\n<script type=\"application\/ld+json\" class=\"yoast-schema-graph\">{\"@context\":\"https:\\\/\\\/schema.org\",\"@graph\":[{\"@type\":\"Article\",\"@id\":\"https:\\\/\\\/www.meydan.tv\\\/az\\\/article\\\/sebeb-ve-netice-arasinda-qalan-siyaset\\\/#article\",\"isPartOf\":{\"@id\":\"https:\\\/\\\/www.meydan.tv\\\/az\\\/article\\\/sebeb-ve-netice-arasinda-qalan-siyaset\\\/\"},\"author\":{\"name\":\"user-manager\",\"@id\":\"https:\\\/\\\/www.meydan.tv\\\/az\\\/#\\\/schema\\\/person\\\/10d11eccf6da3662cf5fdab9806ea91a\"},\"headline\":\"S\u0259b\u0259b v\u0259 N\u0259tic\u0259 aras\u0131nda qalan Siyas\u0259t\",\"datePublished\":\"2014-02-08T19:15:02+00:00\",\"mainEntityOfPage\":{\"@id\":\"https:\\\/\\\/www.meydan.tv\\\/az\\\/article\\\/sebeb-ve-netice-arasinda-qalan-siyaset\\\/\"},\"wordCount\":1371,\"publisher\":{\"@id\":\"https:\\\/\\\/www.meydan.tv\\\/az\\\/#organization\"},\"image\":{\"@id\":\"https:\\\/\\\/www.meydan.tv\\\/az\\\/article\\\/sebeb-ve-netice-arasinda-qalan-siyaset\\\/#primaryimage\"},\"thumbnailUrl\":\"https:\\\/\\\/www.meydan.tv\\\/wp-content\\\/uploads\\\/558.png\",\"articleSection\":[\"M\u0259nim Fikrimc\u0259\"],\"inLanguage\":\"az\"},{\"@type\":\"WebPage\",\"@id\":\"https:\\\/\\\/www.meydan.tv\\\/az\\\/article\\\/sebeb-ve-netice-arasinda-qalan-siyaset\\\/\",\"url\":\"https:\\\/\\\/www.meydan.tv\\\/az\\\/article\\\/sebeb-ve-netice-arasinda-qalan-siyaset\\\/\",\"name\":\"S\u0259b\u0259b v\u0259 N\u0259tic\u0259 aras\u0131nda qalan Siyas\u0259t - MEYDAN.TV\",\"isPartOf\":{\"@id\":\"https:\\\/\\\/www.meydan.tv\\\/az\\\/#website\"},\"primaryImageOfPage\":{\"@id\":\"https:\\\/\\\/www.meydan.tv\\\/az\\\/article\\\/sebeb-ve-netice-arasinda-qalan-siyaset\\\/#primaryimage\"},\"image\":{\"@id\":\"https:\\\/\\\/www.meydan.tv\\\/az\\\/article\\\/sebeb-ve-netice-arasinda-qalan-siyaset\\\/#primaryimage\"},\"thumbnailUrl\":\"https:\\\/\\\/www.meydan.tv\\\/wp-content\\\/uploads\\\/558.png\",\"datePublished\":\"2014-02-08T19:15:02+00:00\",\"breadcrumb\":{\"@id\":\"https:\\\/\\\/www.meydan.tv\\\/az\\\/article\\\/sebeb-ve-netice-arasinda-qalan-siyaset\\\/#breadcrumb\"},\"inLanguage\":\"az\",\"potentialAction\":[{\"@type\":\"ReadAction\",\"target\":[\"https:\\\/\\\/www.meydan.tv\\\/az\\\/article\\\/sebeb-ve-netice-arasinda-qalan-siyaset\\\/\"]}]},{\"@type\":\"ImageObject\",\"inLanguage\":\"az\",\"@id\":\"https:\\\/\\\/www.meydan.tv\\\/az\\\/article\\\/sebeb-ve-netice-arasinda-qalan-siyaset\\\/#primaryimage\",\"url\":\"https:\\\/\\\/www.meydan.tv\\\/wp-content\\\/uploads\\\/558.png\",\"contentUrl\":\"https:\\\/\\\/www.meydan.tv\\\/wp-content\\\/uploads\\\/558.png\",\"width\":400,\"height\":400,\"caption\":\"Source:\"},{\"@type\":\"BreadcrumbList\",\"@id\":\"https:\\\/\\\/www.meydan.tv\\\/az\\\/article\\\/sebeb-ve-netice-arasinda-qalan-siyaset\\\/#breadcrumb\",\"itemListElement\":[{\"@type\":\"ListItem\",\"position\":1,\"name\":\"Ana s\u0259hif\u0259\",\"item\":\"https:\\\/\\\/www.meydan.tv\\\/az\\\/\"},{\"@type\":\"ListItem\",\"position\":2,\"name\":\"M\u0259nim Fikrimc\u0259\",\"item\":\"https:\\\/\\\/www.meydan.tv\\\/az\\\/section\\\/menim-fikrimce\\\/\"},{\"@type\":\"ListItem\",\"position\":3,\"name\":\"S\u0259b\u0259b v\u0259 N\u0259tic\u0259 aras\u0131nda qalan Siyas\u0259t\"}]},{\"@type\":\"WebSite\",\"@id\":\"https:\\\/\\\/www.meydan.tv\\\/az\\\/#website\",\"url\":\"https:\\\/\\\/www.meydan.tv\\\/az\\\/\",\"name\":\"MEYDAN.TV\",\"description\":\"Meydan TV Az\u0259rbaycan\u0131n media m\u0259kan\u0131ndak\u0131 alternativ s\u0259sidir\",\"publisher\":{\"@id\":\"https:\\\/\\\/www.meydan.tv\\\/az\\\/#organization\"},\"potentialAction\":[{\"@type\":\"SearchAction\",\"target\":{\"@type\":\"EntryPoint\",\"urlTemplate\":\"https:\\\/\\\/www.meydan.tv\\\/az\\\/?s={search_term_string}\"},\"query-input\":{\"@type\":\"PropertyValueSpecification\",\"valueRequired\":true,\"valueName\":\"search_term_string\"}}],\"inLanguage\":\"az\"},{\"@type\":\"Organization\",\"@id\":\"https:\\\/\\\/www.meydan.tv\\\/az\\\/#organization\",\"name\":\"Meydan TV\",\"url\":\"https:\\\/\\\/www.meydan.tv\\\/az\\\/\",\"logo\":{\"@type\":\"ImageObject\",\"inLanguage\":\"az\",\"@id\":\"https:\\\/\\\/www.meydan.tv\\\/az\\\/#\\\/schema\\\/logo\\\/image\\\/\",\"url\":\"https:\\\/\\\/www.meydan.tv\\\/wp-content\\\/uploads\\\/2021\\\/07\\\/meydan-logo.svg\",\"contentUrl\":\"https:\\\/\\\/www.meydan.tv\\\/wp-content\\\/uploads\\\/2021\\\/07\\\/meydan-logo.svg\",\"width\":195,\"height\":46,\"caption\":\"Meydan TV\"},\"image\":{\"@id\":\"https:\\\/\\\/www.meydan.tv\\\/az\\\/#\\\/schema\\\/logo\\\/image\\\/\"}},{\"@type\":\"Person\",\"@id\":\"https:\\\/\\\/www.meydan.tv\\\/az\\\/#\\\/schema\\\/person\\\/10d11eccf6da3662cf5fdab9806ea91a\",\"name\":\"user-manager\"}]}<\/script>\n<!-- \/ Yoast SEO plugin. -->","yoast_head_json":{"title":"S\u0259b\u0259b v\u0259 N\u0259tic\u0259 aras\u0131nda qalan Siyas\u0259t - MEYDAN.TV","robots":{"index":"index","follow":"follow","max-snippet":"max-snippet:-1","max-image-preview":"max-image-preview:large","max-video-preview":"max-video-preview:-1"},"canonical":"https:\/\/www.meydan.tv\/az\/article\/sebeb-ve-netice-arasinda-qalan-siyaset\/","og_locale":"az_AZ","og_type":"article","og_title":"S\u0259b\u0259b v\u0259 N\u0259tic\u0259 aras\u0131nda qalan Siyas\u0259t - MEYDAN.TV","og_description":"V\u0259t\u0259nda\u015f yet\u0259rinc\u0259 savadl\u0131 olmal\u0131d\u0131r ki, manipulyasiyalara tab g\u0259tir\u0259 bilsin.","og_url":"https:\/\/www.meydan.tv\/az\/article\/sebeb-ve-netice-arasinda-qalan-siyaset\/","og_site_name":"MEYDAN.TV","article_published_time":"2014-02-08T19:15:02+00:00","og_image":[{"width":400,"height":400,"url":"https:\/\/www.meydan.tv\/wp-content\/uploads\/558.png","type":"image\/png"}],"author":"user-manager","twitter_card":"summary_large_image","schema":{"@context":"https:\/\/schema.org","@graph":[{"@type":"Article","@id":"https:\/\/www.meydan.tv\/az\/article\/sebeb-ve-netice-arasinda-qalan-siyaset\/#article","isPartOf":{"@id":"https:\/\/www.meydan.tv\/az\/article\/sebeb-ve-netice-arasinda-qalan-siyaset\/"},"author":{"name":"user-manager","@id":"https:\/\/www.meydan.tv\/az\/#\/schema\/person\/10d11eccf6da3662cf5fdab9806ea91a"},"headline":"S\u0259b\u0259b v\u0259 N\u0259tic\u0259 aras\u0131nda qalan Siyas\u0259t","datePublished":"2014-02-08T19:15:02+00:00","mainEntityOfPage":{"@id":"https:\/\/www.meydan.tv\/az\/article\/sebeb-ve-netice-arasinda-qalan-siyaset\/"},"wordCount":1371,"publisher":{"@id":"https:\/\/www.meydan.tv\/az\/#organization"},"image":{"@id":"https:\/\/www.meydan.tv\/az\/article\/sebeb-ve-netice-arasinda-qalan-siyaset\/#primaryimage"},"thumbnailUrl":"https:\/\/www.meydan.tv\/wp-content\/uploads\/558.png","articleSection":["M\u0259nim Fikrimc\u0259"],"inLanguage":"az"},{"@type":"WebPage","@id":"https:\/\/www.meydan.tv\/az\/article\/sebeb-ve-netice-arasinda-qalan-siyaset\/","url":"https:\/\/www.meydan.tv\/az\/article\/sebeb-ve-netice-arasinda-qalan-siyaset\/","name":"S\u0259b\u0259b v\u0259 N\u0259tic\u0259 aras\u0131nda qalan Siyas\u0259t - MEYDAN.TV","isPartOf":{"@id":"https:\/\/www.meydan.tv\/az\/#website"},"primaryImageOfPage":{"@id":"https:\/\/www.meydan.tv\/az\/article\/sebeb-ve-netice-arasinda-qalan-siyaset\/#primaryimage"},"image":{"@id":"https:\/\/www.meydan.tv\/az\/article\/sebeb-ve-netice-arasinda-qalan-siyaset\/#primaryimage"},"thumbnailUrl":"https:\/\/www.meydan.tv\/wp-content\/uploads\/558.png","datePublished":"2014-02-08T19:15:02+00:00","breadcrumb":{"@id":"https:\/\/www.meydan.tv\/az\/article\/sebeb-ve-netice-arasinda-qalan-siyaset\/#breadcrumb"},"inLanguage":"az","potentialAction":[{"@type":"ReadAction","target":["https:\/\/www.meydan.tv\/az\/article\/sebeb-ve-netice-arasinda-qalan-siyaset\/"]}]},{"@type":"ImageObject","inLanguage":"az","@id":"https:\/\/www.meydan.tv\/az\/article\/sebeb-ve-netice-arasinda-qalan-siyaset\/#primaryimage","url":"https:\/\/www.meydan.tv\/wp-content\/uploads\/558.png","contentUrl":"https:\/\/www.meydan.tv\/wp-content\/uploads\/558.png","width":400,"height":400,"caption":"Source:"},{"@type":"BreadcrumbList","@id":"https:\/\/www.meydan.tv\/az\/article\/sebeb-ve-netice-arasinda-qalan-siyaset\/#breadcrumb","itemListElement":[{"@type":"ListItem","position":1,"name":"Ana s\u0259hif\u0259","item":"https:\/\/www.meydan.tv\/az\/"},{"@type":"ListItem","position":2,"name":"M\u0259nim Fikrimc\u0259","item":"https:\/\/www.meydan.tv\/az\/section\/menim-fikrimce\/"},{"@type":"ListItem","position":3,"name":"S\u0259b\u0259b v\u0259 N\u0259tic\u0259 aras\u0131nda qalan Siyas\u0259t"}]},{"@type":"WebSite","@id":"https:\/\/www.meydan.tv\/az\/#website","url":"https:\/\/www.meydan.tv\/az\/","name":"MEYDAN.TV","description":"Meydan TV Az\u0259rbaycan\u0131n media m\u0259kan\u0131ndak\u0131 alternativ s\u0259sidir","publisher":{"@id":"https:\/\/www.meydan.tv\/az\/#organization"},"potentialAction":[{"@type":"SearchAction","target":{"@type":"EntryPoint","urlTemplate":"https:\/\/www.meydan.tv\/az\/?s={search_term_string}"},"query-input":{"@type":"PropertyValueSpecification","valueRequired":true,"valueName":"search_term_string"}}],"inLanguage":"az"},{"@type":"Organization","@id":"https:\/\/www.meydan.tv\/az\/#organization","name":"Meydan TV","url":"https:\/\/www.meydan.tv\/az\/","logo":{"@type":"ImageObject","inLanguage":"az","@id":"https:\/\/www.meydan.tv\/az\/#\/schema\/logo\/image\/","url":"https:\/\/www.meydan.tv\/wp-content\/uploads\/2021\/07\/meydan-logo.svg","contentUrl":"https:\/\/www.meydan.tv\/wp-content\/uploads\/2021\/07\/meydan-logo.svg","width":195,"height":46,"caption":"Meydan TV"},"image":{"@id":"https:\/\/www.meydan.tv\/az\/#\/schema\/logo\/image\/"}},{"@type":"Person","@id":"https:\/\/www.meydan.tv\/az\/#\/schema\/person\/10d11eccf6da3662cf5fdab9806ea91a","name":"user-manager"}]}},"_links":{"self":[{"href":"https:\/\/www.meydan.tv\/az\/wp-json\/wp\/v2\/posts\/163220","targetHints":{"allow":["GET"]}}],"collection":[{"href":"https:\/\/www.meydan.tv\/az\/wp-json\/wp\/v2\/posts"}],"about":[{"href":"https:\/\/www.meydan.tv\/az\/wp-json\/wp\/v2\/types\/post"}],"author":[{"embeddable":true,"href":"https:\/\/www.meydan.tv\/az\/wp-json\/wp\/v2\/users\/11"}],"replies":[{"embeddable":true,"href":"https:\/\/www.meydan.tv\/az\/wp-json\/wp\/v2\/comments?post=163220"}],"version-history":[{"count":0,"href":"https:\/\/www.meydan.tv\/az\/wp-json\/wp\/v2\/posts\/163220\/revisions"}],"wp:featuredmedia":[{"embeddable":true,"href":"https:\/\/www.meydan.tv\/az\/wp-json\/wp\/v2\/media\/3946"}],"wp:attachment":[{"href":"https:\/\/www.meydan.tv\/az\/wp-json\/wp\/v2\/media?parent=163220"}],"wp:term":[{"taxonomy":"category","embeddable":true,"href":"https:\/\/www.meydan.tv\/az\/wp-json\/wp\/v2\/categories?post=163220"},{"taxonomy":"post_tag","embeddable":true,"href":"https:\/\/www.meydan.tv\/az\/wp-json\/wp\/v2\/tags?post=163220"}],"curies":[{"name":"wp","href":"https:\/\/api.w.org\/{rel}","templated":true}]}}