{"id":163214,"date":"2014-02-07T09:45:36","date_gmt":"2014-02-07T09:45:36","guid":{"rendered":"https:\/\/www.meydan.tv\/article\/bu-sizi-tehqir-elemir\/"},"modified":"2014-02-07T09:45:36","modified_gmt":"2014-02-07T09:45:36","slug":"bu-sizi-tehqir-elemir","status":"publish","type":"post","link":"https:\/\/www.meydan.tv\/az\/article\/bu-sizi-tehqir-elemir\/","title":{"rendered":"Bu, sizi t\u0259hqir el\u0259mir?"},"content":{"rendered":"<figure class=\"wp-block-image size-large\">\n  <img decoding=\"async\" src=\"https:\/\/www.meydan.tv\/az\/5342\/\" alt=\"\" class=\"wp-image-5342\"\/><figcaption><\/figcaption><\/figure>\n<figure class=\"wp-block-image size-large\">\n  <img decoding=\"async\" src=\"https:\/\/www.meydan.tv\/az\/5345\/\" alt=\"\" class=\"wp-image-5345\"\/><figcaption><\/figcaption><\/figure>\n<p>\n  Vaxti il\u0259\u00a0 q\u0259dim Roma \u015fairi bel\u0259 bir s\u00f6z deyib:\u201dTale kimi m\u0259hv etm\u0259k ist\u0259yirs\u0259, onun a\u011fl\u0131n\u0131 \u0259lind\u0259n al\u0131r\u201d. Bu dahi s\u00f6zl\u0259ri anlamaq \u00fc\u00e7\u00fcn uza\u011fa getm\u0259k laz\u0131m deyil. Yet\u0259r ki, biz baxaq \u00f6z do\u011fma Az\u0259rbaycan\u0131m\u0131za v\u0259 burada olan abu-havaya. Bizd\u0259 olan sulal\u0259 \u018fliyev rejimin\u0259, o s\u00fclal\u0259 ki, 20 ildir, bu hakimiy\u0259ti z\u0259bt edib v\u0259 mill\u0259ti d\u00f6nd\u0259rib \u00f6z qullarina. Bu s\u00f6zl\u0259r\u0259\u00a0 etiraz ed\u0259nl\u0259rd\u0259n is\u0259 a\u015fa\u011fidak\u0131 suallarima cavab verm\u0259yi xahi\u015f edir\u0259m:\n<\/p>\n<p>\n  1. Hans\u0131 \u0259saslarla Heyd\u0259r \u018fliyevi, kecmi\u015f KQB general\u0131n\u0131, \u00f6mr\u00fc boyu sovet rejimin \u0259leyin\u0259 \u00e7\u0131xan insanlarla vuru\u015fan v\u0259 m\u00fcsavat ideyalar\u0131na nifr\u0259t ed\u0259n bir \u015f\u0259xsi Az\u0259rbaycanda bu g\u00fcn m\u0259cbur\u0259n \u201cmilli \u00f6nd\u0259r\u201d adland\u0131r\u0131rlar? B\u0259s onda ADR-in banisi, r\u0259hm\u0259tlik \u00a0M\u0259mm\u0259d \u018fmin R\u0259sulzad\u0259 kimdir? Bu, sizi t\u0259hqir el\u0259mir?\n<\/p>\n<p>\n  2. Bu g\u00fcn, Heyd\u0259r \u018fliyevd\u0259n sonra, onun tarixi roluna g\u00f6r\u0259, ikin\u00e7i yerd\u0259 onun oglu \u0130lham t\u0259blig olunur, o o\u011ful ki, \u00f6mr\u00fc boyu yeyib-icib kef edirdi, \u00a0qumarxanalardan ba\u015f\u0131 ay\u0131rm\u0131rd\u0131, ali t\u0259hsil diplomunu is\u0259 atas\u0131n\u0131n say\u0259sind\u0259 al\u0131b. B\u0259s bizim mill\u0259timizin ba\u015fqa tarixi \u015f\u0259xsiy\u0259tl\u0259ri harda qald\u0131? Bu, sizi t\u0259hqir el\u0259mir?\n<\/p>\n<p>\n  3. \u00dc\u00e7\u00fcn\u00e7\u00fc yerd\u0259, tarixi roluna g\u00f6r\u0259 bu g\u00fcn Az\u0259rbaycanda, \u018fliyevl\u0259r ail\u0259sinin g\u0259lini Mehriban xan\u0131m t\u0259bli\u011f olunur. O Heyd\u0259r \u018fliyev ad\u0131na fonda r\u0259hb\u0259rlik edir. Fond is\u0259 bu g\u00fcn b\u00fct\u00fcn korrupsiya mexanizminin ba\u015f\u0131nda duran t\u0259\u015fkilatd\u0131r. Sual ver\u0259n yoxdur ki: \u201cB\u0259s, bu fondun milliardlarla pullar\u0131 hardandir? Bir d\u0259, n\u0259y\u0259 g\u00f6r\u0259 mill\u0259td\u0259n ogurlanm\u0131\u015f pullar\u0131 x\u0259rcl\u0259y\u0259nl\u0259r\u0259 mesenatliq deyirl\u0259r? Bizd\u0259n ogurlay\u0131b, bizl\u0259r\u0259 h\u0259l\u0259 d\u0259 bunu \u201cminn\u0259t\u201d kimi yedizdirirl\u0259r? B\u0259y\u0259m,\u00a0 Hac\u0131 Zeynalabd\u0131n Ta\u011f\u0131yev,\u00a0 yaxud Musa Na\u011f\u0131yev\u00a0 mesenatliq ed\u0259nd\u0259, \u00a0bel\u0259 haram pullarla edirdil\u0259r? Bu, sizi t\u0259hqir el\u0259mir?\n<\/p>\n<p>\n  4. \u018flb\u0259td\u0259,\u00a0 bu siyah\u0131n\u0131 uzatmaq olar. Bu ail\u0259nin \u00e7oxlu sayda\u00a0 qohum-\u0259qr\u0259b\u0259si var , bu g\u00fcn Az\u0259rbaycan\u0131n \u0259ks\u0259r k\u00fc\u00e7\u0259 v\u0259 prospektl\u0259ri onlar\u0131n adlar\u0131n\u0131 da\u015f\u0131y\u0131r. \u0130st\u0259r, \u00a0olsun \u018fziz \u018fliyev, \u201d\u00f6nd\u0259rin\u201d qaynatas\u0131, ist\u0259r olsun b\u00fct\u00fcn o biri ail\u0259 \u00fczvl\u0259ri, akademikl\u0259r, yaxud da o biri sah\u0259l\u0259rin \u201culduzlar\u0131\u201d -\u015fairl\u0259r, r\u0259ssamlar, dizaynerl\u0259r, m\u00fc\u011f\u0259nnil\u0259r v\u0259 s. v\u0259 i&#8230;.\n<\/p>\n<p>\n  V\u0259 biz bunlarin reklam\u0131n\u0131 h\u0259r g\u00fcn onlar\u0131n \u0259ll\u0259rinin alt\u0131ndak\u0131 mediayadan g\u00f6r\u00fcb, feyziyab oluruq. Bu, sizi t\u0259hqir el\u0259mir?\n<\/p>\n<p>\n  Vaxti il\u0259 m\u0259h\u015fur filosof bel\u0259 bir s\u00f6z deyib: \u201d\u015e\u0259r\u0259f &#8211; vicdanin \u00fcz\u00fcdir, vicdan is\u0259 &#8211; daxili \u015f\u0259r\u0259f\u201d. M\u0259hz buna g\u00f6r\u0259 d\u0259, m\u0259n ist\u0259dim ham\u0131m\u0131zdan soru\u015fum:\n<\/p>\n<p>\n  B\u0259s,\u00a0 bizim Az\u0259rbaycan\u0131m\u0131zda \u015f\u0259r\u0259f v\u0259 vicdan\u0131m\u0131z bu g\u00fcn\u00a0 haralardad\u0131r?!<\/p>\n","protected":false},"excerpt":{"rendered":"<p>B\u0259s,  bizim Az\u0259rbaycan\u0131m\u0131zda \u015f\u0259r\u0259f v\u0259 vicdan\u0131m\u0131z bu g\u00fcn  haralardad\u0131r?!<\/p>\n","protected":false},"author":11,"featured_media":5342,"comment_status":"closed","ping_status":"open","sticky":false,"template":"","format":"standard","meta":{"_acf_changed":false,"_sitemap_exclude":false,"_sitemap_priority":"","_sitemap_frequency":"","footnotes":""},"categories":[57],"tags":[],"class_list":["post-163214","post","type-post","status-publish","format-standard","has-post-thumbnail","hentry","category-menim-fikrimce","infinite-scroll-item","generate-columns","tablet-grid-50","mobile-grid-100","grid-parent","grid-33","no-featured-image-padding"],"acf":[],"yoast_head":"<!-- This site is optimized with the Yoast SEO plugin v27.4 - https:\/\/yoast.com\/product\/yoast-seo-wordpress\/ -->\n<title>Bu, sizi t\u0259hqir el\u0259mir? - MEYDAN.TV<\/title>\n<meta name=\"robots\" content=\"index, follow, max-snippet:-1, max-image-preview:large, max-video-preview:-1\" \/>\n<link rel=\"canonical\" href=\"https:\/\/www.meydan.tv\/az\/article\/bu-sizi-tehqir-elemir\/\" \/>\n<meta property=\"og:locale\" content=\"az_AZ\" \/>\n<meta property=\"og:type\" content=\"article\" \/>\n<meta property=\"og:title\" content=\"Bu, sizi t\u0259hqir el\u0259mir? - MEYDAN.TV\" \/>\n<meta property=\"og:description\" content=\"B\u0259s, bizim Az\u0259rbaycan\u0131m\u0131zda \u015f\u0259r\u0259f v\u0259 vicdan\u0131m\u0131z bu g\u00fcn haralardad\u0131r?!\" \/>\n<meta property=\"og:url\" content=\"https:\/\/www.meydan.tv\/az\/article\/bu-sizi-tehqir-elemir\/\" \/>\n<meta property=\"og:site_name\" content=\"MEYDAN.TV\" \/>\n<meta property=\"article:published_time\" content=\"2014-02-07T09:45:36+00:00\" \/>\n<meta property=\"og:image\" content=\"https:\/\/www.meydan.tv\/wp-content\/uploads\/1172.png\" \/>\n\t<meta property=\"og:image:width\" content=\"500\" \/>\n\t<meta property=\"og:image:height\" content=\"500\" \/>\n\t<meta property=\"og:image:type\" content=\"image\/png\" \/>\n<meta name=\"author\" content=\"user-manager\" \/>\n<meta name=\"twitter:card\" content=\"summary_large_image\" \/>\n<script type=\"application\/ld+json\" class=\"yoast-schema-graph\">{\"@context\":\"https:\\\/\\\/schema.org\",\"@graph\":[{\"@type\":\"Article\",\"@id\":\"https:\\\/\\\/www.meydan.tv\\\/az\\\/article\\\/bu-sizi-tehqir-elemir\\\/#article\",\"isPartOf\":{\"@id\":\"https:\\\/\\\/www.meydan.tv\\\/az\\\/article\\\/bu-sizi-tehqir-elemir\\\/\"},\"author\":{\"name\":\"user-manager\",\"@id\":\"https:\\\/\\\/www.meydan.tv\\\/az\\\/#\\\/schema\\\/person\\\/10d11eccf6da3662cf5fdab9806ea91a\"},\"headline\":\"Bu, sizi t\u0259hqir el\u0259mir?\",\"datePublished\":\"2014-02-07T09:45:36+00:00\",\"mainEntityOfPage\":{\"@id\":\"https:\\\/\\\/www.meydan.tv\\\/az\\\/article\\\/bu-sizi-tehqir-elemir\\\/\"},\"wordCount\":522,\"publisher\":{\"@id\":\"https:\\\/\\\/www.meydan.tv\\\/az\\\/#organization\"},\"image\":{\"@id\":\"https:\\\/\\\/www.meydan.tv\\\/az\\\/article\\\/bu-sizi-tehqir-elemir\\\/#primaryimage\"},\"thumbnailUrl\":\"https:\\\/\\\/www.meydan.tv\\\/wp-content\\\/uploads\\\/1172.png\",\"articleSection\":[\"M\u0259nim Fikrimc\u0259\"],\"inLanguage\":\"az\"},{\"@type\":\"WebPage\",\"@id\":\"https:\\\/\\\/www.meydan.tv\\\/az\\\/article\\\/bu-sizi-tehqir-elemir\\\/\",\"url\":\"https:\\\/\\\/www.meydan.tv\\\/az\\\/article\\\/bu-sizi-tehqir-elemir\\\/\",\"name\":\"Bu, sizi t\u0259hqir el\u0259mir? - MEYDAN.TV\",\"isPartOf\":{\"@id\":\"https:\\\/\\\/www.meydan.tv\\\/az\\\/#website\"},\"primaryImageOfPage\":{\"@id\":\"https:\\\/\\\/www.meydan.tv\\\/az\\\/article\\\/bu-sizi-tehqir-elemir\\\/#primaryimage\"},\"image\":{\"@id\":\"https:\\\/\\\/www.meydan.tv\\\/az\\\/article\\\/bu-sizi-tehqir-elemir\\\/#primaryimage\"},\"thumbnailUrl\":\"https:\\\/\\\/www.meydan.tv\\\/wp-content\\\/uploads\\\/1172.png\",\"datePublished\":\"2014-02-07T09:45:36+00:00\",\"breadcrumb\":{\"@id\":\"https:\\\/\\\/www.meydan.tv\\\/az\\\/article\\\/bu-sizi-tehqir-elemir\\\/#breadcrumb\"},\"inLanguage\":\"az\",\"potentialAction\":[{\"@type\":\"ReadAction\",\"target\":[\"https:\\\/\\\/www.meydan.tv\\\/az\\\/article\\\/bu-sizi-tehqir-elemir\\\/\"]}]},{\"@type\":\"ImageObject\",\"inLanguage\":\"az\",\"@id\":\"https:\\\/\\\/www.meydan.tv\\\/az\\\/article\\\/bu-sizi-tehqir-elemir\\\/#primaryimage\",\"url\":\"https:\\\/\\\/www.meydan.tv\\\/wp-content\\\/uploads\\\/1172.png\",\"contentUrl\":\"https:\\\/\\\/www.meydan.tv\\\/wp-content\\\/uploads\\\/1172.png\",\"width\":500,\"height\":500,\"caption\":\"Source:\"},{\"@type\":\"BreadcrumbList\",\"@id\":\"https:\\\/\\\/www.meydan.tv\\\/az\\\/article\\\/bu-sizi-tehqir-elemir\\\/#breadcrumb\",\"itemListElement\":[{\"@type\":\"ListItem\",\"position\":1,\"name\":\"Ana s\u0259hif\u0259\",\"item\":\"https:\\\/\\\/www.meydan.tv\\\/az\\\/\"},{\"@type\":\"ListItem\",\"position\":2,\"name\":\"M\u0259nim Fikrimc\u0259\",\"item\":\"https:\\\/\\\/www.meydan.tv\\\/az\\\/section\\\/menim-fikrimce\\\/\"},{\"@type\":\"ListItem\",\"position\":3,\"name\":\"Bu, sizi t\u0259hqir el\u0259mir?\"}]},{\"@type\":\"WebSite\",\"@id\":\"https:\\\/\\\/www.meydan.tv\\\/az\\\/#website\",\"url\":\"https:\\\/\\\/www.meydan.tv\\\/az\\\/\",\"name\":\"MEYDAN.TV\",\"description\":\"Meydan TV Az\u0259rbaycan\u0131n media m\u0259kan\u0131ndak\u0131 alternativ s\u0259sidir\",\"publisher\":{\"@id\":\"https:\\\/\\\/www.meydan.tv\\\/az\\\/#organization\"},\"potentialAction\":[{\"@type\":\"SearchAction\",\"target\":{\"@type\":\"EntryPoint\",\"urlTemplate\":\"https:\\\/\\\/www.meydan.tv\\\/az\\\/?s={search_term_string}\"},\"query-input\":{\"@type\":\"PropertyValueSpecification\",\"valueRequired\":true,\"valueName\":\"search_term_string\"}}],\"inLanguage\":\"az\"},{\"@type\":\"Organization\",\"@id\":\"https:\\\/\\\/www.meydan.tv\\\/az\\\/#organization\",\"name\":\"Meydan TV\",\"url\":\"https:\\\/\\\/www.meydan.tv\\\/az\\\/\",\"logo\":{\"@type\":\"ImageObject\",\"inLanguage\":\"az\",\"@id\":\"https:\\\/\\\/www.meydan.tv\\\/az\\\/#\\\/schema\\\/logo\\\/image\\\/\",\"url\":\"https:\\\/\\\/www.meydan.tv\\\/wp-content\\\/uploads\\\/2021\\\/07\\\/meydan-logo.svg\",\"contentUrl\":\"https:\\\/\\\/www.meydan.tv\\\/wp-content\\\/uploads\\\/2021\\\/07\\\/meydan-logo.svg\",\"width\":195,\"height\":46,\"caption\":\"Meydan TV\"},\"image\":{\"@id\":\"https:\\\/\\\/www.meydan.tv\\\/az\\\/#\\\/schema\\\/logo\\\/image\\\/\"}},{\"@type\":\"Person\",\"@id\":\"https:\\\/\\\/www.meydan.tv\\\/az\\\/#\\\/schema\\\/person\\\/10d11eccf6da3662cf5fdab9806ea91a\",\"name\":\"user-manager\"}]}<\/script>\n<!-- \/ Yoast SEO plugin. -->","yoast_head_json":{"title":"Bu, sizi t\u0259hqir el\u0259mir? - MEYDAN.TV","robots":{"index":"index","follow":"follow","max-snippet":"max-snippet:-1","max-image-preview":"max-image-preview:large","max-video-preview":"max-video-preview:-1"},"canonical":"https:\/\/www.meydan.tv\/az\/article\/bu-sizi-tehqir-elemir\/","og_locale":"az_AZ","og_type":"article","og_title":"Bu, sizi t\u0259hqir el\u0259mir? - MEYDAN.TV","og_description":"B\u0259s, bizim Az\u0259rbaycan\u0131m\u0131zda \u015f\u0259r\u0259f v\u0259 vicdan\u0131m\u0131z bu g\u00fcn haralardad\u0131r?!","og_url":"https:\/\/www.meydan.tv\/az\/article\/bu-sizi-tehqir-elemir\/","og_site_name":"MEYDAN.TV","article_published_time":"2014-02-07T09:45:36+00:00","og_image":[{"width":500,"height":500,"url":"https:\/\/www.meydan.tv\/wp-content\/uploads\/1172.png","type":"image\/png"}],"author":"user-manager","twitter_card":"summary_large_image","schema":{"@context":"https:\/\/schema.org","@graph":[{"@type":"Article","@id":"https:\/\/www.meydan.tv\/az\/article\/bu-sizi-tehqir-elemir\/#article","isPartOf":{"@id":"https:\/\/www.meydan.tv\/az\/article\/bu-sizi-tehqir-elemir\/"},"author":{"name":"user-manager","@id":"https:\/\/www.meydan.tv\/az\/#\/schema\/person\/10d11eccf6da3662cf5fdab9806ea91a"},"headline":"Bu, sizi t\u0259hqir el\u0259mir?","datePublished":"2014-02-07T09:45:36+00:00","mainEntityOfPage":{"@id":"https:\/\/www.meydan.tv\/az\/article\/bu-sizi-tehqir-elemir\/"},"wordCount":522,"publisher":{"@id":"https:\/\/www.meydan.tv\/az\/#organization"},"image":{"@id":"https:\/\/www.meydan.tv\/az\/article\/bu-sizi-tehqir-elemir\/#primaryimage"},"thumbnailUrl":"https:\/\/www.meydan.tv\/wp-content\/uploads\/1172.png","articleSection":["M\u0259nim Fikrimc\u0259"],"inLanguage":"az"},{"@type":"WebPage","@id":"https:\/\/www.meydan.tv\/az\/article\/bu-sizi-tehqir-elemir\/","url":"https:\/\/www.meydan.tv\/az\/article\/bu-sizi-tehqir-elemir\/","name":"Bu, sizi t\u0259hqir el\u0259mir? - MEYDAN.TV","isPartOf":{"@id":"https:\/\/www.meydan.tv\/az\/#website"},"primaryImageOfPage":{"@id":"https:\/\/www.meydan.tv\/az\/article\/bu-sizi-tehqir-elemir\/#primaryimage"},"image":{"@id":"https:\/\/www.meydan.tv\/az\/article\/bu-sizi-tehqir-elemir\/#primaryimage"},"thumbnailUrl":"https:\/\/www.meydan.tv\/wp-content\/uploads\/1172.png","datePublished":"2014-02-07T09:45:36+00:00","breadcrumb":{"@id":"https:\/\/www.meydan.tv\/az\/article\/bu-sizi-tehqir-elemir\/#breadcrumb"},"inLanguage":"az","potentialAction":[{"@type":"ReadAction","target":["https:\/\/www.meydan.tv\/az\/article\/bu-sizi-tehqir-elemir\/"]}]},{"@type":"ImageObject","inLanguage":"az","@id":"https:\/\/www.meydan.tv\/az\/article\/bu-sizi-tehqir-elemir\/#primaryimage","url":"https:\/\/www.meydan.tv\/wp-content\/uploads\/1172.png","contentUrl":"https:\/\/www.meydan.tv\/wp-content\/uploads\/1172.png","width":500,"height":500,"caption":"Source:"},{"@type":"BreadcrumbList","@id":"https:\/\/www.meydan.tv\/az\/article\/bu-sizi-tehqir-elemir\/#breadcrumb","itemListElement":[{"@type":"ListItem","position":1,"name":"Ana s\u0259hif\u0259","item":"https:\/\/www.meydan.tv\/az\/"},{"@type":"ListItem","position":2,"name":"M\u0259nim Fikrimc\u0259","item":"https:\/\/www.meydan.tv\/az\/section\/menim-fikrimce\/"},{"@type":"ListItem","position":3,"name":"Bu, sizi t\u0259hqir el\u0259mir?"}]},{"@type":"WebSite","@id":"https:\/\/www.meydan.tv\/az\/#website","url":"https:\/\/www.meydan.tv\/az\/","name":"MEYDAN.TV","description":"Meydan TV Az\u0259rbaycan\u0131n media m\u0259kan\u0131ndak\u0131 alternativ s\u0259sidir","publisher":{"@id":"https:\/\/www.meydan.tv\/az\/#organization"},"potentialAction":[{"@type":"SearchAction","target":{"@type":"EntryPoint","urlTemplate":"https:\/\/www.meydan.tv\/az\/?s={search_term_string}"},"query-input":{"@type":"PropertyValueSpecification","valueRequired":true,"valueName":"search_term_string"}}],"inLanguage":"az"},{"@type":"Organization","@id":"https:\/\/www.meydan.tv\/az\/#organization","name":"Meydan TV","url":"https:\/\/www.meydan.tv\/az\/","logo":{"@type":"ImageObject","inLanguage":"az","@id":"https:\/\/www.meydan.tv\/az\/#\/schema\/logo\/image\/","url":"https:\/\/www.meydan.tv\/wp-content\/uploads\/2021\/07\/meydan-logo.svg","contentUrl":"https:\/\/www.meydan.tv\/wp-content\/uploads\/2021\/07\/meydan-logo.svg","width":195,"height":46,"caption":"Meydan TV"},"image":{"@id":"https:\/\/www.meydan.tv\/az\/#\/schema\/logo\/image\/"}},{"@type":"Person","@id":"https:\/\/www.meydan.tv\/az\/#\/schema\/person\/10d11eccf6da3662cf5fdab9806ea91a","name":"user-manager"}]}},"_links":{"self":[{"href":"https:\/\/www.meydan.tv\/az\/wp-json\/wp\/v2\/posts\/163214","targetHints":{"allow":["GET"]}}],"collection":[{"href":"https:\/\/www.meydan.tv\/az\/wp-json\/wp\/v2\/posts"}],"about":[{"href":"https:\/\/www.meydan.tv\/az\/wp-json\/wp\/v2\/types\/post"}],"author":[{"embeddable":true,"href":"https:\/\/www.meydan.tv\/az\/wp-json\/wp\/v2\/users\/11"}],"replies":[{"embeddable":true,"href":"https:\/\/www.meydan.tv\/az\/wp-json\/wp\/v2\/comments?post=163214"}],"version-history":[{"count":0,"href":"https:\/\/www.meydan.tv\/az\/wp-json\/wp\/v2\/posts\/163214\/revisions"}],"wp:featuredmedia":[{"embeddable":true,"href":"https:\/\/www.meydan.tv\/az\/wp-json\/wp\/v2\/media\/5342"}],"wp:attachment":[{"href":"https:\/\/www.meydan.tv\/az\/wp-json\/wp\/v2\/media?parent=163214"}],"wp:term":[{"taxonomy":"category","embeddable":true,"href":"https:\/\/www.meydan.tv\/az\/wp-json\/wp\/v2\/categories?post=163214"},{"taxonomy":"post_tag","embeddable":true,"href":"https:\/\/www.meydan.tv\/az\/wp-json\/wp\/v2\/tags?post=163214"}],"curies":[{"name":"wp","href":"https:\/\/api.w.org\/{rel}","templated":true}]}}