{"id":163207,"date":"2014-02-04T22:05:03","date_gmt":"2014-02-04T22:05:03","guid":{"rendered":"https:\/\/www.meydan.tv\/article\/sortik-geyinen-qadini-doyenler\/"},"modified":"2014-02-04T22:05:03","modified_gmt":"2014-02-04T22:05:03","slug":"sortik-geyinen-qadini-doyenler","status":"publish","type":"post","link":"https:\/\/www.meydan.tv\/az\/article\/sortik-geyinen-qadini-doyenler\/","title":{"rendered":"\u015eortik geyin\u0259n qad\u0131n\u0131 d\u00f6y\u0259nl\u0259r"},"content":{"rendered":"<figure class=\"wp-block-image size-large\">\n  <img decoding=\"async\" src=\"https:\/\/www.meydan.tv\/az\/5324\/\" alt=\"\" class=\"wp-image-5324\"\/><figcaption><\/figcaption><\/figure>\n<figure class=\"wp-block-image size-large\">\n  <img decoding=\"async\" src=\"https:\/\/www.meydan.tv\/az\/5327\/\" alt=\"\" class=\"wp-image-5327\"\/><figcaption><\/figcaption><\/figure>\n<p>\n  Yay aylar\u0131nda dizd\u0259n yuxar\u0131, q\u0131sa \u015falvarlar \u0259sl can rahatl\u0131\u011f\u0131d\u0131r. Dilimizd\u0259 \u00ab\u015fortik\u00bb s\u00f6z\u00fcn\u00fcn qar\u015f\u0131l\u0131\u011f\u0131 olmad\u0131\u011f\u0131 \u00fc\u00e7\u00fcn, icaz\u0259 verin, el\u0259 \u00ab\u015fortik\u00bb yaz\u0131m. Rahat, y\u00fcng\u00fcl, eyni zamanda d\u0259bli v\u0259 q\u0259\u015f\u0259ng g\u00f6r\u00fcn\u0259n \u015fortikl\u0259ri sevir\u0259m. M\u0259nc\u0259 a\u011fl\u0131 ba\u015f\u0131nda, rahatl\u0131\u011f\u0131 sev\u0259n, ayaqlar\u0131n\u0131n g\u00f6z\u0259lliyind\u0259n narahatl\u0131\u011f\u0131 olmayan h\u0259r bir qad\u0131n, el\u0259 ki\u015fi d\u0259 bu paltar\u0131 rahat geyin\u0259 bil\u0259r v\u0259 geyinm\u0259yi ist\u0259y\u0259r. D\u0259f\u0259l\u0259rl\u0259 tan\u0131\u015f o\u011flanlardan e\u015fitmi\u015f\u0259m ki: \u00abka\u015f biz d\u0259 \u015fortik geyin\u0259 bil\u0259ydik!\u00bb deyib, bu paltar\u0131n h\u0259sr\u0259tini \u00e7\u0259kirl\u0259r.\n<\/p>\n<p>\n  Amma maraql\u0131d\u0131 ki, bizim xalq\u0131n bu q\u0131sa, balaca, \u0259l boyda par\u00e7a q\u0131r\u0131\u011f\u0131 il\u0259 ayr\u0131 bir d\u00fc\u015fm\u0259n\u00e7iliyi var. Bizd\u0259 \u015fortik geyim m\u0259s\u0259l\u0259si deyil, \u0259xlaq m\u0259s\u0259l\u0259sidi. Bir n\u00f6v namus-qeyr\u0259tin (qeyr\u0259tsizliyin), ism\u0259tin (ism\u0259tsizliyin), ab\u0131r\u0131n (ab\u0131rs\u0131zl\u0131\u011f\u0131n) g\u00f6st\u0259ricisidi. S\u0259n oxumu\u015f adam ola bil\u0259rs\u0259n, dan\u0131\u015f\u0131\u011f\u0131n, t\u0259rbiy\u0259n, h\u0259r\u0259k\u0259tl\u0259rin qaydas\u0131nda ola bil\u0259r. Amma \u0259ynind\u0259 \u015fortik varsa, bu m\u00fcsb\u0259t keyfiyy\u0259tl\u0259rin he\u00e7 biri il\u0259 \u00f6z\u00fcn\u0259 b\u0259ra\u0259t qazand\u0131ra bilm\u0259zs\u0259n. S\u0259n \u015fortik geyinmis\u0259n, dem\u0259li, \u0259xlaqs\u0131zsan, ab\u0131rs\u0131zsan, v\u0259ssalam!\n<\/p>\n<p>\n  \u0130\u015f o yer\u0259 \u00e7at\u0131b ki, bu sad\u0259 geyim t\u0259rzi bar\u0259d\u0259 sosial \u015f\u0259b\u0259k\u0259l\u0259rd\u0259 statuslar yaz\u0131l\u0131r, m\u00fczakir\u0259l\u0259r a\u00e7\u0131l\u0131r, \u0259libaltal\u0131, a\u011fz\u0131k\u00f6p\u00fckl\u00fc qarda\u015f v\u0259 bac\u0131lar ora aqressiv-aqressiv \u015f\u0259rhl\u0259r yaz\u0131r, \u015fortik geyin\u0259nl\u0259ri l\u0259n\u0259tl\u0259yir, s\u00f6y\u00fcr, t\u0259hqir edir. M\u00fczakir\u0259nin ad\u0131 \u00e7ox konkret olur; \u015eortik geyin\u0259nl\u0259r\u0259 nec\u0259 bax\u0131rs\u0131z?\n<\/p>\n<p>\n  M\u0259s\u0259l\u0259 sosial \u015f\u0259b\u0259k\u0259l\u0259rd\u0259ki m\u00fczakir\u0259l\u0259rl\u0259, aqressiya il\u0259 bits\u0259ydi, d\u0259rd yen\u0259 yar\u0131yd\u0131. N\u0259z\u0259r\u0259 al\u0131n ki, \u015fortik geyinm\u0259kl\u0259 siz t\u0259kc\u0259 naraz\u0131 bax\u0131\u015flar, s\u00f6zatmalar, fitl\u0259r, m\u00fcxt\u0259lif \u00e7a\u011f\u0131r\u0131\u015flarla \u00fczl\u0259\u015fmirsiz. \u015eortik geyinm\u0259k \u0259sl t\u0259hl\u00fck\u0259dir. Y\u0259ni, bildiyiniz, \u0259m\u0259lli-ba\u015fl\u0131 fiziki t\u0259hl\u00fck\u0259.\n<\/p>\n<p>\n  \u0130caz\u0259nizl\u0259, \u00f6z t\u0259cr\u00fcb\u0259mi payla\u015f\u0131ram. Kifay\u0259t q\u0259d\u0259r \u015f\u0259xsi m\u0259s\u0259l\u0259dir, amma ictimaiyy\u0259tin sad\u0259 bir paltara n\u0259 q\u0259d\u0259r aqressiv yana\u015fd\u0131\u011f\u0131n\u0131n v\u0259 d\u00f6z\u00fcms\u00fczl\u00fcy\u00fcn\u00fcn g\u00f6st\u0259ricisidir.\n<\/p>\n<p>\n  M\u0259n \u015fortik geyinm\u0259yi sevir\u0259m. H\u0259m m\u0259n\u0259 yara\u015f\u0131r, h\u0259m \u00f6z\u00fcm\u00fc rahat hiss edir\u0259m, h\u0259m d\u0259 bu t\u0259rz m\u0259s\u0259l\u0259sidir. Yay aylar\u0131nda \u015fortiki daha \u00e7ox geyinir\u0259m v\u0259 i\u015fiml\u0259 \u0259laq\u0259dar bir \u00e7ox yerl\u0259r\u0259 getm\u0259li oluram. D\u00fczd\u00fc, \u015f\u0259h\u0259rin m\u0259rk\u0259zind\u0259 bu el\u0259 d\u0259 \u00e7ox aqressiya do\u011furmur. Burda s\u00f6z atanlar olur, n\u0259s\u0259 dey\u0259nl\u0259r olur, amma \u0259sl aqressiyan\u0131, q\u0131na\u011f\u0131, t\u0259hqiramiz yana\u015fman\u0131 hiss el\u0259mirs\u0259n. Vay odu ki, \u0259ynind\u0259 \u015fortikl\u0259 \u015f\u0259h\u0259r m\u0259rk\u0259zind\u0259n bir az k\u0259nara \u00e7\u0131xasan.\n<\/p>\n<p>\n  Bir d\u0259f\u0259 20 yanvar metrosundan \u00e7\u0131x\u0131b, 3-c\u00fc mikrorayon t\u0259r\u0259f\u0259 getm\u0259li idim. T\u0259xmin\u0259n iyun ya da iyul ay\u0131 idi. \u018fynimd\u0259 uzunqol k\u00f6yn\u0259k v\u0259 \u015fortik vard\u0131. N\u0259 \u00fcz\u00fcmd\u0259 makiyaj, n\u0259 aya\u011f\u0131mda h\u00fcnd\u00fcrdaban ayaqqab\u0131. He\u00e7 n\u0259, ancaq \u015fortik.\n<\/p>\n<p>\n  Q\u0259fild\u0259n b\u00fct\u00fcn 20 yanvar h\u0259nd\u0259v\u0259rini ma\u015f\u0131n siqnallar\u0131n\u0131n s\u0259si b\u00fcr\u00fcd\u00fc. Ordan-burdan m\u00fcxt\u0259lif atmacalar, \u00e7a\u011f\u0131r\u0131\u015flar, t\u0259hqiramiz s\u00f6zl\u0259r e\u015fitm\u0259y\u0259 ba\u015flad\u0131m. Yol boyu d\u00fcz\u00fcl\u0259n sat\u0131c\u0131lar, yol ke\u00e7\u0259nl\u0259r d\u00f6n\u00fcb m\u0259n\u0259 baxma\u011f\u0131, n\u0259s\u0259 dem\u0259yi \u00f6zl\u0259rin\u0259 borc bildil\u0259r. Bir ne\u00e7\u0259 ma\u015f\u0131n h\u0259tta yeridiymim s\u0259ki il\u0259 yana\u015f\u0131 s\u00fcrm\u0259y\u0259 v\u0259 m\u0259ni d\u0259v\u0259t etm\u0259y\u0259\u00a0 ba\u015flad\u0131.\n<\/p>\n<p>\n  Ba\u015f\u0131m\u0131 a\u015fa\u011f\u0131 sald\u0131m ki, he\u00e7 kim\u0259 fikir verm\u0259yim. Tez burdan uzaqla\u015fmaq ist\u0259yirdim, amma hara? Qar\u015f\u0131dak\u0131 adamlar onlardan da aqressiv, onlardan da v\u0259h\u015fi olurdu. Ged\u0259c\u0259yim \u00fcnvana \u00e7atana q\u0259d\u0259r minl\u0259rl\u0259 t\u0259hqir, minl\u0259rl\u0259 s\u00f6z e\u015fitdim, h\u0259tta ya arxamca, ya da el\u0259 d\u00fcz \u00fcz\u00fcm\u0259 qar\u015f\u0131 t\u00fcp\u00fcr\u0259nl\u0259r d\u0259 oldu. Sanki m\u0259ni b\u00f6y\u00fck bir \u0259xlaqs\u0131zl\u0131q \u00fcst\u00fcnd\u0259 yaxalay\u0131b, insanlar\u0131n aras\u0131na \u00e7\u0131xarm\u0131\u015fd\u0131lar ki, h\u0259r\u0259 \u00f6z nifr\u0259tini bilirsin, g\u00f6st\u0259rsin.\n<\/p>\n<p>\n  Amma h\u0259l\u0259 bu da ax\u0131r\u0131 deyildi. Cavab verm\u0259diyimi, ba\u015f\u0131m\u0131 a\u015fa\u011f\u0131 salma\u011f\u0131m\u0131 g\u00f6r\u0259n ki\u015fil\u0259rd\u0259n bir-ikisi yax\u0131nla\u015fd\u0131. M\u0259n g\u00f6z\u00fcm\u00fc a\u00e7mam\u0131\u015f q\u0259fild\u0259n m\u0259n\u0259 d\u0259y\u0259n z\u0259rb\u0259l\u0259ri hiss el\u0259dim. Onlar \u0259m\u0259lli-ba\u015fl\u0131 m\u0259ni vurma\u011fa ba\u015flad\u0131lar. \u018ftrafdak\u0131lardan he\u00e7 kim yax\u0131nla\u015f\u0131b, m\u0259n\u0259 k\u00f6m\u0259k el\u0259m\u0259k isi\u0259m\u0259di. Qara, b\u0131\u011fl\u0131, qar\u0131nl\u0131, q\u0131z\u0131ldi\u015f ki\u015fil\u0259r, yek\u0259-yek\u0259 qad\u0131nlar h\u0131r\u0131ldaya-h\u0131r\u0131ldaya bu m\u0259nz\u0259r\u0259y\u0259 bax\u0131r v\u0259 h\u0259rd\u0259n m\u0259ni s\u00f6ym\u0259yi d\u0259 unutmurdular. O ki\u015fil\u0259rin \u0259lind\u0259n nec\u0259 \u00e7\u0131xd\u0131m, m\u0259n\u0259 kim k\u00f6m\u0259k el\u0259di &#8211; yad\u0131mda deyil. Birc\u0259 bunu bilir\u0259m ki, sonradan m\u00fcraci\u0259t el\u0259diyim polis d\u0259 g\u00fcnah\u0131 m\u0259nim \u00f6z\u00fcmd\u0259 g\u00f6rd\u00fc. Y\u0259ni, bel\u0259 \u00e7\u0131xd\u0131 ki, m\u0259n \u015fortik geyinm\u0259kl\u0259 insanlar\u0131 m\u0259ni d\u00f6ym\u0259y\u0259 t\u0259hrik el\u0259mi\u015f\u0259m.\n<\/p>\n<p>\n  Birc\u0259 paltar, balaca bir \u015fortik b\u0259s el\u0259di ki, m\u0259n bu \u00f6lk\u0259d\u0259 insanlar\u0131n, x\u00fcsusil\u0259 ki\u015fil\u0259rin \u0259sl \u00fcz\u00fcn\u00fc g\u00f6r\u00fcm. Onlar\u0131n nec\u0259 q\u0259ddar, nec\u0259 r\u0259hmsiz, v\u0259h\u015fi olduqlar\u0131n\u0131 ba\u015fa d\u00fc\u015f\u00fcm. T\u0259kc\u0259 ki\u015fil\u0259r deyil. D\u0259f\u0259l\u0259rl\u0259 m\u0259ni \u015fortikd\u0259 g\u00f6r\u0259n qad\u0131nlardan da s\u00f6y\u00fc\u015f, t\u0259hqir e\u015fitmi\u015f\u0259m. Onlar\u0131n sad\u0259c\u0259 g\u00fccl\u0259ri \u00e7atmay\u0131b. Yoxsa yax\u0131nla\u015f\u0131b d\u00f6ym\u0259k d\u0259 ist\u0259y\u0259rdil\u0259r.\n<\/p>\n<p>\n  Bu onlar\u0131n \u0259xlaq anlay\u0131\u015f\u0131d\u0131r. \u015eortikd\u0259n q\u0131sa \u0259xlaq anlay\u0131\u015f\u0131. Amma bu he\u00e7 \u0259xlaq da deyil ax\u0131. 20 yanvarda t\u0259k, k\u00f6m\u0259ksiz, ba\u015f\u0131n\u0131 a\u015fa\u011f\u0131 sal\u0131b yeriy\u0259n \u015fortikli q\u0131z\u0131 d\u00f6ym\u0259yi ki\u015filik sayanlar he\u00e7 vaxt bahal\u0131 ma\u015f\u0131nda, onlar\u0131n yan\u0131ndan saymazyana \u00f6t\u0259n, ma\u015f\u0131n\u0131 az qala onlar\u0131n \u00fcst\u00fcn\u0259 s\u00fcr\u0259n mini \u0259t\u0259kli, \u015fortikli qad\u0131na yax\u0131nla\u015fma\u011fa c\u0259sar\u0259t el\u0259m\u0259zl\u0259r. \u00c7\u00fcnki \u00e7ox g\u00f6z\u0259l bilirl\u0259r ki, o qad\u0131nlar\u0131n arxas\u0131nda dayanan ki\u015fil\u0259r bu qeyr\u0259tli qarda\u015flar\u0131 n\u0259 g\u00fcn\u0259 qoyar. Onlar\u0131n g\u00fcc\u00fc, \u0259xlaq\u0131 ancaq k\u00f6m\u0259ksiz insanlar\u0131 g\u00f6r\u0259nd\u0259 \u00f6z\u00fcn\u00fc b\u00fcruz\u0259 verir.<\/p>\n","protected":false},"excerpt":{"rendered":"<p>Bu onlar\u0131n \u0259xlaq anlay\u0131\u015f\u0131d\u0131r. \u015eortikd\u0259n q\u0131sa \u0259xlaq anlay\u0131\u015f\u0131&#8230;<\/p>\n","protected":false},"author":11,"featured_media":5324,"comment_status":"closed","ping_status":"open","sticky":false,"template":"","format":"standard","meta":{"_acf_changed":false,"_sitemap_exclude":false,"_sitemap_priority":"","_sitemap_frequency":"","footnotes":""},"categories":[57],"tags":[],"class_list":["post-163207","post","type-post","status-publish","format-standard","has-post-thumbnail","hentry","category-menim-fikrimce","infinite-scroll-item","generate-columns","tablet-grid-50","mobile-grid-100","grid-parent","grid-33","no-featured-image-padding"],"acf":[],"yoast_head":"<!-- This site is optimized with the Yoast SEO plugin v27.4 - https:\/\/yoast.com\/product\/yoast-seo-wordpress\/ -->\n<title>\u015eortik geyin\u0259n qad\u0131n\u0131 d\u00f6y\u0259nl\u0259r - MEYDAN.TV<\/title>\n<meta name=\"robots\" content=\"index, follow, max-snippet:-1, max-image-preview:large, max-video-preview:-1\" \/>\n<link rel=\"canonical\" href=\"https:\/\/www.meydan.tv\/az\/article\/sortik-geyinen-qadini-doyenler\/\" \/>\n<meta property=\"og:locale\" content=\"az_AZ\" \/>\n<meta property=\"og:type\" content=\"article\" \/>\n<meta property=\"og:title\" content=\"\u015eortik geyin\u0259n qad\u0131n\u0131 d\u00f6y\u0259nl\u0259r - MEYDAN.TV\" \/>\n<meta property=\"og:description\" content=\"Bu onlar\u0131n \u0259xlaq anlay\u0131\u015f\u0131d\u0131r. \u015eortikd\u0259n q\u0131sa \u0259xlaq anlay\u0131\u015f\u0131...\" \/>\n<meta property=\"og:url\" content=\"https:\/\/www.meydan.tv\/az\/article\/sortik-geyinen-qadini-doyenler\/\" \/>\n<meta property=\"og:site_name\" content=\"MEYDAN.TV\" \/>\n<meta property=\"article:published_time\" content=\"2014-02-04T22:05:03+00:00\" \/>\n<meta property=\"og:image\" content=\"https:\/\/www.meydan.tv\/wp-content\/uploads\/1162.png\" \/>\n\t<meta property=\"og:image:width\" content=\"500\" \/>\n\t<meta property=\"og:image:height\" content=\"500\" \/>\n\t<meta property=\"og:image:type\" content=\"image\/png\" \/>\n<meta name=\"author\" content=\"user-manager\" \/>\n<meta name=\"twitter:card\" content=\"summary_large_image\" \/>\n<script type=\"application\/ld+json\" class=\"yoast-schema-graph\">{\"@context\":\"https:\\\/\\\/schema.org\",\"@graph\":[{\"@type\":\"Article\",\"@id\":\"https:\\\/\\\/www.meydan.tv\\\/az\\\/article\\\/sortik-geyinen-qadini-doyenler\\\/#article\",\"isPartOf\":{\"@id\":\"https:\\\/\\\/www.meydan.tv\\\/az\\\/article\\\/sortik-geyinen-qadini-doyenler\\\/\"},\"author\":{\"name\":\"user-manager\",\"@id\":\"https:\\\/\\\/www.meydan.tv\\\/az\\\/#\\\/schema\\\/person\\\/10d11eccf6da3662cf5fdab9806ea91a\"},\"headline\":\"\u015eortik geyin\u0259n qad\u0131n\u0131 d\u00f6y\u0259nl\u0259r\",\"datePublished\":\"2014-02-04T22:05:03+00:00\",\"mainEntityOfPage\":{\"@id\":\"https:\\\/\\\/www.meydan.tv\\\/az\\\/article\\\/sortik-geyinen-qadini-doyenler\\\/\"},\"wordCount\":1173,\"publisher\":{\"@id\":\"https:\\\/\\\/www.meydan.tv\\\/az\\\/#organization\"},\"image\":{\"@id\":\"https:\\\/\\\/www.meydan.tv\\\/az\\\/article\\\/sortik-geyinen-qadini-doyenler\\\/#primaryimage\"},\"thumbnailUrl\":\"https:\\\/\\\/www.meydan.tv\\\/wp-content\\\/uploads\\\/1162.png\",\"articleSection\":[\"M\u0259nim Fikrimc\u0259\"],\"inLanguage\":\"az\"},{\"@type\":\"WebPage\",\"@id\":\"https:\\\/\\\/www.meydan.tv\\\/az\\\/article\\\/sortik-geyinen-qadini-doyenler\\\/\",\"url\":\"https:\\\/\\\/www.meydan.tv\\\/az\\\/article\\\/sortik-geyinen-qadini-doyenler\\\/\",\"name\":\"\u015eortik geyin\u0259n qad\u0131n\u0131 d\u00f6y\u0259nl\u0259r - MEYDAN.TV\",\"isPartOf\":{\"@id\":\"https:\\\/\\\/www.meydan.tv\\\/az\\\/#website\"},\"primaryImageOfPage\":{\"@id\":\"https:\\\/\\\/www.meydan.tv\\\/az\\\/article\\\/sortik-geyinen-qadini-doyenler\\\/#primaryimage\"},\"image\":{\"@id\":\"https:\\\/\\\/www.meydan.tv\\\/az\\\/article\\\/sortik-geyinen-qadini-doyenler\\\/#primaryimage\"},\"thumbnailUrl\":\"https:\\\/\\\/www.meydan.tv\\\/wp-content\\\/uploads\\\/1162.png\",\"datePublished\":\"2014-02-04T22:05:03+00:00\",\"breadcrumb\":{\"@id\":\"https:\\\/\\\/www.meydan.tv\\\/az\\\/article\\\/sortik-geyinen-qadini-doyenler\\\/#breadcrumb\"},\"inLanguage\":\"az\",\"potentialAction\":[{\"@type\":\"ReadAction\",\"target\":[\"https:\\\/\\\/www.meydan.tv\\\/az\\\/article\\\/sortik-geyinen-qadini-doyenler\\\/\"]}]},{\"@type\":\"ImageObject\",\"inLanguage\":\"az\",\"@id\":\"https:\\\/\\\/www.meydan.tv\\\/az\\\/article\\\/sortik-geyinen-qadini-doyenler\\\/#primaryimage\",\"url\":\"https:\\\/\\\/www.meydan.tv\\\/wp-content\\\/uploads\\\/1162.png\",\"contentUrl\":\"https:\\\/\\\/www.meydan.tv\\\/wp-content\\\/uploads\\\/1162.png\",\"width\":500,\"height\":500,\"caption\":\"Source:\"},{\"@type\":\"BreadcrumbList\",\"@id\":\"https:\\\/\\\/www.meydan.tv\\\/az\\\/article\\\/sortik-geyinen-qadini-doyenler\\\/#breadcrumb\",\"itemListElement\":[{\"@type\":\"ListItem\",\"position\":1,\"name\":\"Ana s\u0259hif\u0259\",\"item\":\"https:\\\/\\\/www.meydan.tv\\\/az\\\/\"},{\"@type\":\"ListItem\",\"position\":2,\"name\":\"M\u0259nim Fikrimc\u0259\",\"item\":\"https:\\\/\\\/www.meydan.tv\\\/az\\\/section\\\/menim-fikrimce\\\/\"},{\"@type\":\"ListItem\",\"position\":3,\"name\":\"\u015eortik geyin\u0259n qad\u0131n\u0131 d\u00f6y\u0259nl\u0259r\"}]},{\"@type\":\"WebSite\",\"@id\":\"https:\\\/\\\/www.meydan.tv\\\/az\\\/#website\",\"url\":\"https:\\\/\\\/www.meydan.tv\\\/az\\\/\",\"name\":\"MEYDAN.TV\",\"description\":\"Meydan TV Az\u0259rbaycan\u0131n media m\u0259kan\u0131ndak\u0131 alternativ s\u0259sidir\",\"publisher\":{\"@id\":\"https:\\\/\\\/www.meydan.tv\\\/az\\\/#organization\"},\"potentialAction\":[{\"@type\":\"SearchAction\",\"target\":{\"@type\":\"EntryPoint\",\"urlTemplate\":\"https:\\\/\\\/www.meydan.tv\\\/az\\\/?s={search_term_string}\"},\"query-input\":{\"@type\":\"PropertyValueSpecification\",\"valueRequired\":true,\"valueName\":\"search_term_string\"}}],\"inLanguage\":\"az\"},{\"@type\":\"Organization\",\"@id\":\"https:\\\/\\\/www.meydan.tv\\\/az\\\/#organization\",\"name\":\"Meydan TV\",\"url\":\"https:\\\/\\\/www.meydan.tv\\\/az\\\/\",\"logo\":{\"@type\":\"ImageObject\",\"inLanguage\":\"az\",\"@id\":\"https:\\\/\\\/www.meydan.tv\\\/az\\\/#\\\/schema\\\/logo\\\/image\\\/\",\"url\":\"https:\\\/\\\/www.meydan.tv\\\/wp-content\\\/uploads\\\/2021\\\/07\\\/meydan-logo.svg\",\"contentUrl\":\"https:\\\/\\\/www.meydan.tv\\\/wp-content\\\/uploads\\\/2021\\\/07\\\/meydan-logo.svg\",\"width\":195,\"height\":46,\"caption\":\"Meydan TV\"},\"image\":{\"@id\":\"https:\\\/\\\/www.meydan.tv\\\/az\\\/#\\\/schema\\\/logo\\\/image\\\/\"}},{\"@type\":\"Person\",\"@id\":\"https:\\\/\\\/www.meydan.tv\\\/az\\\/#\\\/schema\\\/person\\\/10d11eccf6da3662cf5fdab9806ea91a\",\"name\":\"user-manager\"}]}<\/script>\n<!-- \/ Yoast SEO plugin. -->","yoast_head_json":{"title":"\u015eortik geyin\u0259n qad\u0131n\u0131 d\u00f6y\u0259nl\u0259r - MEYDAN.TV","robots":{"index":"index","follow":"follow","max-snippet":"max-snippet:-1","max-image-preview":"max-image-preview:large","max-video-preview":"max-video-preview:-1"},"canonical":"https:\/\/www.meydan.tv\/az\/article\/sortik-geyinen-qadini-doyenler\/","og_locale":"az_AZ","og_type":"article","og_title":"\u015eortik geyin\u0259n qad\u0131n\u0131 d\u00f6y\u0259nl\u0259r - MEYDAN.TV","og_description":"Bu onlar\u0131n \u0259xlaq anlay\u0131\u015f\u0131d\u0131r. \u015eortikd\u0259n q\u0131sa \u0259xlaq anlay\u0131\u015f\u0131...","og_url":"https:\/\/www.meydan.tv\/az\/article\/sortik-geyinen-qadini-doyenler\/","og_site_name":"MEYDAN.TV","article_published_time":"2014-02-04T22:05:03+00:00","og_image":[{"width":500,"height":500,"url":"https:\/\/www.meydan.tv\/wp-content\/uploads\/1162.png","type":"image\/png"}],"author":"user-manager","twitter_card":"summary_large_image","schema":{"@context":"https:\/\/schema.org","@graph":[{"@type":"Article","@id":"https:\/\/www.meydan.tv\/az\/article\/sortik-geyinen-qadini-doyenler\/#article","isPartOf":{"@id":"https:\/\/www.meydan.tv\/az\/article\/sortik-geyinen-qadini-doyenler\/"},"author":{"name":"user-manager","@id":"https:\/\/www.meydan.tv\/az\/#\/schema\/person\/10d11eccf6da3662cf5fdab9806ea91a"},"headline":"\u015eortik geyin\u0259n qad\u0131n\u0131 d\u00f6y\u0259nl\u0259r","datePublished":"2014-02-04T22:05:03+00:00","mainEntityOfPage":{"@id":"https:\/\/www.meydan.tv\/az\/article\/sortik-geyinen-qadini-doyenler\/"},"wordCount":1173,"publisher":{"@id":"https:\/\/www.meydan.tv\/az\/#organization"},"image":{"@id":"https:\/\/www.meydan.tv\/az\/article\/sortik-geyinen-qadini-doyenler\/#primaryimage"},"thumbnailUrl":"https:\/\/www.meydan.tv\/wp-content\/uploads\/1162.png","articleSection":["M\u0259nim Fikrimc\u0259"],"inLanguage":"az"},{"@type":"WebPage","@id":"https:\/\/www.meydan.tv\/az\/article\/sortik-geyinen-qadini-doyenler\/","url":"https:\/\/www.meydan.tv\/az\/article\/sortik-geyinen-qadini-doyenler\/","name":"\u015eortik geyin\u0259n qad\u0131n\u0131 d\u00f6y\u0259nl\u0259r - MEYDAN.TV","isPartOf":{"@id":"https:\/\/www.meydan.tv\/az\/#website"},"primaryImageOfPage":{"@id":"https:\/\/www.meydan.tv\/az\/article\/sortik-geyinen-qadini-doyenler\/#primaryimage"},"image":{"@id":"https:\/\/www.meydan.tv\/az\/article\/sortik-geyinen-qadini-doyenler\/#primaryimage"},"thumbnailUrl":"https:\/\/www.meydan.tv\/wp-content\/uploads\/1162.png","datePublished":"2014-02-04T22:05:03+00:00","breadcrumb":{"@id":"https:\/\/www.meydan.tv\/az\/article\/sortik-geyinen-qadini-doyenler\/#breadcrumb"},"inLanguage":"az","potentialAction":[{"@type":"ReadAction","target":["https:\/\/www.meydan.tv\/az\/article\/sortik-geyinen-qadini-doyenler\/"]}]},{"@type":"ImageObject","inLanguage":"az","@id":"https:\/\/www.meydan.tv\/az\/article\/sortik-geyinen-qadini-doyenler\/#primaryimage","url":"https:\/\/www.meydan.tv\/wp-content\/uploads\/1162.png","contentUrl":"https:\/\/www.meydan.tv\/wp-content\/uploads\/1162.png","width":500,"height":500,"caption":"Source:"},{"@type":"BreadcrumbList","@id":"https:\/\/www.meydan.tv\/az\/article\/sortik-geyinen-qadini-doyenler\/#breadcrumb","itemListElement":[{"@type":"ListItem","position":1,"name":"Ana s\u0259hif\u0259","item":"https:\/\/www.meydan.tv\/az\/"},{"@type":"ListItem","position":2,"name":"M\u0259nim Fikrimc\u0259","item":"https:\/\/www.meydan.tv\/az\/section\/menim-fikrimce\/"},{"@type":"ListItem","position":3,"name":"\u015eortik geyin\u0259n qad\u0131n\u0131 d\u00f6y\u0259nl\u0259r"}]},{"@type":"WebSite","@id":"https:\/\/www.meydan.tv\/az\/#website","url":"https:\/\/www.meydan.tv\/az\/","name":"MEYDAN.TV","description":"Meydan TV Az\u0259rbaycan\u0131n media m\u0259kan\u0131ndak\u0131 alternativ s\u0259sidir","publisher":{"@id":"https:\/\/www.meydan.tv\/az\/#organization"},"potentialAction":[{"@type":"SearchAction","target":{"@type":"EntryPoint","urlTemplate":"https:\/\/www.meydan.tv\/az\/?s={search_term_string}"},"query-input":{"@type":"PropertyValueSpecification","valueRequired":true,"valueName":"search_term_string"}}],"inLanguage":"az"},{"@type":"Organization","@id":"https:\/\/www.meydan.tv\/az\/#organization","name":"Meydan TV","url":"https:\/\/www.meydan.tv\/az\/","logo":{"@type":"ImageObject","inLanguage":"az","@id":"https:\/\/www.meydan.tv\/az\/#\/schema\/logo\/image\/","url":"https:\/\/www.meydan.tv\/wp-content\/uploads\/2021\/07\/meydan-logo.svg","contentUrl":"https:\/\/www.meydan.tv\/wp-content\/uploads\/2021\/07\/meydan-logo.svg","width":195,"height":46,"caption":"Meydan TV"},"image":{"@id":"https:\/\/www.meydan.tv\/az\/#\/schema\/logo\/image\/"}},{"@type":"Person","@id":"https:\/\/www.meydan.tv\/az\/#\/schema\/person\/10d11eccf6da3662cf5fdab9806ea91a","name":"user-manager"}]}},"_links":{"self":[{"href":"https:\/\/www.meydan.tv\/az\/wp-json\/wp\/v2\/posts\/163207","targetHints":{"allow":["GET"]}}],"collection":[{"href":"https:\/\/www.meydan.tv\/az\/wp-json\/wp\/v2\/posts"}],"about":[{"href":"https:\/\/www.meydan.tv\/az\/wp-json\/wp\/v2\/types\/post"}],"author":[{"embeddable":true,"href":"https:\/\/www.meydan.tv\/az\/wp-json\/wp\/v2\/users\/11"}],"replies":[{"embeddable":true,"href":"https:\/\/www.meydan.tv\/az\/wp-json\/wp\/v2\/comments?post=163207"}],"version-history":[{"count":0,"href":"https:\/\/www.meydan.tv\/az\/wp-json\/wp\/v2\/posts\/163207\/revisions"}],"wp:featuredmedia":[{"embeddable":true,"href":"https:\/\/www.meydan.tv\/az\/wp-json\/wp\/v2\/media\/5324"}],"wp:attachment":[{"href":"https:\/\/www.meydan.tv\/az\/wp-json\/wp\/v2\/media?parent=163207"}],"wp:term":[{"taxonomy":"category","embeddable":true,"href":"https:\/\/www.meydan.tv\/az\/wp-json\/wp\/v2\/categories?post=163207"},{"taxonomy":"post_tag","embeddable":true,"href":"https:\/\/www.meydan.tv\/az\/wp-json\/wp\/v2\/tags?post=163207"}],"curies":[{"name":"wp","href":"https:\/\/api.w.org\/{rel}","templated":true}]}}