{"id":163121,"date":"2014-01-19T20:07:03","date_gmt":"2014-01-19T20:07:03","guid":{"rendered":"https:\/\/www.meydan.tv\/article\/gurcustanda-yasayan-azerbaycanlilar\/"},"modified":"2014-01-19T20:07:03","modified_gmt":"2014-01-19T20:07:03","slug":"gurcustanda-yasayan-azerbaycanlilar","status":"publish","type":"post","link":"https:\/\/www.meydan.tv\/az\/article\/gurcustanda-yasayan-azerbaycanlilar\/","title":{"rendered":"G\u00fcrc\u00fcstanda ya\u015fayan az\u0259rbaycanl\u0131lar"},"content":{"rendered":"<figure class=\"wp-block-image size-large\">\n  <img decoding=\"async\" src=\"https:\/\/www.meydan.tv\/az\/4985\/\" alt=\"\" class=\"wp-image-4985\"\/><figcaption><\/figcaption><\/figure>\n<figure class=\"wp-block-image size-large\">\n  <img decoding=\"async\" src=\"https:\/\/www.meydan.tv\/az\/4988\/\" alt=\"\" class=\"wp-image-4988\"\/><figcaption><\/figcaption><\/figure>\n<p>\n  G\u00fcrc\u00fcstanda ba\u015f ver\u0259n d\u0259yi\u015fiklikl\u0259r orda ya\u015fayan az\u0259rbaycanl\u0131lar\u0131n da h\u0259yat\u0131na t\u0259sir etm\u0259kd\u0259di. \u018fvv\u0259la, bizim insanlar qaydalara riay\u0259t etm\u0259yi \u00f6yr\u0259nir. Ba\u015fa d\u00fc\u015f\u00fcrl\u0259r ki, d\u0259yi\u015fm\u0259k, r\u00fc\u015fv\u0259tsiz ya\u015famaq m\u00fcmk\u00fcnd\u00fc. Sistemin insanlara nec\u0259 t\u0259sir etm\u0259si bir daha ayd\u0131n oldu. R\u00fc\u015fv\u0259t bizim qan\u0131m\u0131zdad\u0131, biz d\u00fcz\u0259l\u0259n deyilik dey\u0259nl\u0259r ciddi arqumentl\u0259r qar\u015f\u0131s\u0131nda qald\u0131lar. D\u00fczd\u00fc, Saaka\u015fvilinin bir \u00e7ox \u0259m\u0259ll\u0259ri, x\u00fcsus\u0259n bizim hakimiyy\u0259tl\u0259 isti \u0259laq\u0259l\u0259ri bizl\u0259ri incits\u0259 d\u0259, \u00fcmumilikd\u0259 G\u00fcrc\u00fcstanda ba\u015f ver\u0259n d\u0259yi\u015fiklikl\u0259r \u00f6lk\u0259miz\u0259 \u00e7ox xeyir verdi. Tariximiz ox\u015fard\u0131.\n<\/p>\n<p>\n  Ya\u015fl\u0131 adamlar bilirl\u0259r, \u015eevarnadzenin zaman\u0131nda G\u00fcrc\u00fcstanda r\u0259sm\u0259n d\u0259lixana idi. Hava qaralandan sonra evd\u0259n bay\u0131ra \u00e7\u0131xmaq olmurdu. Adamlar\u0131 ma\u015f\u0131nla bir yerd\u0259 o\u011furlay\u0131rd\u0131lar. O vaxt g\u00fcrc\u00fc \u015fagirdl\u0259ri aras\u0131nda bir sor\u011fu ke\u00e7irilmi\u015fdi v\u0259 sor\u011fuda i\u015ftirak ed\u0259n \u015fagirdl\u0259rin b\u00f6y\u00fck \u0259ks\u0259riyy\u0259ti g\u0259l\u0259c\u0259kd\u0259 kim olmaq ist\u0259yirs\u0259n sual\u0131na, \u201co\u011fru olmaq ist\u0259yir\u0259m\u201d cavab\u0131 vermi\u015fdil\u0259r. Saaka\u015fvili hakimiyy\u0259t\u0259 g\u0259l\u0259nd\u0259n sonra h\u0259lli g\u00f6r\u00fcnm\u0259z bir \u00e7ox probleml\u0259r h\u0259ll olundu. B\u00fcroktarik \u0259ng\u0259ll\u0259r aradan qald\u0131r\u0131ld\u0131. Ki\u00e7ik r\u00fc\u015fv\u0259tin k\u00f6k\u00fc k\u0259sildi. Polisd\u0259 apar\u0131lan islahat is\u0259 h\u0259tta Rusiya hakimiyy\u0259tini bel\u0259 q\u0259z\u0259bl\u0259ndirdi. \u00c7\u00fcnki rus demokratlar\u0131 vaxta\u015f\u0131r\u0131 olaraq G\u00fcrc\u00fcstanda apar\u0131lan islahatlar\u0131 arqument kimi s\u0259sl\u0259ndirirdil\u0259r. G\u00fcrc\u00fcstanda ba\u015f ver\u0259n prosesl\u0259r bizd\u0259 d\u0259 d\u0259yi\u015fikliy\u0259 \u00fcmid yaratd\u0131.\n<\/p>\n<p>\n  G\u00fcrc\u00fcstan bizim \u0259n yax\u015f\u0131 qon\u015fumuzdu. Bir t\u0259r\u0259fimiz \u0130ran, bir t\u0259r\u0259fimiz Rusiya, bir t\u0259r\u0259f Qazax\u0131stan, bir t\u0259r\u0259f T\u00fckm\u0259nistan. Erm\u0259nistanla da m\u00fcharib\u0259 v\u0259ziyy\u0259tind\u0259yik. Ham\u0131s\u0131nda insan haqlar\u0131 pozulur. \u018fdal\u0259tsizlik h\u00f6km s\u00fcr\u00fcr. T\u0259xmin\u0259n onlardan \u00f6yr\u0259nil\u0259si yax\u015f\u0131 he\u00e7 n\u0259 yoxdu.\n<\/p>\n<p>\n  Zaman-zaman o \u00f6lk\u0259l\u0259rd\u0259n g\u0259l\u0259n b\u0259lalar\u0131n z\u0259r\u0259rini \u00e7\u0259kirik. T\u0259s\u0259vv\u00fcr edin ki, Rusiya (\u00f6z\u00fc d\u0259 Da\u011f\u0131stan), \u0130ran, Qazax\u0131stan, T\u00fcrkm\u0259nistan kimi qon\u015fular\u0131n\u0131z var. Adam m\u0259hv olar. Bu m\u0259nada G\u00fcrc\u00fcstan\u0131n bir qon\u015fu kimi q\u0259drini bilm\u0259liyik. Bir d\u0259f\u0259 G\u00fcrc\u00fcstan\u0131n ucqar bir k\u0259ndind\u0259 bir n\u0259f\u0259r m\u0259n\u0259 dedi ki, bizim prezidenti bir ayl\u0131q sizin\u00a0 \u00f6lk\u0259y\u0259 g\u00f6nd\u0259rm\u0259k laz\u0131md\u0131. M\u0259n bu s\u00f6zd\u0259n bir qram da incim\u0259dim. \u018fksin\u0259 bir insan\u0131n d\u0259yi\u015fikliy\u0259 inanmas\u0131, problemin xalqda yox, r\u0259hb\u0259rd\u0259, hakimiyy\u0259td\u0259 olmas\u0131n\u0131 d\u0259rk etm\u0259si m\u0259ni sevindirdi. Qoy G\u00fcrc\u00fcstanda ya\u015fayan az\u0259rbaycanl\u0131lar Az\u0259rbaycanda ya\u015fayan az\u0259rbaycanl\u0131lara la\u011f etsinl\u0259r. Bunun \u00f6z\u00fc d\u0259 prosesin xeyrin\u0259di.\n<\/p>\n<p>\n  D\u00fczd\u00fc, son vaxtlar bir \u00e7ox Az\u0259rbaycan \u015firk\u0259tl\u0259ri puldan, G\u00fcrc\u00fcstan\u0131n kas\u0131bl\u0131\u011f\u0131ndan istifad\u0259 ed\u0259r\u0259k orda ya\u015fayan az\u0259rbaycanl\u0131lar\u0131 dinc buraxmaq ist\u0259mirl\u0259r, onlar\u0131 pulla \u00f6z siyasi g\u00fccl\u0259rin\u0259 tabe etm\u0259k fikrind\u0259dirl\u0259r. Bununla da pulun h\u0259r \u015fey\u0259 qadir oldu\u011funu g\u00f6st\u0259rm\u0259k v\u0259 demokratiyan\u0131 g\u00f6zd\u0259n salmaq ist\u0259yirl\u0259r. Az\u0259rbaycanda apard\u0131qlar\u0131 t\u0259bli\u011fat\u0131 G\u00fcrc\u00fcstanda ya\u015fayan az\u0259rbaycanl\u0131lar aras\u0131nda da apar\u0131rlar. Yax\u015f\u0131 olard\u0131 ki, G\u00fcrc\u00fcstanda ya\u015fayan az\u0259rbaycanl\u0131lar Az\u0259rbaycan hakimiyy\u0259tinin apard\u0131\u011f\u0131 siyas\u0259td\u0259n uzaq dayanayd\u0131lar. Az\u0259rbaycan hakimiyy\u0259tinin apard\u0131\u011f\u0131 siyas\u0259t g\u00fcrc\u00fcl\u0259rd\u0259 yaln\u0131z g\u00fcl\u00fc\u015f do\u011furur. Onlar xalq dilind\u0259 des\u0259k, siyas\u0259t i\u015fl\u0259dib susa bil\u0259rl\u0259r, daxild\u0259 is\u0259 biz\u0259 g\u00fcl\u00fcrl\u0259r. \u00c7\u00fcnki do\u011frudan da, g\u00fclm\u0259li v\u0259ziyy\u0259td\u0259yik. Bizim \u00f6lk\u0259 k\u0259nardan pulu olan amma z\u00f6vq\u00fc olmayan adam kimi g\u00f6r\u00fcn\u00fcr. Bel\u0259 adamlar var &#8211; pulla girirl\u0259r geyim ma\u011fazas\u0131na (\u00f6z\u00fc d\u0259 \u00e7ox bahal\u0131 ma\u011fazaya), amma bilmir n\u0259 al\u0131b \u0259ynin\u0259 geyinsin. Sonra is\u0259 g\u00fclm\u0259li v\u0259ziyy\u0259t\u0259 d\u00fc\u015f\u00fcr.\n<\/p>\n<p>\n  G\u00fcrc\u00fcstanda ya\u015fayan az\u0259rbaycanl\u0131lar \u00f6lk\u0259d\u0259 ba\u015f ver\u0259n d\u0259yi\u015fiklikd\u0259n maksimum istifad\u0259 etm\u0259lidirl\u0259r. \u0130ndi g\u00fcrc\u00fc c\u0259miyy\u0259tin\u0259 inteqrasiya etm\u0259k \u00fc\u00e7\u00fcn m\u00fcnbit \u015f\u0259rait yaran\u0131b. B\u0259han\u0259l\u0259r g\u0259tirm\u0259y\u0259 he\u00e7 ehtiyac yoxdu. \u018fvv\u0259ll\u0259r az\u0259rbaycanl\u0131lar\u0131 Tiflisd\u0259 g\u00f6rm\u0259k olmurdu. \u0130ndi onlar Tiflisi \u00f6zl\u0259rinin bir paytaxt\u0131 kimi g\u00f6rm\u0259y\u0259 ba\u015flay\u0131blar. Bu g\u00fcn Tiflis Universitetl\u0259rind\u0259 t\u0259xmin\u0259n min be\u015f y\u00fcz az\u0259rbaycanl\u0131 t\u0259l\u0259b\u0259 t\u0259hsil al\u0131r. \u018fg\u0259r bu min be\u015f y\u00fcz t\u0259l\u0259b\u0259d\u0259n iki y\u00fcz\u00fc t\u0259f\u0259kk\u00fcr\u00fcn\u00fc, geyimini d\u0259yi\u015fs\u0259, bu G\u00fcrc\u00fcstanda ya\u015fayan az\u0259rbaycanl\u0131lar\u0131n aras\u0131nda yenil\u0259\u015fm\u0259 prosesinin ba\u015flanmas\u0131 dem\u0259kdir. Bu g\u00fcn G\u00fcrc\u00fcstanda ya\u015fayan az\u0259rbaycanl\u0131lar , x\u00fcsus\u0259n d\u0259 g\u0259ncl\u0259r g\u00fcrc\u00fc dilini m\u00fctl\u0259q \u00f6yr\u0259nm\u0259li v\u0259 \u00f6lk\u0259nin ictimai-siyasi, m\u0259d\u0259ni h\u0259yat\u0131nda aktiv i\u015ftirak etm\u0259lidirl\u0259r. G\u0259ncl\u0259r g\u00fcrc\u00fc dilind\u0259n \u0259lav\u0259 m\u00fctl\u0259q ingilis yaxud alman dilini d\u0259 \u00f6yr\u0259nm\u0259lidirl\u0259r. H\u0259m\u00e7inin siyasi partiyalara \u00fczv olub, qeyri-h\u00f6kum\u0259t t\u0259\u015fkilatlar\u0131n\u0131n t\u0259\u015fkil etdiyi proqramlarda, m\u00fcxt\u0259lif\u00a0 konkurslarda, m\u00fcsabiq\u0259l\u0259rd\u0259 i\u015ftirak etm\u0259lidirl\u0259r. Valideynl\u0259r m\u00fctl\u0259q \u00f6z \u00f6vladlar\u0131n\u0131n, x\u00fcsus\u0259n q\u0131z \u00f6vladlar\u0131n\u0131n t\u0259hsil almas\u0131na \u015f\u0259rait yaratmal\u0131d\u0131rlar.\n<\/p>\n<p>\n  T\u0259hsil almaqla, elm\u0259 sahib olmaqla, dil \u00f6yr\u0259nm\u0259kl\u0259, t\u0259f\u0259kk\u00fcrd\u0259 d\u0259yi\u015fiklik emt\u0259kl\u0259, ictimai-siyasi, m\u0259d\u0259ni prosesl\u0259rd\u0259 aktiv i\u015ftirak etm\u0259kl\u0259 c\u0259miyy\u0259t\u0259 inteqrasiya olunmaqla biz he\u00e7 d\u0259 yax\u015f\u0131 olmayan obraz\u0131m\u0131z\u0131 da\u011f\u0131da bil\u0259rik. N\u0259hay\u0259t, xaricd\u0259 ya\u015fayan, \u0259sl\u0259n g\u00fcrc\u00fcstanl\u0131 olan t\u0259r\u0259qqip\u0259rv\u0259r az\u0259rbaycanl\u0131lar bu yenil\u0259\u015fm\u0259 prosesin\u0259 \u00f6z t\u00f6hf\u0259l\u0259rini verm\u0259lidirl\u0259r.<\/p>\n","protected":false},"excerpt":{"rendered":"<p>\u018fg\u0259r bu min be\u015f y\u00fcz t\u0259l\u0259b\u0259d\u0259n iki y\u00fcz\u00fc t\u0259f\u0259kk\u00fcr\u00fcn\u00fc, geyimini d\u0259yi\u015fs\u0259&#8230;<\/p>\n","protected":false},"author":11,"featured_media":4985,"comment_status":"closed","ping_status":"open","sticky":false,"template":"","format":"standard","meta":{"_acf_changed":false,"_sitemap_exclude":false,"_sitemap_priority":"","_sitemap_frequency":"","footnotes":""},"categories":[57],"tags":[],"class_list":["post-163121","post","type-post","status-publish","format-standard","has-post-thumbnail","hentry","category-menim-fikrimce","infinite-scroll-item","generate-columns","tablet-grid-50","mobile-grid-100","grid-parent","grid-33","no-featured-image-padding"],"acf":[],"yoast_head":"<!-- This site is optimized with the Yoast SEO plugin v27.4 - https:\/\/yoast.com\/product\/yoast-seo-wordpress\/ -->\n<title>G\u00fcrc\u00fcstanda ya\u015fayan az\u0259rbaycanl\u0131lar - MEYDAN.TV<\/title>\n<meta name=\"robots\" content=\"index, follow, max-snippet:-1, max-image-preview:large, max-video-preview:-1\" \/>\n<link rel=\"canonical\" href=\"https:\/\/www.meydan.tv\/az\/article\/gurcustanda-yasayan-azerbaycanlilar\/\" \/>\n<meta property=\"og:locale\" content=\"az_AZ\" \/>\n<meta property=\"og:type\" content=\"article\" \/>\n<meta property=\"og:title\" content=\"G\u00fcrc\u00fcstanda ya\u015fayan az\u0259rbaycanl\u0131lar - MEYDAN.TV\" \/>\n<meta property=\"og:description\" content=\"\u018fg\u0259r bu min be\u015f y\u00fcz t\u0259l\u0259b\u0259d\u0259n iki y\u00fcz\u00fc t\u0259f\u0259kk\u00fcr\u00fcn\u00fc, geyimini d\u0259yi\u015fs\u0259...\" \/>\n<meta property=\"og:url\" content=\"https:\/\/www.meydan.tv\/az\/article\/gurcustanda-yasayan-azerbaycanlilar\/\" \/>\n<meta property=\"og:site_name\" content=\"MEYDAN.TV\" \/>\n<meta property=\"article:published_time\" content=\"2014-01-19T20:07:03+00:00\" \/>\n<meta property=\"og:image\" content=\"https:\/\/www.meydan.tv\/wp-content\/uploads\/968.png\" \/>\n\t<meta property=\"og:image:width\" content=\"500\" \/>\n\t<meta property=\"og:image:height\" content=\"500\" \/>\n\t<meta property=\"og:image:type\" content=\"image\/png\" \/>\n<meta name=\"author\" content=\"user-manager\" \/>\n<meta name=\"twitter:card\" content=\"summary_large_image\" \/>\n<script type=\"application\/ld+json\" class=\"yoast-schema-graph\">{\"@context\":\"https:\\\/\\\/schema.org\",\"@graph\":[{\"@type\":\"Article\",\"@id\":\"https:\\\/\\\/www.meydan.tv\\\/az\\\/article\\\/gurcustanda-yasayan-azerbaycanlilar\\\/#article\",\"isPartOf\":{\"@id\":\"https:\\\/\\\/www.meydan.tv\\\/az\\\/article\\\/gurcustanda-yasayan-azerbaycanlilar\\\/\"},\"author\":{\"name\":\"user-manager\",\"@id\":\"https:\\\/\\\/www.meydan.tv\\\/az\\\/#\\\/schema\\\/person\\\/10d11eccf6da3662cf5fdab9806ea91a\"},\"headline\":\"G\u00fcrc\u00fcstanda ya\u015fayan az\u0259rbaycanl\u0131lar\",\"datePublished\":\"2014-01-19T20:07:03+00:00\",\"mainEntityOfPage\":{\"@id\":\"https:\\\/\\\/www.meydan.tv\\\/az\\\/article\\\/gurcustanda-yasayan-azerbaycanlilar\\\/\"},\"wordCount\":1075,\"publisher\":{\"@id\":\"https:\\\/\\\/www.meydan.tv\\\/az\\\/#organization\"},\"image\":{\"@id\":\"https:\\\/\\\/www.meydan.tv\\\/az\\\/article\\\/gurcustanda-yasayan-azerbaycanlilar\\\/#primaryimage\"},\"thumbnailUrl\":\"https:\\\/\\\/www.meydan.tv\\\/wp-content\\\/uploads\\\/968.png\",\"articleSection\":[\"M\u0259nim Fikrimc\u0259\"],\"inLanguage\":\"az\"},{\"@type\":\"WebPage\",\"@id\":\"https:\\\/\\\/www.meydan.tv\\\/az\\\/article\\\/gurcustanda-yasayan-azerbaycanlilar\\\/\",\"url\":\"https:\\\/\\\/www.meydan.tv\\\/az\\\/article\\\/gurcustanda-yasayan-azerbaycanlilar\\\/\",\"name\":\"G\u00fcrc\u00fcstanda ya\u015fayan az\u0259rbaycanl\u0131lar - MEYDAN.TV\",\"isPartOf\":{\"@id\":\"https:\\\/\\\/www.meydan.tv\\\/az\\\/#website\"},\"primaryImageOfPage\":{\"@id\":\"https:\\\/\\\/www.meydan.tv\\\/az\\\/article\\\/gurcustanda-yasayan-azerbaycanlilar\\\/#primaryimage\"},\"image\":{\"@id\":\"https:\\\/\\\/www.meydan.tv\\\/az\\\/article\\\/gurcustanda-yasayan-azerbaycanlilar\\\/#primaryimage\"},\"thumbnailUrl\":\"https:\\\/\\\/www.meydan.tv\\\/wp-content\\\/uploads\\\/968.png\",\"datePublished\":\"2014-01-19T20:07:03+00:00\",\"breadcrumb\":{\"@id\":\"https:\\\/\\\/www.meydan.tv\\\/az\\\/article\\\/gurcustanda-yasayan-azerbaycanlilar\\\/#breadcrumb\"},\"inLanguage\":\"az\",\"potentialAction\":[{\"@type\":\"ReadAction\",\"target\":[\"https:\\\/\\\/www.meydan.tv\\\/az\\\/article\\\/gurcustanda-yasayan-azerbaycanlilar\\\/\"]}]},{\"@type\":\"ImageObject\",\"inLanguage\":\"az\",\"@id\":\"https:\\\/\\\/www.meydan.tv\\\/az\\\/article\\\/gurcustanda-yasayan-azerbaycanlilar\\\/#primaryimage\",\"url\":\"https:\\\/\\\/www.meydan.tv\\\/wp-content\\\/uploads\\\/968.png\",\"contentUrl\":\"https:\\\/\\\/www.meydan.tv\\\/wp-content\\\/uploads\\\/968.png\",\"width\":500,\"height\":500,\"caption\":\"Source:\"},{\"@type\":\"BreadcrumbList\",\"@id\":\"https:\\\/\\\/www.meydan.tv\\\/az\\\/article\\\/gurcustanda-yasayan-azerbaycanlilar\\\/#breadcrumb\",\"itemListElement\":[{\"@type\":\"ListItem\",\"position\":1,\"name\":\"Ana s\u0259hif\u0259\",\"item\":\"https:\\\/\\\/www.meydan.tv\\\/az\\\/\"},{\"@type\":\"ListItem\",\"position\":2,\"name\":\"M\u0259nim Fikrimc\u0259\",\"item\":\"https:\\\/\\\/www.meydan.tv\\\/az\\\/section\\\/menim-fikrimce\\\/\"},{\"@type\":\"ListItem\",\"position\":3,\"name\":\"G\u00fcrc\u00fcstanda ya\u015fayan az\u0259rbaycanl\u0131lar\"}]},{\"@type\":\"WebSite\",\"@id\":\"https:\\\/\\\/www.meydan.tv\\\/az\\\/#website\",\"url\":\"https:\\\/\\\/www.meydan.tv\\\/az\\\/\",\"name\":\"MEYDAN.TV\",\"description\":\"Meydan TV Az\u0259rbaycan\u0131n media m\u0259kan\u0131ndak\u0131 alternativ s\u0259sidir\",\"publisher\":{\"@id\":\"https:\\\/\\\/www.meydan.tv\\\/az\\\/#organization\"},\"potentialAction\":[{\"@type\":\"SearchAction\",\"target\":{\"@type\":\"EntryPoint\",\"urlTemplate\":\"https:\\\/\\\/www.meydan.tv\\\/az\\\/?s={search_term_string}\"},\"query-input\":{\"@type\":\"PropertyValueSpecification\",\"valueRequired\":true,\"valueName\":\"search_term_string\"}}],\"inLanguage\":\"az\"},{\"@type\":\"Organization\",\"@id\":\"https:\\\/\\\/www.meydan.tv\\\/az\\\/#organization\",\"name\":\"Meydan TV\",\"url\":\"https:\\\/\\\/www.meydan.tv\\\/az\\\/\",\"logo\":{\"@type\":\"ImageObject\",\"inLanguage\":\"az\",\"@id\":\"https:\\\/\\\/www.meydan.tv\\\/az\\\/#\\\/schema\\\/logo\\\/image\\\/\",\"url\":\"https:\\\/\\\/www.meydan.tv\\\/wp-content\\\/uploads\\\/2021\\\/07\\\/meydan-logo.svg\",\"contentUrl\":\"https:\\\/\\\/www.meydan.tv\\\/wp-content\\\/uploads\\\/2021\\\/07\\\/meydan-logo.svg\",\"width\":195,\"height\":46,\"caption\":\"Meydan TV\"},\"image\":{\"@id\":\"https:\\\/\\\/www.meydan.tv\\\/az\\\/#\\\/schema\\\/logo\\\/image\\\/\"}},{\"@type\":\"Person\",\"@id\":\"https:\\\/\\\/www.meydan.tv\\\/az\\\/#\\\/schema\\\/person\\\/10d11eccf6da3662cf5fdab9806ea91a\",\"name\":\"user-manager\"}]}<\/script>\n<!-- \/ Yoast SEO plugin. -->","yoast_head_json":{"title":"G\u00fcrc\u00fcstanda ya\u015fayan az\u0259rbaycanl\u0131lar - MEYDAN.TV","robots":{"index":"index","follow":"follow","max-snippet":"max-snippet:-1","max-image-preview":"max-image-preview:large","max-video-preview":"max-video-preview:-1"},"canonical":"https:\/\/www.meydan.tv\/az\/article\/gurcustanda-yasayan-azerbaycanlilar\/","og_locale":"az_AZ","og_type":"article","og_title":"G\u00fcrc\u00fcstanda ya\u015fayan az\u0259rbaycanl\u0131lar - MEYDAN.TV","og_description":"\u018fg\u0259r bu min be\u015f y\u00fcz t\u0259l\u0259b\u0259d\u0259n iki y\u00fcz\u00fc t\u0259f\u0259kk\u00fcr\u00fcn\u00fc, geyimini d\u0259yi\u015fs\u0259...","og_url":"https:\/\/www.meydan.tv\/az\/article\/gurcustanda-yasayan-azerbaycanlilar\/","og_site_name":"MEYDAN.TV","article_published_time":"2014-01-19T20:07:03+00:00","og_image":[{"width":500,"height":500,"url":"https:\/\/www.meydan.tv\/wp-content\/uploads\/968.png","type":"image\/png"}],"author":"user-manager","twitter_card":"summary_large_image","schema":{"@context":"https:\/\/schema.org","@graph":[{"@type":"Article","@id":"https:\/\/www.meydan.tv\/az\/article\/gurcustanda-yasayan-azerbaycanlilar\/#article","isPartOf":{"@id":"https:\/\/www.meydan.tv\/az\/article\/gurcustanda-yasayan-azerbaycanlilar\/"},"author":{"name":"user-manager","@id":"https:\/\/www.meydan.tv\/az\/#\/schema\/person\/10d11eccf6da3662cf5fdab9806ea91a"},"headline":"G\u00fcrc\u00fcstanda ya\u015fayan az\u0259rbaycanl\u0131lar","datePublished":"2014-01-19T20:07:03+00:00","mainEntityOfPage":{"@id":"https:\/\/www.meydan.tv\/az\/article\/gurcustanda-yasayan-azerbaycanlilar\/"},"wordCount":1075,"publisher":{"@id":"https:\/\/www.meydan.tv\/az\/#organization"},"image":{"@id":"https:\/\/www.meydan.tv\/az\/article\/gurcustanda-yasayan-azerbaycanlilar\/#primaryimage"},"thumbnailUrl":"https:\/\/www.meydan.tv\/wp-content\/uploads\/968.png","articleSection":["M\u0259nim Fikrimc\u0259"],"inLanguage":"az"},{"@type":"WebPage","@id":"https:\/\/www.meydan.tv\/az\/article\/gurcustanda-yasayan-azerbaycanlilar\/","url":"https:\/\/www.meydan.tv\/az\/article\/gurcustanda-yasayan-azerbaycanlilar\/","name":"G\u00fcrc\u00fcstanda ya\u015fayan az\u0259rbaycanl\u0131lar - MEYDAN.TV","isPartOf":{"@id":"https:\/\/www.meydan.tv\/az\/#website"},"primaryImageOfPage":{"@id":"https:\/\/www.meydan.tv\/az\/article\/gurcustanda-yasayan-azerbaycanlilar\/#primaryimage"},"image":{"@id":"https:\/\/www.meydan.tv\/az\/article\/gurcustanda-yasayan-azerbaycanlilar\/#primaryimage"},"thumbnailUrl":"https:\/\/www.meydan.tv\/wp-content\/uploads\/968.png","datePublished":"2014-01-19T20:07:03+00:00","breadcrumb":{"@id":"https:\/\/www.meydan.tv\/az\/article\/gurcustanda-yasayan-azerbaycanlilar\/#breadcrumb"},"inLanguage":"az","potentialAction":[{"@type":"ReadAction","target":["https:\/\/www.meydan.tv\/az\/article\/gurcustanda-yasayan-azerbaycanlilar\/"]}]},{"@type":"ImageObject","inLanguage":"az","@id":"https:\/\/www.meydan.tv\/az\/article\/gurcustanda-yasayan-azerbaycanlilar\/#primaryimage","url":"https:\/\/www.meydan.tv\/wp-content\/uploads\/968.png","contentUrl":"https:\/\/www.meydan.tv\/wp-content\/uploads\/968.png","width":500,"height":500,"caption":"Source:"},{"@type":"BreadcrumbList","@id":"https:\/\/www.meydan.tv\/az\/article\/gurcustanda-yasayan-azerbaycanlilar\/#breadcrumb","itemListElement":[{"@type":"ListItem","position":1,"name":"Ana s\u0259hif\u0259","item":"https:\/\/www.meydan.tv\/az\/"},{"@type":"ListItem","position":2,"name":"M\u0259nim Fikrimc\u0259","item":"https:\/\/www.meydan.tv\/az\/section\/menim-fikrimce\/"},{"@type":"ListItem","position":3,"name":"G\u00fcrc\u00fcstanda ya\u015fayan az\u0259rbaycanl\u0131lar"}]},{"@type":"WebSite","@id":"https:\/\/www.meydan.tv\/az\/#website","url":"https:\/\/www.meydan.tv\/az\/","name":"MEYDAN.TV","description":"Meydan TV Az\u0259rbaycan\u0131n media m\u0259kan\u0131ndak\u0131 alternativ s\u0259sidir","publisher":{"@id":"https:\/\/www.meydan.tv\/az\/#organization"},"potentialAction":[{"@type":"SearchAction","target":{"@type":"EntryPoint","urlTemplate":"https:\/\/www.meydan.tv\/az\/?s={search_term_string}"},"query-input":{"@type":"PropertyValueSpecification","valueRequired":true,"valueName":"search_term_string"}}],"inLanguage":"az"},{"@type":"Organization","@id":"https:\/\/www.meydan.tv\/az\/#organization","name":"Meydan TV","url":"https:\/\/www.meydan.tv\/az\/","logo":{"@type":"ImageObject","inLanguage":"az","@id":"https:\/\/www.meydan.tv\/az\/#\/schema\/logo\/image\/","url":"https:\/\/www.meydan.tv\/wp-content\/uploads\/2021\/07\/meydan-logo.svg","contentUrl":"https:\/\/www.meydan.tv\/wp-content\/uploads\/2021\/07\/meydan-logo.svg","width":195,"height":46,"caption":"Meydan TV"},"image":{"@id":"https:\/\/www.meydan.tv\/az\/#\/schema\/logo\/image\/"}},{"@type":"Person","@id":"https:\/\/www.meydan.tv\/az\/#\/schema\/person\/10d11eccf6da3662cf5fdab9806ea91a","name":"user-manager"}]}},"_links":{"self":[{"href":"https:\/\/www.meydan.tv\/az\/wp-json\/wp\/v2\/posts\/163121","targetHints":{"allow":["GET"]}}],"collection":[{"href":"https:\/\/www.meydan.tv\/az\/wp-json\/wp\/v2\/posts"}],"about":[{"href":"https:\/\/www.meydan.tv\/az\/wp-json\/wp\/v2\/types\/post"}],"author":[{"embeddable":true,"href":"https:\/\/www.meydan.tv\/az\/wp-json\/wp\/v2\/users\/11"}],"replies":[{"embeddable":true,"href":"https:\/\/www.meydan.tv\/az\/wp-json\/wp\/v2\/comments?post=163121"}],"version-history":[{"count":0,"href":"https:\/\/www.meydan.tv\/az\/wp-json\/wp\/v2\/posts\/163121\/revisions"}],"wp:featuredmedia":[{"embeddable":true,"href":"https:\/\/www.meydan.tv\/az\/wp-json\/wp\/v2\/media\/4985"}],"wp:attachment":[{"href":"https:\/\/www.meydan.tv\/az\/wp-json\/wp\/v2\/media?parent=163121"}],"wp:term":[{"taxonomy":"category","embeddable":true,"href":"https:\/\/www.meydan.tv\/az\/wp-json\/wp\/v2\/categories?post=163121"},{"taxonomy":"post_tag","embeddable":true,"href":"https:\/\/www.meydan.tv\/az\/wp-json\/wp\/v2\/tags?post=163121"}],"curies":[{"name":"wp","href":"https:\/\/api.w.org\/{rel}","templated":true}]}}