{"id":162709,"date":"2013-09-29T23:49:18","date_gmt":"2013-09-29T23:49:18","guid":{"rendered":"https:\/\/www.meydan.tv\/article\/hafiz-haciyevin-yarimsaatliq-tebligat-mitinqi\/"},"modified":"2013-09-29T23:49:18","modified_gmt":"2013-09-29T23:49:18","slug":"hafiz-haciyevin-yarimsaatliq-tebligat-mitinqi","status":"publish","type":"post","link":"https:\/\/www.meydan.tv\/az\/article\/hafiz-haciyevin-yarimsaatliq-tebligat-mitinqi\/","title":{"rendered":"Hafiz Hac\u0131yevin yar\u0131msaatl\u0131q t\u0259bli\u011fat mitinqi"},"content":{"rendered":"<figure class=\"wp-block-embed is-type-video is-provider-youtube wp-block-embed-youtube wp-embed-aspect-16-9 wp-has-aspect-ratio\">\n<div class=\"wp-block-embed__wrapper\">\n    <iframe loading=\"lazy\"\ttitle=\"\" width=\"1200\" height=\"675\" src=\"https:\/\/www.youtube.com\/embed\/M9VLp-7F4r8\"\tframeborder=\"0\"\tallow=\"accelerometer; autoplay; clipboard-write; encrypted-media; gyroscope; picture-in-picture\" allowfullscreen><\/iframe>\n  <\/div><figcaption><\/figcaption><\/figure>\n<p>\n  Prezidentliy\u0259 namiz\u0259d Hafiz Hac\u0131yev t\u0259bli\u011fat g\u00f6r\u00fc\u015f\u00fcnd\u0259 \u00e7\u0131x\u0131\u015f\u0131n\u0131n b\u00f6y\u00fck hiss\u0259sini Milli \u015euran\u0131n, AXCP s\u0259dri \u018fli K\u0259rimlinin \u00fcnvan\u0131na t\u0259nqid v\u0259 t\u0259hqirl\u0259r\u0259 ay\u0131rd\u0131. Hafiz Hac\u0131yevin g\u00f6r\u00fc\u015f\u00fcn\u0259 g\u0259l\u0259nl\u0259rl\u0259 s\u00f6hb\u0259t zaman\u0131 m\u0259lum oldu ki, onlar\u0131n bir \u00e7oxu \u00e7al\u0131\u015fd\u0131qlar\u0131 v\u0259 t\u0259hsil ald\u0131qlar\u0131 m\u00fcxt\u0259lif idar\u0259 v\u0259 m\u00fc\u0259ssis\u0259l\u0259rd\u0259n m\u0259cbur\u0259n g\u0259tirilibl\u0259r. B\u0259zi m\u00fcsahibl\u0259r g\u00f6r\u00fc\u015f\u00fcn \u0130lham \u018fliyevin t\u0259bli\u011fat mitinqi san\u0131b g\u0259ldiyini, b\u0259zil\u0259ri is\u0259 \u00fcmumiyy\u0259tl\u0259 kimin g\u00f6r\u00fc\u015f\u00fc oldu\u011funu bilm\u0259diyini deyirdi. Mitinqin t\u0259xmin\u0259n yar\u0131m saat \u00e7\u0259km\u0259sin\u0259 r\u0259\u011fm\u0259n insanlar meydan\u0131 t\u0259rk etm\u0259y\u0259 ba\u015flay\u0131rd\u0131. Lakin onlara h\u0259r iki giri\u015fd\u0259 \u00e7\u0131xma\u011fa man\u0259 olurdular. Hafiz Hac\u0131yev, Meydan TV-nin jurnalistinin bu m\u0259s\u0259l\u0259l\u0259r haqda sual\u0131n\u0131 t\u0259xribat adland\u0131r\u0131b.<\/p>\n","protected":false},"excerpt":{"rendered":"<p>Prezidentliy\u0259 namiz\u0259d Hafiz Hac\u0131yev t\u0259bli\u011fat g\u00f6r\u00fc\u015f\u00fcnd\u0259 \u00e7\u0131x\u0131\u015f\u0131n\u0131n b\u00f6y\u00fck hiss\u0259sini Milli \u015euran\u0131n, AXCP s\u0259dri \u018fli K\u0259rimlinin \u00fcnvan\u0131na t\u0259nqid v\u0259 t\u0259hqirl\u0259r\u0259 ay\u0131rd\u0131.<\/p>\n","protected":false},"author":11,"featured_media":3505,"comment_status":"closed","ping_status":"open","sticky":false,"template":"","format":"standard","meta":{"_acf_changed":false,"_sitemap_exclude":false,"_sitemap_priority":"","_sitemap_frequency":"","footnotes":""},"categories":[63],"tags":[],"class_list":["post-162709","post","type-post","status-publish","format-standard","has-post-thumbnail","hentry","category-video-2","infinite-scroll-item","generate-columns","tablet-grid-50","mobile-grid-100","grid-parent","grid-33","no-featured-image-padding"],"acf":[],"yoast_head":"<!-- This site is optimized with the Yoast SEO plugin v28.4 - https:\/\/yoast.com\/product\/yoast-seo-wordpress\/ -->\n<title>Hafiz Hac\u0131yevin yar\u0131msaatl\u0131q t\u0259bli\u011fat mitinqi - MEYDAN.TV<\/title>\n<meta name=\"robots\" content=\"index, follow, max-snippet:-1, max-image-preview:large, max-video-preview:-1\" \/>\n<link rel=\"canonical\" href=\"https:\/\/www.meydan.tv\/az\/article\/hafiz-haciyevin-yarimsaatliq-tebligat-mitinqi\/\" \/>\n<meta property=\"og:locale\" content=\"az_AZ\" \/>\n<meta property=\"og:type\" content=\"article\" \/>\n<meta property=\"og:title\" content=\"Hafiz Hac\u0131yevin yar\u0131msaatl\u0131q t\u0259bli\u011fat mitinqi - MEYDAN.TV\" \/>\n<meta property=\"og:description\" content=\"Prezidentliy\u0259 namiz\u0259d Hafiz Hac\u0131yev t\u0259bli\u011fat g\u00f6r\u00fc\u015f\u00fcnd\u0259 \u00e7\u0131x\u0131\u015f\u0131n\u0131n b\u00f6y\u00fck hiss\u0259sini Milli \u015euran\u0131n, AXCP s\u0259dri \u018fli K\u0259rimlinin \u00fcnvan\u0131na t\u0259nqid v\u0259 t\u0259hqirl\u0259r\u0259 ay\u0131rd\u0131.\" \/>\n<meta property=\"og:url\" content=\"https:\/\/www.meydan.tv\/az\/article\/hafiz-haciyevin-yarimsaatliq-tebligat-mitinqi\/\" \/>\n<meta property=\"og:site_name\" content=\"MEYDAN.TV\" \/>\n<meta property=\"article:published_time\" content=\"2013-09-29T23:49:18+00:00\" \/>\n<meta property=\"og:image\" content=\"https:\/\/www.meydan.tv\/wp-content\/uploads\/233.jpg\" \/>\n\t<meta property=\"og:image:width\" content=\"320\" \/>\n\t<meta property=\"og:image:height\" content=\"180\" \/>\n\t<meta property=\"og:image:type\" content=\"image\/jpeg\" \/>\n<meta name=\"twitter:card\" content=\"summary_large_image\" \/>\n<!-- \/ Yoast SEO plugin. -->","yoast_head_json":{"title":"Hafiz Hac\u0131yevin yar\u0131msaatl\u0131q t\u0259bli\u011fat mitinqi - MEYDAN.TV","robots":{"index":"index","follow":"follow","max-snippet":"max-snippet:-1","max-image-preview":"max-image-preview:large","max-video-preview":"max-video-preview:-1"},"canonical":"https:\/\/www.meydan.tv\/az\/article\/hafiz-haciyevin-yarimsaatliq-tebligat-mitinqi\/","og_locale":"az_AZ","og_type":"article","og_title":"Hafiz Hac\u0131yevin yar\u0131msaatl\u0131q t\u0259bli\u011fat mitinqi - MEYDAN.TV","og_description":"Prezidentliy\u0259 namiz\u0259d Hafiz Hac\u0131yev t\u0259bli\u011fat g\u00f6r\u00fc\u015f\u00fcnd\u0259 \u00e7\u0131x\u0131\u015f\u0131n\u0131n b\u00f6y\u00fck hiss\u0259sini Milli \u015euran\u0131n, AXCP s\u0259dri \u018fli K\u0259rimlinin \u00fcnvan\u0131na t\u0259nqid v\u0259 t\u0259hqirl\u0259r\u0259 ay\u0131rd\u0131.","og_url":"https:\/\/www.meydan.tv\/az\/article\/hafiz-haciyevin-yarimsaatliq-tebligat-mitinqi\/","og_site_name":"MEYDAN.TV","article_published_time":"2013-09-29T23:49:18+00:00","og_image":[{"width":320,"height":180,"url":"https:\/\/www.meydan.tv\/wp-content\/uploads\/233.jpg","type":"image\/jpeg"}],"twitter_card":"summary_large_image","schema":{"@context":"https:\/\/schema.org","@graph":[{"@type":"Article","@id":"https:\/\/www.meydan.tv\/az\/article\/hafiz-haciyevin-yarimsaatliq-tebligat-mitinqi\/#article","isPartOf":{"@id":"https:\/\/www.meydan.tv\/az\/article\/hafiz-haciyevin-yarimsaatliq-tebligat-mitinqi\/"},"author":{"name":"user-manager","@id":"https:\/\/www.meydan.tv\/az\/#\/schema\/person\/10d11eccf6da3662cf5fdab9806ea91a"},"headline":"Hafiz Hac\u0131yevin yar\u0131msaatl\u0131q t\u0259bli\u011fat mitinqi","datePublished":"2013-09-29T23:49:18+00:00","mainEntityOfPage":{"@id":"https:\/\/www.meydan.tv\/az\/article\/hafiz-haciyevin-yarimsaatliq-tebligat-mitinqi\/"},"wordCount":179,"publisher":{"@id":"https:\/\/www.meydan.tv\/az\/#organization"},"image":{"@id":"https:\/\/www.meydan.tv\/az\/article\/hafiz-haciyevin-yarimsaatliq-tebligat-mitinqi\/#primaryimage"},"thumbnailUrl":"https:\/\/www.meydan.tv\/wp-content\/uploads\/233.jpg","articleSection":["Video"],"inLanguage":"az"},{"@type":"WebPage","@id":"https:\/\/www.meydan.tv\/az\/article\/hafiz-haciyevin-yarimsaatliq-tebligat-mitinqi\/","url":"https:\/\/www.meydan.tv\/az\/article\/hafiz-haciyevin-yarimsaatliq-tebligat-mitinqi\/","name":"Hafiz Hac\u0131yevin yar\u0131msaatl\u0131q t\u0259bli\u011fat mitinqi - MEYDAN.TV","isPartOf":{"@id":"https:\/\/www.meydan.tv\/az\/#website"},"primaryImageOfPage":{"@id":"https:\/\/www.meydan.tv\/az\/article\/hafiz-haciyevin-yarimsaatliq-tebligat-mitinqi\/#primaryimage"},"image":{"@id":"https:\/\/www.meydan.tv\/az\/article\/hafiz-haciyevin-yarimsaatliq-tebligat-mitinqi\/#primaryimage"},"thumbnailUrl":"https:\/\/www.meydan.tv\/wp-content\/uploads\/233.jpg","datePublished":"2013-09-29T23:49:18+00:00","breadcrumb":{"@id":"https:\/\/www.meydan.tv\/az\/article\/hafiz-haciyevin-yarimsaatliq-tebligat-mitinqi\/#breadcrumb"},"inLanguage":"az","potentialAction":[{"@type":"ReadAction","target":["https:\/\/www.meydan.tv\/az\/article\/hafiz-haciyevin-yarimsaatliq-tebligat-mitinqi\/"]}]},{"@type":"ImageObject","inLanguage":"az","@id":"https:\/\/www.meydan.tv\/az\/article\/hafiz-haciyevin-yarimsaatliq-tebligat-mitinqi\/#primaryimage","url":"https:\/\/www.meydan.tv\/wp-content\/uploads\/233.jpg","contentUrl":"https:\/\/www.meydan.tv\/wp-content\/uploads\/233.jpg","width":320,"height":180,"caption":"Source:"},{"@type":"BreadcrumbList","@id":"https:\/\/www.meydan.tv\/az\/article\/hafiz-haciyevin-yarimsaatliq-tebligat-mitinqi\/#breadcrumb","itemListElement":[{"@type":"ListItem","position":1,"name":"Ana s\u0259hif\u0259","item":"https:\/\/www.meydan.tv\/az\/"},{"@type":"ListItem","position":2,"name":"Video","item":"https:\/\/www.meydan.tv\/az\/section\/video-2\/"},{"@type":"ListItem","position":3,"name":"Hafiz Hac\u0131yevin yar\u0131msaatl\u0131q t\u0259bli\u011fat mitinqi"}]},{"@type":"WebSite","@id":"https:\/\/www.meydan.tv\/az\/#website","url":"https:\/\/www.meydan.tv\/az\/","name":"MEYDAN.TV","description":"Meydan TV Az\u0259rbaycan\u0131n media m\u0259kan\u0131ndak\u0131 alternativ s\u0259sidir","publisher":{"@id":"https:\/\/www.meydan.tv\/az\/#organization"},"potentialAction":[{"@type":"SearchAction","target":{"@type":"EntryPoint","urlTemplate":"https:\/\/www.meydan.tv\/az\/?s={search_term_string}"},"query-input":{"@type":"PropertyValueSpecification","valueRequired":true,"valueName":"search_term_string"}}],"inLanguage":"az"},{"@type":"Organization","@id":"https:\/\/www.meydan.tv\/az\/#organization","name":"Meydan TV","url":"https:\/\/www.meydan.tv\/az\/","logo":{"@type":"ImageObject","inLanguage":"az","@id":"https:\/\/www.meydan.tv\/az\/#\/schema\/logo\/image\/","url":"https:\/\/www.meydan.tv\/wp-content\/uploads\/2021\/07\/meydan-logo.svg","contentUrl":"https:\/\/www.meydan.tv\/wp-content\/uploads\/2021\/07\/meydan-logo.svg","width":195,"height":46,"caption":"Meydan TV"},"image":{"@id":"https:\/\/www.meydan.tv\/az\/#\/schema\/logo\/image\/"}},{"@type":"Person","@id":"https:\/\/www.meydan.tv\/az\/#\/schema\/person\/10d11eccf6da3662cf5fdab9806ea91a","name":"user-manager"}]}},"_links":{"self":[{"href":"https:\/\/www.meydan.tv\/az\/wp-json\/wp\/v2\/posts\/162709","targetHints":{"allow":["GET"]}}],"collection":[{"href":"https:\/\/www.meydan.tv\/az\/wp-json\/wp\/v2\/posts"}],"about":[{"href":"https:\/\/www.meydan.tv\/az\/wp-json\/wp\/v2\/types\/post"}],"author":[{"embeddable":true,"href":"https:\/\/www.meydan.tv\/az\/wp-json\/wp\/v2\/users\/11"}],"replies":[{"embeddable":true,"href":"https:\/\/www.meydan.tv\/az\/wp-json\/wp\/v2\/comments?post=162709"}],"version-history":[{"count":0,"href":"https:\/\/www.meydan.tv\/az\/wp-json\/wp\/v2\/posts\/162709\/revisions"}],"wp:featuredmedia":[{"embeddable":true,"href":"https:\/\/www.meydan.tv\/az\/wp-json\/wp\/v2\/media\/3505"}],"wp:attachment":[{"href":"https:\/\/www.meydan.tv\/az\/wp-json\/wp\/v2\/media?parent=162709"}],"wp:term":[{"taxonomy":"category","embeddable":true,"href":"https:\/\/www.meydan.tv\/az\/wp-json\/wp\/v2\/categories?post=162709"},{"taxonomy":"post_tag","embeddable":true,"href":"https:\/\/www.meydan.tv\/az\/wp-json\/wp\/v2\/tags?post=162709"}],"curies":[{"name":"wp","href":"https:\/\/api.w.org\/{rel}","templated":true}]}}